{"provider_url": "https://www.cubatao.sp.leg.br", "title": "C\u00e2mara realiza Ato Solene em Homenagem aos Trabalhadores de Cubat\u00e3o", "html": "<p>A C\u00e2mara sediar\u00e1 no dia 7 de maio (quinta-feira), \u00e0s 19h, o Ato Solene em Homenagem aos Trabalhadores de Cubat\u00e3o. O evento, que ser\u00e1 realizado no Plen\u00e1rio do Legislativo, ter\u00e1 como orador oficial Adriano Campos Moreira Leonardi, encarregado de solda no Polo Industrial do munic\u00edpio. A solenidade ser\u00e1 conduzida pelo vereador Ronaldo da Comiss\u00e3o (PSD) e tem por objetivo valorizar o esfor\u00e7o di\u00e1rio de quem, por meio do trabalho, faz a cidade acontecer.</p>\r\n<p>Na ocasi\u00e3o, os partidos com representa\u00e7\u00e3o no Legislativo cubatense prestigiar\u00e3o trabalhadores e trabalhadoras do munic\u00edpio. S\u00e3o eles: Alessandra Pereira Wellareo (pela bancada do Republicanos), Jos\u00e9 M\u00e1rcio da Silva Santos (pelo Uni\u00e3o Brasil), Cleyton Carlos Maur\u00edcio (pela bancada do Agir), Jandira dos Santos Beserra (pelo PSB), Edilton Barbosa Santos (pelo PSDB) e Pedro Alves Pereira (pela bancada do PSD).</p>\r\n<p>A solenidade ser\u00e1 transmitida ao vivo pelas redes sociais da C\u00e2mara. <br /> <br /><strong>Servi\u00e7o: </strong></p>\r\n<p>\u2022\u00a0Ato Solene em Comemora\u00e7\u00e3o aos Trabalhadores de Cubat\u00e3o<br />\u2022 Data: 7 de maio de 2026 (quinta-feira)<br />\u2022 Hor\u00e1rio: 19 horas<br />\u2022 Local: C\u00e2mara Municipal de Cubat\u00e3o<br />\u2022 Endere\u00e7o: Pra\u00e7a dos Emancipadores, s/n\u00ba, Centro - Cubat\u00e3o<br />\u2022 Aberta \u00e0 popula\u00e7\u00e3o</p>", "author_name": "", "version": "1.0", "author_url": "https://www.cubatao.sp.leg.br/author/nicole", "provider_name": "C\u00e2mara Municipal de Cubat\u00e3o", "type": "rich"}