{"provider_url": "https://www.cubatao.sp.leg.br", "title": "A CASA \u00c9 SUA", "html": "<p><span>Pensando em estabelecer uma pol\u00edtica de aproxima\u00e7\u00e3o com a sociedade, a C\u00e2mara Municipal de Cubat\u00e3o abre as portas para alunos da rede p\u00fablica e particular, bem como associa\u00e7\u00f5es e entidades civis, a fim de mostrar como as leis municipais s\u00e3o criadas e qual \u00e9 o papel do Poder Legislativo no desenvolvimento da cidade. O programa de visita\u00e7\u00e3o A CASA \u00c9 SUA, institu\u00eddo pelo\u00a0<span><strong>Decreto Legislativo N\u00ba 162 de 4 de julho de 2023</strong>,\u00a0</span>\u00e9 uma atividade da C\u00e2mara Municipal de Cubat\u00e3o que visa contribuir com a constru\u00e7\u00e3o de uma cidade mais cidad\u00e3 e participativa.</span></p>\r\n<p><span>Durante o A CASA \u00c9 SUA, os participantes ter\u00e3o a chance de conversar com os pr\u00f3prios vereadores acerca de problemas que acontecem na cidade. Nas visitas, os cidad\u00e3os assistem a um v\u00eddeo institucional sobre cidadania, democracia e as compet\u00eancias das diferentes esferas de poder. </span></p>\r\n<p><span>Os visitantes tamb\u00e9m conhecem o Plen\u00e1rio, local onde ocorrem as vota\u00e7\u00f5es de projetos de lei, e o Sal\u00e3o Afonso Schmidt, onde ficam as galerias dos constituintes e dos presidentes da C\u00e2mara, al\u00e9m do Arquivo Hist\u00f3rico.\u00a0</span></p>\r\n<p><b>Como Agendar:<br /></b></p>\r\n<p>Preencha o<strong> formul\u00e1rio de Inscri\u00e7\u00e3o</strong> clicando no link a seguir:</p>\r\n<p><a class=\"external-link\" href=\"https://forms.cloud.microsoft/Pages/ResponsePage.aspx?id=zbB4Oo58KUmD1RkKbMATZVsE6QJ16KRMpkgQ1HQPZ8FUQ05YQkhEWTZEUVlKRTlCTlkzWU0zU0hITC4u\" target=\"_self\" title=\"Formul\u00e1rio Inscri\u00e7\u00e3o A Casa \u00e9 Sua\"><img src=\"https://www.cubatao.sp.leg.br/imagens/inscricao_a_casa_e_sua.jpg\" alt=\"Inscricao_A_casa_e_sua.jpg\" class=\"image-inline external-image\" title=\"Inscricao_A_casa_e_sua.jpg\" /></a></p>\r\n<p><span>Escolas p\u00fablicas e particulares, associa\u00e7\u00f5es, entidades e outras institui\u00e7\u00f5es podem agendar visitas \u00e0 C\u00e2mara entrando em contato com o Setor de Comunica\u00e7\u00e3o pelos telefones (13) 3362-1353 e (13) 3362-1356 ou pelo e-mail: comunicacao@cubatao.sp.leg.br.</span></p>\r\n<p><span><br /></span></p>\r\n<h2 style=\"text-align: center; \"><strong>ROTEIRO DA ATIVIDADE</strong></h2>\r\n<h2 style=\"text-align: center; \"><strong><br /></strong></h2>\r\n<p>1\u00ba MOMENTO: SAL\u00c3O AFONSO SCHMIDT (10 minutos)</p>\r\n<p><em>\u2022 Boas-vindas aos participantes e orienta\u00e7\u00f5es gerais sobre o programa \u201cA Casa \u00c9 Sua\u201d;</em><br /><em>\u2022 Apresenta\u00e7\u00e3o das Galerias (Constituintes, Ex-presidentes e atual Legislatura);</em><br /><em>\u2022 Apresenta\u00e7\u00e3o dos gabinetes parlamentares;</em><br /><em>\u2022 Entrega dos question\u00e1rios de pesquisa.</em></p>\r\n<p>2\u00ba MOMENTO: ANFITEATRO (20 minutos)<br /><em>\u2022 Exibi\u00e7\u00e3o do v\u00eddeo educativo;</em><br /><em>\u2022 Breve discuss\u00e3o sobre o v\u00eddeo e intera\u00e7\u00e3o com os participantes;</em><br /><em>\u2022 Elei\u00e7\u00e3o Simulada para a Mesa Diretora.</em></p>\r\n<p>3\u00ba MOMENTO: ANFITEATRO (30 minutos)<br /><em>\u2022 Breve apresenta\u00e7\u00e3o dos parlamentares;</em><br /><em>\u2022 Sabatina com os parlamentares.</em></p>\r\n<p>4\u00ba MOMENTO: PLEN\u00c1RIO (25 minutos) <br /><em>\u2022 Posse da Mesa Diretora;</em><br /><em>\u2022 Apresenta\u00e7\u00e3o de alguns requerimentos\u00a0</em><em>por parte dos participantes numa sess\u00e3o simulada;</em></p>\r\n<p>5\u00ba MOMENTO: PLEN\u00c1RIO (5 minutos)<br /><em>\u2022 Recolher question\u00e1rios de pesquisa;</em><br /><em>\u2022 Entrevistas para a TV C\u00e2mara Cubat\u00e3o;</em><br /><em>\u2022 Foto Oficial;</em><br /><em>\u2022 Encerramento da atividade.</em></p>\r\n<h2 style=\"text-align: center; \"><br /><strong>GUIA PARA EDUCADORES</strong></h2>\r\n<h2 style=\"text-align: center; \"><strong><br /></strong></h2>\r\n<p>Agradecemos e parabenizamos os professores e dirigentes de ensino interessados em visitar as depend\u00eancias da C\u00e2mara Municipal de Cubat\u00e3o com seus alunos. Conhecer a organiza\u00e7\u00e3o do Estado e\u00a0 a hist\u00f3ria do Poder Legislativo Municipal s\u00e3o pe\u00e7as imprescind\u00edveis para <strong>despertar a consci\u00eancia pol\u00edtica dos jovens da cidade e colaborar ativamente para uma forma\u00e7\u00e3o cidad\u00e3</strong>.</p>\r\n<p>O programa \u201cA Casa \u00c9 Sua\u201d foi elaborado para que cada visitante consiga, durante o per\u00edodo em que estiver conosco, <strong>aprender um pouco mais sobre o funcionamento da C\u00e2mara Municipal, o processo legislativo e a representa\u00e7\u00e3o pol\u00edtica</strong>.</p>\r\n<p>A atividade \u00e9 voltada para estudantes do <strong>ensino fundamental II e do m\u00e9dio</strong> de escolas formais e participantes de projetos sociais.\u00a0</p>\r\n<p>As recomenda\u00e7\u00f5es a seguir foram redigidas a fim de auxiliar voc\u00ea no planejamento da visita institucional de seus alunos \u00e0s depend\u00eancias da C\u00e2mara de Cubat\u00e3o. Confiram!</p>\r\n<p><strong>PR\u00c9-VISITA</strong></p>\r\n<ul>\r\n<li>Escolas de ensino fundamental II e m\u00e9dio, e institui\u00e7\u00f5es de ensino n\u00e3o-formal devem agendar a visita institucional com anteced\u00eancia, via email ou telefone.</li>\r\n<li>As visitas institucionais acontecem \u00e0s segundas, \u00e0s 14 horas e quartas, \u00e0s 10 horas e \u00e0s 14 horas.</li>\r\n<li>O tempo estimado da visita institucional \u00e9 de duas horas.\u00a0</li>\r\n<li>O n\u00famero m\u00e1ximo de participantes por visita \u00e9 de 50 alunos.\u00a0</li>\r\n<li>Caso haja alguma d\u00favida sobre como planejar sua visita institucional \u00e0 C\u00e2mara de Cubat\u00e3o, entre em contato com o Setor de Comunica\u00e7\u00e3o Social pelos telefones (13)3362-1353 / 3362-1356 ou pelo email comunicacao@ cubatao.sp.leg.br.</li>\r\n</ul>\r\n<p><strong><br /></strong></p>\r\n<p><strong>PLANO DE AULA E VISITA INSTITUCIONAL</strong></p>\r\n<ul>\r\n<li>A visita institucional \u00e0 C\u00e2mara de Cubat\u00e3o permite a explora\u00e7\u00e3o de diversos conte\u00fados trabalhados dentro da sala de aula (em diferentes aspectos, como hist\u00f3rico, pol\u00edtico, geogr\u00e1fico, sociocultural), reiterados em um espa\u00e7o n\u00e3o formal de aprendizado.</li>\r\n<li>Para tanto, solicitamos informar ao Setor de Comunica\u00e7\u00e3o, durante o agendamento, se houve apresenta\u00e7\u00e3o pr\u00e9via aos visitantes sobre a organiza\u00e7\u00e3o do estado brasileiro (a divis\u00e3o dos tr\u00eas poderes). Nesse sentido, o Setor est\u00e1 \u00e0 disposi\u00e7\u00e3o para auxiliar os educadores na formata\u00e7\u00e3o do conte\u00fado a ser abordado em sala de aula.</li>\r\n<li>Entre em contato pelos telefones (13) 3362-1353 e 3362-1356 ou por email: comunicacao@cubatao.sp.leg.br.</li>\r\n</ul>\r\n<p><strong><br /></strong></p>\r\n<p><strong>DURANTE A VISITA</strong></p>\r\n<ul>\r\n<li>O ponto de encontro do grupo de visita\u00e7\u00e3o com o Setor de Comunica\u00e7\u00e3o Social \u00e9 o <strong>Sal\u00e3o Afonso Schmidt</strong>. Ao chegar, identifique o grupo na Recep\u00e7\u00e3o. Pedimos que durante a visita institucional, se poss\u00edvel, os celulares de alunos e professores sejam desligados, ou mantidos no modo silencioso.</li>\r\n<li>O consumo de alimentos e bebidas durante a visita \u00e9 desaconselhado.</li>\r\n<li>Fotografias e filmagens s\u00e3o permitidas, desde que n\u00e3o interfiram nos trabalhos administrativos e/ou legislativos. \u00c9 vedada a comercializa\u00e7\u00e3o desse material.</li>\r\n<li>A visita percorre os principais espa\u00e7os da C\u00e2mara de Cubat\u00e3o, locais de trabalho e intensa circula\u00e7\u00e3o de pessoas. Por isso, oriente seus alunos para n\u00e3o correrem, manterem o sil\u00eancio e permanecerem pr\u00f3ximos ao monitor da visita, seguindo as instru\u00e7\u00f5es por ele dadas.</li>\r\n<li>Os servidores p\u00fablicos que orientam a visita institucional est\u00e3o \u00e0 disposi\u00e7\u00e3o para sanar d\u00favidas relacionadas \u00e0 C\u00e2mara de Cubat\u00e3o e \u00e0s quest\u00f5es relativas.\u00a0</li>\r\n</ul>\r\n<p><strong><br /></strong></p>\r\n<p><strong>P\u00d3S-VISITA</strong></p>\r\n<ul>\r\n<li>Caso queira trazer novos grupos de estudante, n\u00e3o deixe de entrar em contato!</li>\r\n<li>O <strong>question\u00e1rio de avalia\u00e7\u00e3o</strong> sobre a visita \u00e9 um requisito importante para que possamos melhorar continuamente a qualidade do atendimento prestado.</li>\r\n<li>Sugest\u00f5es, cr\u00edticas, elogios e d\u00favidas sofre as informa\u00e7\u00f5es prestadas tamb\u00e9m podem ser registradas no Livro do Visitante ou por email comunicacao@cubatao.sp.leg.br.</li>\r\n</ul>", "author_name": "cuo", "version": "1.0", "author_url": "https://www.cubatao.sp.leg.br/author/cuo", "provider_name": "C\u00e2mara Municipal de Cubat\u00e3o", "type": "rich"}