{"provider_url": "https://www.cubatao.sp.leg.br", "title": "Projetos de Lei 2017", "html": "<p>\u00a0</p>\r\n<table class=\"plain\">\r\n<tbody>\r\n<tr><th style=\"text-align: center; \"><em>Processo</em></th><th style=\"text-align: center; \"><em>Autoria</em></th><th style=\"text-align: center; \"><em>Tipo</em></th><th style=\"text-align: center; \"><em>Data</em></th><th style=\"text-align: center; \"><em>ASSUNTO</em></th><th style=\"text-align: center; \"><em>LINK</em></th><th style=\"text-align: center; \"><em>Situa\u00e7\u00e3o</em></th></tr>\r\n<tr>\r\n<td><span>08/2017</span></td>\r\n<td style=\"text-align: center; \"><b>MESA DA C\u00c2MARA</b><em><br /></em></td>\r\n<td style=\"text-align: center; \"><strong>PL 001</strong></td>\r\n<td><span>04/01/2017</span></td>\r\n<td><b><a title=\"\" href=\"https://www.cubatao.sp.leg.br/processo-legislativo/projetos-de-lei/arquivos/pl-2017/pl-01.pdf\" class=\"internal-link\" target=\"_self\">ALTERA DISPOSITIVOS DA LEI MUNICIPAL N\u00b0 3.364, DE 08 DE JANEIRO DE 2010 COM SUAS ALTERA\u00c7\u00d5ES, E D\u00c1 OUTRAS PROVID\u00caNCIAS.</a></b></td>\r\n<td><a title=\"\" href=\"https://www.cubatao.sp.leg.br/processo-legislativo/projetos-de-lei/arquivos/pl-2017/pl-01.pdf\" class=\"internal-link\" target=\"_self\"><em><img src=\"https://www.cubatao.sp.leg.br/institucional/fotos/Leis.png/@@images/50f19765-9209-4c00-80de-1a5396782012.png\" alt=\"Leis.png\" class=\"image-inline\" title=\"Leis.png\" /></em></a></td>\r\n<td><b><a class=\"external-link\" href=\"http://consulta.siscam.com.br/camaracubatao/Normas/Exibir/10282\" target=\"_self\" title=\"\">LEI N\u00ba 3.812</a>\u00a0DE 06/01/2017</b></td>\r\n</tr>\r\n<tr>\r\n<td><span>09/2017</span></td>\r\n<td style=\"text-align: center; \"><b>MESA DA C\u00c2MARA</b></td>\r\n<td style=\"text-align: center; \"><strong>PL 002</strong></td>\r\n<td><span>04/01/2017</span></td>\r\n<td><a title=\"\" href=\"https://www.cubatao.sp.leg.br/processo-legislativo/projetos-de-lei/arquivos/pl-2017/pl-02.pdf\" class=\"internal-link\" target=\"_self\"><b>ALTERA DISPOSITIVO DA LEI MUNICIPAL N\u00b0 3.472, DE 23 DE SETEMBRO DE 2011, QUE MODIFICOU A LEI MUNICIPAL N\u00b0 3.364, DE 08 DE JANEIRO DE 2010\u00a0 COM SUAS ALTERA\u00c7\u00d5ES, E D\u00c1 OUTRAS PROVID\u00caNCIAS.</b></a></td>\r\n<td><a title=\"\" href=\"https://www.cubatao.sp.leg.br/processo-legislativo/projetos-de-lei/arquivos/pl-2017/pl-02.pdf\" class=\"internal-link\" target=\"_self\"><img src=\"https://www.cubatao.sp.leg.br/institucional/fotos/Leis.png/@@images/50f19765-9209-4c00-80de-1a5396782012.png\" alt=\"Leis.png\" class=\"image-inline\" title=\"Leis.png\" /></a></td>\r\n<td><b><a class=\"external-link\" href=\"http://consulta.siscam.com.br/camaracubatao/Normas/Exibir/10283\" target=\"_self\" title=\"\">LEI N\u00ba 3.813</a>\u00a0DE 06/01/2017</b></td>\r\n</tr>\r\n<tr>\r\n<td>029/2017</td>\r\n<td style=\"text-align: center; \"><strong>F\u00e1bio Alves Moreira</strong></td>\r\n<td style=\"text-align: center; \"><strong>PL 003</strong></td>\r\n<td>06/01/2017</td>\r\n<td><a title=\"\" href=\"https://www.cubatao.sp.leg.br/processo-legislativo/projetos-de-lei/arquivos/pl-2017/pl-03.pdf\" class=\"internal-link\" target=\"_self\"><b>AUTORIZA O PODER EXECUTIVO MUNICIPAL A FIXAR E COBRAR PRE\u00c7O P\u00daBLICO PELA OCUPA\u00c7\u00c3O DO ESPA\u00c7O DE SOLO EM \u00c1REAS P\u00daBLICAS MUNICIPAIS PELO SISTEMA DE POSTEAMENTO DE REDE DE ENERGIA EL\u00c9TRICA E DE ILUMINA\u00c7\u00c3O P\u00daBLICA, DE PROPRIEDADE DA CONCECION\u00c1RIA DE ENERGIA EL\u00c9TRICA QUE OS UTILIZA, E D\u00c1 OUTRAS PROVID\u00caNCIAS.</b></a></td>\r\n<td><a class=\"external-link\" href=\"https://drive.google.com/file/d/0B9-QSnOSyaNZR1hZckphVHYyOHc/view?usp=sharing\" target=\"_self\" title=\"\"><img src=\"https://www.cubatao.sp.leg.br/institucional/fotos/Leis.png/@@images/50f19765-9209-4c00-80de-1a5396782012.png\" alt=\"Leis.png\" class=\"image-inline\" title=\"Leis.png\" /></a></td>\r\n<td><b>RETIRADO DA PAUTA COM EMENDA EM 13/11/2018</b></td>\r\n</tr>\r\n<tr>\r\n<td>057/2017</td>\r\n<td style=\"text-align: center; \"><strong>Rafael de Souza Villar</strong></td>\r\n<td style=\"text-align: center; \"><strong>PL 004</strong></td>\r\n<td><b>16/01/2017</b></td>\r\n<td><b><a title=\"\" href=\"https://www.cubatao.sp.leg.br/processo-legislativo/projetos-de-lei/arquivos/pl-2017/copy_of_PL04.pdf\" class=\"internal-link\" target=\"_self\">DISP\u00d5E SOBRE A LEI DE PROTE\u00c7\u00c3O E BEM-ESTAR DOS ANIMAIS NO MUNIC\u00cdPIO DE CUBAT\u00c3O, E D\u00c1 OUTRAS PROVID\u00caNCIAS.</a></b></td>\r\n<td><a class=\"external-link\" href=\"https://drive.google.com/file/d/0B9-QSnOSyaNZeWlTWlFqazJrMW8/view?usp=sharing\" target=\"_self\" title=\"\"><img src=\"https://www.cubatao.sp.leg.br/institucional/fotos/Leis.png/@@images/50f19765-9209-4c00-80de-1a5396782012.png\" alt=\"Leis.png\" class=\"image-inline\" title=\"Leis.png\" /></a></td>\r\n<td><b>RETIRADO PELO AUTOR EM 12/01/2018</b></td>\r\n</tr>\r\n<tr>\r\n<td>058/2017</td>\r\n<td style=\"text-align: center; \"><strong>Rafael de Souza Villar</strong></td>\r\n<td style=\"text-align: center; \"><strong>PL 005</strong></td>\r\n<td><b>16/01/2017</b></td>\r\n<td><b><a title=\"\" href=\"https://www.cubatao.sp.leg.br/processo-legislativo/projetos-de-lei/arquivos/pl-2017/PL05.pdf\" class=\"internal-link\" target=\"_self\">ALTERA A LEI N\u00b0 3.467, DE 17 DE AGOSTO DE 2011, QUE CRIA O CONSELHO MUNICIPAL DA JUVENTUDE \u2013 CMJ, NA FORMA QUE MENCIONA, E D\u00c1 OUTRAS PROVID\u00caNCIAS.</a></b></td>\r\n<td><a class=\"external-link\" href=\"http://drive.google.com/file/d/0B9-QSnOSyaNZdHFzOHpDN2t5MVE/view?usp=sharing\" target=\"_self\" title=\"\"><img src=\"https://www.cubatao.sp.leg.br/institucional/fotos/Leis.png/@@images/50f19765-9209-4c00-80de-1a5396782012.png\" alt=\"Leis.png\" class=\"image-inline\" title=\"Leis.png\" /></a></td>\r\n<td><strong>DVL CONCLUSO EM 09/05/2017</strong></td>\r\n</tr>\r\n<tr>\r\n<td>059/2017</td>\r\n<td style=\"text-align: center; \"><strong>Rafael de Souza Villar</strong></td>\r\n<td style=\"text-align: center; \"><strong>PL 006</strong></td>\r\n<td><b>16/01/2017</b></td>\r\n<td><a title=\"\" href=\"https://www.cubatao.sp.leg.br/processo-legislativo/projetos-de-lei/arquivos/pl-2017/pl-06.pdf\" class=\"internal-link\" target=\"_self\"><b>AUTORIZA O PODER P\u00daBLICO A DISPOR SOBRE A OBRIGATORIEDADE DA DISPONIBILIZA\u00c7\u00c3O DE ESTACIONAMENTO DE BICICLETAS EM LOCAIS ABERTOS \u00c0 FREQU\u00caNCIA DE P\u00daBLICO E D\u00c1 OUTRAS PROVID\u00caNCIAS.</b></a></td>\r\n<td><a title=\"\" href=\"https://www.cubatao.sp.leg.br/processo-legislativo/projetos-de-lei/arquivos/pl-2017/pl-06.pdf\" class=\"internal-link\" target=\"_self\"><img src=\"https://www.cubatao.sp.leg.br/institucional/fotos/Leis.png/@@images/50f19765-9209-4c00-80de-1a5396782012.png\" alt=\"Leis.png\" class=\"image-inline\" title=\"Leis.png\" /></a></td>\r\n<td><strong>DVL CONCLUSO EM 26/07/2019</strong></td>\r\n</tr>\r\n<tr>\r\n<td>060/2017</td>\r\n<td style=\"text-align: center; \"><strong>Ivan da Silva</strong></td>\r\n<td style=\"text-align: center; \"><strong>PLC 007</strong></td>\r\n<td><b>16/01/2017</b></td>\r\n<td><a title=\"\" href=\"https://www.cubatao.sp.leg.br/processo-legislativo/projetos-de-lei/arquivos/pl-2017/plc-07.pdf\" class=\"internal-link\" target=\"_self\"><b>ACRESCENTA PAR\u00c1GRAFO \u00daNICO NO ARTIGO 22 DA LEI COMPLEMENTAR N\u00b0 75, DE 06 DE NOVEMBRO DE 2013, QUE INSTITUI O C\u00d3DIGO DE POSTURAS DO MUNIC\u00cdPIO DE CUBAT\u00c3O E D\u00c1 OUTRAS PROVID\u00caNCIAS.</b></a></td>\r\n<td><a title=\"\" href=\"https://www.cubatao.sp.leg.br/processo-legislativo/projetos-de-lei/arquivos/pl-2017/plc-07.pdf\" class=\"internal-link\" target=\"_self\"><img src=\"https://www.cubatao.sp.leg.br/institucional/fotos/Leis.png/@@images/50f19765-9209-4c00-80de-1a5396782012.png\" alt=\"Leis.png\" class=\"image-inline\" title=\"Leis.png\" /></a></td>\r\n<td><strong>ASSESSORIA JUR\u00cdDICA EM 23/01/2017</strong></td>\r\n</tr>\r\n<tr>\r\n<td>065/2017</td>\r\n<td style=\"text-align: center; \"><strong>Rafael de Souza Villar</strong></td>\r\n<td style=\"text-align: center; \"><strong>PL 008</strong></td>\r\n<td><b>19/01/2017</b></td>\r\n<td><a title=\"\" href=\"https://www.cubatao.sp.leg.br/processo-legislativo/projetos-de-lei/arquivos/pl-2017/pl-08.pdf\" class=\"internal-link\" target=\"_self\"><b>TORNA-SE OBRIGAT\u00d3RIA A EXIST\u00caNCIA DE PLANO DE EVACUA\u00c7\u00c3O E A REALIZA\u00c7\u00c3O DE PALESTRAS E TREINAMENTOS RELATIVOS A EVACUA\u00c7\u00c3O EM CASOS DE INC\u00caNDIO, DESASTRES NATURAIS E/OU QU\u00cdMICOS, DANOS ESTRUTURAIS E DEMAIS EMERG\u00caNCIAS NAS UNIDADES DE ENSINO P\u00daBLICO OU PRIVADO DO MUNIC\u00cdPIO E D\u00c1 OUTRAS PROVID\u00caNCIAS.</b></a></td>\r\n<td><a title=\"\" href=\"https://www.cubatao.sp.leg.br/processo-legislativo/projetos-de-lei/arquivos/pl-2017/pl-08.pdf\" class=\"internal-link\" target=\"_self\"><img src=\"https://www.cubatao.sp.leg.br/institucional/fotos/Leis.png/@@images/50f19765-9209-4c00-80de-1a5396782012.png\" alt=\"Leis.png\" class=\"image-inline\" title=\"Leis.png\" /></a></td>\r\n<td><strong>LEI N\u00ba 3.868 DE 14/12/2017</strong></td>\r\n</tr>\r\n<tr>\r\n<td>071/2017</td>\r\n<td style=\"text-align: center; \"><strong>Rodrigo Ramos Soares</strong></td>\r\n<td style=\"text-align: center; \"><strong>PL 009</strong></td>\r\n<td><b>20/01/2017</b></td>\r\n<td><a title=\"\" href=\"https://www.cubatao.sp.leg.br/processo-legislativo/projetos-de-lei/arquivos/pl-2017/pl-09.pdf\" class=\"internal-link\" target=\"_self\"><strong>DENOMINA \u201cPADRE ANT\u00d4NIO PEREIRA LUZ\u201d O LOGRADOURO P\u00daBLICO QUE MENCIONA E D\u00c1 OUTRAS PROVID\u00caNCIAS</strong></a></td>\r\n<td><a title=\"\" href=\"https://www.cubatao.sp.leg.br/processo-legislativo/projetos-de-lei/arquivos/pl-2017/pl-09.pdf\" class=\"internal-link\" target=\"_self\"><img src=\"https://www.cubatao.sp.leg.br/institucional/fotos/Leis.png/@@images/50f19765-9209-4c00-80de-1a5396782012.png\" alt=\"Leis.png\" class=\"image-inline\" title=\"Leis.png\" /></a></td>\r\n<td><a class=\"external-link\" href=\"http://consulta.siscam.com.br/camaracubatao/Normas/Exibir/10328\" target=\"_self\" title=\"\"><b>LEI N\u00ba 3.826</b></a></td>\r\n</tr>\r\n<tr>\r\n<td>079/2017</td>\r\n<td style=\"text-align: center; \"><strong>Rodrigo Ramos Soares</strong></td>\r\n<td style=\"text-align: center; \"><strong>PL 010</strong></td>\r\n<td><b>23/01/2017</b></td>\r\n<td style=\"text-align: left; \"><strong><a title=\"\" href=\"https://www.cubatao.sp.leg.br/processo-legislativo/projetos-de-lei/arquivos/pl-2017/PL10.pdf\" class=\"internal-link\" target=\"_self\">DECLARA DE UTILIDADE P\u00daBLICA A ENTIDADE QUE MENCIONA E D\u00c1 OUTRAS PROVID\u00caNCIAS.</a></strong></td>\r\n<td><a class=\"external-link\" href=\"https://drive.google.com/file/d/0B9-QSnOSyaNZZThJREVnU215SkE/view?usp=sharing\" target=\"_self\" title=\"\"><img src=\"https://www.cubatao.sp.leg.br/institucional/fotos/Leis.png/@@images/50f19765-9209-4c00-80de-1a5396782012.png\" alt=\"Leis.png\" class=\"image-inline\" title=\"Leis.png\" /></a></td>\r\n<td><a class=\"external-link\" href=\"http://consulta.siscam.com.br/camaracubatao/Normas/Exibir/10299\" target=\"_self\" title=\"\"><b>LEI N\u00ba 3.818</b></a></td>\r\n</tr>\r\n<tr>\r\n<td>086/2017</td>\r\n<td style=\"text-align: center; \"><strong>Ivan da Silva</strong></td>\r\n<td style=\"text-align: center; \"><strong>PLC 011</strong></td>\r\n<td><b>24/01/2017</b><b></b></td>\r\n<td><a title=\"\" href=\"https://www.cubatao.sp.leg.br/processo-legislativo/projetos-de-lei/arquivos/pl-2017/plc-11.pdf\" class=\"internal-link\" target=\"_self\"><b>ALTERA O ARTIGO 31 DA LEI COMPLEMENTAR N\u00b0 75/2013, QUE INSTITUIU O C\u00d3DIGO DE POSTURAS DO MUNIC\u00cdPIO DE CUBAT\u00c3O E D\u00c1 OUTRAS PROVID\u00caNCIAS.</b></a></td>\r\n<td><a title=\"\" href=\"https://www.cubatao.sp.leg.br/processo-legislativo/projetos-de-lei/arquivos/pl-2017/plc-11.pdf\" class=\"internal-link\" target=\"_self\"><img src=\"https://www.cubatao.sp.leg.br/institucional/fotos/Leis.png/@@images/50f19765-9209-4c00-80de-1a5396782012.png\" alt=\"Leis.png\" class=\"image-inline\" title=\"Leis.png\" /></a></td>\r\n<td><strong>LEI COMPLEMENTAR N\u00ba 92 DE 13/09/2017</strong><b></b></td>\r\n</tr>\r\n<tr>\r\n<td>088/2017</td>\r\n<td style=\"text-align: center; \"><strong>Ivan da Silva</strong></td>\r\n<td style=\"text-align: center; \"><strong>PL 012</strong></td>\r\n<td><b>25/01/2017</b></td>\r\n<td><a title=\"\" href=\"https://www.cubatao.sp.leg.br/processo-legislativo/projetos-de-lei/arquivos/pl-2017/pl-12.pdf\" class=\"internal-link\" target=\"_self\"><b>REGULAMENTA O EXERC\u00cdCIO DAS ATIVIDADES CONHECIDAS COMO FOOD TRUCK, FOOD BIKE E SIMILARES NO MUNIC\u00cdPIO DE CUBAT\u00c3O E D\u00c1 OUTRAS PROVID\u00caNCIAS.</b></a></td>\r\n<td><a class=\"external-link\" href=\"https://drive.google.com/file/d/0B9-QSnOSyaNZUnRVUW9nNHFfTTQ/view?usp=sharing\" target=\"_self\" title=\"\"><img src=\"https://www.cubatao.sp.leg.br/institucional/fotos/Leis.png/@@images/50f19765-9209-4c00-80de-1a5396782012.png\" alt=\"Leis.png\" class=\"image-inline\" title=\"Leis.png\" /></a></td>\r\n<td><strong>ASSESSORIA JUR\u00cdDICA EM 26/01/2017</strong></td>\r\n</tr>\r\n<tr>\r\n<td>094/2017</td>\r\n<td style=\"text-align: center; \"><strong>Marcio Silva Nascimento</strong></td>\r\n<td style=\"text-align: center; \"><strong>PL 013</strong></td>\r\n<td><b><b>26/01/2017</b></b></td>\r\n<td><a title=\"\" href=\"https://www.cubatao.sp.leg.br/processo-legislativo/projetos-de-lei/arquivos/pl-2017/pl-13.pdf\" class=\"internal-link\" target=\"_self\"><b><b>DECLARA DE UTILIDADE P\u00daBLICA A ENTIDADE QUE MENCIONA E D\u00c1 OUTRAS PROVID\u00caNCIAS.</b></b></a></td>\r\n<td><a title=\"PL 013\" href=\"https://www.cubatao.sp.leg.br/processo-legislativo/projetos-de-lei/arquivos/pl-2017/pl-13.pdf\" class=\"internal-link\" target=\"_self\"><img src=\"https://www.cubatao.sp.leg.br/institucional/fotos/Leis.png/@@images/50f19765-9209-4c00-80de-1a5396782012.png\" alt=\"Leis.png\" class=\"image-inline\" title=\"Leis.png\" /></a></td>\r\n<td><a class=\"external-link\" href=\"http://consulta.siscam.com.br/camaracubatao/Normas/Exibir/10310\" target=\"_self\" title=\"\"><b>LEI N\u00ba 3.819</b></a></td>\r\n</tr>\r\n<tr>\r\n<td>115/2017</td>\r\n<td style=\"text-align: center; \"><strong>Marcio Silva Nascimento</strong></td>\r\n<td style=\"text-align: center; \"><strong>PL 014</strong></td>\r\n<td><b>02/02/2017</b></td>\r\n<td>\r\n<p><a title=\"\" href=\"https://www.cubatao.sp.leg.br/processo-legislativo/projetos-de-lei/arquivos/pl-2017/pl-14.pdf\" class=\"internal-link\" target=\"_self\"><strong>DISP\u00d5E SOBRE A INSTALA\u00c7\u00c3O DE PAINEL OPACO ENTRE\u00a0<span>OS CAIXAS E OS CLIENTES EM ESPERA, EM TODAS AS\u00a0</span><span>AG\u00caNCIAS BANC\u00c1RIAS E INSTITUI\u00c7\u00d5ES FINANCEIRAS\u00a0</span><span>LOCALIZADAS NO MUNIC\u00cdPIO DE CUBAT\u00c3O E D\u00c1\u00a0</span><span>OUTRAS PROVID\u00caNCIAS.</span></strong></a></p>\r\n</td>\r\n<td><a title=\"PL 014\" href=\"https://www.cubatao.sp.leg.br/processo-legislativo/projetos-de-lei/arquivos/pl-2017/pl-14.pdf\" class=\"internal-link\" target=\"_self\"><img src=\"https://www.cubatao.sp.leg.br/institucional/fotos/Leis.png/@@images/50f19765-9209-4c00-80de-1a5396782012.png\" alt=\"Leis.png\" class=\"image-inline\" title=\"Leis.png\" /></a></td>\r\n<td><strong>MANTIDO O VETO INTEGRAL</strong></td>\r\n</tr>\r\n<tr>\r\n<td>128/2017</td>\r\n<td style=\"text-align: center; \"><strong>Laelson Batista Santos</strong></td>\r\n<td style=\"text-align: center; \"><strong>PL 015</strong></td>\r\n<td><b>06/02/2017</b></td>\r\n<td><a title=\"\" href=\"https://www.cubatao.sp.leg.br/processo-legislativo/projetos-de-lei/arquivos/pl-2017/pl-15.pdf\" class=\"internal-link\" target=\"_self\"><b>AUTORIZA O PODER EXECUTIVO A REALIZAR CAMPANHAS DE \u2018PREVEN\u00c7\u00c3O E COMBATE\u2019 \u00c0 DENGUE, FEBRE AMARELA E OUTRAS DOEN\u00c7AS TRANSMITIDAS POR MOSQUITOS, E D\u00c1 OUTRAS PROVID\u00caNCIAS.</b></a></td>\r\n<td><a class=\"external-link\" href=\"https://drive.google.com/file/d/0B9-QSnOSyaNZT1owS2ZxVnhVYTQ/view?usp=sharing\" target=\"_self\" title=\"\"><img src=\"https://www.cubatao.sp.leg.br/institucional/fotos/Leis.png/@@images/50f19765-9209-4c00-80de-1a5396782012.png\" alt=\"Leis.png\" class=\"image-inline\" title=\"Leis.png\" /></a></td>\r\n<td style=\"text-align: center; \"><strong>RETIRADO PELO AUTOR EM 04/05/2017</strong></td>\r\n</tr>\r\n<tr>\r\n<td>136/<span>2017</span></td>\r\n<td style=\"text-align: center; \"><strong>MESA DA C\u00c2MARA</strong></td>\r\n<td style=\"text-align: center; \"><strong>PELOM 01</strong></td>\r\n<td><b>07/02/2017</b></td>\r\n<td><span class=\"internal-link\"><strong>TRANSFORMA O ATUAL PAR\u00c1GRAFO \u00daNICO EM PAR\u00c1GRAFO PRIMEIRO E ACRESCENTA OS PAR\u00c1GRAFOS SEGUNDO E TERCEIRO AO ARTIGO 133 DA LEI ORG\u00c2NICA DO MUNIC\u00cdPIO DE CUBAT\u00c3O E D\u00c1 OUTRAS PROVID\u00caNCIAS.</strong></span></td>\r\n<td><a class=\"external-link\" href=\"https://drive.google.com/file/d/0B9-QSnOSyaNZSjJvbnNOX1kzaVU/view?usp=sharing\" target=\"_self\" title=\"\"><img src=\"https://www.cubatao.sp.leg.br/institucional/fotos/Leis.png/@@images/50f19765-9209-4c00-80de-1a5396782012.png\" alt=\"Leis.png\" class=\"image-inline\" title=\"Leis.png\" /></a></td>\r\n<td><strong><a class=\"external-link\" href=\"http://consulta.siscam.com.br/camaracubatao/Normas/Exibir/10303\" target=\"_self\" title=\"\">EMENDA \u00c0 LEI ORG\u00c2NICA N\u00ba 25 DE 14/03/2017</a></strong></td>\r\n</tr>\r\n<tr>\r\n<td>138/<span>2017</span></td>\r\n<td style=\"text-align: center; \"><strong>Rodrigo Ramos Soares</strong></td>\r\n<td style=\"text-align: center; \"><strong>PR 01</strong></td>\r\n<td><b>08/02/2017</b></td>\r\n<td><strong>ALTERA E ACRESCENTA DISPOSITIVOS NA RESOLU\u00c7\u00c3O N\u00ba 1.558, DE 13 DE DEZEMBRO DE 1991, NA FORMA QUE MENCIONA,E D\u00c1 OUTRAS PROVID\u00caNCIAS.</strong></td>\r\n<td><a class=\"external-link\" href=\"https://drive.google.com/file/d/0B9-QSnOSyaNZYXBMREZBWW1lX00/view?usp=sharing\" target=\"_self\" title=\"\"><img src=\"https://www.cubatao.sp.leg.br/institucional/fotos/Leis.png/@@images/50f19765-9209-4c00-80de-1a5396782012.png\" alt=\"Leis.png\" class=\"image-inline\" title=\"Leis.png\" /></a></td>\r\n<td><b><a class=\"external-link\" href=\"http://consulta.siscam.com.br/camaracubatao/Normas/Exibir/10297\" target=\"_self\" title=\"\">RESOLU\u00c7\u00c3O N\u00ba 2.854</a></b></td>\r\n</tr>\r\n<tr>\r\n<td>146/2017</td>\r\n<td style=\"text-align: center; \"><b>MESA DA C\u00c2MARA</b></td>\r\n<td style=\"text-align: center; \"><strong>PDL 01</strong></td>\r\n<td><b>13/02/2017</b></td>\r\n<td><strong>INSTITUI O DIPLOMA AMIGO DE CUBAT\u00c3O.</strong></td>\r\n<td><a class=\"external-link\" href=\"https://drive.google.com/file/d/0B9-QSnOSyaNZQU1Fd0p1RC1CTms/view?usp=sharing\" target=\"_self\" title=\"\"><span class=\"external-link\"><img src=\"https://www.cubatao.sp.leg.br/institucional/fotos/Leis.png/@@images/50f19765-9209-4c00-80de-1a5396782012.png\" alt=\"Leis.png\" class=\"image-inline\" title=\"Leis.png\" /></span></a></td>\r\n<td><b><a class=\"external-link\" href=\"http://consulta.siscam.com.br/camaracubatao/Normas/Exibir/10294\" target=\"_self\" title=\"PDL 142/2017\">DECRETO LEGISLATIVO N\u00ba 142</a>\u00a0DE 21/02/2017</b></td>\r\n</tr>\r\n<tr>\r\n<td>151-A/2017</td>\r\n<td style=\"text-align: center; \"><b>MESA DA C\u00c2MARA</b></td>\r\n<td style=\"text-align: center; \"><strong>PDL 02</strong></td>\r\n<td><b>13/02/2017</b></td>\r\n<td><strong>CONCEDE T\u00cdTULO DE CIDAD\u00c3O CUBATENSE A EXCELENT\u00cdSSIMA SENHORA DOUTORA CARMEN SILVIA HERNANDEZ QUINTANA DE LIMA, JU\u00cdZA DE DIREITO DA VARA DE JUIZADO ESPECIAL DE DIREITO DA VARA DE JUIZADO ESPECIAL DA COMARCA DE CUBAT\u00c3O, E D\u00c1 OUTRAS PROVID\u00caNCIAS.</strong></td>\r\n<td><a class=\"external-link\" href=\"https://drive.google.com/file/d/0B9-QSnOSyaNZQU1Fd0p1RC1CTms/view?usp=sharing\" target=\"_self\" title=\"\"><span class=\"external-link\"><img src=\"https://www.cubatao.sp.leg.br/institucional/fotos/Leis.png/@@images/50f19765-9209-4c00-80de-1a5396782012.png\" alt=\"Leis.png\" class=\"image-inline\" title=\"Leis.png\" /></span></a></td>\r\n<td><b><a class=\"external-link\" href=\"http://consulta.siscam.com.br/camaracubatao/Normas/Exibir/10293\" target=\"_self\" title=\"\">DECRETO LEGISLATIVO N\u00ba 142\u00a0DE 21/02/2017</a></b></td>\r\n</tr>\r\n<tr>\r\n<td>230/<span>2017</span></td>\r\n<td style=\"text-align: center; \"><strong>Rafael de Souza Villar</strong></td>\r\n<td style=\"text-align: center; \"><strong>PR 02</strong></td>\r\n<td><b>16/02/2017</b></td>\r\n<td><a title=\"\" href=\"https://www.cubatao.sp.leg.br/processo-legislativo/projetos-de-lei/arquivos/pl-2017/pr-02-2017.pdf\" class=\"internal-link\" target=\"_self\"><strong><b>CRIA A ESCOLA DO LEGISLATIVO E DA DEMOCRACIA NO \u00c2MBITO DA C\u00c2MARA MUNICIPAL DE CUBAT\u00c3O E D\u00c1 OUTRAS PROVID\u00caNCIAS</b>.</strong></a></td>\r\n<td><a class=\"external-link\" href=\"https://drive.google.com/file/d/0B9-QSnOSyaNZcTNiaUJYSnUydG8/view?usp=sharing\" target=\"_self\" title=\"\"><img src=\"https://www.cubatao.sp.leg.br/institucional/fotos/Leis.png/@@images/50f19765-9209-4c00-80de-1a5396782012.png\" alt=\"Leis.png\" class=\"image-inline\" title=\"Leis.png\" /></a></td>\r\n<td><strong>RESOLU\u00c7\u00c3O N\u00ba 2.894 DE 05/12/2017</strong></td>\r\n</tr>\r\n<tr>\r\n<td>231/<span>2017</span></td>\r\n<td style=\"text-align: center; \">Rafael de Souza Villar</td>\r\n<td style=\"text-align: center; \"><strong>PL 016</strong></td>\r\n<td><b>16/02/2017</b></td>\r\n<td><a title=\"\" href=\"https://www.cubatao.sp.leg.br/processo-legislativo/projetos-de-lei/arquivos/pl-2017/pl-16.pdf\" class=\"internal-link\" target=\"_self\"><strong><b>CRIA A PREMIA\u00c7\u00c3O \u201cALUNO NOTA DEZ\u201d PARA ESTUDANTES DO ENSINO FUNDAMENTAL E M\u00c9DIO E \u201cESCOLA NOTA DEZ\u201d NAS REDES DE ENSINO ESTADUAL, MUNICIPAL E PARTICULAR DO MUNIC\u00cdPIO DE CUBAT\u00c3O E D\u00c1 OUTRAS PROVID\u00caNCIAS</b>.</strong></a></td>\r\n<td><a title=\"\" href=\"https://www.cubatao.sp.leg.br/processo-legislativo/projetos-de-lei/arquivos/pl-2017/pl-16.pdf\" class=\"internal-link\" target=\"_self\"><img src=\"https://www.cubatao.sp.leg.br/institucional/fotos/Leis.png/@@images/50f19765-9209-4c00-80de-1a5396782012.png\" alt=\"Leis.png\" class=\"image-inline\" title=\"Leis.png\" /></a></td>\r\n<td><strong>RETIRADO PELO AUTOR EM 06/11/2017</strong></td>\r\n</tr>\r\n<tr>\r\n<td>241/<span>2017</span></td>\r\n<td style=\"text-align: center; \"><strong>Anderson de Lana Andrade</strong></td>\r\n<td style=\"text-align: center; \"><strong>PL 017</strong></td>\r\n<td><b>20/02/2017</b></td>\r\n<td><a title=\"\" href=\"https://www.cubatao.sp.leg.br/processo-legislativo/projetos-de-lei/arquivos/pl-2017/pl-17.pdf\" class=\"internal-link\" target=\"_self\"><strong><b>DISP\u00d5E SOBRE A INSTALA\u00c7\u00c3O DE BANHEIROS QU\u00cdMICOS NAS FEIRAS LIVRES E D\u00c1 OUTRAS PROVID\u00caNCIAS</b>.</strong></a></td>\r\n<td><a title=\"\" href=\"https://www.cubatao.sp.leg.br/processo-legislativo/projetos-de-lei/arquivos/pl-2017/pl-17.pdf\" class=\"internal-link\" target=\"_self\"><br /><img src=\"https://www.cubatao.sp.leg.br/institucional/fotos/Leis.png/@@images/50f19765-9209-4c00-80de-1a5396782012.png\" alt=\"Leis.png\" class=\"image-inline\" title=\"Leis.png\" /></a><br /><br /><br /></td>\r\n<td><strong>RETIRADO PELO AUTOR EM 04/05/2017</strong></td>\r\n</tr>\r\n<tr>\r\n<td>246/<span>2017</span></td>\r\n<td style=\"text-align: center; \"><strong>Rodrigo Ramos Soares</strong></td>\r\n<td style=\"text-align: center; \"><strong>PR 03</strong></td>\r\n<td><b>21/02/2017</b></td>\r\n<td><a title=\"\" href=\"https://www.cubatao.sp.leg.br/processo-legislativo/projetos-de-lei/arquivos/pl-2017/pr-03-2017.pdf\" class=\"internal-link\" target=\"_self\"><strong>ALTERA E ACRESCENTA DISPOSITIVOS \u00c0 RESOLU\u00c7\u00c3O N\u00ba 1.558, DE 13 DE DEZEMBRO DE 1991, NA FORMA QUE MENCIONA, E D\u00c1 OUTRAS PROVID\u00caNCIAS.</strong></a></td>\r\n<td><a title=\"\" href=\"https://www.cubatao.sp.leg.br/processo-legislativo/projetos-de-lei/arquivos/pl-2017/PR032017.pdf\" class=\"internal-link\" target=\"_self\"><img src=\"https://www.cubatao.sp.leg.br/institucional/fotos/Leis.png/@@images/50f19765-9209-4c00-80de-1a5396782012.png\" alt=\"Leis.png\" class=\"image-inline\" title=\"Leis.png\" /></a></td>\r\n<td><b><a class=\"external-link\" href=\"http://consulta.siscam.com.br/camaracubatao/Normas/Exibir/10315\" target=\"_self\" title=\"\">RESOLU\u00c7\u00c3O N\u00ba 2.863</a>\u00a0DE 02/05/2017</b></td>\r\n</tr>\r\n<tr>\r\n<td>321/<span>2017</span></td>\r\n<td style=\"text-align: center; \"><strong>Antonio Vieira da Silva</strong></td>\r\n<td style=\"text-align: center; \"><strong>PL 018</strong></td>\r\n<td><b>24/02/2017</b></td>\r\n<td><a title=\"\" href=\"https://www.cubatao.sp.leg.br/processo-legislativo/projetos-de-lei/arquivos/pl-2017/pl-18.pdf\" class=\"internal-link\" target=\"_self\"><strong>AUTORIZA O PODER EXECUTIVO A CRIAR O PROGRAMA DE CRECHE PARA IDOSOS NO \u00c2MBITO DO MUNIC\u00cdPIO DE CUBAT\u00c3O, ESTADO DE S\u00c3O PAULO.</strong></a></td>\r\n<td><a title=\"\" href=\"https://www.cubatao.sp.leg.br/processo-legislativo/projetos-de-lei/arquivos/pl-2017/PL182.pdf\" class=\"internal-link\" target=\"_self\"><img src=\"https://www.cubatao.sp.leg.br/institucional/fotos/Leis.png/@@images/50f19765-9209-4c00-80de-1a5396782012.png\" alt=\"Leis.png\" class=\"image-inline\" title=\"Leis.png\" /></a></td>\r\n<td><b>RETIRADO PELO AUTOR EM 16/05/2017</b></td>\r\n</tr>\r\n<tr>\r\n<td>322/<span>2017</span></td>\r\n<td style=\"text-align: center; \"><strong>Antonio Vieira da Silva</strong></td>\r\n<td style=\"text-align: center; \"><strong>PL 019</strong></td>\r\n<td><b>24/02/2017</b></td>\r\n<td><a title=\"\" href=\"https://www.cubatao.sp.leg.br/processo-legislativo/projetos-de-lei/arquivos/pl-2017/pl-19.pdf\" class=\"internal-link\" target=\"_self\"><strong>DISP\u00d5E SOBRE A COMPOSI\u00c7\u00c3O M\u00cdNIMA DE 50% DE MULHERES NOS CONSELHOS DE CONTROLE SOCIAL, E D\u00c1 OUTRAS PROVID\u00caNCIAS.</strong></a></td>\r\n<td><a title=\"\" href=\"https://www.cubatao.sp.leg.br/processo-legislativo/projetos-de-lei/arquivos/pl-2017/pl-19.pdf\" class=\"internal-link\" target=\"_self\"><img src=\"https://www.cubatao.sp.leg.br/institucional/fotos/Leis.png/@@images/50f19765-9209-4c00-80de-1a5396782012.png\" alt=\"Leis.png\" class=\"image-inline\" title=\"Leis.png\" /></a></td>\r\n<td><b>DVL CONCLUSO\u00a0 09/05/2017</b></td>\r\n</tr>\r\n<tr>\r\n<td>323/<span>2017</span></td>\r\n<td style=\"text-align: center; \"><strong>Antonio Vieira da Silva</strong></td>\r\n<td style=\"text-align: center; \"><strong>PL 020</strong></td>\r\n<td><b>24/02/2017</b></td>\r\n<td><a title=\"\" href=\"https://www.cubatao.sp.leg.br/processo-legislativo/projetos-de-lei/arquivos/pl-2017/pl-20.pdf\" class=\"internal-link\" target=\"_self\"><strong>AUTORIZA O PODER EXECUTIVO A INSTITUIR O DI\u00c1RIO OFICIAL ELETR\u00d4NICO DO MUNIC\u00cdPIO E D\u00c1 OUTRAS PROVID\u00caNCIAS.</strong></a></td>\r\n<td><a title=\"\" href=\"https://www.cubatao.sp.leg.br/processo-legislativo/projetos-de-lei/arquivos/pl-2017/pl-20.pdf\" class=\"internal-link\" target=\"_self\"><img src=\"https://www.cubatao.sp.leg.br/institucional/fotos/Leis.png/@@images/50f19765-9209-4c00-80de-1a5396782012.png\" alt=\"Leis.png\" class=\"image-inline\" title=\"Leis.png\" /></a></td>\r\n<td><b>RETIRADO PELO AUTOR EM 16/05/2017</b></td>\r\n</tr>\r\n<tr>\r\n<td>324/<span>2017</span></td>\r\n<td style=\"text-align: center; \"><strong>Antonio Vieira da Silva</strong></td>\r\n<td style=\"text-align: center; \"><strong>PL 021</strong></td>\r\n<td><b>24/02/2017</b></td>\r\n<td><a title=\"\" href=\"https://www.cubatao.sp.leg.br/processo-legislativo/projetos-de-lei/arquivos/pl-2017/pl-21.pdf\" class=\"internal-link\" target=\"_self\"><strong>AUTORIZA A CRIA\u00c7\u00c3O DA GUARDA MUNICIPAL DA CIDADE DE CUBAT\u00c3O \u2013 GCM, ESTADO DA S\u00c3O PAULO, E D\u00c1 OUTRAS PROVID\u00caNCIAS.</strong></a></td>\r\n<td>\u00a0<a title=\"\" href=\"https://www.cubatao.sp.leg.br/processo-legislativo/projetos-de-lei/arquivos/pl-2017/PL212.pdf\" class=\"internal-link\" target=\"_self\"><img src=\"https://www.cubatao.sp.leg.br/institucional/fotos/Leis.png/@@images/50f19765-9209-4c00-80de-1a5396782012.png\" alt=\"Leis.png\" class=\"image-inline\" title=\"Leis.png\" /></a><br /><br /><br /><br /></td>\r\n<td><b>RETIRADO PELO AUTOR EM 16/05/2017</b></td>\r\n</tr>\r\n<tr>\r\n<td>326/<span>2017</span></td>\r\n<td style=\"text-align: center; \"><strong>S\u00e9rgio Augusto Santana</strong></td>\r\n<td style=\"text-align: center; \"><strong>PL 022</strong></td>\r\n<td><b>24/02/2017</b></td>\r\n<td><a title=\"\" href=\"https://www.cubatao.sp.leg.br/processo-legislativo/projetos-de-lei/arquivos/pl-2017/pl-22.pdf\" class=\"internal-link\" target=\"_self\"><strong>INSTITUI O PROGRAMA \u201cADOTE UMA LIXEIRA\u201d E D\u00c1 OUTRAS PROVID\u00caNCIAS.</strong></a></td>\r\n<td><a title=\"\" href=\"https://www.cubatao.sp.leg.br/processo-legislativo/projetos-de-lei/arquivos/pl-2017/pl-22.pdf\" class=\"internal-link\" target=\"_self\"><img src=\"https://www.cubatao.sp.leg.br/institucional/fotos/Leis.png/@@images/50f19765-9209-4c00-80de-1a5396782012.png\" alt=\"Leis.png\" class=\"image-inline\" title=\"Leis.png\" /></a></td>\r\n<td><b><a class=\"external-link\" href=\"http://consulta.siscam.com.br/camaracubatao/Normas/Exibir/10361\" target=\"_self\" title=\"\">LEI N\u00ba 3.836</a>\u00a0DE 18/08/2017</b></td>\r\n</tr>\r\n<tr>\r\n<td>357/<span>2017</span></td>\r\n<td style=\"text-align: center; \"><strong>ADEM\u00c1RIO SILVA OLIVEIRA</strong></td>\r\n<td style=\"text-align: center; \"><strong>PL 023</strong></td>\r\n<td><b>07/03/2017</b></td>\r\n<td><a title=\"\" href=\"https://www.cubatao.sp.leg.br/processo-legislativo/projetos-de-lei/arquivos/pl-2017/pl-23.pdf\" class=\"internal-link\" target=\"_self\"><strong>AUTORIZA O PODER EXECUTIVO A PRORROGAR O \u201cBOLSA MORADIA\u201d, INSTITU\u00cdDO PELA LEI N\u00ba 3.301, DE 13 DE FEVEREIRO DE 2009, \u00c0S FAM\u00cdLIAS ATINGIDAS PELO INC\u00caNDIO OCORRIDO NA \u00c1REA DENOMINADA \u201cVILA DOS PESCADORES\u201d E D\u00c1 OUTRAS PROVID\u00caNCIAS.</strong></a></td>\r\n<td><a title=\"\" href=\"https://www.cubatao.sp.leg.br/processo-legislativo/projetos-de-lei/arquivos/pl-2017/pl-23.pdf\" class=\"internal-link\" target=\"_self\"><img src=\"https://www.cubatao.sp.leg.br/institucional/fotos/Leis.png/@@images/50f19765-9209-4c00-80de-1a5396782012.png\" alt=\"Leis.png\" class=\"image-inline\" title=\"Leis.png\" /></a></td>\r\n<td><b><a class=\"external-link\" href=\"http://consulta.siscam.com.br/camaracubatao/Normas/Exibir/10301\" target=\"_self\" title=\"\">LEI N\u00ba 3.822</a>\u00a0DE 03/04/2017</b></td>\r\n</tr>\r\n<tr>\r\n<td>358/<span>2017</span></td>\r\n<td style=\"text-align: center; \"><strong>ADEM\u00c1RIO SILVA OLIVEIRA</strong></td>\r\n<td style=\"text-align: center; \"><strong>PL 024</strong></td>\r\n<td><b>07/03/2017</b></td>\r\n<td><a title=\"\" href=\"https://www.cubatao.sp.leg.br/processo-legislativo/projetos-de-lei/arquivos/pl-2017/pl-24.pdf\" class=\"internal-link\" target=\"_self\"><strong>AUTORIZA O PODER EXECUTIVO A PRORROGAR O \u201cBOLSA MORADIA\u201d, INSTITU\u00cdDO PELA LEI N\u00ba 3.442, DE 22 DE MAR\u00c7O DE 2011, \u00c0S FAM\u00cdLIAS ATINGIDAS PELO ESCORREGAMENTO E/OU DESLIZAMENTOS HAVIDOS NA \u00c1REA DENOMINADA \u201cPIL\u00d5ES\u201d E D\u00c1 OUTRAS PROVID\u00caNCIAS.</strong></a></td>\r\n<td><a title=\"\" href=\"https://www.cubatao.sp.leg.br/processo-legislativo/projetos-de-lei/arquivos/pl-2017/pl-24.pdf\" class=\"internal-link\" target=\"_self\"><img src=\"https://www.cubatao.sp.leg.br/institucional/fotos/Leis.png/@@images/50f19765-9209-4c00-80de-1a5396782012.png\" alt=\"Leis.png\" class=\"image-inline\" title=\"Leis.png\" /></a></td>\r\n<td><b><a class=\"external-link\" href=\"http://consulta.siscam.com.br/camaracubatao/Normas/Exibir/10300\" target=\"_self\" title=\"\">LEI N\u00ba 3.821</a>\u00a0DE 03/04/2017</b></td>\r\n</tr>\r\n<tr>\r\n<td>359/<span>2017</span></td>\r\n<td style=\"text-align: center; \"><strong>ADEM\u00c1RIO SILVA OLIVEIRA</strong></td>\r\n<td style=\"text-align: center; \"><strong>PL 025</strong></td>\r\n<td><b>07/03/2017</b></td>\r\n<td><a title=\"\" href=\"https://www.cubatao.sp.leg.br/processo-legislativo/projetos-de-lei/arquivos/pl-2017/pl-25.pdf\" class=\"internal-link\" target=\"_self\"><strong>AUTORIZA O PODER EXECUTIVO A PRORROGAR O \u201cBOLSA MORADIA\u201d, INSTITU\u00cdDO PELA LEI N\u00ba 3.546, DE 16 DE AGOSTO DE 2012, \u00c0S FAM\u00cdLIAS ATINGIDAS PELO INC\u00caNDIO OCORRIDO NA \u00c1REA DENOMINADA \u201cVILA DOS PESCADORES\u201d E D\u00c1 OUTRAS PROVID\u00caNCIAS.</strong></a></td>\r\n<td><a title=\"\" href=\"https://www.cubatao.sp.leg.br/processo-legislativo/projetos-de-lei/arquivos/pl-2017/pl-25.pdf\" class=\"internal-link\" target=\"_self\"><img src=\"https://www.cubatao.sp.leg.br/institucional/fotos/Leis.png/@@images/50f19765-9209-4c00-80de-1a5396782012.png\" alt=\"Leis.png\" class=\"image-inline\" title=\"Leis.png\" /></a></td>\r\n<td><b><a class=\"external-link\" href=\"http://consulta.siscam.com.br/camaracubatao/Normas/Exibir/10302\" target=\"_self\" title=\"\">LEI N\u00ba 3.823</a>\u00a003/04/2017</b></td>\r\n</tr>\r\n<tr>\r\n<td>360/<span>2017</span></td>\r\n<td style=\"text-align: center; \"><strong>Rafael de Souza Villar</strong></td>\r\n<td style=\"text-align: center; \"><strong>PL 026</strong></td>\r\n<td><b>07/03/2017</b></td>\r\n<td><a title=\"\" href=\"https://www.cubatao.sp.leg.br/processo-legislativo/projetos-de-lei/arquivos/pl-2017/pl-26.pdf\" class=\"internal-link\" target=\"_self\"><strong>INSTITUI A \u201cFICHA LIMPA MUNICIPAL\u201d NA NOMEA\u00c7\u00c3O DE SERVIDORES A CARGOS COMISSIONADOS NO \u00c2MBITO DA ADMINISTRA\u00c7\u00c3O DIRETA E INDIRETA, DO PODER EXECUTIVO E DO PODER LEGISLATIVO MUNICIPAL E D\u00c1 OUTRAS PROVID\u00caNCIAS.</strong></a></td>\r\n<td><a class=\"external-link\" href=\"http://www.cubatao.sp.gov.br/wp-content/uploads/2020/06/20202406-475.pdf\" target=\"_self\" title=\"\"><img src=\"https://www.cubatao.sp.leg.br/institucional/fotos/Leis.png/@@images/50f19765-9209-4c00-80de-1a5396782012.png\" alt=\"Leis.png\" class=\"image-inline\" title=\"Leis.png\" /></a></td>\r\n<td>\r\n<p><span>VETO REJEITADO.</span></p>\r\n<p><span><a class=\"external-link\" href=\"https://www.legislacaodigital.com.br/Cubatao-SP/LeisOrdinarias/4082\" target=\"_self\" title=\"\">LEI N\u00ba 4.082 de 23 de junho de 2020\u00a0</a></span></p>\r\n</td>\r\n</tr>\r\n<tr>\r\n<td>361/<span>2017</span></td>\r\n<td style=\"text-align: center; \"><strong>Rafael de Souza Villar</strong></td>\r\n<td style=\"text-align: center; \"><strong>PL 027</strong></td>\r\n<td><b>07/03/2017</b></td>\r\n<td><a title=\"\" href=\"https://www.cubatao.sp.leg.br/processo-legislativo/projetos-de-lei/arquivos/pl-2017/pl-27.pdf\" class=\"internal-link\" target=\"_self\"><strong>DISP\u00d5E SOBRE A REDU\u00c7\u00c3O DE JORNADA PARA SERVIDORES P\u00daBLICOS COM NECESSIDADES ESPECIAIS OU QUE TENHAM DEPENDENTES COM NECESSIDADES ESPECIAIS.</strong></a></td>\r\n<td>\u00a0<a title=\"\" href=\"https://www.cubatao.sp.leg.br/processo-legislativo/projetos-de-lei/arquivos/pl-2017/pl-27.pdf\" class=\"internal-link\" target=\"_self\"><br /><img src=\"https://www.cubatao.sp.leg.br/institucional/fotos/Leis.png/@@images/50f19765-9209-4c00-80de-1a5396782012.png\" alt=\"Leis.png\" class=\"image-inline\" title=\"Leis.png\" /><br /></a></td>\r\n<td><b>RETIRADO PELO AUTOR EM 04/05/2017</b></td>\r\n</tr>\r\n<tr>\r\n<td>362/<span>2017</span></td>\r\n<td style=\"text-align: center; \"><strong>Rafael de Souza Villar</strong></td>\r\n<td style=\"text-align: center; \"><strong>PL 028</strong></td>\r\n<td><b>07/03/2017</b></td>\r\n<td><a title=\"\" href=\"https://www.cubatao.sp.leg.br/processo-legislativo/projetos-de-lei/arquivos/pl-2017/pl-28.pdf\" class=\"internal-link\" target=\"_self\"><strong>DISP\u00d5E SOBRE A INSTITUI\u00c7\u00c3O DE EQUIPE DE TRANSI\u00c7\u00c3O PELO CANDIDATO ELEITO PARA O CARGO DE PREFEITO MUNICIPAL E A ATUA\u00c7\u00c3O DA ADMINISTRA\u00c7\u00c3O P\u00daBLICA MUNICIPAL DIRETA E INDIRETA NO PROCESSOS DE TRANSI\u00c7\u00c3O GOVERNAMENTAL E D\u00c1 OUTRAS PROVID\u00caNCIAS.</strong></a></td>\r\n<td><a title=\"\" href=\"https://www.cubatao.sp.leg.br/processo-legislativo/projetos-de-lei/arquivos/pl-2017/pl-28.pdf\" class=\"internal-link\" target=\"_self\"><img src=\"https://www.cubatao.sp.leg.br/institucional/fotos/Leis.png/@@images/50f19765-9209-4c00-80de-1a5396782012.png\" alt=\"Leis.png\" class=\"image-inline\" title=\"Leis.png\" /></a></td>\r\n<td><strong><a class=\"external-link\" href=\"https://www.legislacaodigital.com.br/Cubatao-SP/LeisOrdinarias/3906\" target=\"_self\" title=\"\">LEI N\u00ba 3.906 DE 08/06/2018</a></strong></td>\r\n</tr>\r\n<tr>\r\n<td>405/<span>2017</span></td>\r\n<td style=\"text-align: center; \"><strong>Ivan da Silva</strong></td>\r\n<td style=\"text-align: center; \"><strong>PL 029</strong></td>\r\n<td><b>09/03/2017</b></td>\r\n<td><a title=\"\" href=\"https://www.cubatao.sp.leg.br/processo-legislativo/projetos-de-lei/arquivos/pl-2017/pl-29.pdf\" class=\"internal-link\" target=\"_self\"><strong>AUTORIZA O PODER EXECUTIVO A CRIAR PROGRAMA SOBRE VACINA\u00c7\u00c3O DOMICILIAR DE PESSOAS IDOSAS E PESSOAS COM DEFICI\u00caNCIA MOTORA, MULTIDEFICI\u00caNCIA PROFUNDA COM DIFICULDADE DE LOCOMO\u00c7\u00c3O, DOEN\u00c7AS INCAPACITANTES E DEGENERATIVAS E D\u00c1 OUTRAS PROVID\u00caNCIAS.</strong></a></td>\r\n<td><a title=\"\" href=\"https://www.cubatao.sp.leg.br/processo-legislativo/projetos-de-lei/arquivos/pl-2017/pl-29.pdf\" class=\"internal-link\" target=\"_self\"><img src=\"https://www.cubatao.sp.leg.br/institucional/fotos/Leis.png/@@images/50f19765-9209-4c00-80de-1a5396782012.png\" alt=\"Leis.png\" class=\"image-inline\" title=\"Leis.png\" /></a></td>\r\n<td><b>RETIRADO PELO AUTOR 04/05/2017</b></td>\r\n</tr>\r\n<tr>\r\n<td>406/<span>2017</span></td>\r\n<td style=\"text-align: center; \"><strong>Ivan da Silva</strong></td>\r\n<td style=\"text-align: center; \"><strong>PL 030</strong></td>\r\n<td><b>09/03/2017</b></td>\r\n<td><a title=\"\" href=\"https://www.cubatao.sp.leg.br/processo-legislativo/projetos-de-lei/arquivos/pl-2017/pl-30.pdf\" class=\"internal-link\" target=\"_self\"><strong>INSTITUI O PROGRAMA DE PARCERIA \u201cADOTE UMA ESCOLA\u201d NO MUNIC\u00cdPIO DE CUBAT\u00c3O.</strong></a></td>\r\n<td><a title=\"\" href=\"https://www.cubatao.sp.leg.br/processo-legislativo/projetos-de-lei/arquivos/pl-2017/pl-30.pdf\" class=\"internal-link\" target=\"_self\"><img src=\"https://www.cubatao.sp.leg.br/institucional/fotos/Leis.png/@@images/50f19765-9209-4c00-80de-1a5396782012.png\" alt=\"Leis.png\" class=\"image-inline\" title=\"Leis.png\" /></a></td>\r\n<td><strong>RETIRADO PELO AUTOR EM 14/12/2017</strong></td>\r\n</tr>\r\n<tr>\r\n<td>407/<span>2017</span></td>\r\n<td style=\"text-align: center; \"><strong>Ivan da Silva</strong></td>\r\n<td style=\"text-align: center; \"><strong>PELOM 02</strong></td>\r\n<td><b>09/03/2017</b></td>\r\n<td><a title=\"\" href=\"https://www.cubatao.sp.leg.br/processo-legislativo/projetos-de-lei/arquivos/pl-2017/pelom-02.pdf\" class=\"internal-link\" target=\"_self\"><strong>CRIA O PAR\u00c1GRAFO \u00daNICO DO ARTIGO 211 DA LEI ORG\u00c2NICA MUNICIPAL E D\u00c1 OUTRAS PROVID\u00caNCIAS.</strong></a></td>\r\n<td><a class=\"external-link\" href=\"https://drive.google.com/file/d/0B9-QSnOSyaNZb1hEdVpXYmZSa3M/view?usp=sharing\" target=\"_self\" title=\"\"><img src=\"https://www.cubatao.sp.leg.br/institucional/fotos/Leis.png/@@images/50f19765-9209-4c00-80de-1a5396782012.png\" alt=\"Leis.png\" class=\"image-inline\" title=\"Leis.png\" /></a></td>\r\n<td><b><a class=\"external-link\" href=\"http://http//consulta.siscam.com.br/camaracubatao/Normas/Exibir/10363\" target=\"_self\" title=\"\">EMENDA \u00c0 LEI ORG\u00c2NICA N\u00ba 28</a>\u00a0DE 08/08/2017</b></td>\r\n</tr>\r\n<tr>\r\n<td>419/<span>2017</span></td>\r\n<td style=\"text-align: center; \"><strong>Rodrigo Ramos Soares</strong></td>\r\n<td style=\"text-align: center; \"><strong>PL 031</strong></td>\r\n<td><b>13/03/2017</b></td>\r\n<td><a title=\"\" href=\"https://www.cubatao.sp.leg.br/processo-legislativo/projetos-de-lei/arquivos/pl-2017/pl-31.pdf\" class=\"internal-link\" target=\"_self\"><strong>INSTITUI A POL\u00cdTICA MUNICIPAL DE PREVEN\u00c7\u00c3O \u00c0S DOEN\u00c7AS OCUPACIONAIS DO EDUCADOR DA REDE MUNICIPAL DE ENSINO, E D\u00c1 OUTRAS PROVID\u00caNCIAS.</strong></a></td>\r\n<td><a title=\"\" href=\"https://www.cubatao.sp.leg.br/processo-legislativo/projetos-de-lei/arquivos/pl-2017/pl-31.pdf\" class=\"internal-link\" target=\"_self\"><img src=\"https://www.cubatao.sp.leg.br/institucional/fotos/Leis.png/@@images/50f19765-9209-4c00-80de-1a5396782012.png\" alt=\"Leis.png\" class=\"image-inline\" title=\"Leis.png\" /></a></td>\r\n<td><strong>DVL CONCLUSO EM 06/06/2017</strong></td>\r\n</tr>\r\n<tr>\r\n<td>420/<span>2017</span></td>\r\n<td style=\"text-align: center; \"><strong>Rodrigo Ramos Soares</strong></td>\r\n<td style=\"text-align: center; \"><strong>PL 032</strong></td>\r\n<td><b>13/03/2017</b></td>\r\n<td><a title=\"\" href=\"https://www.cubatao.sp.leg.br/processo-legislativo/projetos-de-lei/arquivos/pl-2017/pl-32.pdf\" class=\"internal-link\" target=\"_self\"><strong>DISP\u00d5E SOBRE O ATENDIMENTO PREFERENCIAL A PORTADORES DE C\u00c2NCER E PACIENTES DE HEMODI\u00c1LISE EM TRATAMENTO NOS ESTABELECIMENTOS COMERCIAIS, BANC\u00c1RIOS E SERVI\u00c7OS SIMILARES DO MUNIC\u00cdPIO DE CUBAT\u00c3O E D\u00c1 OUTRAS PROVID\u00caNCIAS.</strong></a></td>\r\n<td><a title=\"\" href=\"https://www.cubatao.sp.leg.br/processo-legislativo/projetos-de-lei/arquivos/pl-2017/pl-32.pdf\" class=\"internal-link\" target=\"_self\"><img src=\"https://www.cubatao.sp.leg.br/institucional/fotos/Leis.png/@@images/50f19765-9209-4c00-80de-1a5396782012.png\" alt=\"Leis.png\" class=\"image-inline\" title=\"Leis.png\" /></a></td>\r\n<td><strong><a class=\"external-link\" href=\"https://www.legislacaodigital.com.br/Cubatao-SP/LeisOrdinarias/3925\" target=\"_self\" title=\"\">LEI 3.925 DE 25/07/2018</a></strong></td>\r\n</tr>\r\n<tr>\r\n<td>421/<span>2017</span></td>\r\n<td style=\"text-align: center; \"><strong>Rodrigo Ramos Soares</strong></td>\r\n<td style=\"text-align: center; \"><strong>PL 033</strong></td>\r\n<td><b>13/03/2017</b></td>\r\n<td><a title=\"\" href=\"https://www.cubatao.sp.leg.br/processo-legislativo/projetos-de-lei/arquivos/pl-2017/pl-33.pdf\" class=\"internal-link\" target=\"_self\"><strong>INSTITUI A OBRIGATORIEDADE DE SISTEMA DE CAPTA\u00c7\u00c3O, ARMAZENAMENTO E REUTILIZA\u00c7\u00c3O DE \u00c1GUAS PLUVIAIS NAS EDIFICA\u00c7\u00d5ES DE CONDOM\u00cdNIOS RESIDENCIAIS DO MUNIC\u00cdPIO DE CUBAT\u00c3O, CONFORME ESPECIFICA.</strong></a></td>\r\n<td><a title=\"\" href=\"https://www.cubatao.sp.leg.br/processo-legislativo/projetos-de-lei/arquivos/pl-2017/pl-33.pdf\" class=\"internal-link\" target=\"_self\"><img src=\"https://www.cubatao.sp.leg.br/institucional/fotos/Leis.png/@@images/50f19765-9209-4c00-80de-1a5396782012.png\" alt=\"Leis.png\" class=\"image-inline\" title=\"Leis.png\" /></a></td>\r\n<td><strong><a class=\"external-link\" href=\"http://https//www.legislacaodigital.com.br/Cubatao-SP/LeisOrdinarias/3939\" target=\"_self\" title=\"\">LEI N\u00ba 3939 DE 14/09/2018</a></strong></td>\r\n</tr>\r\n<tr>\r\n<td>480/<span>2017</span></td>\r\n<td style=\"text-align: center; \"><strong>Laelson Batista Santos</strong></td>\r\n<td style=\"text-align: center; \"><strong>PL 034</strong></td>\r\n<td><b>15/03/2017</b></td>\r\n<td><a title=\"\" href=\"https://www.cubatao.sp.leg.br/processo-legislativo/projetos-de-lei/arquivos/pl-2017/pl-34.pdf\" class=\"internal-link\" target=\"_self\"><strong>DISP\u00d5E SOBRE A CONCESS\u00c3O DE ISEN\u00c7\u00c3O DO IMPOSTO PREDIAL E TERRITORIAL URBANO \u2013 IPTU \u2013 INCIDENTE SOBRE IM\u00d3VEIS EDIFICADOS ATINGIDOS POR ENCHENTES, INUNDA\u00c7\u00d5ES E/OU ALAGAMENTOS CAUSADOS POR CHUVAS OCORRIDAS NO MUNIC\u00cdPIO DE CUBAT\u00c3O/SP E D\u00c1 OUTRAS PROVID\u00caNCIAS.</strong></a></td>\r\n<td><br /><a title=\"\" href=\"https://www.cubatao.sp.leg.br/processo-legislativo/projetos-de-lei/arquivos/pl-2017/pl-34.pdf\" class=\"internal-link\" target=\"_self\">\u00a0<img src=\"https://www.cubatao.sp.leg.br/institucional/fotos/Leis.png/@@images/50f19765-9209-4c00-80de-1a5396782012.png\" alt=\"Leis.png\" class=\"image-inline\" title=\"Leis.png\" /><br /></a></td>\r\n<td><b>RETIRADO PELO AUTOR EM 16/05/2017</b></td>\r\n</tr>\r\n<tr>\r\n<td>483/<span>2017</span></td>\r\n<td style=\"text-align: center; \"><strong>Anderson de Lana Andrade</strong></td>\r\n<td style=\"text-align: center; \"><strong>PL 035</strong></td>\r\n<td><b>15/03/2017</b></td>\r\n<td><a title=\"\" href=\"https://www.cubatao.sp.leg.br/processo-legislativo/projetos-de-lei/arquivos/pl-2017/pl-35.pdf\" class=\"internal-link\" target=\"_self\"><strong>DECLARA DE UTILIDADE P\u00daBLICA A ENTIDADE QUE MENCIONA E D\u00c1 OUTRAS PROVID\u00caNCIAS.</strong></a></td>\r\n<td><a title=\"\" href=\"https://www.cubatao.sp.leg.br/processo-legislativo/projetos-de-lei/arquivos/pl-2017/pl-35.pdf\" class=\"internal-link\" target=\"_self\"><img src=\"https://www.cubatao.sp.leg.br/institucional/fotos/Leis.png/@@images/50f19765-9209-4c00-80de-1a5396782012.png\" alt=\"Leis.png\" class=\"image-inline\" title=\"Leis.png\" /></a></td>\r\n<td><b><a class=\"external-link\" href=\"http://consulta.siscam.com.br/camaracubatao/Normas/Exibir/10336\" target=\"_self\" title=\"\">LEI N\u00ba 3.824</a>\u00a0DE 23/05/2017</b></td>\r\n</tr>\r\n<tr>\r\n<td>484/<span>2017</span></td>\r\n<td style=\"text-align: center; \"><em><strong>ADEM\u00c1RIO SILVA OLIVEIRA</strong></em></td>\r\n<td style=\"text-align: center; \"><strong>PLC 036</strong></td>\r\n<td><b>15/03/2017</b></td>\r\n<td><a title=\"\" href=\"https://www.cubatao.sp.leg.br/processo-legislativo/projetos-de-lei/arquivos/pl-2017/plc-36.pdf\" class=\"internal-link\" target=\"_self\"><strong>ALTERA DISPOSITIVOS DA LEI MUNICIPAL N\u00b0 3316, DE 26 DE MAIO DE 2009, DA LEI MUNICIPAL N\u00b0 3040, DE 02 DE DEZEMBRO DE 2005 E D\u00c1 OUTRAS PROVID\u00caNCIAS.</strong></a></td>\r\n<td><a title=\"\" href=\"https://www.cubatao.sp.leg.br/processo-legislativo/projetos-de-lei/arquivos/pl-2017/plc-36.pdf\" class=\"internal-link\" target=\"_self\"><img src=\"https://www.cubatao.sp.leg.br/institucional/fotos/Leis.png/@@images/50f19765-9209-4c00-80de-1a5396782012.png\" alt=\"Leis.png\" class=\"image-inline\" title=\"Leis.png\" /></a></td>\r\n<td><b><a class=\"external-link\" href=\"http://consulta.siscam.com.br/camaracubatao/Normas/Exibir/10309\" target=\"_self\" title=\"\">LEI COMPLEMENTAR N\u00ba 88</a>\u00a0DE 18/04/2017</b></td>\r\n</tr>\r\n<tr>\r\n<td>485/<span>2017</span></td>\r\n<td style=\"text-align: center; \"><strong>ADEM\u00c1RIO SILVA OLIVEIRA</strong></td>\r\n<td style=\"text-align: center; \"><strong>PLC 037</strong></td>\r\n<td><b>15/03/2017</b></td>\r\n<td><a title=\"\" href=\"https://www.cubatao.sp.leg.br/processo-legislativo/projetos-de-lei/arquivos/pl-2017/plc-37.pdf\" class=\"internal-link\" target=\"_self\"><strong>D\u00c1 NOVA REDA\u00c7\u00c3O AOS DISPOSITIVOS QUE MENCIONA DAS LEIS ORDIN\u00c1RIAS N\u00b0s 325, DE 9 DE MAR\u00c7O DE 1959; 2005, DE 22 DE NOVEMBRO DE 1991; 2085, DE 17 DE SETEMBRO DE 1992; E D\u00c1 OUTRAS PROVID\u00caNCIAS.</strong></a></td>\r\n<td><a title=\"\" href=\"https://www.cubatao.sp.leg.br/processo-legislativo/projetos-de-lei/arquivos/pl-2017/plc-37.pdf\" class=\"internal-link\" target=\"_self\"><img src=\"https://www.cubatao.sp.leg.br/institucional/fotos/Leis.png/@@images/50f19765-9209-4c00-80de-1a5396782012.png\" alt=\"Leis.png\" class=\"image-inline\" title=\"Leis.png\" /></a></td>\r\n<td><b><a class=\"external-link\" href=\"http://consulta.siscam.com.br/camaracubatao/Normas/Exibir/10308\" target=\"_self\" title=\"\">LEI COMPLEMENTAR N\u00ba 87</a>\u00a018/04/2017</b></td>\r\n</tr>\r\n<tr>\r\n<td>486/<span>2017</span></td>\r\n<td style=\"text-align: center; \"><strong>ADEM\u00c1RIO SILVA OLIVEIRA</strong></td>\r\n<td style=\"text-align: center; \"><strong>PELOM 03</strong></td>\r\n<td><b>15/03/2017</b></td>\r\n<td><a title=\"\" href=\"https://www.cubatao.sp.leg.br/processo-legislativo/projetos-de-lei/arquivos/pl-2017/pelom-03.pdf\" class=\"internal-link\" target=\"_self\"><strong>D\u00c1 NOVA REDA\u00c7\u00c3O AOS DISPOSITIVOS QUE ESPECIFICA DA LOM E D\u00c1 OUTRAS PROVID\u00caNCIAS.</strong></a></td>\r\n<td><a title=\"\" href=\"https://www.cubatao.sp.leg.br/processo-legislativo/projetos-de-lei/arquivos/pl-2017/pelom-03.pdf\" class=\"internal-link\" target=\"_self\"><img src=\"https://www.cubatao.sp.leg.br/institucional/fotos/Leis.png/@@images/50f19765-9209-4c00-80de-1a5396782012.png\" alt=\"Leis.png\" class=\"image-inline\" title=\"Leis.png\" /></a></td>\r\n<td><a class=\"external-link\" href=\"http://http//consulta.siscam.com.br/camaracubatao/Normas/Exibir/10304\" target=\"_self\" title=\"\"><b>EMENDA \u00c0 LEI ORG\u00c2NICA N\u00ba 26</b></a></td>\r\n</tr>\r\n<tr>\r\n<td>491/<span>2017</span></td>\r\n<td style=\"text-align: center; \"><strong>\u00c9rika Ver\u00e7osa Albuquerque de Almeida Nunes</strong></td>\r\n<td style=\"text-align: center; \"><strong>PL 038</strong></td>\r\n<td><b>16/03/2017</b></td>\r\n<td><a title=\"\" href=\"https://www.cubatao.sp.leg.br/processo-legislativo/projetos-de-lei/arquivos/pl-2017/pl-38.pdf\" class=\"internal-link\" target=\"_self\"><strong>ALTERA OS INCISOS NO ART. 3\u00b0 DA LEI N\u00b0 2.880, DE 21 DE NOVEMBRO DE 2003, E D\u00c1 OUTRAS PROVID\u00caNCIAS.</strong></a></td>\r\n<td><a title=\"\" href=\"https://www.cubatao.sp.leg.br/processo-legislativo/projetos-de-lei/arquivos/pl-2017/pl-38.pdf\" class=\"internal-link\" target=\"_self\"><img src=\"https://www.cubatao.sp.leg.br/institucional/fotos/Leis.png/@@images/50f19765-9209-4c00-80de-1a5396782012.png\" alt=\"Leis.png\" class=\"image-inline\" title=\"Leis.png\" /></a></td>\r\n<td><b>VETADO INTEGRALMENTE</b></td>\r\n</tr>\r\n<tr>\r\n<td>643/<span>2017</span></td>\r\n<td style=\"text-align: center; \"><strong>Joemerson Alves de Souza</strong></td>\r\n<td style=\"text-align: center; \"><strong>PL 039</strong></td>\r\n<td><b>03/04/2017</b></td>\r\n<td><a title=\"\" href=\"https://www.cubatao.sp.leg.br/processo-legislativo/projetos-de-lei/arquivos/pl-2017/pl-39.pdf\" class=\"internal-link\" target=\"_self\"><strong>DISP\u00d5E SOBRE A INSTITUI\u00c7\u00c3O DO PROGRAMA LEITE NA MESA NO \u00c2MBITO DA REDE MUNICIPAL DE ENSINO MUNICIPAL DE CUBAT\u00c3O ESTADO DE S\u00c3O PAULO E D\u00c1 OUTRAS PROVID\u00caNCIAS.</strong></a></td>\r\n<td><a title=\"\" href=\"https://www.cubatao.sp.leg.br/processo-legislativo/projetos-de-lei/arquivos/pl-2017/pl-39.pdf\" class=\"internal-link\" target=\"_self\"><img src=\"https://www.cubatao.sp.leg.br/institucional/fotos/Leis.png/@@images/50f19765-9209-4c00-80de-1a5396782012.png\" alt=\"Leis.png\" class=\"image-inline\" title=\"Leis.png\" /></a></td>\r\n<td><b>RETIRADO PELO AUTOR EM 10/05/2017</b></td>\r\n</tr>\r\n<tr>\r\n<td>644/<span>2017</span></td>\r\n<td style=\"text-align: center; \"><strong>Joemerson Alves de Souza</strong></td>\r\n<td style=\"text-align: center; \"><strong>PL 040</strong></td>\r\n<td><b>03/04/2017</b></td>\r\n<td><a title=\"\" href=\"https://www.cubatao.sp.leg.br/processo-legislativo/projetos-de-lei/arquivos/pl-2017/pl-40.pdf\" class=\"internal-link\" target=\"_self\"><strong>INSTITUI NO CALEND\u00c1RIO OFICIAL DO MUNIC\u00cdPIO DE CUBAT\u00c3O, O \u201cM\u00caS DO NORDESTINO\u201d E D\u00c1 OUTRAS PROVID\u00caNCIAS.</strong></a></td>\r\n<td><a title=\"\" href=\"https://www.cubatao.sp.leg.br/processo-legislativo/projetos-de-lei/arquivos/pl-2017/pl-40.pdf\" class=\"internal-link\" target=\"_self\"><img src=\"https://www.cubatao.sp.leg.br/institucional/fotos/Leis.png/@@images/50f19765-9209-4c00-80de-1a5396782012.png\" alt=\"Leis.png\" class=\"image-inline\" title=\"Leis.png\" /></a></td>\r\n<td><strong><a class=\"external-link\" href=\"http://http//consulta.siscam.com.br/camaracubatao/Normas/Exibir/10362\" target=\"_self\" title=\"\">Lei n\u00ba 3.837</a>\u00a0DE 18/08/2017<br /></strong></td>\r\n</tr>\r\n<tr>\r\n<td>698/<span>2017</span></td>\r\n<td style=\"text-align: center; \"><strong>RAFAEL DE SOUZA VILLAR</strong></td>\r\n<td style=\"text-align: center; \"><strong>PL 041</strong></td>\r\n<td><b>10/04/2017</b></td>\r\n<td><strong>AUTORIZA A INSTITUI\u00c7\u00c3O DO EXAME MUNICIPAL DE AVALIA\u00c7\u00c3O DO DESEMPENHO ESCOLAR - EMADE NO \u00c2MBITO DA REDE MUNICIPAL DE ENSINO\u00a0<a title=\"\" href=\"https://www.cubatao.sp.leg.br/processo-legislativo/projetos-de-lei/arquivos/pl-2017/pl-40.pdf\" class=\"internal-link\" target=\"_self\">E D\u00c1 OUTRAS PROVID\u00caNCIAS.</a></strong></td>\r\n<td><a title=\"\" href=\"https://www.cubatao.sp.leg.br/processo-legislativo/projetos-de-lei/arquivos/pl-2017/pl-40.pdf\" class=\"internal-link\" target=\"_self\"><img src=\"https://www.cubatao.sp.leg.br/institucional/fotos/Leis.png/@@images/50f19765-9209-4c00-80de-1a5396782012.png\" alt=\"Leis.png\" class=\"image-inline\" title=\"Leis.png\" /></a></td>\r\n<td><b>RETIRADO PELO AUTOR EM 21/05/2019</b></td>\r\n</tr>\r\n<tr>\r\n<td>706/<span>2017</span></td>\r\n<td style=\"text-align: center; \"><strong>ADEM\u00c1RIO SILVA OLIVEIRA</strong></td>\r\n<td style=\"text-align: center; \"><strong>PL 042</strong></td>\r\n<td><b>12/04/2017</b></td>\r\n<td><a title=\"\" href=\"https://www.cubatao.sp.leg.br/processo-legislativo/projetos-de-lei/arquivos/pl-2017/pl-42.pdf\" class=\"internal-link\" target=\"_self\"><strong>DISP\u00d5E SOBRE AS DIRETRIZES GERAIS PARA A ELABORA\u00c7\u00c3O DA LEI OR\u00c7AMENT\u00c1RIA DO MUNIC\u00cdPIO DE CUBAT\u00c3O PARA O EXERC\u00cdCIO DE 2018 E D\u00c1 OUTRAS PROVID\u00caNCIAS.</strong></a></td>\r\n<td><a title=\"\" href=\"https://www.cubatao.sp.leg.br/processo-legislativo/projetos-de-lei/arquivos/pl-2017/pl-42.pdf\" class=\"internal-link\" target=\"_self\"><img src=\"https://www.cubatao.sp.leg.br/institucional/fotos/Leis.png/@@images/50f19765-9209-4c00-80de-1a5396782012.png\" alt=\"Leis.png\" class=\"image-inline\" title=\"Leis.png\" /></a></td>\r\n<td><b><a class=\"external-link\" href=\"http://consulta.siscam.com.br/camaracubatao/Normas/Exibir/10335\" target=\"_self\" title=\"\">LEI N\u00ba 3.831</a>\u00a0DE 07/07/2017</b></td>\r\n</tr>\r\n<tr>\r\n<td>789/<span>2017</span></td>\r\n<td style=\"text-align: center; \"><strong>Rodrigo Ramos Soares</strong></td>\r\n<td style=\"text-align: center; \"><strong>PL 043</strong></td>\r\n<td><b>03/05/2017</b></td>\r\n<td><strong>DISP\u00d5E SOBRE A DIVULGA\u00c7\u00c3O DE LISTA DE ESPERA DE CONSULTAS, EXAMES, CIRURGIAS E QUAISQUER OUTROS PROCEDIMENTOS OU A\u00c7\u00d5ES AGENDADAS PELOS CIDAD\u00c3OS NAS UNIDADES DA REDE MUNICIPAL DE SA\u00daDE E D\u00c1 OUTRAS PROVID\u00caNCIAS.</strong></td>\r\n<td><a title=\"\" href=\"https://www.cubatao.sp.leg.br/processo-legislativo/projetos-de-lei/arquivos/pl-2017/PL043.pdf\" class=\"internal-link\" target=\"_self\"><img src=\"https://www.cubatao.sp.leg.br/institucional/fotos/Leis.png/@@images/50f19765-9209-4c00-80de-1a5396782012.png\" alt=\"Leis.png\" class=\"image-inline\" title=\"Leis.png\" /></a></td>\r\n<td><strong><a class=\"external-link\" href=\"https://www.legislacaodigital.com.br/Cubatao-SP/LeisOrdinarias/3896\" target=\"_self\" title=\"\">LEI N\u00ba 3.896 DE 11/05/2018</a></strong></td>\r\n</tr>\r\n<tr>\r\n<td>811/<span>2017</span></td>\r\n<td style=\"text-align: center; \"><strong>Rafael de Souza Villar</strong></td>\r\n<td style=\"text-align: center; \"><strong>PR 04</strong></td>\r\n<td><b>08/05/2017</b></td>\r\n<td><strong><b>ALTERA E ACRESCENTA DISPOSITIVOS \u00c0 RESOLU\u00c7\u00c3O N\u00ba 1558, DE 13 DE DEZEMBRO DE 1991, NA FORMA QUE MENCIONA E DA OUTRAS PROVIDENCIAS</b>.</strong></td>\r\n<td>\r\n<p>\u00a0</p>\r\n<p><a class=\"external-link\" href=\"https://drive.google.com/file/d/0B9-QSnOSyaNZR2ZUVHNVeDUxYWs/view?usp=sharing\" target=\"_self\" title=\"\"><img src=\"https://www.cubatao.sp.leg.br/institucional/fotos/Leis.png/@@images/50f19765-9209-4c00-80de-1a5396782012.png\" alt=\"Leis.png\" class=\"image-inline\" title=\"Leis.png\" /></a></p>\r\n<p>\u00a0</p>\r\n</td>\r\n<td><b><a class=\"external-link\" href=\"http://consulta.siscam.com.br/camaracubatao/Normas/Exibir/10315\" target=\"_self\" title=\"\">RESOLU\u00c7\u00c3O 2.863</a>\u00a0DE 06/06/2017</b></td>\r\n</tr>\r\n<tr>\r\n<td>862/<span>2017</span></td>\r\n<td style=\"text-align: center; \"><b>RODRIGO RAMOS SOARES</b></td>\r\n<td style=\"text-align: center; \"><strong>PL 044</strong></td>\r\n<td><b>12/05/2017</b></td>\r\n<td><a title=\"\" href=\"https://www.cubatao.sp.leg.br/processo-legislativo/projetos-de-lei/arquivos/pl-2017/pl4400011.pdf\" class=\"internal-link\" target=\"_self\"><strong>AUTORIZA A C\u00c2MARA MUNICIPAL DE CUBAT\u00c3O A CONTRATAR COM OPERADORAS E/OU ADMINISTRADORAS DE SERVI\u00c7O M\u00c9DICO, HOSPITALAR E LABORATORIAL A SEREM PRESTADOS AOS SERVIDORES ATIVOS, INATIVOS, VEREADORES E DEPENDENTES E D\u00c1 OUTRAS PROVID\u00caNCIAS.</strong></a></td>\r\n<td>\r\n<p>\u00a0</p>\r\n<p><a title=\"\" href=\"https://www.cubatao.sp.leg.br/processo-legislativo/projetos-de-lei/arquivos/pl-2017/pl4400011.pdf\" class=\"internal-link\" target=\"_self\"><img src=\"https://www.cubatao.sp.leg.br/institucional/fotos/Leis.png/@@images/50f19765-9209-4c00-80de-1a5396782012.png\" alt=\"Leis.png\" class=\"image-inline\" title=\"Leis.png\" /><br /></a></p>\r\n</td>\r\n<td><strong>RETIRADO PELO AUTOR EM 22/05/2017</strong></td>\r\n</tr>\r\n<tr>\r\n<td>906/<span>2017</span></td>\r\n<td style=\"text-align: center; \"><strong>ADEM\u00c1RIO SILVA OLIVEIRA</strong></td>\r\n<td style=\"text-align: center; \"><strong>PL 045</strong></td>\r\n<td><b>19/05/2017</b></td>\r\n<td><a title=\"\" href=\"https://www.cubatao.sp.leg.br/processo-legislativo/projetos-de-lei/arquivos/pl-2017/pl-45.pdf\" class=\"internal-link\" target=\"_self\"><strong>DISP\u00d5E SOBRE A DISSOLUSS\u00c3O, LIQUIDA\u00c7\u00c3O E\u00a0 EXTIN\u00c7\u00c3O DA CURSAN \u2013 COMPANHIA CUBATENSE DE URBANISMO E SANEAMENTO, E D\u00c1 OUTRAS PROVID\u00caNCIAS.</strong></a></td>\r\n<td><a title=\"\" href=\"https://www.cubatao.sp.leg.br/processo-legislativo/projetos-de-lei/arquivos/pl-2017/pl-45.pdf\" class=\"internal-link\" target=\"_self\"><img src=\"https://www.cubatao.sp.leg.br/institucional/fotos/Leis.png/@@images/50f19765-9209-4c00-80de-1a5396782012.png\" alt=\"Leis.png\" class=\"image-inline\" title=\"Leis.png\" /></a></td>\r\n<td><b><a class=\"external-link\" href=\"http://http//consulta.siscam.com.br/camaracubatao/Normas/Exibir/10337\" target=\"_self\" title=\"\">LEI N\u00ba 3.825 DE 29/05/2017</a></b></td>\r\n</tr>\r\n<tr>\r\n<td>907/<span>2017</span></td>\r\n<td style=\"text-align: center; \"><strong>F\u00e1bio Alves Moreira</strong></td>\r\n<td style=\"text-align: center; \"><strong>PR 05</strong></td>\r\n<td><b>19/05/2017</b></td>\r\n<td><a title=\"\" href=\"https://www.cubatao.sp.leg.br/processo-legislativo/projetos-de-lei/arquivos/pl-2017/pr-05-2017.pdf\" class=\"internal-link\" target=\"_self\"><strong>ALTERA E ACRESCENTA DISPOSITIVOS \u00c0 RESOLU\u00c7\u00c3O N\u00ba 1.558, DE 13 DE DEZEMBRO DE 1991, NA FORMA QUE MENCIONA, E D\u00c1 OUTRAS PROVID\u00caNCIAS.</strong></a></td>\r\n<td><a title=\"\" href=\"https://www.cubatao.sp.leg.br/processo-legislativo/projetos-de-lei/arquivos/pl-2017/pr-05-2017.pdf\" class=\"internal-link\" target=\"_self\"><img src=\"https://www.cubatao.sp.leg.br/institucional/fotos/Leis.png/@@images/50f19765-9209-4c00-80de-1a5396782012.png\" alt=\"Leis.png\" class=\"image-inline\" title=\"Leis.png\" /></a></td>\r\n<td><b><a class=\"external-link\" href=\"http://http//consulta.siscam.com.br/camaracubatao/Normas/Exibir/10359\" target=\"_self\" title=\"\">RESOLU\u00c7\u00c3O N\u00ba 2.875 DE 11/07/2017</a></b></td>\r\n</tr>\r\n<tr>\r\n<td>912/<span>2017</span></td>\r\n<td style=\"text-align: center; \"><strong>Laelson Batista Santos</strong></td>\r\n<td style=\"text-align: center; \"><strong>PL 046</strong></td>\r\n<td><b>22/05/2017</b></td>\r\n<td><a title=\"\" href=\"https://www.cubatao.sp.leg.br/processo-legislativo/projetos-de-lei/arquivos/pl-2017/pl-46.pdf\" class=\"internal-link\" target=\"_self\"><strong>DENOMINA \u201cDULCE MARTINS DA SILVA\u201d A SALA PRINCIPAL DA UNIDADE B\u00c1SICA DE SA\u00daDE QUE MENCIONA, E D\u00c1 OUTRAS PROVID\u00caNCIAS.</strong></a></td>\r\n<td><a title=\"\" href=\"https://www.cubatao.sp.leg.br/processo-legislativo/projetos-de-lei/arquivos/pl-2017/pl-46.pdf\" class=\"internal-link\" target=\"_self\"><img src=\"https://www.cubatao.sp.leg.br/institucional/fotos/Leis.png/@@images/50f19765-9209-4c00-80de-1a5396782012.png\" alt=\"Leis.png\" class=\"image-inline\" title=\"Leis.png\" /></a></td>\r\n<td><strong><a class=\"external-link\" href=\"http://consulta.siscam.com.br/camaracubatao/Normas/Exibir/10368\" target=\"_self\" title=\"\">LEI N\u00ba 3.843</a>\u00a0DE 13/09/2017</strong></td>\r\n</tr>\r\n<tr>\r\n<td>916/<span>2017</span></td>\r\n<td style=\"text-align: center; \"><strong>ADEM\u00c1RIO SILVA OLIVEIRA</strong></td>\r\n<td style=\"text-align: center; \"><strong>PL 047</strong></td>\r\n<td><b>22/05/2017</b></td>\r\n<td><a title=\"\" href=\"https://www.cubatao.sp.leg.br/processo-legislativo/projetos-de-lei/arquivos/pl-2017/pl-47.pdf\" class=\"internal-link\" target=\"_self\"><strong>ALTERA DISPOSITIVOS DA LEI N\u00b0 2.699, DE 03 DE JULHO DE 2001, E ALTERA\u00c7\u00d5ES POSTERIORES, QUE REDEFINE A COMPET\u00caNCIA E COMPOSI\u00c7\u00c3O DO CONSELHO MUNICIPAL DE SA\u00daDE, E D\u00c1 OUTRAS PROVID\u00caNCIAS.</strong></a></td>\r\n<td><a title=\"\" href=\"https://www.cubatao.sp.leg.br/processo-legislativo/projetos-de-lei/arquivos/pl-2017/pl-47.pdf\" class=\"internal-link\" target=\"_self\"><img src=\"https://www.cubatao.sp.leg.br/institucional/fotos/Leis.png/@@images/50f19765-9209-4c00-80de-1a5396782012.png\" alt=\"Leis.png\" class=\"image-inline\" title=\"Leis.png\" /></a></td>\r\n<td><b><a class=\"external-link\" href=\"http://http//consulta.siscam.com.br/camaracubatao/Normas/Exibir/10333\" target=\"_self\" title=\"\">LEI N\u00ba 3.829</a>\u00a0DE 06/07/2017</b></td>\r\n</tr>\r\n<tr>\r\n<td>917/<span>2017</span></td>\r\n<td style=\"text-align: center; \"><strong>ADEM\u00c1RIO SILVA OLIVEIRA</strong></td>\r\n<td style=\"text-align: center; \"><strong>PL 048</strong></td>\r\n<td><b>22/05/2017</b></td>\r\n<td><a title=\"\" href=\"https://www.cubatao.sp.leg.br/processo-legislativo/projetos-de-lei/arquivos/pl-2017/pl-48.pdf\" class=\"internal-link\" target=\"_self\"><strong>REVOGA A LEI N\u00b0 3.026, DE 07 DE NOVEMBRO DE 2005, QUE INSTITUIU PROGRAMA DE CIRURGIA PL\u00c1STICA RECONSTRUTIVA DA MAMA, E D\u00c1 OUTRAS PROVID\u00caNCIAS.</strong></a></td>\r\n<td><br /><br /><a title=\"\" href=\"https://www.cubatao.sp.leg.br/processo-legislativo/projetos-de-lei/arquivos/pl-2017/pl-48.pdf\" class=\"internal-link\" target=\"_self\"><img src=\"https://www.cubatao.sp.leg.br/institucional/fotos/Leis.png/@@images/50f19765-9209-4c00-80de-1a5396782012.png\" alt=\"Leis.png\" class=\"image-inline\" title=\"Leis.png\" /><br /></a></td>\r\n<td><b>Retirado pelo autor EM 24/07/2017</b></td>\r\n</tr>\r\n<tr>\r\n<td>957/<span>2017</span></td>\r\n<td style=\"text-align: center; \"><b>MESA DA C\u00c2MARA</b></td>\r\n<td style=\"text-align: center; \"><strong>PL 049</strong></td>\r\n<td><b>26/05/2017</b></td>\r\n<td><a title=\"\" href=\"https://www.cubatao.sp.leg.br/processo-legislativo/projetos-de-lei/arquivos/pl-2017/pl-49.pdf\" class=\"internal-link\" target=\"_self\"><strong>AUTORIZA A C\u00c2MARA MUNICIPAL DE CUBAT\u00c3O A CONTRATAR COM OPERADORAS E/OU ADMINISTRADORAS DE SERVI\u00c7O M\u00c9DICO, HOSPITALAR E LABORATORIAL A SEREM PRESTADOS AOS SERVIDORES ATIVOS, INATIVOS, VEREADORES E DEPENDENTES, E D\u00c1 OUTRAS PROVID\u00caNCIAS.</strong></a></td>\r\n<td><a title=\"\" href=\"https://www.cubatao.sp.leg.br/processo-legislativo/projetos-de-lei/arquivos/pl-2017/pl-49.pdf\" class=\"internal-link\" target=\"_self\"><img src=\"https://www.cubatao.sp.leg.br/institucional/fotos/Leis.png/@@images/50f19765-9209-4c00-80de-1a5396782012.png\" alt=\"Leis.png\" class=\"image-inline\" title=\"Leis.png\" /></a></td>\r\n<td><b>Retirado pelo autor\u00a0 07/06/2017</b></td>\r\n</tr>\r\n<tr>\r\n<td>962/<span>2017</span></td>\r\n<td style=\"text-align: center; \"><strong>Aguinaldo Alves de Ara\u00fajo</strong></td>\r\n<td style=\"text-align: center; \"><strong>PL 050</strong></td>\r\n<td><b>26/05/2017</b></td>\r\n<td><a title=\"\" href=\"https://www.cubatao.sp.leg.br/processo-legislativo/projetos-de-lei/arquivos/pl-2017/pl-50.pdf\" class=\"internal-link\" target=\"_self\"><strong>DISP\u00d5EM SOBRE A INSTITUI\u00c7\u00c3O DO PR\u00caMIO DE\u00a0 RECONHECIMENTO HUMANIT\u00c1RIO \u201cAMOR POR DOWN\u201d, E D\u00c1 OUTRAS PROVID\u00caNCIAS.</strong></a></td>\r\n<td>\r\n<p><a title=\"\" href=\"https://www.cubatao.sp.leg.br/processo-legislativo/projetos-de-lei/arquivos/pl-2017/pl-50.pdf\" class=\"internal-link\" target=\"_self\">\u00a0<img src=\"https://www.cubatao.sp.leg.br/institucional/fotos/Leis.png/@@images/50f19765-9209-4c00-80de-1a5396782012.png\" alt=\"Leis.png\" class=\"image-inline\" title=\"Leis.png\" />\u00a0</a></p>\r\n</td>\r\n<td><b>Retirado pelo autor 07/06/2017</b></td>\r\n</tr>\r\n<tr>\r\n<td>1.028/<span>2017</span></td>\r\n<td style=\"text-align: center; \"><strong>ADEM\u00c1RIO SILVA OLIVEIRA</strong></td>\r\n<td style=\"text-align: center; \"><strong>PELOM 04</strong></td>\r\n<td><b>06/06/2017</b></td>\r\n<td><strong>D\u00c1 NOVA REDA\u00c7\u00c3O AOS DISPOSITIVOS QUE ESPECIFICA DA LOM E D\u00c1 OUTRAS PROVID\u00caNCIAS.</strong></td>\r\n<td><a class=\"external-link\" href=\"https://drive.google.com/file/d/0B9-QSnOSyaNZd3BheGtYNWU5YWM/view?usp=sharing\" target=\"_self\" title=\"\"><img src=\"https://www.cubatao.sp.leg.br/institucional/fotos/Leis.png/@@images/50f19765-9209-4c00-80de-1a5396782012.png\" alt=\"Leis.png\" class=\"image-inline\" title=\"Leis.png\" /></a></td>\r\n<td><b><a class=\"external-link\" href=\"http://http//consulta.siscam.com.br/camaracubatao/Normas/Exibir/10331\" target=\"_self\" title=\"\">EMENDA \u00c0 LEI ORG\u00c2NICA N\u00ba 27</a>\u00a0DE 04/07/2017</b></td>\r\n</tr>\r\n<tr>\r\n<td>1.029/<span>2017</span></td>\r\n<td style=\"text-align: center; \"><strong>ADEM\u00c1RIO SILVA OLIVEIRA</strong></td>\r\n<td style=\"text-align: center; \"><strong>PLC 051</strong></td>\r\n<td><b>06/06/2017</b></td>\r\n<td><a title=\"\" href=\"https://www.cubatao.sp.leg.br/processo-legislativo/projetos-de-lei/arquivos/pl-2017/plc-51.pdf\" class=\"internal-link\" target=\"_self\"><strong>ALTERA E REVOGA DISPOSITIVOS DAS LEIS QUE ESPECIFICA E D\u00c1 OUTRAS PROVID\u00caNCIAS.</strong></a></td>\r\n<td><a title=\"\" href=\"https://www.cubatao.sp.leg.br/processo-legislativo/projetos-de-lei/arquivos/pl-2017/plc-51.pdf\" class=\"internal-link\" target=\"_self\"><img src=\"https://www.cubatao.sp.leg.br/institucional/fotos/Leis.png/@@images/50f19765-9209-4c00-80de-1a5396782012.png\" alt=\"Leis.png\" class=\"image-inline\" title=\"Leis.png\" /></a></td>\r\n<td><b><a class=\"external-link\" href=\"http://consulta.siscam.com.br/camaracubatao/Normas/Exibir/10341\" target=\"_self\" title=\"\">LEI COMPLEMENTAR N\u00ba 90</a>\u00a0 DE 05/07/2017</b></td>\r\n</tr>\r\n<tr>\r\n<td>1.030/<span>2017</span></td>\r\n<td style=\"text-align: center; \"><strong>ADEM\u00c1RIO SILVA OLIVEIRA</strong></td>\r\n<td style=\"text-align: center; \"><strong>PLC 052</strong></td>\r\n<td><b>06/06/2017</b></td>\r\n<td><a title=\"\" href=\"https://www.cubatao.sp.leg.br/processo-legislativo/projetos-de-lei/arquivos/pl-2017/plc-52.pdf\" class=\"internal-link\" target=\"_self\"><strong>DISP\u00d5E SOBRE O REAJUSTE DO VENCIMENTO PADR\u00c3O DOS SERVIDORES P\u00daBLICOS DA ADMINISTRA\u00c7\u00c3O P\u00daBLICA DIRETA E DE SUAS AUTARQUIAS E D\u00c1 OUTRAS PROVID\u00caNCIAS.</strong></a></td>\r\n<td><a title=\"\" href=\"https://www.cubatao.sp.leg.br/processo-legislativo/projetos-de-lei/arquivos/pl-2017/plc-52.pdf\" class=\"internal-link\" target=\"_self\"><img src=\"https://www.cubatao.sp.leg.br/institucional/fotos/Leis.png/@@images/50f19765-9209-4c00-80de-1a5396782012.png\" alt=\"Leis.png\" class=\"image-inline\" title=\"Leis.png\" /></a></td>\r\n<td><b><a class=\"external-link\" href=\"http://consulta.siscam.com.br/camaracubatao/Normas/Exibir/10330\" target=\"_self\" title=\"\">LEI COMPLEMENTAR N\u00ba 89</a>\u00a0DE 21/06/2017</b></td>\r\n</tr>\r\n<tr>\r\n<td>1.090/<span>2017</span></td>\r\n<td style=\"text-align: center; \"><strong>F\u00e1bio Alves Moreira</strong></td>\r\n<td style=\"text-align: center; \"><strong>PELOM 05</strong></td>\r\n<td><b>09/06/2017</b></td>\r\n<td><a title=\"\" href=\"https://www.cubatao.sp.leg.br/processo-legislativo/projetos-de-lei/arquivos/pl-2017/pelom-05.pdf\" class=\"internal-link\" target=\"_self\"><strong>ALTERA DISPOSITIVOS DOS ARTIGOS 80, 81, 82, 83, 84 DA LEI ORG\u00c2NICA DO MUNIC\u00cdPIO E D\u00c1 OUTRAS PROVID\u00caNCIAS.</strong></a></td>\r\n<td><a title=\"\" href=\"https://www.cubatao.sp.leg.br/processo-legislativo/projetos-de-lei/arquivos/pl-2017/pelom-05.pdf\" class=\"internal-link\" target=\"_self\"><img src=\"https://www.cubatao.sp.leg.br/institucional/fotos/Leis.png/@@images/50f19765-9209-4c00-80de-1a5396782012.png\" alt=\"Leis.png\" class=\"image-inline\" title=\"Leis.png\" /></a></td>\r\n<td><b>Retirado pelo autor EM 02/10/2017</b></td>\r\n</tr>\r\n<tr>\r\n<td>1119/<span>2017</span></td>\r\n<td style=\"text-align: center; \"><b>MESA DA C\u00c2MARA</b></td>\r\n<td style=\"text-align: center; \"><strong>PL 053</strong></td>\r\n<td><b>14/06/2017</b></td>\r\n<td><a title=\"\" href=\"https://www.cubatao.sp.leg.br/processo-legislativo/projetos-de-lei/arquivos/pl-2017/pl-53.pdf\" class=\"internal-link\" target=\"_self\"><strong>DISP\u00d5E SOBRE O REAJUSTE DO VENCIMENTO PADR\u00c3O DOS SERVIDORES P\u00daBLICOS DA C\u00c2MARA MUNICIPAL DE\u00a0\u00a0 \u00a0CUBAT\u00c3O E D\u00c1 OUTRAS PROVID\u00caNCIAS.</strong></a></td>\r\n<td><a title=\"\" href=\"https://www.cubatao.sp.leg.br/processo-legislativo/projetos-de-lei/arquivos/pl-2017/pl-53.pdf\" class=\"internal-link\" target=\"_self\"><img src=\"https://www.cubatao.sp.leg.br/institucional/fotos/Leis.png/@@images/50f19765-9209-4c00-80de-1a5396782012.png\" alt=\"Leis.png\" class=\"image-inline\" title=\"Leis.png\" /></a></td>\r\n<td><a class=\"external-link\" href=\"http://http//consulta.siscam.com.br/camaracubatao/Normas/Exibir/10329\" target=\"_self\" title=\"\"><b>LEI N\u00ba 3.827</b></a></td>\r\n</tr>\r\n<tr>\r\n<td>1.100/<span>2017</span></td>\r\n<td style=\"text-align: center; \"><strong>Aguinaldo Alves de Ara\u00fajo</strong></td>\r\n<td style=\"text-align: center; \"><strong>PDL 03</strong></td>\r\n<td><b>14/06/2017</b></td>\r\n<td><a title=\"\" href=\"https://www.cubatao.sp.leg.br/processo-legislativo/projetos-de-lei/arquivos/pl-2017/pdl-03.pdf\" class=\"internal-link\" target=\"_self\"><strong><span>CRIA O PR\u00caMIO DE RECONHECIMENTO HUMANIT\u00c1RIO \u201cAMOR POR DOWN\u201d E D\u00c1 OUTRAS PROVID\u00caNCIAS</span>.</strong></a></td>\r\n<td><a title=\"\" href=\"https://www.cubatao.sp.leg.br/processo-legislativo/projetos-de-lei/arquivos/pl-2017/pdl-03.pdf\" class=\"internal-link\" target=\"_self\"><img src=\"https://www.cubatao.sp.leg.br/institucional/fotos/Leis.png/@@images/50f19765-9209-4c00-80de-1a5396782012.png\" alt=\"Leis.png\" class=\"image-inline\" title=\"Leis.png\" /></a></td>\r\n<td><strong>DECRETO LEGISLATIVO N\u00ba 146 DE 27 DE FEVEREIRO DE 2018</strong></td>\r\n</tr>\r\n<tr>\r\n<td>1.119/<span>2017</span></td>\r\n<td style=\"text-align: center; \"><strong>MESA DA C\u00c2MARA</strong></td>\r\n<td style=\"text-align: center; \"><strong>PL 53</strong></td>\r\n<td><b>14/06/2017</b></td>\r\n<td><b><a title=\"\" href=\"https://www.cubatao.sp.leg.br/processo-legislativo/projetos-de-lei/arquivos/pl-2017/PL532.pdf\" class=\"internal-link\" target=\"_self\">DISP\u00d5E SOBRE O REAJUSTE DO VENCIMENTO PADR\u00c3O DOS SERVIDORES P\u00daBLICOS DA C\u00c2MARA MUNICIPAL DE CUBAT\u00c3O E D\u00c1 OUTRAS PROVID\u00caNCIAS.</a></b></td>\r\n<td><a title=\"\" href=\"https://www.cubatao.sp.leg.br/processo-legislativo/projetos-de-lei/arquivos/pl-2017/pdl-03.pdf\" class=\"internal-link\" target=\"_self\"><img src=\"https://www.cubatao.sp.leg.br/institucional/fotos/Leis.png/@@images/50f19765-9209-4c00-80de-1a5396782012.png\" alt=\"Leis.png\" class=\"image-inline\" title=\"Leis.png\" /></a></td>\r\n<td><strong><a class=\"external-link\" href=\"http://http//consulta.siscam.com.br/camaracubatao/Normas/Exibir/10329\" target=\"_self\" title=\"\">LEI N\u00ba 3.827 26/06/2017</a></strong></td>\r\n</tr>\r\n<tr>\r\n<td>1.221/<span>2017</span></td>\r\n<td style=\"text-align: center; \"><strong>Ivan da Silva</strong></td>\r\n<td style=\"text-align: center; \"><strong>PELOM 06</strong></td>\r\n<td><b>22/06/2017</b></td>\r\n<td><a title=\"\" href=\"https://www.cubatao.sp.leg.br/processo-legislativo/projetos-de-lei/arquivos/pl-2017/pelom-06.pdf\" class=\"internal-link\" target=\"_self\"><strong><span>CRIA PAR\u00c1GRAFO \u00daNICO DO ARTIGO 211 DA LEI ORG\u00c2NICA MUNICIPAL E D\u00c1 OUTRAS PROVID\u00caNCIAS</span>.</strong></a></td>\r\n<td><a title=\"\" href=\"https://www.cubatao.sp.leg.br/processo-legislativo/projetos-de-lei/arquivos/pl-2017/pelom-06.pdf\" class=\"internal-link\" target=\"_self\"><img src=\"https://www.cubatao.sp.leg.br/institucional/fotos/Leis.png/@@images/50f19765-9209-4c00-80de-1a5396782012.png\" alt=\"Leis.png\" class=\"image-inline\" title=\"Leis.png\" /></a></td>\r\n<td><strong><a class=\"external-link\" href=\"http://http//consulta.siscam.com.br/camaracubatao/Normas/Exibir/10363\" target=\"_self\" title=\"\">EMENDA \u00c0 LEI ORG\u00c2NICA N\u00ba 28 08/08/2017</a></strong></td>\r\n</tr>\r\n<tr>\r\n<td>1.222/<span>2017</span></td>\r\n<td style=\"text-align: center; \"><strong>Ivan da Silva</strong></td>\r\n<td style=\"text-align: center; \"><strong>PL 054</strong></td>\r\n<td><b>22/06/2017</b></td>\r\n<td><a title=\"\" href=\"https://www.cubatao.sp.leg.br/processo-legislativo/projetos-de-lei/arquivos/pl-2017/pl-54.pdf\" class=\"internal-link\" target=\"_self\"><strong><span>DISP\u00d5E SOBRE A OBRIGATORIEDADE DOS EXAMES BIOM\u00c9TRICOS DE VISTA, AUDIOMETRIA, DIAGN\u00d3STICO DE OBESIDADE E DE CAPACIDADE F\u00cdSICA NAS ESCOLAS DO MUNIC\u00cdPIO DE CUBAT\u00c3O E D\u00c1 OUTRAS PROVID\u00caNCIAS</span>.</strong></a></td>\r\n<td><a title=\"\" href=\"https://www.cubatao.sp.leg.br/processo-legislativo/projetos-de-lei/arquivos/pl-2017/pl-54.pdf\" class=\"internal-link\" target=\"_self\"><img src=\"https://www.cubatao.sp.leg.br/institucional/fotos/Leis.png/@@images/50f19765-9209-4c00-80de-1a5396782012.png\" alt=\"Leis.png\" class=\"image-inline\" title=\"Leis.png\" /></a></td>\r\n<td><strong>RETIRADO PELO AUTOR EM 14/12/2017</strong></td>\r\n</tr>\r\n<tr>\r\n<td>1.226/<span>2017</span></td>\r\n<td style=\"text-align: center; \"><strong><em>Anderson de Lana Andrade</em></strong></td>\r\n<td style=\"text-align: center; \"><strong>PL 055</strong></td>\r\n<td><b>26/06/2017</b></td>\r\n<td><a title=\"\" href=\"https://www.cubatao.sp.leg.br/processo-legislativo/projetos-de-lei/arquivos/pl-2017/pl-55.pdf\" class=\"internal-link\" target=\"_self\"><strong>\u00a0<span>DISP\u00d5E SOBRE O CONTROLE DE NATALIDADE DE C\u00c3ES E GATOS E\u00a0</span> D\u00c1 OUTRAS PROVID\u00caNCIAS.</strong></a></td>\r\n<td><a title=\"\" href=\"https://www.cubatao.sp.leg.br/processo-legislativo/projetos-de-lei/arquivos/pl-2017/pl-55.pdf\" class=\"internal-link\" target=\"_self\"><img src=\"https://www.cubatao.sp.leg.br/institucional/fotos/Leis.png/@@images/50f19765-9209-4c00-80de-1a5396782012.png\" alt=\"Leis.png\" class=\"image-inline\" title=\"Leis.png\" /></a></td>\r\n<td><b><b>Retirado pelo autor 24/07/2017</b></b></td>\r\n</tr>\r\n<tr>\r\n<td><b>1.235</b>/<span>2017</span></td>\r\n<td style=\"text-align: center; \"><strong>ADEM\u00c1RIO SILVA OLIVEIRA</strong></td>\r\n<td style=\"text-align: center; \"><strong>PL 056</strong></td>\r\n<td><b>27/06/2017</b></td>\r\n<td><a title=\"\" href=\"https://www.cubatao.sp.leg.br/processo-legislativo/projetos-de-lei/arquivos/pl-2017/pl-56.pdf\" class=\"internal-link\" target=\"_self\"><strong>AUTORIZA O PODER EXECUTIVO A PRORROGAR O \u201cBOLSA MORADIA\u201d, INSTITUIDO PELA LEI N\u00ba 3.610, DE 16 DE OUTUBRO DE 2013, \u00c0S FAM\u00cdLIAS ATINGIDAS PELAS INUNDA\u00c7\u00d5ES ORIUNDAS DO TRANSBORDAMENTO DO RIO PIL\u00d5ES, E D\u00c1 OUTRAS PROVID\u00caNCIAS.</strong></a></td>\r\n<td><a title=\"\" href=\"https://www.cubatao.sp.leg.br/processo-legislativo/projetos-de-lei/arquivos/pl-2017/pl-56.pdf\" class=\"internal-link\" target=\"_self\"><img src=\"https://www.cubatao.sp.leg.br/institucional/fotos/Leis.png/@@images/50f19765-9209-4c00-80de-1a5396782012.png\" alt=\"Leis.png\" class=\"image-inline\" title=\"Leis.png\" /></a></td>\r\n<td><b><a class=\"external-link\" href=\"http://http//consulta.siscam.com.br/camaracubatao/Normas/Exibir/10332\" target=\"_self\" title=\"\">LEI N\u00ba 3.828</a>\u00a0DE 06/07/2017</b></td>\r\n</tr>\r\n<tr>\r\n<td><b>1236</b>/<span>2017</span></td>\r\n<td style=\"text-align: center; \">Joemerson Alves de Souza</td>\r\n<td style=\"text-align: center; \"><strong>PL 057</strong></td>\r\n<td><b>27/06/2017</b></td>\r\n<td><a title=\"\" href=\"https://www.cubatao.sp.leg.br/processo-legislativo/projetos-de-lei/arquivos/pl-2017/pl-57.pdf\" class=\"internal-link\" target=\"_self\"><strong>DISP\u00d5E SOBRE A INSTITUI\u00c7\u00c3O DE BIBLIOTECAS NO INTERIOR DE \u00d4NIBUS INTEGRANTE DO SISTEMA DE TRANSPORTE COLETIVO URBANO DA CIDADE DE CUBAT\u00c3O.</strong></a></td>\r\n<td><a title=\"\" href=\"https://www.cubatao.sp.leg.br/processo-legislativo/projetos-de-lei/arquivos/pl-2017/pl-57.pdf\" class=\"internal-link\" target=\"_self\"><img src=\"https://www.cubatao.sp.leg.br/institucional/fotos/Leis.png/@@images/50f19765-9209-4c00-80de-1a5396782012.png\" alt=\"Leis.png\" class=\"image-inline\" title=\"Leis.png\" /></a></td>\r\n<td><b>Retirado pelo autor EM 29/06/2017</b></td>\r\n</tr>\r\n<tr>\r\n<td>1.243/<span>2017</span></td>\r\n<td style=\"text-align: center; \"><strong>ADEM\u00c1RIO SILVA OLIVEIRA</strong></td>\r\n<td style=\"text-align: center; \"><strong>PL 058</strong></td>\r\n<td><b>29/06/2017</b></td>\r\n<td><a title=\"\" href=\"https://www.cubatao.sp.leg.br/processo-legislativo/projetos-de-lei/arquivos/pl-2017/pl-58.pdf\" class=\"internal-link\" target=\"_self\"><strong>AUTORIZA O PODER P\u00daBLICO A CELEBRAR CONTRATO DE CONCESS\u00c3O DE DIREITO REAL DE USO DO PR\u00d3PRIO P\u00daBLICO QUE ESPECIFICA E D\u00c1 OUTRAS PROVID\u00caNCIAS.</strong></a></td>\r\n<td><a title=\"\" href=\"https://www.cubatao.sp.leg.br/processo-legislativo/projetos-de-lei/arquivos/pl-2017/pl-58.pdf\" class=\"internal-link\" target=\"_self\"><img src=\"https://www.cubatao.sp.leg.br/institucional/fotos/Leis.png/@@images/50f19765-9209-4c00-80de-1a5396782012.png\" alt=\"Leis.png\" class=\"image-inline\" title=\"Leis.png\" /></a></td>\r\n<td><b><a class=\"external-link\" href=\"http://http//consulta.siscam.com.br/camaracubatao/Normas/Exibir/10338\" target=\"_self\" title=\"\">LEI N\u00ba 3.832</a>\u00a0DE 14/07/2017</b></td>\r\n</tr>\r\n<tr>\r\n<td>1.244/<span>2017</span></td>\r\n<td style=\"text-align: center; \"><strong>ADEM\u00c1RIO SILVA OLIVEIRA</strong></td>\r\n<td style=\"text-align: center; \"><strong>PL 059</strong></td>\r\n<td><b>29/06/2017</b></td>\r\n<td><a title=\"\" href=\"https://www.cubatao.sp.leg.br/processo-legislativo/projetos-de-lei/arquivos/pl-2017/pl-59.pdf\" class=\"internal-link\" target=\"_self\"><strong>AUTORIZA O PODER P\u00daBLICO A DAR NOVA DESTINA\u00c7\u00c3O DE BEM P\u00daBLICO E A CELEBRAR CONTRATO DE CONCESS\u00c3O DE DIREITO REAL DE USO DO PR\u00d3PRIO P\u00daBLICO QUE ESPECIFICA E D\u00c1 OUTRAS PROVID\u00caNCIAS.</strong></a></td>\r\n<td><a title=\"\" href=\"https://www.cubatao.sp.leg.br/processo-legislativo/projetos-de-lei/arquivos/pl-2017/pl-59.pdf\" class=\"internal-link\" target=\"_self\"><img src=\"https://www.cubatao.sp.leg.br/institucional/fotos/Leis.png/@@images/50f19765-9209-4c00-80de-1a5396782012.png\" alt=\"Leis.png\" class=\"image-inline\" title=\"Leis.png\" /></a></td>\r\n<td><b><a class=\"external-link\" href=\"http://http//consulta.siscam.com.br/camaracubatao/Normas/Exibir/10339\" target=\"_self\" title=\"\">LEI N\u00ba 3.833</a>\u00a0DE 14/07/2017</b></td>\r\n</tr>\r\n<tr>\r\n<td>1245/<span>2017</span></td>\r\n<td style=\"text-align: center; \"><strong>ADEM\u00c1RIO SILVA OLIVEIRA</strong></td>\r\n<td style=\"text-align: center; \"><strong>PL 060</strong></td>\r\n<td><b>29/06/2017</b></td>\r\n<td><a title=\"\" href=\"https://www.cubatao.sp.leg.br/processo-legislativo/projetos-de-lei/arquivos/pl-2017/pl-60.pdf\" class=\"internal-link\" target=\"_self\"><strong>REVOGA O PAR\u00c1GRAFO \u00daNICO DO ARTIGO 1\u00b0 DA LEI N\u00b0 3.777, DE 12 DE JANEIRO DE 2016, QUE DISP\u00d5E SOBRE A GEST\u00c3O, O FUNCIONAMENTO E O FINANCIAMENTO DO PRONTO SOCORRO CENTRAL GUIOMAR FERREIRA ROEBELLEN, DO MUNIC\u00cdPIO DE CUBAT\u00c3O, E D\u00c1 OUTRAS PROVID\u00caNCIAS.</strong></a></td>\r\n<td><a title=\"\" href=\"https://www.cubatao.sp.leg.br/processo-legislativo/projetos-de-lei/arquivos/pl-2017/pl-60.pdf\" class=\"internal-link\" target=\"_self\"><img src=\"https://www.cubatao.sp.leg.br/institucional/fotos/Leis.png/@@images/50f19765-9209-4c00-80de-1a5396782012.png\" alt=\"Leis.png\" class=\"image-inline\" title=\"Leis.png\" /></a></td>\r\n<td><b><a class=\"external-link\" href=\"http://http//consulta.siscam.com.br/camaracubatao/Normas/Exibir/10340\" target=\"_self\" title=\"\">LEI N\u00ba 3.835</a>\u00a0DE 14/07/2017</b></td>\r\n</tr>\r\n<tr>\r\n<td>1246/<span>2017</span></td>\r\n<td style=\"text-align: center; \"><strong>ADEM\u00c1RIO SILVA OLIVEIRA</strong></td>\r\n<td style=\"text-align: center; \"><strong>PLC 061</strong></td>\r\n<td><b>29/06/2017</b></td>\r\n<td><a title=\"\" href=\"https://www.cubatao.sp.leg.br/processo-legislativo/projetos-de-lei/arquivos/pl-2017/plc-61.pdf\" class=\"internal-link\" target=\"_self\"><strong>INSTITUI O PROGRAMA DE RECUPERA\u00c7\u00c3O FISCAL \u2013 REFIS, NO MUNIC\u00cdPIO DE CUBAT\u00c3O E D\u00c1 OUTRAS PROVID\u00caNCIAS.</strong></a></td>\r\n<td><a title=\"\" href=\"https://www.cubatao.sp.leg.br/processo-legislativo/projetos-de-lei/arquivos/pl-2017/plc-61.pdf\" class=\"internal-link\" target=\"_self\"><img src=\"https://www.cubatao.sp.leg.br/institucional/fotos/Leis.png/@@images/50f19765-9209-4c00-80de-1a5396782012.png\" alt=\"Leis.png\" class=\"image-inline\" title=\"Leis.png\" /></a></td>\r\n<td><b><a class=\"external-link\" href=\"http://http//consulta.siscam.com.br/camaracubatao/Normas/Exibir/10342\" target=\"_self\" title=\"\">LEI COMPLEMENTAR N\u00ba 91</a>\u00a0DE 06/07/2017</b></td>\r\n</tr>\r\n<tr>\r\n<td>1.250/<span>2017</span></td>\r\n<td style=\"text-align: center; \"><strong>ADEM\u00c1RIO SILVA OLIVEIRA</strong></td>\r\n<td style=\"text-align: center; \"><strong>PL 062</strong></td>\r\n<td><b>30/06/2017</b></td>\r\n<td><a title=\"\" href=\"https://www.cubatao.sp.leg.br/processo-legislativo/projetos-de-lei/arquivos/pl-2017/pl-62.pdf\" class=\"internal-link\" target=\"_self\"><strong>AUTORIZA O PODER EXECUTIVO A CONCEDER AUX\u00cdLIO FINANCEIRO AO 2 SUBGRUPAMENTO DO 6\u00ba GRUPAMENTO DE BOMBEIROS DO ESTADO DE S\u00c3O PAULO, MUNICIPIO DE CUBAT\u00c3O, BEM ASSIM, ABRIR CR\u00c9DITO ESPECIAL NA IMPORT\u00c2NCIA DE R$ 48.00,00 (QUARENTA E OITO MIL REAIS), E D\u00c1 OUTRAS PROVID\u00caNCIAS.</strong></a></td>\r\n<td><a title=\"\" href=\"https://www.cubatao.sp.leg.br/processo-legislativo/projetos-de-lei/arquivos/pl-2017/pl-62.pdf\" class=\"internal-link\" target=\"_self\"><img src=\"https://www.cubatao.sp.leg.br/institucional/fotos/Leis.png/@@images/50f19765-9209-4c00-80de-1a5396782012.png\" alt=\"Leis.png\" class=\"image-inline\" title=\"Leis.png\" /></a></td>\r\n<td><b><a class=\"external-link\" href=\"http://http//consulta.siscam.com.br/camaracubatao/Normas/Exibir/10334\" target=\"_self\" title=\"\">LEI N\u00ba 3.830</a>\u00a0DE 06/07/2017</b></td>\r\n</tr>\r\n<tr>\r\n<td>1.265/<span>2017</span></td>\r\n<td style=\"text-align: center; \"><strong>ADEM\u00c1RIO SILVA OLIVEIRA</strong></td>\r\n<td style=\"text-align: center; \"><strong>PL 063</strong></td>\r\n<td><b>04/07/2017</b></td>\r\n<td><a title=\"\" href=\"https://www.cubatao.sp.leg.br/processo-legislativo/projetos-de-lei/arquivos/pl-2017/pl-63.pdf\" class=\"internal-link\" target=\"_self\"><strong>ALTERA E REVOGA DISPOSITIVOS DA LEI N\u00ba 3.601, DE 10 DE SETEMBRO DE 2013, QUE DISP\u00d5E SOBRE A COMPOSI\u00c7\u00c3O, ESTRUTURA\u00c7\u00c3O, COMPET\u00caNCIAS E FUNCIONAMENTO DO CONSELHO MUNCIPAL DE MEIO AMBIENTE \u2013 COMDEMA, E D\u00c1 OUTRAS PROVID\u00caNCIAS.</strong></a></td>\r\n<td><a title=\"\" href=\"https://www.cubatao.sp.leg.br/processo-legislativo/projetos-de-lei/arquivos/pl-2017/pl-63.pdf\" class=\"internal-link\" target=\"_self\"><img src=\"https://www.cubatao.sp.leg.br/institucional/fotos/Leis.png/@@images/50f19765-9209-4c00-80de-1a5396782012.png\" alt=\"Leis.png\" class=\"image-inline\" title=\"Leis.png\" /></a></td>\r\n<td><b>LEI N\u00ba 3.838 DE 25/08/2017</b></td>\r\n</tr>\r\n<tr>\r\n<td>1.268/<span>2017</span></td>\r\n<td style=\"text-align: center; \"><strong>ADEM\u00c1RIO SILVA OLIVEIRA</strong></td>\r\n<td style=\"text-align: center; \"><strong>PL 064</strong></td>\r\n<td><b>05/07/2017</b></td>\r\n<td><a title=\"\" href=\"https://www.cubatao.sp.leg.br/processo-legislativo/projetos-de-lei/arquivos/pl-2017/pl-64.pdf\" class=\"internal-link\" target=\"_self\"><strong>AUTORIZA O PODER EXECUTIVO A FORNECER \u201cAUX\u00cdLIO MORADIA\u201d \u00c0S FAM\u00cdLIAS DA \u00c1REA DENOMINADA \u201cMANTIQUEIRA\u201d E D\u00c1 OUTRAS PROVID\u00caNCIAS.</strong></a></td>\r\n<td><a title=\"\" href=\"https://www.cubatao.sp.leg.br/processo-legislativo/projetos-de-lei/arquivos/pl-2017/pl-64.pdf\" class=\"internal-link\" target=\"_self\"><img src=\"https://www.cubatao.sp.leg.br/institucional/fotos/Leis.png/@@images/50f19765-9209-4c00-80de-1a5396782012.png\" alt=\"Leis.png\" class=\"image-inline\" title=\"Leis.png\" /></a></td>\r\n<td><b><a class=\"external-link\" href=\"http://http//consulta.siscam.com.br/camaracubatao/Normas/Exibir/1226\" target=\"_self\" title=\"\">LEI N\u00ba 3.834</a>\u00a0DE 14/07/2017</b></td>\r\n</tr>\r\n<tr>\r\n<td>1.402/<span>2017</span></td>\r\n<td style=\"text-align: center; \"><strong>Anderson de Lana Andrade</strong></td>\r\n<td style=\"text-align: center; \"><strong>PL 065</strong></td>\r\n<td><b>18/07/2017</b></td>\r\n<td><a title=\"\" href=\"https://www.cubatao.sp.leg.br/processo-legislativo/projetos-de-lei/arquivos/pl-2017/pl-65.pdf\" class=\"internal-link\" target=\"_self\"><strong>PRO\u00cdBE A UTILIZA\u00c7\u00c3O DE C\u00c3ES POR EMPRESAS DE SEGURAN\u00c7A PATRIMONIAL PRIVADA E DE VIGIL\u00c2NCIA, PARA FINS DE GUARDA, NO \u00c2MBITO DO MUNIC\u00cdPIO DE CUBAT\u00c3O, E D\u00c1 OUTRAS PROVID\u00caNCIAS.</strong></a></td>\r\n<td><a title=\"\" href=\"https://www.cubatao.sp.leg.br/processo-legislativo/projetos-de-lei/arquivos/pl-2017/pl-65.pdf\" class=\"internal-link\" target=\"_self\"><img src=\"https://www.cubatao.sp.leg.br/institucional/fotos/Leis.png/@@images/50f19765-9209-4c00-80de-1a5396782012.png\" alt=\"Leis.png\" class=\"image-inline\" title=\"Leis.png\" /></a></td>\r\n<td><strong>ASSESSORIA JUR\u00cdDICA EM 24/07/2017</strong></td>\r\n</tr>\r\n<tr>\r\n<td>1.408/<span>2017</span></td>\r\n<td style=\"text-align: center; \"><strong>\u00c9rika Ver\u00e7osa Albuquerque de Almeida Nunes</strong></td>\r\n<td style=\"text-align: center; \"><strong>PL 066</strong></td>\r\n<td><b>19/07/2017</b></td>\r\n<td><strong><a title=\"\" href=\"https://www.cubatao.sp.leg.br/processo-legislativo/projetos-de-lei/arquivos/pl-2017/PL662.pdf\" class=\"internal-link\" target=\"_self\">DECLARA DE UTILIDADE P\u00daBLICA A ENTIDADE QUE MENCIONA E D\u00c1 OUTRAS PROVID\u00caNCIAS.</a></strong></td>\r\n<td><a title=\"\" href=\"https://www.cubatao.sp.leg.br/processo-legislativo/projetos-de-lei/arquivos/pl-2017/PL66.pdf\" class=\"internal-link\" target=\"_self\"><img src=\"https://www.cubatao.sp.leg.br/institucional/fotos/Leis.png/@@images/50f19765-9209-4c00-80de-1a5396782012.png\" alt=\"Leis.png\" class=\"image-inline\" title=\"Leis.png\" /></a></td>\r\n<td><strong>LEI N\u00ba 3.853 DE 18/10/2017</strong></td>\r\n</tr>\r\n<tr>\r\n<td>1.417/<span>2017</span></td>\r\n<td style=\"text-align: center; \"><strong>Rodrigo Ramos Soares</strong></td>\r\n<td style=\"text-align: center; \"><strong>PL 067</strong></td>\r\n<td><b>25/07/2017</b></td>\r\n<td><a title=\"\" href=\"https://www.cubatao.sp.leg.br/processo-legislativo/projetos-de-lei/arquivos/pl-2017/pl-67.pdf\" class=\"internal-link\" target=\"_self\"><strong>INSTITUI O PROGRAMA VIGIL\u00c2NCIA AMIGA NAS RESID\u00caNCIAS, EMPRESAS, COM\u00c9RCIOS E D\u00c1 OUTRAS PROVID\u00caNCIAS.</strong></a></td>\r\n<td><a title=\"\" href=\"https://www.cubatao.sp.leg.br/processo-legislativo/projetos-de-lei/arquivos/pl-2017/pl-67.pdf\" class=\"internal-link\" target=\"_self\"><img src=\"https://www.cubatao.sp.leg.br/institucional/fotos/Leis.png/@@images/50f19765-9209-4c00-80de-1a5396782012.png\" alt=\"Leis.png\" class=\"image-inline\" title=\"Leis.png\" /></a></td>\r\n<td><strong><a class=\"external-link\" href=\"https://www.legislacaodigital.com.br/Cubatao-SP/LeisOrdinarias/3887\" target=\"_self\" title=\"\">LEI N\u00ba 3.887 DE 14/03/2018</a></strong></td>\r\n</tr>\r\n<tr>\r\n<td>1.420/<span>2017</span></td>\r\n<td style=\"text-align: center; \"><strong>Rodrigo Ramos Soares</strong></td>\r\n<td style=\"text-align: center; \"><strong>PL 068</strong></td>\r\n<td><b>25/07/2017</b></td>\r\n<td><a title=\"\" href=\"https://www.cubatao.sp.leg.br/processo-legislativo/projetos-de-lei/arquivos/pl-2017/pl-68.pdf\" class=\"internal-link\" target=\"_self\"><strong>DISP\u00d5E SOBRE A CONTAGEM DE PRAZOS NO PER\u00cdODO DENOMINADO DE F\u00c9RIAS FORENSES NO \u00c2MBITO ADMINISTRATIVO MUNICIPAL.</strong></a></td>\r\n<td><a title=\"\" href=\"https://www.cubatao.sp.leg.br/processo-legislativo/projetos-de-lei/arquivos/pl-2017/pl-68.pdf\" class=\"internal-link\" target=\"_self\"><img src=\"https://www.cubatao.sp.leg.br/institucional/fotos/Leis.png/@@images/50f19765-9209-4c00-80de-1a5396782012.png\" alt=\"Leis.png\" class=\"image-inline\" title=\"Leis.png\" /></a></td>\r\n<td><b>Retirado pelo autor EM 12/09/2017</b></td>\r\n</tr>\r\n<tr>\r\n<td>1.498/<span>2017</span></td>\r\n<td style=\"text-align: center; \"><strong>Marcio Silva Nascimento</strong></td>\r\n<td style=\"text-align: center; \"><strong>PL 069</strong></td>\r\n<td><b>01/08/2017</b></td>\r\n<td><a title=\"\" href=\"https://www.cubatao.sp.leg.br/processo-legislativo/projetos-de-lei/arquivos/pl-2017/pl-69.pdf\" class=\"internal-link\" target=\"_self\"><strong>DECLARA DE UTILIDADE P\u00daBLICA A ENTIDADE QUE MENCIONA E D\u00c1 OUTRAS PROVID\u00caNCIAS.</strong></a></td>\r\n<td><a title=\"\" href=\"https://www.cubatao.sp.leg.br/processo-legislativo/projetos-de-lei/arquivos/pl-2017/pl-69.pdf\" class=\"internal-link\" target=\"_self\"><img src=\"https://www.cubatao.sp.leg.br/institucional/fotos/Leis.png/@@images/50f19765-9209-4c00-80de-1a5396782012.png\" alt=\"Leis.png\" class=\"image-inline\" title=\"Leis.png\" /></a></td>\r\n<td><b>LEI N\u00ba 3.873 DE 20/12/2.017</b></td>\r\n</tr>\r\n<tr>\r\n<td>1.540/<span>2017</span></td>\r\n<td style=\"text-align: center; \"><strong>Aguinaldo Alves de Araujo</strong></td>\r\n<td style=\"text-align: center; \"><strong>PL 070</strong></td>\r\n<td><b>04/08/2017</b></td>\r\n<td><a title=\"\" href=\"https://www.cubatao.sp.leg.br/processo-legislativo/projetos-de-lei/arquivos/pl-2017/pl-70.pdf\" class=\"internal-link\" target=\"_self\"><strong>INSTITUI O PROGRAMA \u201cENVELHECIMENTO SAUD\u00c1VEL E ATIVO\u201d, E D\u00c1 OUTRAS PROVID\u00caNCIAS.</strong></a></td>\r\n<td><a title=\"\" href=\"https://www.cubatao.sp.leg.br/processo-legislativo/projetos-de-lei/arquivos/pl-2017/pl-70.pdf\" class=\"internal-link\" target=\"_self\"><img src=\"https://www.cubatao.sp.leg.br/institucional/fotos/Leis.png/@@images/50f19765-9209-4c00-80de-1a5396782012.png\" alt=\"Leis.png\" class=\"image-inline\" title=\"Leis.png\" /></a></td>\r\n<td><strong>LEI N\u00ba 3.857 DE 28/11/2017</strong></td>\r\n</tr>\r\n<tr>\r\n<td>1.551/<span>2017</span></td>\r\n<td style=\"text-align: center; \"><strong>Ivan da Silva</strong></td>\r\n<td style=\"text-align: center; \"><strong>PL 071</strong></td>\r\n<td><b>07/08/2017</b></td>\r\n<td><a title=\"\" href=\"https://www.cubatao.sp.leg.br/processo-legislativo/projetos-de-lei/arquivos/pl-2017/pl-71.pdf\" class=\"internal-link\" target=\"_self\"><strong>OBRIGA OS ESTABELECIMENTOS P\u00daBLICOS E PRIVADOS DO MUNIC\u00cdPIO DE CUBAT\u00c3O A INSERIR NAS PLACAS DE ATENDIMENTO PRIORIT\u00c1RIO O S\u00cdMBOLO MUNDIAL DO TRANSTORNO DO ESPECTRO AUTISTA, E D\u00c1 OUTRAS PROVID\u00caNCIAS.</strong></a></td>\r\n<td><a title=\"\" href=\"https://www.cubatao.sp.leg.br/processo-legislativo/projetos-de-lei/arquivos/pl-2017/pl-71.pdf\" class=\"internal-link\" target=\"_self\"><img src=\"https://www.cubatao.sp.leg.br/institucional/fotos/Leis.png/@@images/50f19765-9209-4c00-80de-1a5396782012.png\" alt=\"Leis.png\" class=\"image-inline\" title=\"Leis.png\" /></a></td>\r\n<td><strong><a class=\"external-link\" href=\"https://www.legislacaodigital.com.br/Cubatao-SP/LeisOrdinarias/3886\" target=\"_self\" title=\"\">LEI N\u00ba 3.886 DE 14/03/2018</a></strong></td>\r\n</tr>\r\n<tr>\r\n<td>1.632/<span>2017</span></td>\r\n<td style=\"text-align: center; \"><strong>Rodrigo Ramos Soares</strong></td>\r\n<td style=\"text-align: center; \"><strong>PL 072</strong></td>\r\n<td><b>17/08/2017</b></td>\r\n<td><a title=\"\" href=\"https://www.cubatao.sp.leg.br/processo-legislativo/projetos-de-lei/arquivos/pl-2017/pl-72.pdf\" class=\"internal-link\" target=\"_self\"><strong>INSTITUI NO CALEND\u00c1RIO OFICIAL DO MUNIC\u00cdPIO DE CUBAT\u00c3O, O \u201cDIA DO(A) ADVOGADO(A)\u201d E D\u00c1 OUTRAS PROVID\u00caNCIAS.</strong></a></td>\r\n<td><a title=\"\" href=\"https://www.cubatao.sp.leg.br/processo-legislativo/projetos-de-lei/arquivos/pl-2017/pl-72.pdf\" class=\"internal-link\" target=\"_self\"><img src=\"https://www.cubatao.sp.leg.br/institucional/fotos/Leis.png/@@images/50f19765-9209-4c00-80de-1a5396782012.png\" alt=\"Leis.png\" class=\"image-inline\" title=\"Leis.png\" /></a></td>\r\n<td><a class=\"external-link\" href=\"http://consulta.siscam.com.br/camaracubatao/Normas/Exibir/10378\" target=\"_self\" title=\"\">LEI N\u00ba 3.850</a>\u00a0DE 11/10/2017</td>\r\n</tr>\r\n<tr>\r\n<td>1.641/<span>2017</span></td>\r\n<td style=\"text-align: center; \"><strong>ADEM\u00c1RIO SILVA OLIVEIRA</strong></td>\r\n<td style=\"text-align: center; \"><strong>PL 073</strong></td>\r\n<td><b>17/08/2017</b></td>\r\n<td><a title=\"\" href=\"https://www.cubatao.sp.leg.br/processo-legislativo/projetos-de-lei/arquivos/pl-2017/pl-73.pdf\" class=\"internal-link\" target=\"_self\"><strong>ALTERA E ACRESCENTA DISPOSITIVOS NA LEI N\u00b0 2.333, DE 18 DE DEZEMBRO DE 1995, E ALTERA\u00c7\u00d5ES POSTERIORES, QUE CRIA O CONSELHO MUNICIPAL DO IDOSO, E D\u00c1 OUTRAS PROVID\u00caNCIAS.</strong></a></td>\r\n<td><a title=\"\" href=\"https://www.cubatao.sp.leg.br/processo-legislativo/projetos-de-lei/arquivos/pl-2017/pl-73.pdf\" class=\"internal-link\" target=\"_self\"><img src=\"https://www.cubatao.sp.leg.br/institucional/fotos/Leis.png/@@images/50f19765-9209-4c00-80de-1a5396782012.png\" alt=\"Leis.png\" class=\"image-inline\" title=\"Leis.png\" /></a></td>\r\n<td><strong><a class=\"external-link\" href=\"http://consulta.siscam.com.br/camaracubatao/Normas/Exibir/10373\" target=\"_self\" title=\"\">LEI N\u00ba 3.845</a>\u00a0DE 21/09/2017</strong></td>\r\n</tr>\r\n<tr>\r\n<td>1642/<span>2017</span></td>\r\n<td style=\"text-align: center; \"><strong>ADEM\u00c1RIO SILVA OLIVEIRA</strong></td>\r\n<td style=\"text-align: center; \"><strong>PL 074</strong></td>\r\n<td><b>17/08/2017</b></td>\r\n<td><a title=\"\" href=\"https://www.cubatao.sp.leg.br/processo-legislativo/projetos-de-lei/arquivos/pl-2017/pl-74.pdf\" class=\"internal-link\" target=\"_self\"><strong>PERMITE \u00c0 COMPANHIA MUNICIPAL DE TR\u00c2NSITO \u2013 CMT A UTILIZA\u00c7\u00c3O DE \u00c1REA DO MUNIC\u00cdPIO PARA FUNCIONAMENTO DO P\u00c1TIO DOS SERVI\u00c7OS DE TR\u00c2NSITO E TRANSPORTES PREVISTOS NA LEI N\u00ba 2.515, DE 15 DE SETEMBRO DE 1.998, E D\u00c1 OUTRAS PROVID\u00caNCIAS.</strong></a></td>\r\n<td><a title=\"\" href=\"https://www.cubatao.sp.leg.br/processo-legislativo/projetos-de-lei/arquivos/pl-2017/pl-74.pdf\" class=\"internal-link\" target=\"_self\"><img src=\"https://www.cubatao.sp.leg.br/institucional/fotos/Leis.png/@@images/50f19765-9209-4c00-80de-1a5396782012.png\" alt=\"Leis.png\" class=\"image-inline\" title=\"Leis.png\" /></a></td>\r\n<td><b><a class=\"external-link\" href=\"http://http//consulta.siscam.com.br/camaracubatao/Normas/Exibir/10366\" target=\"_self\" title=\"\">LEI N\u00ba 3.841 DE 01/09/2017</a></b></td>\r\n</tr>\r\n<tr>\r\n<td>1.643/<span>2017</span></td>\r\n<td style=\"text-align: center; \"><strong>ADEM\u00c1RIO SILVA OLIVEIRA</strong></td>\r\n<td style=\"text-align: center; \"><strong>PLC 075</strong></td>\r\n<td><b>17/08/2017</b></td>\r\n<td><a title=\"\" href=\"https://www.cubatao.sp.leg.br/processo-legislativo/projetos-de-lei/arquivos/pl-2017/plc-75.pdf\" class=\"internal-link\" target=\"_self\"><strong>ALTERA O DISPOSITIVO QUE MENCIONA DA LEI COMPLEMENTAR N\u00ba 91, DE 06 DE JULHO DE 2017, QUE INSTITUIU O PROGRAMA DE RECUPERA\u00c7\u00c3O FISCAL \u2013 REFIS, NO MUNIC\u00cdPIO DE CUBAT\u00c3O E D\u00c1 OUTRAS PROVID\u00caNCIAS.</strong></a></td>\r\n<td><a title=\"\" href=\"https://www.cubatao.sp.leg.br/processo-legislativo/projetos-de-lei/arquivos/pl-2017/plc-75.pdf\" class=\"internal-link\" target=\"_self\"><img src=\"https://www.cubatao.sp.leg.br/institucional/fotos/Leis.png/@@images/50f19765-9209-4c00-80de-1a5396782012.png\" alt=\"Leis.png\" class=\"image-inline\" title=\"Leis.png\" /></a></td>\r\n<td><b>LEI COMPLEMENTAR N\u00ba 93 DE 09/10/2017</b></td>\r\n</tr>\r\n<tr>\r\n<td>1.648/<span>2017</span></td>\r\n<td style=\"text-align: center; \"><strong>ADEM\u00c1RIO SILVA OLIVEIRA</strong></td>\r\n<td style=\"text-align: center; \"><strong>PL 076</strong></td>\r\n<td><b>21/08/2017</b></td>\r\n<td><strong><a title=\"\" href=\"https://www.cubatao.sp.leg.br/processo-legislativo/projetos-de-lei/arquivos/pl-2017/copy2_of_PL7620172.pdf\" class=\"internal-link\" target=\"_self\">INSTITUI O PLANO DIRETOR DE TURISMO DE CUBAT\u00c3O \u2013 PDTUR E D\u00c1 OUTRAS PROVID\u00caNCIAS.</a></strong></td>\r\n<td><a class=\"external-link\" href=\"https://drive.google.com/file/d/0B9-QSnOSyaNZY0pJaXc4SmZZMFk/view\" target=\"_self\" title=\"\"><img src=\"https://www.cubatao.sp.leg.br/institucional/fotos/Leis.png/@@images/50f19765-9209-4c00-80de-1a5396782012.png\" alt=\"Leis.png\" class=\"image-inline\" title=\"Leis.png\" /></a></td>\r\n<td><b><a class=\"external-link\" href=\"http://consulta.siscam.com.br/camaracubatao/Normas/Exibir/10364\" target=\"_self\" title=\"\">LEI 3.839</a>\u00a0DE 31/08/2017</b></td>\r\n</tr>\r\n<tr>\r\n<td>1.692/<span>2017</span></td>\r\n<td style=\"text-align: center; \"><strong>Antonio Vieira da Silva</strong></td>\r\n<td style=\"text-align: center; \"><strong>PL 077</strong></td>\r\n<td><b>24/08/2017</b></td>\r\n<td><a title=\"\" href=\"https://www.cubatao.sp.leg.br/processo-legislativo/projetos-de-lei/arquivos/pl-2017/pl-77.pdf\" class=\"internal-link\" target=\"_self\"><strong>INSTITUI O \u201cPROGRAMA DE MONITORAMENTO DE SA\u00daDE NAS UNIDADES MUNICIPAIS DE ENSINO\u201d E D\u00c1 OUTRAS PROVID\u00caNCIAS.</strong></a></td>\r\n<td><a title=\"\" href=\"https://www.cubatao.sp.leg.br/processo-legislativo/projetos-de-lei/arquivos/pl-2017/pl-77.pdf\" class=\"internal-link\" target=\"_self\"><img src=\"https://www.cubatao.sp.leg.br/institucional/fotos/Leis.png/@@images/50f19765-9209-4c00-80de-1a5396782012.png\" alt=\"Leis.png\" class=\"image-inline\" title=\"Leis.png\" /></a></td>\r\n<td><strong><a class=\"external-link\" href=\"http://consulta.siscam.com.br/camaracubatao/Normas/Exibir/10377\" target=\"_self\" title=\"\">LEI N\u00ba 3.849</a>\u00a0DE 11/10/2017</strong></td>\r\n</tr>\r\n<tr>\r\n<td>1.694/<span>2017</span></td>\r\n<td style=\"text-align: center; \"><strong>ADEM\u00c1RIO SILVA OLIVEIRA</strong></td>\r\n<td style=\"text-align: center; \"><strong>PL 078</strong></td>\r\n<td><b>25/08/2017</b></td>\r\n<td><a title=\"\" href=\"https://www.cubatao.sp.leg.br/processo-legislativo/projetos-de-lei/arquivos/pl-2017/pl-78.pdf\" class=\"internal-link\" target=\"_self\"><strong>AUTORIZA O PODER EXECUTIVO A DOAR OS BENS M\u00d3VEIS INTEGRANTES DO PATRIM\u00d4NIO P\u00daBLICO MUNICIPAL, E D\u00c1 OUTRAS PROVID\u00caNCIAS.</strong></a></td>\r\n<td><a title=\"\" href=\"https://www.cubatao.sp.leg.br/processo-legislativo/projetos-de-lei/arquivos/pl-2017/pl-78.pdf\" class=\"internal-link\" target=\"_self\"><img src=\"https://www.cubatao.sp.leg.br/institucional/fotos/Leis.png/@@images/50f19765-9209-4c00-80de-1a5396782012.png\" alt=\"Leis.png\" class=\"image-inline\" title=\"Leis.png\" /></a></td>\r\n<td><strong><a class=\"external-link\" href=\"http://consulta.siscam.com.br/camaracubatao/Normas/Exibir/10372\" target=\"_self\" title=\"\">LEI N\u00ba 3.844</a>\u00a021/09/2017</strong></td>\r\n</tr>\r\n<tr>\r\n<td>1695/<span>2017</span></td>\r\n<td style=\"text-align: center; \"><strong>ADEM\u00c1RIO SILVA OLIVEIRA</strong></td>\r\n<td style=\"text-align: center; \"><strong>PL 079</strong></td>\r\n<td><b>25/08/2017</b></td>\r\n<td><a title=\"\" href=\"https://www.cubatao.sp.leg.br/processo-legislativo/projetos-de-lei/arquivos/pl-2017/pl-79.pdf\" class=\"internal-link\" target=\"_self\"><strong><span>AUTORIZA O PODER EXECUTIVO FIRMAR CONV\u00caNIO COM A FUNDA\u00c7\u00c3O DE PROTE\u00c7\u00c3O E DEFESA DO CONSUMIDOR \u2013 PROCON, COM A FINALIDADE DE INSTITUIR PROGRAMA MUNICIPAL DE PROTE\u00c7\u00c3O E DEFESA DO CONSUMIDOR, E D\u00c1 OUTRAS PROVID\u00caNCIAS</span>.</strong></a></td>\r\n<td><a title=\"\" href=\"https://www.cubatao.sp.leg.br/processo-legislativo/projetos-de-lei/arquivos/pl-2017/pl-79.pdf\" class=\"internal-link\" target=\"_self\"><img src=\"https://www.cubatao.sp.leg.br/institucional/fotos/Leis.png/@@images/50f19765-9209-4c00-80de-1a5396782012.png\" alt=\"Leis.png\" class=\"image-inline\" title=\"Leis.png\" /></a></td>\r\n<td><b><a class=\"external-link\" href=\"http://consulta.siscam.com.br/camaracubatao/Normas/Exibir/10374\" target=\"_self\" title=\"\">LEI N\u00ba 3.846</a>\u00a0DE 21/09/2017</b></td>\r\n</tr>\r\n<tr>\r\n<td>1.696/<span>2017</span></td>\r\n<td style=\"text-align: center; \"><strong><i>ADEM\u00c1RIO SILVA OLIVEIRA</i></strong></td>\r\n<td style=\"text-align: center; \"><strong>PL 080</strong></td>\r\n<td><b>25/08/2017</b></td>\r\n<td><a title=\"\" href=\"https://www.cubatao.sp.leg.br/processo-legislativo/projetos-de-lei/arquivos/pl-2017/pl-80.pdf\" class=\"internal-link\" target=\"_self\"><strong>AUTORIZA O PODER EXECUTIVO A CELEBRAR CONV\u00caNIO COM O ESTADO DE S\u00c3O PAULO, POR INTERM\u00c9DIO DA SECRETARIA DA EDUCA\u00c7\u00c3O E D\u00c1 OUTRAS PROVID\u00caNCIAS.</strong></a></td>\r\n<td><a title=\"\" href=\"https://www.cubatao.sp.leg.br/processo-legislativo/projetos-de-lei/arquivos/pl-2017/pl-80.pdf\" class=\"internal-link\" target=\"_self\"><img src=\"https://www.cubatao.sp.leg.br/institucional/fotos/Leis.png/@@images/50f19765-9209-4c00-80de-1a5396782012.png\" alt=\"Leis.png\" class=\"image-inline\" title=\"Leis.png\" /></a></td>\r\n<td><strong><a class=\"external-link\" href=\"http://http//consulta.siscam.com.br/camaracubatao/Normas/Exibir/10367\" target=\"_self\" title=\"\">LEI N\u00ba 3.842 DE 01/09/2017<br /></a></strong></td>\r\n</tr>\r\n<tr>\r\n<td>1.697/<span>2017</span></td>\r\n<td style=\"text-align: center; \"><strong><i>ADEM\u00c1RIO SILVA OLIVEIRA</i></strong></td>\r\n<td style=\"text-align: center; \"><strong>PL 081</strong></td>\r\n<td><b>25/08/2017</b></td>\r\n<td><a title=\"\" href=\"https://www.cubatao.sp.leg.br/processo-legislativo/projetos-de-lei/arquivos/pl-2017/pl-81.pdf\" class=\"internal-link\" target=\"_self\"><strong>AUTORIZA O PODER EXECUTIVO A ABRIR CR\u00c9DITO ADICIONAL ESPECIAL NA IMPORT\u00c2NCIA DE R$ 2.000.000,00 (DOIS MILH\u00d5ES DE REAIS), PARA O FIM QUE ESPECIFICA E D\u00c1 OUTRAS PROVID\u00caNCIAS.</strong></a></td>\r\n<td><a title=\"\" href=\"https://www.cubatao.sp.leg.br/processo-legislativo/projetos-de-lei/arquivos/pl-2017/pl-81.pdf\" class=\"internal-link\" target=\"_self\"><img src=\"https://www.cubatao.sp.leg.br/institucional/fotos/Leis.png/@@images/50f19765-9209-4c00-80de-1a5396782012.png\" alt=\"Leis.png\" class=\"image-inline\" title=\"Leis.png\" /></a></td>\r\n<td><strong><a class=\"external-link\" href=\"http://http//consulta.siscam.com.br/camaracubatao/Normas/Exibir/10365\" target=\"_self\" title=\"\">LEI N\u00ba 3.840 DE 31/08/2017<br /></a></strong></td>\r\n</tr>\r\n<tr>\r\n<td>1.741/<span>2017</span></td>\r\n<td style=\"text-align: center; \"><strong>Ricardo de Oliveira</strong></td>\r\n<td style=\"text-align: center; \"><strong>PL 082</strong></td>\r\n<td><b>01/09/2017</b></td>\r\n<td><a title=\"\" href=\"https://www.cubatao.sp.leg.br/processo-legislativo/projetos-de-lei/arquivos/pl-2017/pl-82.pdf\" class=\"internal-link\" target=\"_self\"><strong>INSTITUI NO CALEND\u00c1RIO OFICIAL DO MUNIC\u00cdPIO DE CUBAT\u00c3O, O \u201cDIA DO(A) PRESIDENTE DE SOCIEDADE DE MELHORAMENTOS DE BAIRRO\u201d E D\u00c1 OUTRAS PROVID\u00caNCIAS.</strong></a></td>\r\n<td><a title=\"\" href=\"https://www.cubatao.sp.leg.br/processo-legislativo/projetos-de-lei/arquivos/pl-2017/pl-82.pdf\" class=\"internal-link\" target=\"_self\"><img src=\"https://www.cubatao.sp.leg.br/institucional/fotos/Leis.png/@@images/50f19765-9209-4c00-80de-1a5396782012.png\" alt=\"Leis.png\" class=\"image-inline\" title=\"Leis.png\" /></a></td>\r\n<td><b><a class=\"external-link\" href=\"http://consulta.siscam.com.br/camaracubatao/Normas/Exibir/10379\" target=\"_self\" title=\"\">Lei n\u00ba 3.851</a>\u00a011/10/2017</b></td>\r\n</tr>\r\n<tr>\r\n<td>1.802/<span>2017</span></td>\r\n<td style=\"text-align: center; \"><strong>Rodrigo Ramos Soares</strong></td>\r\n<td style=\"text-align: center; \"><strong>PL 083</strong></td>\r\n<td><b>11/09/2017</b></td>\r\n<td><a title=\"\" href=\"https://www.cubatao.sp.leg.br/processo-legislativo/projetos-de-lei/arquivos/pl-2017/pl-83.pdf\" class=\"internal-link\" target=\"_self\"><strong>DISP\u00d5E SOBRE A CONTAGEM DE PRAZOS NO PER\u00cdODO DENOMINADO DE F\u00c9RIAS FORENSES NO \u00c2MBITO ADMINISTRATIVO MUNICIPAL.</strong></a></td>\r\n<td><a title=\"\" href=\"https://www.cubatao.sp.leg.br/processo-legislativo/projetos-de-lei/arquivos/pl-2017/pl-83.pdf\" class=\"internal-link\" target=\"_self\"><img src=\"https://www.cubatao.sp.leg.br/institucional/fotos/Leis.png/@@images/50f19765-9209-4c00-80de-1a5396782012.png\" alt=\"Leis.png\" class=\"image-inline\" title=\"Leis.png\" /></a></td>\r\n<td><strong><a class=\"external-link\" href=\"http://http//consulta.siscam.com.br/camaracubatao/Normas/Exibir/10380\" target=\"_self\" title=\"\">LEI N\u00ba 3.852 DE 11/10/2017</a></strong></td>\r\n</tr>\r\n<tr>\r\n<td>1.838/<span>2017</span></td>\r\n<td style=\"text-align: center; \"><strong>ADEM\u00c1RIO SILVA OLIVEIRA</strong></td>\r\n<td style=\"text-align: center; \"><strong>PL 084</strong></td>\r\n<td><b>15/09/2017</b></td>\r\n<td><a title=\"\" href=\"https://www.cubatao.sp.leg.br/processo-legislativo/projetos-de-lei/arquivos/pl-2017/pl-84.pdf\" class=\"internal-link\" target=\"_self\"><strong>PERMITE AO GLC \u2013 GRUPO LAZER E CIDADANIA \u2013 O USO DE BEM IM\u00d3VEL DO PATRIM\u00d4NIO P\u00daBLICO QUE ESPECIFICA, E D\u00c1 OUTRAS PROVID\u00caNCIAS.</strong></a></td>\r\n<td><a title=\"\" href=\"https://www.cubatao.sp.leg.br/processo-legislativo/projetos-de-lei/arquivos/pl-2017/pl-84.pdf\" class=\"internal-link\" target=\"_self\"><img src=\"https://www.cubatao.sp.leg.br/institucional/fotos/Leis.png/@@images/50f19765-9209-4c00-80de-1a5396782012.png\" alt=\"Leis.png\" class=\"image-inline\" title=\"Leis.png\" /></a></td>\r\n<td><strong>LEI N\u00ba 3.855 DE 11/10/2017</strong></td>\r\n</tr>\r\n<tr>\r\n<td>1.839/<span>2017</span></td>\r\n<td style=\"text-align: center; \"><strong>ADEM\u00c1RIO SILVA OLIVEIRA</strong></td>\r\n<td style=\"text-align: center; \"><strong>PL 085</strong></td>\r\n<td><b>15/09/2017</b></td>\r\n<td><a title=\"\" href=\"https://www.cubatao.sp.leg.br/processo-legislativo/projetos-de-lei/arquivos/pl-2017/pl-85.pdf\" class=\"internal-link\" target=\"_self\"><strong>PERMITE O USO DE BEM PR\u00d3PRIO MUNICIPAL \u00c0 INSTITUI\u00c7\u00c3O FINANCEIRA BANCO SANTANDER S/A E D\u00c1 OUTRAS PROVID\u00caNCIAS.</strong></a></td>\r\n<td><a title=\"\" href=\"https://www.cubatao.sp.leg.br/processo-legislativo/projetos-de-lei/arquivos/pl-2017/pl-85.pdf\" class=\"internal-link\" target=\"_self\"><img src=\"https://www.cubatao.sp.leg.br/institucional/fotos/Leis.png/@@images/50f19765-9209-4c00-80de-1a5396782012.png\" alt=\"Leis.png\" class=\"image-inline\" title=\"Leis.png\" /></a></td>\r\n<td><b><a class=\"external-link\" href=\"http://consulta.siscam.com.br/camaracubatao/Normas/Exibir/10375\" target=\"_self\" title=\"\">Lei N\u00ba 3.847</a>\u00a0DE 09/10/2017</b></td>\r\n</tr>\r\n<tr>\r\n<td>1843/<span>2017</span></td>\r\n<td style=\"text-align: center; \">Anderson de Lana Andrade</td>\r\n<td style=\"text-align: center; \"><strong>PL 086</strong></td>\r\n<td><b>18/09/2017</b></td>\r\n<td><strong><a title=\"\" href=\"https://www.cubatao.sp.leg.br/processo-legislativo/projetos-de-lei/arquivos/pl-2017/copy2_of_PL86.pdf\" class=\"internal-link\" target=\"_self\">INSTITUI NO CALEND\u00c1RIO OFICIAL DO MUNIC\u00cdPIO DE CUBAT\u00c3O, O DIA DA PROTE\u00c7\u00c3O E BEM ESTAR ANIMAL E D\u00c1 OUTRAS PROVID\u00caNCIAS.</a></strong></td>\r\n<td>\r\n<p>\u00a0<a title=\"\" href=\"https://www.cubatao.sp.leg.br/processo-legislativo/projetos-de-lei/arquivos/pl-2017/PL86.pdf\" class=\"internal-link\" target=\"_self\"><img src=\"https://www.cubatao.sp.leg.br/institucional/fotos/Leis.png/@@images/50f19765-9209-4c00-80de-1a5396782012.png\" alt=\"Leis.png\" class=\"image-inline\" title=\"Leis.png\" /></a></p>\r\n</td>\r\n<td><b>LEI N\u00ba 3.856 DE 16/11/2017</b></td>\r\n</tr>\r\n<tr>\r\n<td>1.902/<span>2017</span></td>\r\n<td style=\"text-align: center; \">Ivan da Silva</td>\r\n<td style=\"text-align: center; \"><strong>PL 087</strong></td>\r\n<td><b>21/09/2017</b></td>\r\n<td><strong><a title=\"\" href=\"https://www.cubatao.sp.leg.br/processo-legislativo/projetos-de-lei/arquivos/pl-2017/copy_of_PL87.pdf\" class=\"internal-link\" target=\"_self\">DECLARA DE UTILIDADE P\u00daBLICA A ENTIDADE QUE MENCIONA E D\u00c1 OUTRAS PROVID\u00caNCIAS.</a></strong></td>\r\n<td><a title=\"\" href=\"https://www.cubatao.sp.leg.br/processo-legislativo/projetos-de-lei/arquivos/pl-2017/PL87.pdf\" class=\"internal-link\" target=\"_self\"><img src=\"https://www.cubatao.sp.leg.br/institucional/fotos/Leis.png/@@images/50f19765-9209-4c00-80de-1a5396782012.png\" alt=\"Leis.png\" class=\"image-inline\" title=\"Leis.png\" /></a></td>\r\n<td><strong>LEI N\u00ba 3.859 DE 30/11/2017</strong></td>\r\n</tr>\r\n<tr>\r\n<td>1.903/<span>2017</span></td>\r\n<td style=\"text-align: center; \">Rodrigo Ramos Soares</td>\r\n<td style=\"text-align: center; \"><strong>PL 088</strong></td>\r\n<td><b>21/09/2017</b></td>\r\n<td><strong><a title=\"\" href=\"https://www.cubatao.sp.leg.br/processo-legislativo/projetos-de-lei/arquivos/pl-2017/copy_of_PL88.pdf\" class=\"internal-link\" target=\"_self\">INSTITUI O \u201cPROGRAMA MUTIR\u00c3O ODONTOL\u00d3GICO\u201d NO MUNIC\u00cdPIO E D\u00c1 OUTRAS PROVID\u00caNCIAS.</a></strong></td>\r\n<td><a title=\"\" href=\"https://www.cubatao.sp.leg.br/processo-legislativo/projetos-de-lei/arquivos/pl-2017/PL88.pdf\" class=\"internal-link\" target=\"_self\"><img src=\"https://www.cubatao.sp.leg.br/institucional/fotos/Leis.png/@@images/50f19765-9209-4c00-80de-1a5396782012.png\" alt=\"Leis.png\" class=\"image-inline\" title=\"Leis.png\" /></a></td>\r\n<td><strong>LEI N\u00ba 3.858 DE 29/11/2017</strong></td>\r\n</tr>\r\n<tr>\r\n<td>1.904/<span>2017</span></td>\r\n<td style=\"text-align: center; \">Joemerson Alves de Souza</td>\r\n<td style=\"text-align: center; \"><strong>PL 089</strong></td>\r\n<td><b>21/09/2017</b></td>\r\n<td><a title=\"\" href=\"https://www.cubatao.sp.leg.br/processo-legislativo/projetos-de-lei/arquivos/pl-2017/pl-89.pdf\" class=\"internal-link\" target=\"_self\"><strong>INSTITUI O \u201cPROGRAMA DE ORIENTA\u00c7\u00c3O PSICOL\u00d3GICA VOLUNT\u00c1RIA NAS UNIDADES MUNICIPAIS DE ENSINO\u201d E D\u00c1 OUTRAS PROVID\u00caNCIAS.</strong></a></td>\r\n<td><a title=\"\" href=\"https://www.cubatao.sp.leg.br/processo-legislativo/projetos-de-lei/arquivos/pl-2017/pl-89.pdf\" class=\"internal-link\" target=\"_self\"><img src=\"https://www.cubatao.sp.leg.br/institucional/fotos/Leis.png/@@images/50f19765-9209-4c00-80de-1a5396782012.png\" alt=\"Leis.png\" class=\"image-inline\" title=\"Leis.png\" /><br /></a></td>\r\n<td><strong><a class=\"external-link\" href=\"https://www.legislacaodigital.com.br/Cubatao-SP/LeisOrdinarias/3927\" target=\"_self\" title=\"\">LEI N\u00ba 3.927 03/08/2018</a></strong></td>\r\n</tr>\r\n<tr>\r\n<td>1.905/<span>2017</span></td>\r\n<td style=\"text-align: center; \">Ivan da Silva</td>\r\n<td style=\"text-align: center; \"><strong>PDL 04</strong></td>\r\n<td><b>21/09/2017</b></td>\r\n<td><a title=\"\" href=\"https://www.cubatao.sp.leg.br/processo-legislativo/projetos-de-lei/arquivos/pl-2017/PDL04.pdf\" class=\"internal-link\" target=\"_self\"><strong>CRIA A MEDALHA DE HONRA AO M\u00c9RITO DA DEFESA DA VIDA ANIMAL E D\u00c1 OUTRAS PROVID\u00caNCIAS.</strong></a></td>\r\n<td><a title=\"\" href=\"https://www.cubatao.sp.leg.br/processo-legislativo/projetos-de-lei/arquivos/pl-2017/pdl-04.pdf\" class=\"internal-link\" target=\"_self\"><img src=\"https://www.cubatao.sp.leg.br/institucional/fotos/Leis.png/@@images/50f19765-9209-4c00-80de-1a5396782012.png\" alt=\"Leis.png\" class=\"image-inline\" title=\"Leis.png\" /></a></td>\r\n<td><b>DECRETO LEGISLATIVO N\u00ba 145 DE 07/11/2017</b></td>\r\n</tr>\r\n<tr>\r\n<td>1.909/<span>2017</span></td>\r\n<td style=\"text-align: center; \">Rodrigo Ramos Soares</td>\r\n<td style=\"text-align: center; \"><strong>PLC 090</strong></td>\r\n<td><b>21/09/2017</b></td>\r\n<td><a title=\"\" href=\"https://www.cubatao.sp.leg.br/processo-legislativo/projetos-de-lei/arquivos/pl-2017/plc-90.pdf\" class=\"internal-link\" target=\"_self\"><strong>ALTERA REDA\u00c7\u00c3O DO ARTIGO 21, CAPUT E PAR\u00c1GRAFOS 1\u00b0 AO 3\u00b0, DA LEI COMPLEMENTAR MUNICIPAL N\u00b0 67, DE 8 DE SETEMBRO DE 2011.</strong></a></td>\r\n<td><a title=\"\" href=\"https://www.cubatao.sp.leg.br/processo-legislativo/projetos-de-lei/arquivos/pl-2017/plc-90.pdf\" class=\"internal-link\" target=\"_self\"><img src=\"https://www.cubatao.sp.leg.br/institucional/fotos/Leis.png/@@images/50f19765-9209-4c00-80de-1a5396782012.png\" alt=\"Leis.png\" class=\"image-inline\" title=\"Leis.png\" /></a></td>\r\n<td><b><a class=\"external-link\" href=\"http://http//consulta.siscam.com.br/camaracubatao/Normas/Exibir/10381\" target=\"_self\" title=\"\">LEI COMPLEMENTAR N\u00ba 94 DE 31/10/2017</a></b></td>\r\n</tr>\r\n<tr>\r\n<td>1.911/<span>2017</span></td>\r\n<td style=\"text-align: center; \">Rodrigo Ramos Soares</td>\r\n<td style=\"text-align: center; \"><strong>PR 06</strong></td>\r\n<td><b>25/09/2017</b></td>\r\n<td><a title=\"\" href=\"https://www.cubatao.sp.leg.br/processo-legislativo/projetos-de-lei/arquivos/pl-2017/pr-06.pdf\" class=\"internal-link\" target=\"_self\"><strong>ALTERA E REVOGA DISPOSITIVOS DA RESOLU\u00c7\u00c3O N\u00ba 2.850, DE 22 DE DEZEMBRO DE 2016.</strong></a></td>\r\n<td><a title=\"\" href=\"https://www.cubatao.sp.leg.br/processo-legislativo/projetos-de-lei/arquivos/pl-2017/PR06.pdf\" class=\"internal-link\" target=\"_self\"><img src=\"https://www.cubatao.sp.leg.br/institucional/fotos/Leis.png/@@images/50f19765-9209-4c00-80de-1a5396782012.png\" alt=\"Leis.png\" class=\"image-inline\" title=\"Leis.png\" /></a></td>\r\n<td><strong>RESOLU\u00c7\u00c3O N\u00ba 2.887 DE 03/10/2017</strong></td>\r\n</tr>\r\n<tr>\r\n<td>1.913/<span>2017</span></td>\r\n<td style=\"text-align: center; \"><strong>ADEM\u00c1RIO SILVA OLIVEIRA</strong></td>\r\n<td style=\"text-align: center; \"><strong>PLC 091</strong></td>\r\n<td><b>25/09/2017</b></td>\r\n<td><a title=\"\" href=\"https://www.cubatao.sp.leg.br/processo-legislativo/projetos-de-lei/arquivos/pl-2017/plc-91\" class=\"internal-link\" target=\"_self\"><strong><span>ALTERA, ACRESCENTA E REVOGA DISPOSITIVOS DA LEI N\u00b0 1.383, DE 29 DE JUNHO DE 1983, QUE DISP\u00d5E SOBRE O SISTEMA TRIBUT\u00c1RIO DO MUNIC\u00cdPIO DE CUBAT\u00c3O, E D\u00c1 OUTRAS PROVID\u00caNCIAS</span>.</strong></a></td>\r\n<td><a title=\"\" href=\"https://www.cubatao.sp.leg.br/processo-legislativo/projetos-de-lei/arquivos/pl-2017/PLC91.pdf\" class=\"internal-link\" target=\"_self\"><img src=\"https://www.cubatao.sp.leg.br/institucional/fotos/Leis.png/@@images/50f19765-9209-4c00-80de-1a5396782012.png\" alt=\"Leis.png\" class=\"image-inline\" title=\"Leis.png\" /></a></td>\r\n<td><strong><a class=\"external-link\" href=\"http://http//consulta.siscam.com.br/camaracubatao/Normas/Exibir/10402\" target=\"_self\" title=\"\">LEI COMPLEMENTAR N\u00ba 95 DE 19/12/2.017</a></strong></td>\r\n</tr>\r\n<tr>\r\n<td>1.963/<span>2017</span></td>\r\n<td style=\"text-align: center; \"><em>Antonio Vieira da Silva</em></td>\r\n<td style=\"text-align: center; \"><strong>PLC 092</strong></td>\r\n<td><b>28/09/2017</b></td>\r\n<td><a title=\"\" href=\"https://www.cubatao.sp.leg.br/processo-legislativo/projetos-de-lei/arquivos/pl-2017/plc-92.pdf\" class=\"internal-link\" target=\"_self\"><strong><span>ALTERA O PAR\u00c1GRAFO \u00daNICO DO ARTIGO 79 DA LEI COMPLEMENTAR 2.513, DE 10 DE SETEMBRO DE 1.998, QUE INSTITUI NORMAS SOBRE O PARCELAMENTO, USO E OCUPA\u00c7\u00c3O DO SOLO DO MUNIC\u00cdPIO DE CUBAT\u00c3O, E D\u00c1 OUTRAS PROVID\u00caNCIAS</span>.</strong></a></td>\r\n<td><a title=\"\" href=\"https://www.cubatao.sp.leg.br/processo-legislativo/projetos-de-lei/arquivos/pl-2017/PLC92.pdf\" class=\"internal-link\" target=\"_self\"><img src=\"https://www.cubatao.sp.leg.br/institucional/fotos/Leis.png/@@images/50f19765-9209-4c00-80de-1a5396782012.png\" alt=\"Leis.png\" class=\"image-inline\" title=\"Leis.png\" /></a></td>\r\n<td><strong><a class=\"external-link\" href=\"https://www.legislacaodigital.com.br/Cubatao-SP/LeisComplementares/99\" target=\"_self\" title=\"\">LEI COMPLEMENTAR N\u00ba 99 DE 03/08/2018</a></strong></td>\r\n</tr>\r\n<tr>\r\n<td>1.968/<span>2017</span></td>\r\n<td style=\"text-align: center; \"><em>Ivan da Silva</em></td>\r\n<td style=\"text-align: center; \"><strong>PL 093</strong></td>\r\n<td><b>29/09/2017</b></td>\r\n<td><a title=\"\" href=\"https://www.cubatao.sp.leg.br/processo-legislativo/projetos-de-lei/arquivos/pl-2017/pl-93.pdf\" class=\"internal-link\" target=\"_self\"><strong><span>AUTORIZA O PODER EXECUTIVO A CRIAR PROGRAMA DE VACINA\u00c7\u00c3O DOMICILIAR PARA PESSOAS IDOSAS E PESSOAS COM MULTIDEFICI\u00caNCIA PROFUNDA COM DIFICULDADE DE LOCOMO\u00c7\u00c3O, DOEN\u00c7AS INCAPACITANTES E DEGENERATIVAS E\u00a0</span>\u00a0D\u00c1 OUTRAS PROVID\u00caNCIAS.</strong></a></td>\r\n<td><a title=\"\" href=\"https://www.cubatao.sp.leg.br/processo-legislativo/projetos-de-lei/arquivos/pl-2017/pl-93.pdf\" class=\"internal-link\" target=\"_self\"><img src=\"https://www.cubatao.sp.leg.br/institucional/fotos/Leis.png/@@images/50f19765-9209-4c00-80de-1a5396782012.png\" alt=\"Leis.png\" class=\"image-inline\" title=\"Leis.png\" /></a></td>\r\n<td><b><a class=\"external-link\" href=\"https://www.legislacaodigital.com.br/Cubatao-SP/LeisOrdinarias/3951\" target=\"_self\" title=\"\">LEI 3.951 DE 22/10/2018</a></b></td>\r\n</tr>\r\n<tr>\r\n<td>1.970/<span>2017</span></td>\r\n<td style=\"text-align: center; \"><strong><i>ADEM\u00c1RIO SILVA OLIVEIRA</i></strong></td>\r\n<td style=\"text-align: center; \"><strong>PL 094</strong></td>\r\n<td><b>02/10/2017</b></td>\r\n<td><b>DISP\u00d5E SOBRE O PLANO PLURIANUAL DO MUNIC\u00cdPIO DE CUBAT\u00c3O PARA O PER\u00cdODO DE 2018 A 2021.</b></td>\r\n<td><a title=\"\" href=\"https://www.cubatao.sp.leg.br/processo-legislativo/projetos-de-lei/arquivos/pl-2017/pl-094.pdf\" class=\"internal-link\" target=\"_self\"><img src=\"https://www.cubatao.sp.leg.br/institucional/fotos/Leis.png/@@images/50f19765-9209-4c00-80de-1a5396782012.png\" alt=\"Leis.png\" class=\"image-inline\" title=\"Leis.png\" /></a></td>\r\n<td><strong>LEI N\u00ba 3.872 DE 19/12/2017</strong></td>\r\n</tr>\r\n<tr>\r\n<td></td>\r\n<td style=\"text-align: center; \"><strong><i></i></strong></td>\r\n<td style=\"text-align: center; \"><strong></strong></td>\r\n<td><b></b></td>\r\n<td style=\"text-align: right; \"><strong><b>ANEXO AO PL 94 1/8\u00a0</b></strong></td>\r\n<td><a class=\"external-link\" href=\"https://drive.google.com/open?id=0B8F5X9GrhQxEVWIwN2ZCOGpCczA\" target=\"_self\" title=\"\"><img src=\"https://www.cubatao.sp.leg.br/institucional/fotos/Leis.png/@@images/50f19765-9209-4c00-80de-1a5396782012.png\" alt=\"Leis.png\" class=\"image-inline\" title=\"Leis.png\" /></a></td>\r\n<td><strong></strong></td>\r\n</tr>\r\n<tr>\r\n<td></td>\r\n<td style=\"text-align: center; \"></td>\r\n<td style=\"text-align: center; \"></td>\r\n<td></td>\r\n<td style=\"text-align: right; \"><strong>ANEXO AO PL 94 2/8\u00a0</strong></td>\r\n<td><a class=\"external-link\" href=\"https://drive.google.com/open?id=0B8F5X9GrhQxEblN6Zm5LVkpySEE\" target=\"_self\" title=\"\"><img src=\"https://www.cubatao.sp.leg.br/institucional/fotos/Leis.png/@@images/50f19765-9209-4c00-80de-1a5396782012.png\" alt=\"Leis.png\" class=\"image-inline\" title=\"Leis.png\" /></a></td>\r\n<td></td>\r\n</tr>\r\n<tr>\r\n<td></td>\r\n<td style=\"text-align: center; \"></td>\r\n<td style=\"text-align: center; \"></td>\r\n<td></td>\r\n<td style=\"text-align: right; \"><strong>ANEXO AO PL 94 3/8</strong></td>\r\n<td><a class=\"external-link\" href=\"https://drive.google.com/open?id=0B8F5X9GrhQxEdEFhVHJiWWNsMlk\" target=\"_self\" title=\"\"><img src=\"https://www.cubatao.sp.leg.br/institucional/fotos/Leis.png/@@images/50f19765-9209-4c00-80de-1a5396782012.png\" alt=\"Leis.png\" class=\"image-inline\" title=\"Leis.png\" /></a></td>\r\n<td></td>\r\n</tr>\r\n<tr>\r\n<td></td>\r\n<td style=\"text-align: center; \"></td>\r\n<td style=\"text-align: center; \"></td>\r\n<td></td>\r\n<td style=\"text-align: right; \"><strong>ANEXO AO PL 94 4/8</strong></td>\r\n<td><a class=\"external-link\" href=\"https://drive.google.com/open?id=0B8F5X9GrhQxEaGNsMncxMzdJcEE\" target=\"_self\" title=\"\"><img src=\"https://www.cubatao.sp.leg.br/institucional/fotos/Leis.png/@@images/50f19765-9209-4c00-80de-1a5396782012.png\" alt=\"Leis.png\" class=\"image-inline\" title=\"Leis.png\" /></a></td>\r\n<td></td>\r\n</tr>\r\n<tr>\r\n<td></td>\r\n<td style=\"text-align: center; \"></td>\r\n<td style=\"text-align: center; \"></td>\r\n<td></td>\r\n<td style=\"text-align: right; \"><strong>ANEXO AO PL 94 5/8</strong></td>\r\n<td><a class=\"external-link\" href=\"https://drive.google.com/open?id=0B8F5X9GrhQxEcElTaGYwejV1bWM\" target=\"_self\" title=\"\"><img src=\"https://www.cubatao.sp.leg.br/institucional/fotos/Leis.png/@@images/50f19765-9209-4c00-80de-1a5396782012.png\" alt=\"Leis.png\" class=\"image-inline\" title=\"Leis.png\" /></a></td>\r\n<td></td>\r\n</tr>\r\n<tr>\r\n<td></td>\r\n<td style=\"text-align: center; \"></td>\r\n<td style=\"text-align: center; \"></td>\r\n<td></td>\r\n<td style=\"text-align: right; \"><strong><strong>ANEXO AO PL 94 6/8</strong></strong></td>\r\n<td><a class=\"external-link\" href=\"https://drive.google.com/open?id=0B8F5X9GrhQxERXFDdXM5QzRVbU0\" target=\"_self\" title=\"\"><img src=\"https://www.cubatao.sp.leg.br/institucional/fotos/Leis.png/@@images/50f19765-9209-4c00-80de-1a5396782012.png\" alt=\"Leis.png\" class=\"image-inline\" title=\"Leis.png\" /></a></td>\r\n<td></td>\r\n</tr>\r\n<tr>\r\n<td></td>\r\n<td style=\"text-align: center; \"></td>\r\n<td style=\"text-align: center; \"></td>\r\n<td></td>\r\n<td style=\"text-align: right; \"><strong>ANEXO AO PL 94 7/8</strong></td>\r\n<td><a class=\"external-link\" href=\"https://drive.google.com/open?id=0B8F5X9GrhQxETzRfQkRSZG5UeFE\" target=\"_self\" title=\"\"><img src=\"https://www.cubatao.sp.leg.br/institucional/fotos/Leis.png/@@images/50f19765-9209-4c00-80de-1a5396782012.png\" alt=\"Leis.png\" class=\"image-inline\" title=\"Leis.png\" /></a></td>\r\n<td></td>\r\n</tr>\r\n<tr>\r\n<td></td>\r\n<td style=\"text-align: center; \"></td>\r\n<td style=\"text-align: center; \"></td>\r\n<td></td>\r\n<td style=\"text-align: right; \"><strong>ANEXO AO PL 94 8/8</strong></td>\r\n<td><a class=\"external-link\" href=\"https://drive.google.com/open?id=0B8F5X9GrhQxEc2NLajFFQnUySW8\" target=\"_self\" title=\"\"><img src=\"https://www.cubatao.sp.leg.br/institucional/fotos/Leis.png/@@images/50f19765-9209-4c00-80de-1a5396782012.png\" alt=\"Leis.png\" class=\"image-inline\" title=\"Leis.png\" /></a></td>\r\n<td></td>\r\n</tr>\r\n<tr>\r\n<td>1.971/<span>2017</span></td>\r\n<td style=\"text-align: center; \"><strong><i>ADEM\u00c1RIO SILVA OLIVEIRA</i></strong></td>\r\n<td style=\"text-align: center; \"><strong>PL 095</strong></td>\r\n<td><b>02/10/2017</b></td>\r\n<td><b>ESTIMA A RECEITA E FIXA A DESPESA DO MUNIC\u00cdPIO DE CUBAT\u00c3O PARA O EXEC\u00cdCIO DE 2018.</b></td>\r\n<td><a title=\"\" href=\"https://www.cubatao.sp.leg.br/processo-legislativo/projetos-de-lei/arquivos/pl-2017/pl-095.pdf\" class=\"internal-link\" target=\"_self\"><img src=\"https://www.cubatao.sp.leg.br/institucional/fotos/Leis.png/@@images/50f19765-9209-4c00-80de-1a5396782012.png\" alt=\"Leis.png\" class=\"image-inline\" title=\"Leis.png\" /></a></td>\r\n<td><strong>LEI N\u00ba 3.871 DE 19/12/2017</strong></td>\r\n</tr>\r\n<tr>\r\n<td></td>\r\n<td style=\"text-align: center; \"><strong><i></i></strong></td>\r\n<td style=\"text-align: center; \"><strong></strong></td>\r\n<td><b></b></td>\r\n<td style=\"text-align: right; \"><b>ANEXO AO PL 95 1/2\u00a0</b></td>\r\n<td><a title=\"\" href=\"https://www.cubatao.sp.leg.br/processo-legislativo/projetos-de-lei/arquivos/pl-2017/pl-95-loa-2018-parte-1.pdf\" class=\"internal-link\" target=\"_self\"><img src=\"https://www.cubatao.sp.leg.br/institucional/fotos/Leis.png/@@images/50f19765-9209-4c00-80de-1a5396782012.png\" alt=\"Leis.png\" class=\"image-inline\" title=\"Leis.png\" /></a></td>\r\n<td><strong></strong></td>\r\n</tr>\r\n<tr>\r\n<td></td>\r\n<td style=\"text-align: center; \"></td>\r\n<td style=\"text-align: center; \"></td>\r\n<td></td>\r\n<td style=\"text-align: right; \"><b>ANEXO AO PL 95 2/2\u00a0</b></td>\r\n<td><a title=\"\" href=\"https://www.cubatao.sp.leg.br/processo-legislativo/projetos-de-lei/arquivos/pl-2017/pl-95-loa-2018-parte-2.pdf\" class=\"internal-link\" target=\"_self\"><img src=\"https://www.cubatao.sp.leg.br/institucional/fotos/Leis.png/@@images/50f19765-9209-4c00-80de-1a5396782012.png\" alt=\"Leis.png\" class=\"image-inline\" title=\"Leis.png\" /></a></td>\r\n<td></td>\r\n</tr>\r\n<tr>\r\n<td>1.976/<span>2017</span></td>\r\n<td style=\"text-align: center; \"><i>S\u00e9rgio Augusto Santana</i></td>\r\n<td style=\"text-align: center; \"><strong>PL 096</strong></td>\r\n<td><b>02/10/2017</b></td>\r\n<td><strong><a title=\"\" href=\"https://www.cubatao.sp.leg.br/processo-legislativo/projetos-de-lei/arquivos/pl-2017/PL97.pdf\" class=\"internal-link\" target=\"_self\"><b>INSTITUI A \u201cFEIRA DE CURSOS E PROFISS\u00d5ES\u201d NO CALEND\u00c1RIO OFICIAL DO MUNIC\u00cdPIO DE CUBAT\u00c3O E D\u00c1 OUTRAS PROVID\u00caNCIAS</b>.</a></strong></td>\r\n<td><a title=\"\" href=\"https://www.cubatao.sp.leg.br/processo-legislativo/projetos-de-lei/arquivos/pl-2017/PL096.pdf\" class=\"internal-link\" target=\"_self\"><img src=\"https://www.cubatao.sp.leg.br/institucional/fotos/Leis.png/@@images/50f19765-9209-4c00-80de-1a5396782012.png\" alt=\"Leis.png\" class=\"image-inline\" title=\"Leis.png\" /></a></td>\r\n<td><strong>LEI N\u00ba 3.867 DE 14/12/2017</strong></td>\r\n</tr>\r\n<tr>\r\n<td>1.984/2017</td>\r\n<td style=\"text-align: center; \"><i>F\u00e1bio Alves Moreira</i></td>\r\n<td style=\"text-align: center; \"><strong>PELOM 07</strong></td>\r\n<td><b>03/10/2017</b></td>\r\n<td><strong><b><a title=\"\" href=\"https://www.cubatao.sp.leg.br/processo-legislativo/projetos-de-lei/arquivos/pl-2017/copy_of_PELOM072017.pdf\" class=\"internal-link\" target=\"_self\">ALTERA E ACRESCENTA DISPOSITIVOS NA LEI ORG\u00c2NICA DO MUNIC\u00cdPIO DE CUBAT\u00c3O, NA FORMA QUE MENCIONA, E D\u00c1 OUTRAS PROVID\u00caNCIAS.</a></b></strong></td>\r\n<td><a title=\"\" href=\"https://www.cubatao.sp.leg.br/processo-legislativo/projetos-de-lei/arquivos/pl-2017/PELOM072017.pdf\" class=\"internal-link\" target=\"_self\"><img src=\"https://www.cubatao.sp.leg.br/institucional/fotos/Leis.png/@@images/50f19765-9209-4c00-80de-1a5396782012.png\" alt=\"Leis.png\" class=\"image-inline\" title=\"Leis.png\" /></a></td>\r\n<td><b>RETIRADO PELO AUTOR EM 18/04/2018</b></td>\r\n</tr>\r\n<tr>\r\n<td>2.030/2017</td>\r\n<td style=\"text-align: center; \"><strong><i>ADEM\u00c1RIO SILVA OLIVEIRA</i></strong></td>\r\n<td style=\"text-align: center; \"><strong>PL 097</strong></td>\r\n<td><b>05/10/2017</b></td>\r\n<td><strong><b><a title=\"\" href=\"https://www.cubatao.sp.leg.br/processo-legislativo/projetos-de-lei/arquivos/pl-2017/copy_of_PL97.pdf\" class=\"internal-link\" target=\"_self\">AUTORIZA O PODER EXECUTIVO A DAR NOVA DESTINA\u00c7\u00c3O DE BEM P\u00daBLICO E CONCEDER ADMINISTRATIVAMENTE O USO DE BENS P\u00daBLICOS QUE ESPECIFICA, E D\u00c1 OUTRAS PROVID\u00caNCIAS.</a></b></strong></td>\r\n<td><a title=\"\" href=\"https://www.cubatao.sp.leg.br/processo-legislativo/projetos-de-lei/arquivos/pl-2017/PL9717.pdf\" class=\"internal-link\" target=\"_self\"><img src=\"https://www.cubatao.sp.leg.br/institucional/fotos/Leis.png/@@images/50f19765-9209-4c00-80de-1a5396782012.png\" alt=\"Leis.png\" class=\"image-inline\" title=\"Leis.png\" /></a></td>\r\n<td><strong><strong><strong><a class=\"external-link\" href=\"http://consulta.siscam.com.br/camaracubatao/Normas/Exibir/10376\" target=\"_self\" title=\"\">LEI N\u00b0 3848</a>\u00a0DE 10/10/2017</strong></strong></strong></td>\r\n</tr>\r\n<tr>\r\n<td></td>\r\n<td style=\"text-align: center; \"><strong><i></i></strong></td>\r\n<td style=\"text-align: center; \"><strong></strong></td>\r\n<td><b></b></td>\r\n<td style=\"text-align: right; \"><b>ANEXO AO PL 97</b></td>\r\n<td><a class=\"external-link\" href=\"https://drive.google.com/file/d/0B9-QSnOSyaNZZ2hZaF82dEZiVlE/view?usp=sharing\" target=\"_self\" title=\"\"><img src=\"https://www.cubatao.sp.leg.br/institucional/fotos/Leis.png/@@images/50f19765-9209-4c00-80de-1a5396782012.png\" alt=\"Leis.png\" class=\"image-inline\" title=\"Leis.png\" /></a></td>\r\n<td><strong></strong></td>\r\n</tr>\r\n<tr>\r\n<td>2.030-A /2017</td>\r\n<td style=\"text-align: center; \"><strong><i>ADEM\u00c1RIO SILVA OLIVEIRA</i></strong></td>\r\n<td style=\"text-align: center; \"><strong>PL 098</strong></td>\r\n<td><b>05/10/2017</b></td>\r\n<td><strong><b><a title=\"\" href=\"https://www.cubatao.sp.leg.br/processo-legislativo/projetos-de-lei/arquivos/pl-2017/copy_of_PL98.pdf\" class=\"internal-link\" target=\"_self\">ALTERA A REDA\u00c7\u00c3O DO ARTIGO 25, INCISO I, AL\u00cdNEAS \u201cA\u201d, \u201cB\u201d, \u201cC\u201d, \u201cD\u201d, \u201cE\u201d, \u201cF\u201d, E \u201cG\u201d, E INCISO II, AL\u00cdNEA \u201cA\u201d, DA LEI ORDIN\u00c1RIA N\u00ba 2764, DE 25 DE JULHO DE 2002, E D\u00c1 OUTRAS PROVID\u00caNCIAS.</a></b></strong></td>\r\n<td><a title=\"\" href=\"https://www.cubatao.sp.leg.br/processo-legislativo/projetos-de-lei/arquivos/pl-2017/PL98.pdf\" class=\"internal-link\" target=\"_self\"><img src=\"https://www.cubatao.sp.leg.br/institucional/fotos/Leis.png/@@images/50f19765-9209-4c00-80de-1a5396782012.png\" alt=\"Leis.png\" class=\"image-inline\" title=\"Leis.png\" /></a></td>\r\n<td><strong>LEI N\u00ba 3.869 DE 14/12/2017</strong></td>\r\n</tr>\r\n<tr>\r\n<td>2.049/2017</td>\r\n<td style=\"text-align: center; \"><strong><i>ADEM\u00c1RIO SILVA OLIVEIRA</i></strong></td>\r\n<td style=\"text-align: center; \"><strong>PL 099</strong></td>\r\n<td><b>18/10/2017</b></td>\r\n<td><strong><b><a title=\"\" href=\"https://www.cubatao.sp.leg.br/processo-legislativo/projetos-de-lei/arquivos/pl-2017/copy_of_PL99.pdf\" class=\"internal-link\" target=\"_self\">ALTERA DISPOSITIVOS DA LEI N\u00b0 2.880, DE 21 DE NOVEMBRO DE 2003, QUE MENCIONA, E D\u00c1 OUTRAS PROVID\u00caNCIAS.</a></b></strong></td>\r\n<td><a title=\"\" href=\"https://www.cubatao.sp.leg.br/processo-legislativo/projetos-de-lei/arquivos/pl-2017/PL99.pdf\" class=\"internal-link\" target=\"_self\"><img src=\"https://www.cubatao.sp.leg.br/institucional/fotos/Leis.png/@@images/50f19765-9209-4c00-80de-1a5396782012.png\" alt=\"Leis.png\" class=\"image-inline\" title=\"Leis.png\" /></a></td>\r\n<td><b>LEI N\u00ba 3.870 DE 14/12/2017</b></td>\r\n</tr>\r\n<tr>\r\n<td>2.050/2017</td>\r\n<td style=\"text-align: center; \"><strong><i>ADEM\u00c1RIO SILVA OLIVEIRA</i></strong></td>\r\n<td style=\"text-align: center; \"><strong>PL 100</strong></td>\r\n<td><b>18/10/2017</b></td>\r\n<td><a title=\"\" href=\"https://www.cubatao.sp.leg.br/processo-legislativo/projetos-de-lei/arquivos/pl-2017/PL100.pdf\" class=\"internal-link\" target=\"_self\"><strong><b>DISP\u00d5E SOBRE A INSTITUI\u00c7\u00c3O DO FUNDO MUNICIPAL DA JUVENTUDE E D\u00c1 OUTRAS PROVID\u00caNCIAS.</b></strong></a></td>\r\n<td><a title=\"\" href=\"https://www.cubatao.sp.leg.br/processo-legislativo/projetos-de-lei/arquivos/pl-2017/PL100.pdf\" class=\"internal-link\" target=\"_self\"><img src=\"https://www.cubatao.sp.leg.br/institucional/fotos/Leis.png/@@images/50f19765-9209-4c00-80de-1a5396782012.png\" alt=\"Leis.png\" class=\"image-inline\" title=\"Leis.png\" /></a></td>\r\n<td><b>LEI N\u00ba 3.864 DE 14/12/2017</b></td>\r\n</tr>\r\n<tr>\r\n<td>2.051/2017</td>\r\n<td style=\"text-align: center; \"><strong><i>ADEM\u00c1RIO SILVA OLIVEIRA</i></strong></td>\r\n<td style=\"text-align: center; \"><strong>PL 101</strong></td>\r\n<td><b>18/10/2017</b></td>\r\n<td><a title=\"\" href=\"https://www.cubatao.sp.leg.br/processo-legislativo/projetos-de-lei/arquivos/pl-2017/PL101.pdf\" class=\"internal-link\" target=\"_self\"><strong><b>REVOGA A LEI N\u00ba 2.940, DE 24 DE AGOSTO DE 2004, QUE DISP\u00d5E SOBRE A ATIVIDADE DE MOTORISTA DE \u00d4NIBUS COLETIVO DE TRANSPORTE EM LINHAS MUNICIPAIS, E D\u00c1 OUTRAS PROVID\u00caNCIAS.</b></strong></a></td>\r\n<td><a title=\"\" href=\"https://www.cubatao.sp.leg.br/processo-legislativo/projetos-de-lei/arquivos/pl-2017/PL101.pdf\" class=\"internal-link\" target=\"_self\"><img src=\"https://www.cubatao.sp.leg.br/institucional/fotos/Leis.png/@@images/50f19765-9209-4c00-80de-1a5396782012.png\" alt=\"Leis.png\" class=\"image-inline\" title=\"Leis.png\" /></a></td>\r\n<td><strong>RETIRADO PELO AUTOR EM 10/11/2017</strong></td>\r\n</tr>\r\n<tr>\r\n<td>2.052/2017</td>\r\n<td style=\"text-align: center; \"><strong><i>ADEM\u00c1RIO SILVA OLIVEIRA</i></strong></td>\r\n<td style=\"text-align: center; \"><strong>PL 102</strong></td>\r\n<td><b>18/10/2017</b></td>\r\n<td><a title=\"\" href=\"https://www.cubatao.sp.leg.br/processo-legislativo/projetos-de-lei/arquivos/pl-2017/PL102.pdf\" class=\"internal-link\" target=\"_self\"><strong><b>AUTORIZA O PODER EXECUTIVO A ABRIR UM CR\u00c9DITO ADICIONAL ESPECIAL NA IMPORT\u00c2NCIA DE R$ 313.344,00 (TREZENTOS E TREZE MIL, TREZENTOS E QUARENTA E QUATRO REAIS), E D\u00c1 OUTRAS PROVID\u00caNCIAS.</b></strong></a></td>\r\n<td>\r\n<p>\u00a0\u00a0<a title=\"\" href=\"https://www.cubatao.sp.leg.br/processo-legislativo/projetos-de-lei/arquivos/pl-2017/PL102.pdf\" class=\"internal-link\" target=\"_self\"><img src=\"https://www.cubatao.sp.leg.br/institucional/fotos/Leis.png/@@images/50f19765-9209-4c00-80de-1a5396782012.png\" alt=\"Leis.png\" class=\"image-inline\" title=\"Leis.png\" /></a></p>\r\n<p>\u00a0</p>\r\n</td>\r\n<td><strong>LEI N\u00ba 3.854 DE 09/11/2017</strong></td>\r\n</tr>\r\n<tr>\r\n<td>2.094/2017</td>\r\n<td style=\"text-align: center; \"><strong><i>TONINHO VIEIRA</i></strong></td>\r\n<td style=\"text-align: center; \"><strong>PL 103</strong></td>\r\n<td><b>19/10/2017</b></td>\r\n<td><strong><b><a title=\"\" href=\"https://www.cubatao.sp.leg.br/processo-legislativo/projetos-de-lei/arquivos/pl-2017/PL103.pdf\" class=\"internal-link\" target=\"_self\">INSTITUI O \u2018PROGRAMA DE PR\u00c1TICAS RESTAURATIVAS\u2019 NO MUNIC\u00cdPIO DE CUBAT\u00c3O E D\u00c1 OUTRAS PROVID\u00caNCIAS.</a></b></strong></td>\r\n<td><a title=\"\" href=\"https://www.cubatao.sp.leg.br/processo-legislativo/projetos-de-lei/arquivos/pl-2017/digitalizacao_2017_10_23_08_53_49_485.pdf\" class=\"internal-link\" target=\"_self\"><img src=\"https://www.cubatao.sp.leg.br/institucional/fotos/Leis.png/@@images/50f19765-9209-4c00-80de-1a5396782012.png\" alt=\"Leis.png\" class=\"image-inline\" title=\"Leis.png\" /></a></td>\r\n<td><b>LEI N\u00ba 3.861 DE 11/12/2017</b></td>\r\n</tr>\r\n<tr>\r\n<td>2.096/2017</td>\r\n<td style=\"text-align: center; \"><strong><i>PREFEITO</i></strong></td>\r\n<td style=\"text-align: center; \"><strong>PL 104</strong></td>\r\n<td><b>20/10/2017</b></td>\r\n<td><a title=\"\" href=\"https://www.cubatao.sp.leg.br/processo-legislativo/projetos-de-lei/arquivos/pl-2017/PL104.pdf\" class=\"internal-link\" target=\"_self\"><strong><b>AUTORIZA O PODER EXECUTIVO MUNICIPAL A PROCEDER PERMUTA DE FRA\u00c7\u00c3O IDEAL DE BEM IM\u00d3VEL MUNICIPAL, NA FORMA ESPEC\u00cdFICA, E D\u00c1 OUTRAS PROVID\u00caNCIAS.</b></strong></a></td>\r\n<td><a title=\"\" href=\"https://www.cubatao.sp.leg.br/processo-legislativo/projetos-de-lei/arquivos/pl-2017/PL104.pdf\" class=\"internal-link\" target=\"_self\"><span class=\"internal-link\"><img src=\"https://www.cubatao.sp.leg.br/institucional/fotos/Leis.png/@@images/50f19765-9209-4c00-80de-1a5396782012.png\" alt=\"Leis.png\" class=\"image-inline\" title=\"Leis.png\" /></span></a></td>\r\n<td><strong><a class=\"external-link\" href=\"http://http//consulta.siscam.com.br/camaracubatao/Normas/Exibir/10405\" target=\"_self\" title=\"\">LEI ORDIN\u00c1RIA N\u00ba 3.875 DE 26/12/2017</a></strong></td>\r\n</tr>\r\n<tr>\r\n<td></td>\r\n<td style=\"text-align: center; \"><strong><i></i></strong></td>\r\n<td style=\"text-align: center; \"><strong></strong></td>\r\n<td><b></b></td>\r\n<td><strong><b>ANEXO AO PL 104</b></strong></td>\r\n<td><a title=\"\" href=\"https://www.cubatao.sp.leg.br/processo-legislativo/projetos-de-lei/arquivos/pl-2017/PL104Anexos.pdf\" class=\"internal-link\" target=\"_self\"><span class=\"internal-link\"><span class=\"internal-link\"><img src=\"https://www.cubatao.sp.leg.br/institucional/fotos/Leis.png/@@images/50f19765-9209-4c00-80de-1a5396782012.png\" alt=\"Leis.png\" class=\"image-inline\" title=\"Leis.png\" /></span></span></a></td>\r\n<td><strong></strong></td>\r\n</tr>\r\n<tr>\r\n<td>2.097/2017</td>\r\n<td style=\"text-align: center; \">IVAN DA SILVA</td>\r\n<td style=\"text-align: center; \"><strong>PL 105</strong></td>\r\n<td><b>20/10/2017</b></td>\r\n<td><a title=\"\" href=\"https://www.cubatao.sp.leg.br/processo-legislativo/projetos-de-lei/arquivos/pl-2017/PL105.pdf\" class=\"internal-link\" target=\"_self\">INSTITUI DIRETRIZES PARA FORMULA\u00c7\u00c3O DO PROGRAMA DE ALERTA E PREPARA\u00c7\u00c3O PARA EVACUA\u00c7\u00c3O EM SITUA\u00c7\u00d5ES DE EMERG\u00caNCIA NO MUNIC\u00cdPIO DE CUBAT\u00c3O, E D\u00c1 OUTRAS PROVID\u00caNCIAS</a></td>\r\n<td><a title=\"\" href=\"https://www.cubatao.sp.leg.br/processo-legislativo/projetos-de-lei/arquivos/pl-2017/PL105.pdf\" class=\"internal-link\" target=\"_self\"><span class=\"internal-link\"><span class=\"internal-link\"><img src=\"https://www.cubatao.sp.leg.br/institucional/fotos/Leis.png/@@images/50f19765-9209-4c00-80de-1a5396782012.png\" alt=\"Leis.png\" class=\"image-inline\" title=\"Leis.png\" /></span></span></a></td>\r\n<td>\r\n<p><a class=\"external-link\" href=\"http://diariocubatao.tk/wp-content/uploads/2019/10/20193110-307.pdf\" target=\"_self\" title=\"\"><strong>LEI N\u00ba 4.049</strong><br /></a><strong><a class=\"external-link\" href=\"http://diariocubatao.tk/wp-content/uploads/2019/10/20193110-307.pdf\" target=\"_self\" title=\"\">DE 31/10/2019 P\u00c1G. 09</a></strong></p>\r\n</td>\r\n</tr>\r\n<tr>\r\n<td>2.101/<span>2017</span></td>\r\n<td style=\"text-align: center; \"><em>Ivan da Silva</em></td>\r\n<td style=\"text-align: center; \"><strong>PL 106</strong></td>\r\n<td><b>23/10/2017</b></td>\r\n<td><strong>INSTITUI A CAMPANHA DEZEMBRO VERDE \u2013 N\u00c3O AO ABANDONO DE ANIMAIS NO MUNIC\u00cdPIO DE CUBAT\u00c3O.</strong></td>\r\n<td><a title=\"\" href=\"https://www.cubatao.sp.leg.br/processo-legislativo/projetos-de-lei/arquivos/pl-2017/digitalizacao_2017_10_24_14_37_51_540.pdf\" class=\"internal-link\" target=\"_self\"><img src=\"https://www.cubatao.sp.leg.br/institucional/fotos/Leis.png/@@images/50f19765-9209-4c00-80de-1a5396782012.png\" alt=\"Leis.png\" class=\"image-inline\" title=\"Leis.png\" /></a></td>\r\n<td><strong><a class=\"external-link\" href=\"https://www.legislacaodigital.com.br/Cubatao-SP/LeisOrdinarias/3911\" target=\"_self\" title=\"\">LEI N\u00ba 3.911 DE 20/06/2018</a></strong></td>\r\n</tr>\r\n<tr>\r\n<td>2.167/<span>2017</span></td>\r\n<td style=\"text-align: center; \"><em>Rafael de Souza Villar<br /></em></td>\r\n<td style=\"text-align: center; \"><strong>PL 107</strong></td>\r\n<td><b>31/10/2017</b></td>\r\n<td><strong><a title=\"\" href=\"https://www.cubatao.sp.leg.br/processo-legislativo/projetos-de-lei/arquivos/pl-2017/copy_of_PL107.pdf\" class=\"internal-link\" target=\"_self\">INSTITUI O \"PROGRAMA MUNICIPAL DE ARBORIZA\u00c7\u00c3O URBANA\" NO MUNIC\u00cdPIO E D\u00c1 OUTRAS PROVID\u00caNCIAS.</a></strong></td>\r\n<td><a title=\"\" href=\"https://www.cubatao.sp.leg.br/processo-legislativo/projetos-de-lei/arquivos/pl-2017/PL107.pdf\" class=\"internal-link\" target=\"_self\"><span class=\"internal-link\"><img src=\"https://www.cubatao.sp.leg.br/institucional/fotos/Leis.png/@@images/50f19765-9209-4c00-80de-1a5396782012.png\" alt=\"Leis.png\" class=\"image-inline\" title=\"Leis.png\" /></span></a></td>\r\n<td><strong><a class=\"external-link\" href=\"https://www.legislacaodigital.com.br/Cubatao-SP/LeisOrdinarias/3931\" target=\"_self\" title=\"\">LEI N\u00ba 3.931 DE 20/08/2018</a></strong></td>\r\n</tr>\r\n<tr>\r\n<td>2.210</td>\r\n<td style=\"text-align: center; \">Wilson Pio dos Reis</td>\r\n<td style=\"text-align: center; \">PL 108</td>\r\n<td>07/11/2017</td>\r\n<td><a title=\"\" href=\"https://www.cubatao.sp.leg.br/processo-legislativo/projetos-de-lei/arquivos/pl-2017/copy_of_PL108.pdf\" class=\"internal-link\" target=\"_self\">DECLARA DE UTILIDADE P\u00daBLICA A ENTIDADE QUE MENCIONA E D\u00c1 OUTRAS PROVID\u00caNCIAS.</a></td>\r\n<td><a title=\"\" href=\"https://www.cubatao.sp.leg.br/processo-legislativo/projetos-de-lei/arquivos/pl-2017/PL108.pdf\" class=\"internal-link\" target=\"_self\"><span class=\"internal-link\"><span class=\"internal-link\"><img src=\"https://www.cubatao.sp.leg.br/institucional/fotos/Leis.png/@@images/50f19765-9209-4c00-80de-1a5396782012.png\" alt=\"Leis.png\" class=\"image-inline\" title=\"Leis.png\" /></span></span></a></td>\r\n<td><strong></strong>LEI N\u00ba 3.866 DE 14/12/2017</td>\r\n</tr>\r\n<tr>\r\n<td>2.211/<span>2017</span></td>\r\n<td style=\"text-align: center; \"><em>Rodrigo Ramos Soares<br /></em></td>\r\n<td style=\"text-align: center; \"><strong>PL 109</strong></td>\r\n<td><b>07/11/2017</b></td>\r\n<td><a title=\"\" href=\"https://www.cubatao.sp.leg.br/processo-legislativo/projetos-de-lei/arquivos/pl-2017/copy_of_PL109.pdf\" class=\"internal-link\" target=\"_self\">INSTITUI DIA DO CANTO CORAL, E D\u00c1 OUTRAS PROVID\u00caNCIAS</a></td>\r\n<td><a title=\"\" href=\"https://www.cubatao.sp.leg.br/processo-legislativo/projetos-de-lei/arquivos/pl-2017/PL109.pdf\" class=\"internal-link\" target=\"_self\"><span class=\"internal-link\"><span class=\"internal-link\"><img src=\"https://www.cubatao.sp.leg.br/institucional/fotos/Leis.png/@@images/50f19765-9209-4c00-80de-1a5396782012.png\" alt=\"Leis.png\" class=\"image-inline\" title=\"Leis.png\" /></span></span></a></td>\r\n<td><strong>DVL CONCLUSO EM 14/11/2017</strong></td>\r\n</tr>\r\n<tr>\r\n<td>2.217/2017</td>\r\n<td style=\"text-align: center; \">Aguinaldo Alves de Ara\u00fajo<strong><i></i></strong></td>\r\n<td style=\"text-align: center; \"><strong>PL 110</strong></td>\r\n<td><strong>08/11/2017</strong></td>\r\n<td><a title=\"\" href=\"https://www.cubatao.sp.leg.br/processo-legislativo/projetos-de-lei/arquivos/pl-2017/PL110.pdf\" class=\"internal-link\" target=\"_self\">DECLARA DE UTILIDADE P\u00daBLICA A ENTIDADE QUE MENCIONA E D\u00c1 OUTRAS PROVID\u00caNCIAS<strong><b></b></strong></a></td>\r\n<td><span class=\"internal-link\"><span class=\"internal-link\"><a title=\"\" href=\"https://www.cubatao.sp.leg.br/processo-legislativo/projetos-de-lei/arquivos/pl-2017/PL110.pdf\" class=\"internal-link\" target=\"_self\"><img src=\"https://www.cubatao.sp.leg.br/institucional/fotos/Leis.png/@@images/50f19765-9209-4c00-80de-1a5396782012.png\" alt=\"Leis.png\" class=\"image-inline\" title=\"Leis.png\" /></a></span></span></td>\r\n<td><strong><a class=\"external-link\" href=\"https://www.legislacaodigital.com.br/Cubatao-SP/LeisOrdinarias/3889\" target=\"_self\" title=\"\">LEI N\u00ba 3.889 10/04/2018</a></strong></td>\r\n</tr>\r\n<tr>\r\n<td>2.230/<span>2017</span></td>\r\n<td style=\"text-align: center; \"><em>Rodrigo Ramos Soares<br /></em></td>\r\n<td style=\"text-align: center; \"><strong>PL 111</strong></td>\r\n<td><b>09/11/2017</b></td>\r\n<td><strong><a title=\"Projetos de Lei 2017\" href=\"https://www.cubatao.sp.leg.br/processo-legislativo/projetos-de-lei/arquivos/pl-2017/PL111.pdf\" class=\"internal-link\" target=\"_self\">INSTITUI NO CALEND\u00c1RIO OFICIAL DO MUNIC\u00cdPIO DE CUBAT\u00c3O A FESTA DE S\u00c3O FRANCISCO DE ASSIS, E D\u00c1 OUTRAS PROVID\u00caNCIAS.</a></strong></td>\r\n<td><a title=\"\" href=\"https://www.cubatao.sp.leg.br/processo-legislativo/projetos-de-lei/arquivos/pl-2017/PL111.pdf\" class=\"internal-link\" target=\"_self\"><img src=\"https://www.cubatao.sp.leg.br/institucional/fotos/Leis.png/@@images/50f19765-9209-4c00-80de-1a5396782012.png\" alt=\"Leis.png\" class=\"image-inline\" title=\"Leis.png\" /></a></td>\r\n<td><strong><a class=\"external-link\" href=\"http://http//consulta.siscam.com.br/camaracubatao/Normas/Exibir/10409\" target=\"_self\" title=\"\">LEI N\u00ba 3.879 DE 05/01/2018</a></strong></td>\r\n</tr>\r\n<tr>\r\n<td>2.258/<span>2017</span></td>\r\n<td style=\"text-align: center; \"><strong><i>ADEM\u00c1RIO SILVA OLIVEIRA</i></strong></td>\r\n<td style=\"text-align: center; \"><strong>PL 112</strong></td>\r\n<td><b>10/11/2017</b></td>\r\n<td><strong><a title=\"\" href=\"https://www.cubatao.sp.leg.br/processo-legislativo/projetos-de-lei/arquivos/pl-2017/PL112.pdf\" class=\"internal-link\" target=\"_self\">AUTORIZA O PODER EXECUTIVO A ABRIR CR\u00c9DITO SUPLEMENTAR NA IMPORT\u00c2NCIA DE R$ 1.500.000,00 (UM MILH\u00c3O E QUINHENTOS MIL REAIS) PARA O FIM QUE ESPECIFICA E D\u00c1 OUTRAS PROVID\u00caNCIAS.</a></strong></td>\r\n<td><a title=\"\" href=\"https://www.cubatao.sp.leg.br/processo-legislativo/projetos-de-lei/arquivos/pl-2017/PL112.pdf\" class=\"internal-link\" target=\"_self\"><img src=\"https://www.cubatao.sp.leg.br/institucional/fotos/Leis.png/@@images/50f19765-9209-4c00-80de-1a5396782012.png\" alt=\"Leis.png\" class=\"image-inline\" title=\"Leis.png\" /></a></td>\r\n<td><strong><a class=\"external-link\" href=\"http://http//consulta.siscam.com.br/camaracubatao/Normas/Exibir/10389\" target=\"_self\" title=\"\">LEI N\u00ba 3.860 DE 08/12/2017</a></strong></td>\r\n</tr>\r\n<tr>\r\n<td>2.259/<span>2017</span></td>\r\n<td style=\"text-align: center; \"><strong><i>ADEM\u00c1RIO SILVA OLIVEIRA</i></strong></td>\r\n<td style=\"text-align: center; \"><strong>PL 113</strong></td>\r\n<td><b>10/11/2017</b></td>\r\n<td><strong><a title=\"\" href=\"https://www.cubatao.sp.leg.br/processo-legislativo/projetos-de-lei/arquivos/pl-2017/PL113.pdf\" class=\"internal-link\" target=\"_self\">DISP\u00d5E SOBRE A CELEBRA\u00c7\u00c3O DE CONV\u00caNIO COM O ESTADO DE S\u00c3O PAULO, POR SUA SECRETARIA DE FAZENDA, E A PREFEITURA MUNICIPAL DE CUBAT\u00c3O, PARA O FIM QUE MENCIONA, E D\u00c1 OUTRAS PROVID\u00caNCIAS.</a></strong></td>\r\n<td><a title=\"\" href=\"https://www.cubatao.sp.leg.br/processo-legislativo/projetos-de-lei/arquivos/pl-2017/PL113.pdf\" class=\"internal-link\" target=\"_self\"><img src=\"https://www.cubatao.sp.leg.br/institucional/fotos/Leis.png/@@images/50f19765-9209-4c00-80de-1a5396782012.png\" alt=\"Leis.png\" class=\"image-inline\" title=\"Leis.png\" /></a></td>\r\n<td><b>LEI N\u00ba 3.865 DE 14/12/2017</b></td>\r\n</tr>\r\n<tr>\r\n<td>2.301/<span>2017</span></td>\r\n<td style=\"text-align: center; \"><strong><i>ADEM\u00c1RIO DA SILVA OLIVEIRA</i></strong></td>\r\n<td style=\"text-align: center; \"><strong>PELOM 08<br /></strong></td>\r\n<td><b>17/11/2017</b></td>\r\n<td><a title=\"\" href=\"https://www.cubatao.sp.leg.br/processo-legislativo/projetos-de-lei/arquivos/pl-2017/PELOM08.pdf\" class=\"internal-link\" target=\"_self\"><strong><span class=\"internal-link\">CRIA O INCISO VIII DO ARTIGO 117 DA LEI ORG\u00c2NICA DO MUNIC\u00cdPIO, E D\u00c1 OUTRAS PROVID\u00caNCIAS.</span></strong></a></td>\r\n<td><a title=\"\" href=\"https://www.cubatao.sp.leg.br/processo-legislativo/projetos-de-lei/arquivos/pl-2017/copy2_of_PELOM08.pdf\" class=\"internal-link\" target=\"_self\"><span class=\"internal-link\"><span class=\"internal-link\"><img src=\"https://www.cubatao.sp.leg.br/institucional/fotos/Leis.png/@@images/50f19765-9209-4c00-80de-1a5396782012.png\" alt=\"Leis.png\" class=\"image-inline\" title=\"Leis.png\" /></span></span><span class=\"internal-link\"></span></a></td>\r\n<td><strong>EMENDA \u00c0 LEI ORG\u00c2NICA N\u00ba 29 DE 12/12/2017</strong></td>\r\n</tr>\r\n<tr>\r\n<td>2.302/<span>2017</span></td>\r\n<td style=\"text-align: center; \"><strong><i>ADEM\u00c1RIO DA SILVA OLIVEIRA</i></strong></td>\r\n<td style=\"text-align: center; \"><strong>PL 114<br /></strong></td>\r\n<td><b>17/11/2017</b></td>\r\n<td><a title=\"\" href=\"https://www.cubatao.sp.leg.br/processo-legislativo/projetos-de-lei/arquivos/pl-2017/PL115.pdf\" class=\"internal-link\" target=\"_self\"><span class=\"internal-link\"><strong><span class=\"internal-link\">INSTITUI O PROGRAMA MUNICIPAL \"ADOTE UMA ESCOLA\" E D\u00c1 OUTRAS PROVID\u00caNCIAS.</span></strong></span></a></td>\r\n<td><a title=\"\" href=\"https://www.cubatao.sp.leg.br/processo-legislativo/projetos-de-lei/arquivos/pl-2017/copy_of_PL115.pdf\" class=\"internal-link\" target=\"_self\"><span class=\"internal-link\"><span class=\"internal-link\"><img src=\"https://www.cubatao.sp.leg.br/institucional/fotos/Leis.png/@@images/50f19765-9209-4c00-80de-1a5396782012.png\" alt=\"Leis.png\" class=\"image-inline\" title=\"Leis.png\" /></span></span><span class=\"internal-link\"></span></a></td>\r\n<td><b>LEI N\u00ba 3.874 DE 21/12/2.017</b></td>\r\n</tr>\r\n<tr>\r\n<td>2.379/<span>2017</span></td>\r\n<td style=\"text-align: center; \"><strong><i>ADEM\u00c1RIO DA SILVA OLIVEIRA</i></strong></td>\r\n<td style=\"text-align: center; \"><strong>PLC 115<br /></strong></td>\r\n<td><b>29/11/2017</b></td>\r\n<td><span class=\"internal-link\"><strong><span class=\"internal-link\"><a title=\"\" href=\"https://www.cubatao.sp.leg.br/processo-legislativo/projetos-de-lei/arquivos/pl-2017/copy_of_PLC115.pdf\" class=\"internal-link\" target=\"_self\">INSTITUI A CONTRIBUI\u00c7\u00c3O PARA CUSTEIO DO SERVI\u00c7O DE ILUMINA\u00c7\u00c3O P\u00daBLICA \u2013 CIP, PREVISTA NO ARTIGO 149-A DA CONSTITUI\u00c7\u00c3O FEDERAL,\u00a0 E D\u00c1 OUTRAS PROVID\u00caNCIAS.</a></span></strong></span></td>\r\n<td><a title=\"\" href=\"https://www.cubatao.sp.leg.br/processo-legislativo/projetos-de-lei/arquivos/pl-2017/PLC115.pdf\" class=\"internal-link\" target=\"_self\"><span class=\"internal-link\"><span class=\"internal-link\"><img src=\"https://www.cubatao.sp.leg.br/institucional/fotos/Leis.png/@@images/50f19765-9209-4c00-80de-1a5396782012.png\" alt=\"Leis.png\" class=\"image-inline\" title=\"Leis.png\" /></span></span><span class=\"internal-link\"></span></a></td>\r\n<td><strong><a class=\"external-link\" href=\"http://http//consulta.siscam.com.br/camaracubatao/Normas/Exibir/10410\" target=\"_self\" title=\"\">LEI COMPLEMENTAR N\u00ba 96 DE 26/12/2017</a></strong></td>\r\n</tr>\r\n<tr>\r\n<td>2.380/<span>2017</span></td>\r\n<td style=\"text-align: center; \"><strong><i>ADEM\u00c1RIO DA SILVA OLIVEIRA</i></strong></td>\r\n<td style=\"text-align: center; \"><strong>PL 116<br /></strong></td>\r\n<td><b>29/11/2017</b></td>\r\n<td><span class=\"internal-link\"><strong><span class=\"internal-link\"><a title=\"\" href=\"https://www.cubatao.sp.leg.br/processo-legislativo/projetos-de-lei/arquivos/pl-2017/copy_of_PL116.pdf\" class=\"internal-link\" target=\"_self\">ALTERA E REVOGA DISPOSITIVOS DA LEI N\u00ba 3.575, DE 20 DE MAR\u00c7O DE 2013, QUE INSTITUIU O SISTEMA DE BILHETAGEM ELETR\u00d4NICA NOS SERVI\u00c7OS DE TRANSPORTE COLETIVO DE PASSAGEIROS POR \u00d4NIBUS, NO MUNIC\u00cdPIO DE CUBAT\u00c3O, E ALTERA DISPOSITIVO DA LEI N\u00ba 2.940, DE 24 DE AGOSTO DE 2.004, QUE DISP\u00d5E SOBRE A ATIVIDADE DE MOTORISTA DE \u00d4NIBUS COLETIVO DE TRANSPORTE EM LINHAS MUNICIPAIS,,\u00a0 E D\u00c1 OUTRAS PROVID\u00caNCIAS.</a></span></strong></span></td>\r\n<td><a title=\"\" href=\"https://www.cubatao.sp.leg.br/processo-legislativo/projetos-de-lei/arquivos/pl-2017/PL116.pdf\" class=\"internal-link\" target=\"_self\"><span class=\"internal-link\"><span class=\"internal-link\"><img src=\"https://www.cubatao.sp.leg.br/institucional/fotos/Leis.png/@@images/50f19765-9209-4c00-80de-1a5396782012.png\" alt=\"Leis.png\" class=\"image-inline\" title=\"Leis.png\" /></span></span><span class=\"internal-link\"></span></a></td>\r\n<td><strong><a class=\"external-link\" href=\"http://http//consulta.siscam.com.br/camaracubatao/Normas/Exibir/10406\" target=\"_self\" title=\"\">LEI ORDIN\u00c1RIA N\u00ba 3.876 DE 26/12/2017</a></strong></td>\r\n</tr>\r\n<tr>\r\n<td>2.400/<span>2017</span></td>\r\n<td style=\"text-align: center; \"><strong><i>ADEM\u00c1RIO DA SILVA OLIVEIRA</i></strong></td>\r\n<td style=\"text-align: center; \"><strong>PL 117<br /></strong></td>\r\n<td><b>04/12/2017</b></td>\r\n<td><a title=\"\" href=\"https://www.cubatao.sp.leg.br/processo-legislativo/projetos-de-lei/arquivos/pl-2017/copy_of_PL1172017.pdf\" class=\"internal-link\" target=\"_self\">CRIA O FUNDO DE DEFESA CIVIL DO MUNIC\u00cdPIO DE CUBAT\u00c3O (FUMDEC) E D\u00c1 OUTRAS PROVID\u00caNCIAS.</a></td>\r\n<td><a title=\"\" href=\"https://www.cubatao.sp.leg.br/processo-legislativo/projetos-de-lei/arquivos/pl-2017/PL1172017.pdf\" class=\"internal-link\" target=\"_self\"><span class=\"internal-link\"><span class=\"internal-link\"><img src=\"https://www.cubatao.sp.leg.br/institucional/fotos/Leis.png/@@images/50f19765-9209-4c00-80de-1a5396782012.png\" alt=\"Leis.png\" class=\"image-inline\" title=\"Leis.png\" /></span></span><span class=\"internal-link\"></span></a></td>\r\n<td><strong><a class=\"external-link\" href=\"http://http//consulta.siscam.com.br/camaracubatao/Normas/Exibir/10407\" target=\"_self\" title=\"\">LEI ORDIN\u00c1RIA N\u00ba 3.877 DE 26/12/2017</a></strong></td>\r\n</tr>\r\n<tr>\r\n<td>2.402/<span>2017</span></td>\r\n<td style=\"text-align: center; \"><strong><i>IVAN DA SILVA</i></strong></td>\r\n<td style=\"text-align: center; \"><strong>PL 118<br /></strong></td>\r\n<td><b>04/12/2017</b></td>\r\n<td><a title=\"\" href=\"https://www.cubatao.sp.leg.br/processo-legislativo/projetos-de-lei/arquivos/pl-2017/copy_of_PL1182017.pdf\" class=\"internal-link\" target=\"_self\">INSTITUI, NO \u00c2MBITO DO SISTEMA MUNICIPAL DE ENSINO, PROTE\u00c7\u00c3O \u00c0S CRIAN\u00c7AS DE TEXTOS, IMAGENS, V\u00cdDEOS E M\u00daSICAS PORNOGR\u00c1FICAS, E D\u00c1 OUTRAS PROVID\u00caNCIAS.</a></td>\r\n<td><a title=\"\" href=\"https://www.cubatao.sp.leg.br/processo-legislativo/projetos-de-lei/arquivos/pl-2017/PL1182017.pdf\" class=\"internal-link\" target=\"_self\"><span class=\"internal-link\"><span class=\"internal-link\"><img src=\"https://www.cubatao.sp.leg.br/institucional/fotos/Leis.png/@@images/50f19765-9209-4c00-80de-1a5396782012.png\" alt=\"Leis.png\" class=\"image-inline\" title=\"Leis.png\" /></span></span><span class=\"internal-link\"></span></a></td>\r\n<td><strong>DVL CONCLUSO EM 20/03/2018</strong></td>\r\n</tr>\r\n<tr>\r\n<td>2.442/<span>2017</span></td>\r\n<td style=\"text-align: center; \"><strong><i>ANTONIO VIEIRA DA SILVA</i></strong></td>\r\n<td style=\"text-align: center; \"><strong>PDL 05<br /></strong></td>\r\n<td><b>08/12/2017</b></td>\r\n<td><a title=\"\" href=\"https://www.cubatao.sp.leg.br/processo-legislativo/projetos-de-lei/arquivos/pl-2017/copy_of_PDL05.pdf\" class=\"internal-link\" target=\"_self\">INSTITUI A CAMPANHA DA FRATERNIDADE NA C\u00c2MARA MUNICIPAL DE CUBAT\u00c3O E D\u00c1 OUTRAS PROVID\u00caNCIAS.</a></td>\r\n<td><a title=\"\" href=\"https://www.cubatao.sp.leg.br/processo-legislativo/projetos-de-lei/arquivos/pl-2017/PDL05.pdf\" class=\"internal-link\" target=\"_self\"><span class=\"internal-link\"><span class=\"internal-link\"><img src=\"https://www.cubatao.sp.leg.br/institucional/fotos/Leis.png/@@images/50f19765-9209-4c00-80de-1a5396782012.png\" alt=\"Leis.png\" class=\"image-inline\" title=\"Leis.png\" /></span></span><span class=\"internal-link\"></span></a></td>\r\n<td><b>DECRETO LEGISLATIVO N\u00ba 147 DE 27 DE FEVEREIRO DE 2018</b></td>\r\n</tr>\r\n<tr>\r\n<td>2.444/<span>2017</span></td>\r\n<td style=\"text-align: center; \"><strong><i>ADEM\u00c1RIO DA SILVA OLIVEIRA</i></strong></td>\r\n<td style=\"text-align: center; \"><strong>PL 119<br /></strong></td>\r\n<td><b>11/12/2017</b></td>\r\n<td><a title=\"\" href=\"https://www.cubatao.sp.leg.br/processo-legislativo/projetos-de-lei/arquivos/pl-2017/copy_of_PL119.pdf\" class=\"internal-link\" target=\"_self\">ESTABELECE NOS TERMOS DO ARTIGO 105 DO ATO DAS DISPOSI\u00c7\u00d5ES TRANSIT\u00d3RIAS DA CONSTITUI\u00c7\u00c3O DA REP\u00daBLICA FEDERATIVA DO BRASIL, OS REQUISITOS PARA A COMPENSA\u00c7\u00c3O DE CR\u00c9DITOS INSCRITOS NA D\u00cdVIDA ATIVA DE NATUREZA TRIBUT\u00c1RIA OU DE OUTRA NATUREZA, COM PRECAT\u00d3RIOS DO MUNIC\u00cdPIO DE CUBAT\u00c3O, SUAS AUTARQUIAS E FUNDA\u00c7\u00d5ES.</a></td>\r\n<td><a title=\"\" href=\"https://www.cubatao.sp.leg.br/processo-legislativo/projetos-de-lei/arquivos/pl-2017/PL119.pdf\" class=\"internal-link\" target=\"_self\"><span class=\"internal-link\"><span class=\"internal-link\"><img src=\"https://www.cubatao.sp.leg.br/institucional/fotos/Leis.png/@@images/50f19765-9209-4c00-80de-1a5396782012.png\" alt=\"Leis.png\" class=\"image-inline\" title=\"Leis.png\" /></span></span></a><span class=\"internal-link\"></span></td>\r\n<td><strong><a class=\"external-link\" href=\"http://http//consulta.siscam.com.br/camaracubatao/Normas/Exibir/10408\" target=\"_self\" title=\"\">LEI N\u00ba 3.878 DE 26/12/2017</a></strong></td>\r\n</tr>\r\n<tr>\r\n<td>2.447/<span>2017</span></td>\r\n<td style=\"text-align: center; \"><strong><i>ADEM\u00c1RIO DA SILVA OLIVEIRA</i></strong></td>\r\n<td style=\"text-align: center; \"><strong>PL 120<br /></strong></td>\r\n<td><b>12/12/2017</b></td>\r\n<td><a title=\"\" href=\"https://www.cubatao.sp.leg.br/processo-legislativo/projetos-de-lei/arquivos/pl-2017/copy_of_PL120.pdf\" class=\"internal-link\" target=\"_self\">AUTORIZA O PODER EXECUTIVO A EFETUAR TRANSFER\u00caNCIA FINANCEIRA AO FUNDO DE PREVID\u00caNCIA DOS SERVIDORES P\u00daBLICOS MUNICIPAIS DE CUBAT\u00c3O - FUNPREVI, NA IMPORT\u00c2NCIA DE R$ 1.574.000,00 (UM MILH\u00c3O, QUINHENTOS E SETENTA E QUATRO MIL REAIS), E D\u00c1 OUTRAS PROVID\u00caNCIAS.</a></td>\r\n<td><a title=\"\" href=\"https://www.cubatao.sp.leg.br/processo-legislativo/projetos-de-lei/arquivos/pl-2017/PL120.pdf\" class=\"internal-link\" target=\"_self\"><span class=\"internal-link\"><span class=\"internal-link\"><img src=\"https://www.cubatao.sp.leg.br/institucional/fotos/Leis.png/@@images/50f19765-9209-4c00-80de-1a5396782012.png\" alt=\"Leis.png\" class=\"image-inline\" title=\"Leis.png\" /></span></span><span class=\"internal-link\"></span></a></td>\r\n<td><strong><a class=\"external-link\" href=\"https://www.legislacaodigital.com.br/Cubatao-SP/LeisOrdinarias/3862\" target=\"_self\" title=\"\">LEI N\u00ba 3.862 DE 13/12/2017</a></strong></td>\r\n</tr>\r\n<tr>\r\n<td>2.448/<span>2017</span></td>\r\n<td style=\"text-align: center; \"><strong><i>ADEM\u00c1RIO DA SILVA OLIVEIRA</i></strong></td>\r\n<td style=\"text-align: center; \"><strong>PL 121<br /></strong></td>\r\n<td><b>12/12/2017</b></td>\r\n<td><a title=\"\" href=\"https://www.cubatao.sp.leg.br/processo-legislativo/projetos-de-lei/arquivos/pl-2017/copy_of_PL121.pdf\" class=\"internal-link\" target=\"_self\">AUTORIZA O PODER EXECUTIVO A ABRIR CR\u00c9DITO SUPLEMENTAR NA IMPORT\u00c2NCIA DE R$ 8.620.000,00 (OITO MILH\u00d5ES, SEISCENTOS E VINTE MIL REAIS), PARA O FIM QUE ESPECIFICA E D\u00c1 OUTRAS PROVID\u00caNCIAS.</a></td>\r\n<td><a title=\"\" href=\"https://www.cubatao.sp.leg.br/processo-legislativo/projetos-de-lei/arquivos/pl-2017/PL121.pdf\" class=\"internal-link\" target=\"_self\"><span class=\"internal-link\"><span class=\"internal-link\"><img src=\"https://www.cubatao.sp.leg.br/institucional/fotos/Leis.png/@@images/50f19765-9209-4c00-80de-1a5396782012.png\" alt=\"Leis.png\" class=\"image-inline\" title=\"Leis.png\" /></span></span><span class=\"internal-link\"></span></a></td>\r\n<td><b>LEI N\u00ba 3.863 DE 13/12/2017</b></td>\r\n</tr>\r\n<tr>\r\n<td>2.449/<span>2017</span></td>\r\n<td style=\"text-align: center; \"><b><i>RAFAEL DE SOUZA VILLAR</i></b></td>\r\n<td style=\"text-align: center; \"><strong>PR 07<br /></strong></td>\r\n<td><b>12/12/2017</b></td>\r\n<td><a title=\"\" href=\"https://www.cubatao.sp.leg.br/processo-legislativo/projetos-de-lei/arquivos/pl-2017/copy_of_PR07.pdf\" class=\"internal-link\" target=\"_self\">DENOMINA VEREADOR PRESIDENTE JO\u00c3O SANTANA DE MOURA VILLAR A ESCOLA DO LEGISLATIVO E DA DEMOCRACIA NA C\u00c2MARA DE VEREADORES E D\u00c1 OUTRAS PROVID\u00caNCIAS.</a></td>\r\n<td><a title=\"\" href=\"https://www.cubatao.sp.leg.br/processo-legislativo/projetos-de-lei/arquivos/pl-2017/PR07.pdf\" class=\"internal-link\" target=\"_self\"><span class=\"internal-link\"><span class=\"internal-link\"><img src=\"https://www.cubatao.sp.leg.br/institucional/fotos/Leis.png/@@images/50f19765-9209-4c00-80de-1a5396782012.png\" alt=\"Leis.png\" class=\"image-inline\" title=\"Leis.png\" /></span></span><span class=\"internal-link\"></span></a></td>\r\n<td><strong>Resolu\u00e7\u00e3o n\u00ba 2.903 de 03 de abril de 2018</strong></td>\r\n</tr>\r\n<tr>\r\n<td>2.450/<span>2017</span></td>\r\n<td style=\"text-align: center; \"><b><i>RAFAEL DE SOUZA VILLAR</i></b></td>\r\n<td style=\"text-align: center; \"><strong>PR 08<br /></strong></td>\r\n<td><b>12/12/2017</b></td>\r\n<td><a title=\"\" href=\"https://www.cubatao.sp.leg.br/processo-legislativo/projetos-de-lei/arquivos/pl-2017/copy_of_PR08.pdf\" class=\"internal-link\" target=\"_self\">CRIA A GALERIA DOS VEREADORES DO MUNIC\u00cdPIO DE CUBAT\u00c3O E D\u00c1 OUTRAS PROVID\u00caNCIAS.</a></td>\r\n<td><a title=\"\" href=\"https://www.cubatao.sp.leg.br/processo-legislativo/projetos-de-lei/arquivos/pl-2017/PR08.pdf\" class=\"internal-link\" target=\"_self\"><span class=\"internal-link\"><span class=\"internal-link\"><img src=\"https://www.cubatao.sp.leg.br/institucional/fotos/Leis.png/@@images/50f19765-9209-4c00-80de-1a5396782012.png\" alt=\"Leis.png\" class=\"image-inline\" title=\"Leis.png\" /></span></span><span class=\"internal-link\"></span></a></td>\r\n<td><strong>DVL CONCLUSO EM 03/05/2018</strong></td>\r\n</tr>\r\n<tr>\r\n<td>2.451/<span>2017</span></td>\r\n<td style=\"text-align: center; \"><b><i>RAFAEL DE SOUZA VILLAR</i></b></td>\r\n<td style=\"text-align: center; \"><strong>PL 122<br /></strong></td>\r\n<td><b>12/12/2017</b></td>\r\n<td><a title=\"\" href=\"https://www.cubatao.sp.leg.br/processo-legislativo/projetos-de-lei/arquivos/pl-2017/copy_of_PL122.pdf\" class=\"internal-link\" target=\"_self\">REGULAMENTA O ARTIGO 53 DA LEI ORG\u00c2NICA QUE TRATA DA INICIATIVA POPULAR NO MUNIC\u00cdPIO DE CUBAT\u00c3O E D\u00c1 OUTRAS PROVID\u00caNCIAS.</a></td>\r\n<td><a title=\"\" href=\"https://www.cubatao.sp.leg.br/processo-legislativo/projetos-de-lei/arquivos/pl-2017/PL122.pdf\" class=\"internal-link\" target=\"_self\"><span class=\"internal-link\"><span class=\"internal-link\"><img src=\"https://www.cubatao.sp.leg.br/institucional/fotos/Leis.png/@@images/50f19765-9209-4c00-80de-1a5396782012.png\" alt=\"Leis.png\" class=\"image-inline\" title=\"Leis.png\" /></span></span><span class=\"internal-link\"></span></a></td>\r\n<td><b>DVL CONCLUSO EM 22/05/2019</b></td>\r\n</tr>\r\n<tr>\r\n<td>2.452/<span>2017</span></td>\r\n<td style=\"text-align: center; \"><b><i>RAFAEL DE SOUZA VILLAR</i></b></td>\r\n<td style=\"text-align: center; \"><strong>PL 123<br /></strong></td>\r\n<td><b>12/12/2017</b></td>\r\n<td><a title=\"\" href=\"https://www.cubatao.sp.leg.br/processo-legislativo/projetos-de-lei/arquivos/pl-2017/copy_of_PL123.pdf\" class=\"internal-link\" target=\"_self\">DISP\u00d5E SOBRE A POL\u00cdTICA DE SUSTENTABILIDADE DO MUNIC\u00cdPIO DE CUBAT\u00c3O E D\u00c1 OUTRAS PROVID\u00caNCIAS.</a></td>\r\n<td><a title=\"\" href=\"https://www.cubatao.sp.leg.br/processo-legislativo/projetos-de-lei/arquivos/pl-2017/PL123.pdf\" class=\"internal-link\" target=\"_self\"><span class=\"internal-link\"><span class=\"internal-link\"><img src=\"https://www.cubatao.sp.leg.br/institucional/fotos/Leis.png/@@images/50f19765-9209-4c00-80de-1a5396782012.png\" alt=\"Leis.png\" class=\"image-inline\" title=\"Leis.png\" /></span></span><span class=\"internal-link\"></span></a></td>\r\n<td><strong><a class=\"external-link\" href=\"https://www.legislacaodigital.com.br/Cubatao-SP/LeisOrdinarias/3955\" target=\"_self\" title=\"\">LEI N\u00ba 3.955 DE 14/11/2018</a></strong></td>\r\n</tr>\r\n<tr>\r\n<td>2.488/<span>2017</span></td>\r\n<td style=\"text-align: center; \"><b><i>ANDERSON DE LANA ANDRADE</i></b></td>\r\n<td style=\"text-align: center; \"><strong>PL 124<br /></strong></td>\r\n<td><b>18/12/2017</b></td>\r\n<td><a title=\"\" href=\"https://www.cubatao.sp.leg.br/processo-legislativo/projetos-de-lei/arquivos/pl-2017/copy4_of_PL1242017.pdf\" class=\"internal-link\" target=\"_self\">DISP\u00d5E SOBRE A PROIBI\u00c7\u00c3O DA VENDA, REPRODU\u00c7\u00c3O E CRIA\u00c7\u00c3O DE ANIMAIS EM PET SHOP NO MUNIC\u00cdPIO DE CUBAT\u00c3O E D\u00c1 OUTRAS PROVID\u00caNCIAS.</a></td>\r\n<td><a title=\"\" href=\"https://www.cubatao.sp.leg.br/processo-legislativo/projetos-de-lei/arquivos/pl-2017/copy3_of_PL1242017.pdf\" class=\"internal-link\" target=\"_self\"><span class=\"internal-link\"><span class=\"internal-link\"><img src=\"https://www.cubatao.sp.leg.br/institucional/fotos/Leis.png/@@images/50f19765-9209-4c00-80de-1a5396782012.png\" alt=\"Leis.png\" class=\"image-inline\" title=\"Leis.png\" /></span></span><span class=\"internal-link\"></span></a></td>\r\n<td><strong>ASSESSORIA JUR\u00cdDICA EM 18/12/2017</strong></td>\r\n</tr>\r\n<tr>\r\n<td>2.497/<span>2017</span></td>\r\n<td style=\"text-align: center; \"><b><i>ADEM\u00c1RIO DA SILVA OLIVEIRA</i></b></td>\r\n<td style=\"text-align: center; \"><strong>PL 125<br /></strong></td>\r\n<td><b>18/12/2017</b></td>\r\n<td><a title=\"\" href=\"https://www.cubatao.sp.leg.br/processo-legislativo/projetos-de-lei/arquivos/pl-2017/copy_of_PL1252017PARAESTUDO.pdf\" class=\"internal-link\" target=\"_self\">AUTORIZA O PODER EXECUTIVO A CELEBRAR CONV\u00caNIO COM GOVERNO DO ESTADO DE S\u00c3O PAULO, ATRAV\u00c9S DE SUA SECRETARIA MUNICIPAL DO MEIO AMBIENTE, PARA A CONJUGA\u00c7\u00c3O DE ESFOR\u00c7OS VOLTADOS A IMPLANTA\u00c7\u00c3O DE SISTEMA DE VIGIL\u00c2NCIA AMBIENTAL NO MUNIC\u00cdPIO DE CUBAT\u00c3O E D\u00c1 OUTRAS PROVID\u00caNCIAS.</a></td>\r\n<td><a title=\"\" href=\"https://www.cubatao.sp.leg.br/processo-legislativo/projetos-de-lei/arquivos/pl-2017/copy2_of_PL1252017PARAESTUDO.pdf\" class=\"internal-link\" target=\"_self\"><span class=\"internal-link\"><span class=\"internal-link\"><img src=\"https://www.cubatao.sp.leg.br/institucional/fotos/Leis.png/@@images/50f19765-9209-4c00-80de-1a5396782012.png\" alt=\"Leis.png\" class=\"image-inline\" title=\"Leis.png\" /></span></span><span class=\"internal-link\"></span></a></td>\r\n<td>\r\n<p><strong>RETIRADO PELO AUTOR EM 08/03/2018</strong></p>\r\n</td>\r\n</tr>\r\n<tr>\r\n<td>2.504/<span>2017</span></td>\r\n<td style=\"text-align: center; \"><b><i>ANDERSON DE LANA ANDRADE</i></b></td>\r\n<td style=\"text-align: center; \"><strong>PL 126<br /></strong></td>\r\n<td><b>21/12/2017</b></td>\r\n<td><a title=\"\" href=\"https://www.cubatao.sp.leg.br/processo-legislativo/projetos-de-lei/arquivos/pl-2017/PL126.pdf\" class=\"internal-link\" target=\"_self\">INSTITUI A \"SEMANA MUNICIPAL DE ARTES MARCIAIS\" E D\u00c1 OUTRAS PROVID\u00caNCIAS.</a></td>\r\n<td><a title=\"\" href=\"https://www.cubatao.sp.leg.br/processo-legislativo/projetos-de-lei/arquivos/pl-2017/copy_of_PL126.pdf\" class=\"internal-link\" target=\"_self\"><span class=\"internal-link\"><span class=\"internal-link\"><img src=\"https://www.cubatao.sp.leg.br/institucional/fotos/Leis.png/@@images/50f19765-9209-4c00-80de-1a5396782012.png\" alt=\"Leis.png\" class=\"image-inline\" title=\"Leis.png\" /></span></span><span class=\"internal-link\"></span></a></td>\r\n<td><strong><a class=\"external-link\" href=\"https://www.legislacaodigital.com.br/Cubatao-SP/LeisOrdinarias/3891\" target=\"_self\" title=\"\">LEI N\u00ba 3.891 DE 19/04/2018</a></strong></td>\r\n</tr>\r\n<tr>\r\n<td></td>\r\n<td style=\"text-align: center; \"><b><i></i></b></td>\r\n<td style=\"text-align: center; \"></td>\r\n<td></td>\r\n<td></td>\r\n<td></td>\r\n<td><strong><a class=\"external-link\" href=\"https://www.legislacaodigital.com.br/Cubatao-SP/LeisOrdinarias/3891\" target=\"_self\" title=\"\"></a></strong></td>\r\n</tr>\r\n</tbody>\r\n</table>", "author_name": "cuo", "version": "1.0", "author_url": "https://www.cubatao.sp.leg.br/author/cuo", "provider_name": "C\u00e2mara Municipal de Cubat\u00e3o", "type": "rich"}