{"provider_url": "https://www.cubatao.sp.leg.br", "title": "Projetos de Lei e Vetos - 2019", "html": "<p>\u00a0</p>\r\n<p>\u00a0</p>\r\n<table class=\"plain\">\r\n<tbody>\r\n<tr><th><em>Processo</em></th><th><em>Autoria</em></th><th><em>Tipo</em></th><th><em>Data</em></th><th><em>ASSUNTO /\u00a0</em><em>LINK</em></th><th><em>Situa\u00e7\u00e3o</em></th></tr>\r\n<tr>\r\n<td>1197</td>\r\n<td><b><b><b>ADEM\u00c1RIO DA SILVA OLIVEIRA</b></b></b></td>\r\n<td style=\"text-align: center; \"><b><strong>OF\u00cdCIO 802/2019</strong><br /><strong>VETO AO PL 23/2019</strong></b></td>\r\n<td><strong>20/12/2019</strong></td>\r\n<td>\r\n<p><b><a title=\"\" href=\"https://www.cubatao.sp.leg.br/processo-legislativo/projetos-de-lei/arquivos/pl-2019/oficio-802-2019_veto-ao-pl-23-2019\" class=\"internal-link\" target=\"_self\">VETO TOTAL DO PROJETO DE LEI N\u00b023/2019, QUE \"INSTITUI O 'PROGRAMA CL\u00cdNICA M\u00d3VEL ANIMAL' NO MUNIC\u00cdPIO DE CUBAT\u00c3O, E D\u00c1 OUTRAS PROVID\u00caNCIAS.</a></b></p>\r\n</td>\r\n<td>\r\n<p><b>DVL CONCLUSO EM 28/02/2020</b></p>\r\n</td>\r\n</tr>\r\n<tr>\r\n<td>1196</td>\r\n<td><b><b>RODRIGO RAMOS SOARES</b></b></td>\r\n<td style=\"text-align: center; \"><b>PL 181</b></td>\r\n<td><strong>20/12/2019</strong></td>\r\n<td>\r\n<p><b><a title=\"\" href=\"https://www.cubatao.sp.leg.br/processo-legislativo/projetos-de-lei/arquivos/pl-2019/pl1812019\" class=\"internal-link\" target=\"_self\">DENOMINA\"PADRE PRIMITIVO BALTAZAR FLORES ZAVALLOS\" O CONJUNTO HABITACIONAL QUE MENCIONA E D\u00c1 OUTRAS PROVID\u00caNCIAS.</a></b></p>\r\n</td>\r\n<td>\r\n<p><strong>TRAMITANDO EM 20/12/2019</strong></p>\r\n</td>\r\n</tr>\r\n<tr>\r\n<td>1178</td>\r\n<td><b><b>ADEM\u00c1RIO DA SILVA OLIVEIRA</b></b></td>\r\n<td style=\"text-align: center; \"><b>PLC 180</b></td>\r\n<td><strong>17/12/2019</strong></td>\r\n<td><strong><strong><a title=\"\" href=\"https://www.cubatao.sp.leg.br/processo-legislativo/projetos-de-lei/arquivos/pl-2019/pl1792019\" class=\"internal-link\" target=\"_self\"></a></strong></strong>\r\n<p><b><a title=\"\" href=\"https://www.cubatao.sp.leg.br/processo-legislativo/projetos-de-lei/arquivos/pl-2019/plc1802019\" class=\"internal-link\" target=\"_self\">INSTITUI A GUARDA CIVIL MUNICIPAL DE CUBAT\u00c3O -GCMC, CRIA CARGOS P\u00daBLICOS E CARREIRAS, ALTERA A ESTRUTURA ADMINISTRATIVA DA PREFEITURA MUNICIPAL DE CUBAT\u00c3O E D\u00c1 OUTRAS PROVID\u00caNCIAS.</a></b></p>\r\n<strong><a title=\"\" href=\"https://www.cubatao.sp.leg.br/processo-legislativo/projetos-de-lei/arquivos/pl-2019/pl1792019\" class=\"internal-link\" target=\"_self\"></a></strong></td>\r\n<td>\r\n<p><a class=\"external-link\" href=\"https://www.legislacaodigital.com.br/Cubatao-SP/LeisComplementares/112\" target=\"_self\" title=\"\">LEI COMPLEMENTAR N\u00ba 112 DE 27 DE DEZEMBRO DE 2019\u00a0</a></p>\r\n</td>\r\n</tr>\r\n<tr>\r\n<td>1173</td>\r\n<td><b>MESA DA C\u00c2MARA MUNICIPAL</b></td>\r\n<td style=\"text-align: center; \"><strong>PL 179</strong></td>\r\n<td><strong>13/12/2019</strong></td>\r\n<td><strong><a title=\"\" href=\"https://www.cubatao.sp.leg.br/processo-legislativo/projetos-de-lei/arquivos/pl-2019/pl1792019\" class=\"internal-link\" target=\"_self\">ALTERA A REDA\u00c7\u00c3O DO ARTIGO 4\u00ba DA LEI MUNICIPAL N.\u00ba 2.967, DE 29 DE DEZEMBRO DE 2.004, E D\u00c1 OUTRAS PROVID\u00caNCIAS.</a></strong></td>\r\n<td>\r\n<p><b>COMISS\u00d5ES EM 13/02/2020</b></p>\r\n</td>\r\n</tr>\r\n<tr>\r\n<td>1169</td>\r\n<td><b>ADEM\u00c1RIO DA SILVA OLIVEIRA</b></td>\r\n<td style=\"text-align: center; \"><strong>PLC 178</strong></td>\r\n<td><strong>11/12/2019</strong></td>\r\n<td><strong><a title=\"\" href=\"https://www.cubatao.sp.leg.br/processo-legislativo/projetos-de-lei/arquivos/pl-2019/plc1782019\" class=\"internal-link\" target=\"_self\">INSTITUI O PROGRAMA DE INCENTIVO AO DESENVOLVIMENTO SOCIOECON\u00d4MICO DO MUNIC\u00cdPIO DE CUBAT\u00c3O E D\u00c1 OUTRAS PROVID\u00caNCIAS.</a></strong></td>\r\n<td><a class=\"external-link\" href=\"https://www.legislacaodigital.com.br/Cubatao-SP/LeisComplementares/111\" target=\"_self\" title=\"\">LEI COMPLEMENTAR N\u00ba 111 DE 27 DE DEZEMBRO DE 2019</a></td>\r\n</tr>\r\n<tr>\r\n<td>1168</td>\r\n<td><b><b>ADEM\u00c1RIO DA SILVA OLIVEIRA</b></b></td>\r\n<td style=\"text-align: center; \"><strong>PL 177</strong></td>\r\n<td><strong>11/12/2019</strong></td>\r\n<td><strong><a title=\"\" href=\"https://www.cubatao.sp.leg.br/processo-legislativo/projetos-de-lei/arquivos/pl-2019/pl1772019\" class=\"internal-link\" target=\"_self\">AUTORIZA O PODER EXECUTIVO A CONCEDER AUX\u00cdLIO FINANCEIRO AO 2\u00ba SUBGRUPAMENTO DO 6\u00ba GRUPAMENTO DE BOMBEIROS DO ESTADO DE S\u00c3O PAULO, MUNIC\u00cdPIO DE CUBAT\u00c3O, E D\u00c1 OUTRAS PROVID\u00caNCIAS.</a></strong></td>\r\n<td><a class=\"external-link\" href=\"http://LEI N\u00ba 4.067 DE 27 DE DEZEMBRO DE 2019\" target=\"_self\" title=\"\">LEI N\u00ba 4.067 DE 27 DE DEZEMBRO DE 2019\u00a0</a></td>\r\n</tr>\r\n<tr>\r\n<td>1156</td>\r\n<td><b>JOEMERSON ALVES\u00a0 DE SOUZA</b></td>\r\n<td style=\"text-align: center; \"><strong>PL 176</strong></td>\r\n<td><strong>11/12/2019</strong></td>\r\n<td><strong><a title=\"\" href=\"https://www.cubatao.sp.leg.br/processo-legislativo/projetos-de-lei/arquivos/pl-2019/pl-1762019\" class=\"internal-link\" target=\"_self\">DECLARA DE UTILIDADE P\u00daBLICA A ENTIDADE QUE MENCIONA E D\u00c1 OUTRAS PROVID\u00caNCIAS.</a></strong></td>\r\n<td><b>ASSESSORIA EM 11/12/2019</b></td>\r\n</tr>\r\n<tr>\r\n<td>1155</td>\r\n<td><b>ADEM\u00c1RIO DA SILVA OLIVEIRA</b></td>\r\n<td style=\"text-align: center; \"><strong>PLC 175</strong></td>\r\n<td><strong>10/12/2019</strong></td>\r\n<td><strong><a title=\"\" href=\"https://www.cubatao.sp.leg.br/processo-legislativo/projetos-de-lei/arquivos/pl-2019/plc1752019\" class=\"internal-link\" target=\"_self\">DISP\u00d5E SOBRE A INSTALA\u00c7\u00c3O DE SISTEMAS DE TRANSMISS\u00c3O DE TELECOMUNICA\u00c7\u00d5ES EM GERAL NO MUNIC\u00cdPIO DE CUBAT\u00c3O, E D\u00c1 OUTRAS PROVID\u00caNCIAS.</a></strong></td>\r\n<td><a class=\"external-link\" href=\"https://www.legislacaodigital.com.br/Cubatao-SP/LeisComplementares/110\" target=\"_self\" title=\"\">LEI COMPLEMENTAR N\u00ba 110 DE 27 DE DEZEMBRO DE 2019\u00a0</a></td>\r\n</tr>\r\n<tr>\r\n<td>\r\n<p>1154</p>\r\n</td>\r\n<td>\r\n<p><b><b><strong><b>RODRIGO RAMOS SOARES</b></strong></b></b></p>\r\n</td>\r\n<td style=\"text-align: center; \">\r\n<p><b>PL 174</b></p>\r\n</td>\r\n<td>\r\n<p><b>10/12/2019</b></p>\r\n</td>\r\n<td>\r\n<p><b><a title=\"\" href=\"https://www.cubatao.sp.leg.br/processo-legislativo/projetos-de-lei/arquivos/pl-2019/pl1742019\" class=\"internal-link\" target=\"_self\">\u201cINSTITUI NO CALEND\u00c1RIO OFICIAL DO MUNIC\u00cdPIO DE\u00a0 CUBAT\u00c3O, 'O DESFILE DE NATAL', E D\u00c1 OUTRAS PROVID\u00caNCIAS\u201d</a></b></p>\r\n</td>\r\n<td>\r\n<p><strong>ASSESSORIA EM 11/12/2019</strong></p>\r\n</td>\r\n</tr>\r\n<tr>\r\n<td>\r\n<p>1152</p>\r\n</td>\r\n<td>\r\n<p><b><b><strong>ANDERSON DE LANA ANDRADE</strong></b></b></p>\r\n</td>\r\n<td style=\"text-align: center; \">\r\n<p><b>PL 173</b></p>\r\n</td>\r\n<td>\r\n<p><b>09/12/2019</b></p>\r\n</td>\r\n<td>\r\n<p><b><a title=\"\" href=\"https://www.cubatao.sp.leg.br/processo-legislativo/projetos-de-lei/arquivos/pl-2019/pl1732019\" class=\"internal-link\" target=\"_self\">\u201cALTERA DISPOSITIVOS DA LEI N\u00ba 3.886 DE 14 DE MAR\u00c7O DE 2018, E DA OUTRAS PROVID\u00caNCIAS\u201d.</a></b></p>\r\n</td>\r\n<td>\r\n<p><b>RETIRADO EM 14/01/2020</b></p>\r\n</td>\r\n</tr>\r\n<tr>\r\n<td>\r\n<p>1116</p>\r\n</td>\r\n<td>\r\n<p><b><b>ADEM\u00c1RIO DA SILVA OLIVEIRA</b></b></p>\r\n</td>\r\n<td style=\"text-align: center; \">\r\n<p><b>PLC 172</b></p>\r\n</td>\r\n<td>\r\n<p><b>29/11/2019</b></p>\r\n</td>\r\n<td>\r\n<p><b><a title=\"\" href=\"https://www.cubatao.sp.leg.br/processo-legislativo/projetos-de-lei/arquivos/pl-2019/plc1722019\" class=\"internal-link\" target=\"_self\">APROVA E INSTITUI O PLANO MUNICIPAL INTEGRADO DE SANEAMENTO B\u00c1SICO DE CUBAT\u00c3O - PMISB, E D\u00c1 OUTRAS PROVID\u00caNCIAS.</a></b></p>\r\n</td>\r\n<td>\r\n<p><b><a class=\"external-link\" href=\"https://www.legislacaodigital.com.br/Cubatao-SP/LeisComplementares/108\" target=\"_self\" title=\"\">LEI COMPLEMENTAR N\u00ba 108 DE 10/12/2019\u00a0</a></b></p>\r\n</td>\r\n</tr>\r\n<tr>\r\n<td>\r\n<p>1104</p>\r\n</td>\r\n<td>\r\n<p><b>AGUINALDO ALVES DE ARA\u00daJO</b></p>\r\n</td>\r\n<td style=\"text-align: center; \">\r\n<p><b>PL 171</b></p>\r\n<b></b></td>\r\n<td>\r\n<p><b>27/11/2019</b></p>\r\n<strong></strong></td>\r\n<td>\r\n<p><b><a title=\"\" href=\"https://www.cubatao.sp.leg.br/processo-legislativo/projetos-de-lei/arquivos/pl-2019/pl1712019\" class=\"internal-link\" target=\"_self\">DENOMINA \u201cMARIA LUIZA DA SILVA OLIVEIRA\u201d O ESPA\u00c7O QUEM GOSTA CUIDA NAS DEPEND\u00caNCIAS DA \u00c1REA DO BOM PRATO E D\u00c1 OUTRAS PROVID\u00caNCIAS.</a></b></p>\r\n<strong><a title=\"\" href=\"https://www.cubatao.sp.leg.br/processo-legislativo/projetos-de-lei/arquivos/pl-2019/pl1702019\" class=\"internal-link\" target=\"_self\"></a></strong></td>\r\n<td>\r\n<p><strong><a class=\"external-link\" href=\"http://diariocubatao.tk/wp-content/uploads/2019/12/20191012-336.pdf\" target=\"_self\" title=\"\">LEI N\u00ba 4.064 DE 10/12/2019\u00a0</a></strong></p>\r\n</td>\r\n</tr>\r\n<tr>\r\n<td>1094</td>\r\n<td><strong>ANDERSON DE LANA ANDRADE</strong></td>\r\n<td style=\"text-align: center; \"><b>PL 170</b></td>\r\n<td><strong>25/11/2019</strong></td>\r\n<td><strong><a title=\"\" href=\"https://www.cubatao.sp.leg.br/processo-legislativo/projetos-de-lei/arquivos/pl-2019/pl1702019\" class=\"internal-link\" target=\"_self\">\u201cAUTORIZA A PREFEITURA MUNICIPAL DE CUBAT\u00c3O A IMPLANTAR NAS UNIDADES DE ATENDIMENTO DE URG\u00caNCIA, EMERG\u00caNCIA E HOSPITAL DO MUNIC\u00cdPIO, O PROTOCOLO DE ACOLHIMENTO E TRIAGEM COM CLASSIFICA\u00c7\u00c3O DE RISCOS.\u201d</a></strong></td>\r\n<td>\r\n<p><b>RETIRADO PELO AUTOR EM 22/01/2020</b></p>\r\n</td>\r\n</tr>\r\n<tr>\r\n<td>1076</td>\r\n<td><strong>IVAN DA SILVA</strong></td>\r\n<td style=\"text-align: center; \"><strong>PL 169</strong></td>\r\n<td><strong>18/11/2019</strong></td>\r\n<td><strong><a title=\"\" href=\"https://www.cubatao.sp.leg.br/processo-legislativo/projetos-de-lei/arquivos/pl-2019/pl1692019\" class=\"internal-link\" target=\"_self\">\u201cDISP\u00d5E SOBRE A OBRIGATORIEDADE DOS HOT\u00c9IS, MOT\u00c9IS, CASA NOTURNAS E SIMILARES A ANEXAR AVISO EM LOCAL VIS\u00cdVEL SOBRE OS CRIMES PRATICADOS CONTRA CRIAN\u00c7AS E ADOLESCENTES E SUAS PENAS, E D\u00c1 OUTRAS PROVID\u00caNCIAS\u201d.</a></strong></td>\r\n<td>\r\n<p><strong>DVL CONCLUSO EM 19/10/2020</strong></p>\r\n</td>\r\n</tr>\r\n<tr>\r\n<td>1075</td>\r\n<td><strong>IVAN DA SILVA</strong></td>\r\n<td style=\"text-align: center; \"><strong>PL 168</strong></td>\r\n<td><strong>18/11/2019</strong></td>\r\n<td><strong><a title=\"\" href=\"https://www.cubatao.sp.leg.br/processo-legislativo/projetos-de-lei/arquivos/pl-2019/pl1682019\" class=\"internal-link\" target=\"_self\">\u201cDISP\u00d5E SOBRE A OBRIGATORIEDADE DE BARES, RESTAURANTES E SIMILARES A FORNECEREM, SEMPRE QUE SOLICITADA, COMANDA IMPRESSA QUE PERMITA O CONTROLE DE CONSUMO PELOS CLIENTES E D\u00c1 OUTRAS PROVID\u00caNCIAS\u201d.</a></strong></td>\r\n<td>\r\n<p><strong>DVL CONCLUSO EM 19/10/2020</strong></p>\r\n</td>\r\n</tr>\r\n<tr>\r\n<td>\r\n<p>1072</p>\r\n</td>\r\n<td>\r\n<p><b><b><b>ADEM\u00c1RIO DA SILVA OLIVEIRA</b></b></b></p>\r\n</td>\r\n<td style=\"text-align: center; \">\r\n<p><b>PLC 167</b></p>\r\n</td>\r\n<td>\r\n<p><strong>18/11/2019</strong></p>\r\n</td>\r\n<td>\r\n<p><b><a title=\"\" href=\"https://www.cubatao.sp.leg.br/processo-legislativo/projetos-de-lei/arquivos/pl-2019/plc1672019\" class=\"internal-link\" target=\"_self\">AUTORIZA A COMPENSA\u00c7\u00c3O DE D\u00c9BITOS E CR\u00c9DITOS ENTRE O MUNIC\u00cdPIO DE CUBAT\u00c3O E OS CONTRIBUINTES, BEM COMO A UTILIZA\u00c7\u00c3O DO INSTITUTO DE DA\u00c7\u00c3O EM PAGAMENTO PARA EXTIN\u00c7\u00c3O DE CR\u00c9DITOS TRIBUT\u00c1RIOS MUNICIPAIS E D\u00c1 OUTRAS PROVID\u00caNCIAS.</a></b></p>\r\n</td>\r\n<td>\r\n<p><a class=\"external-link\" href=\"https://www.legislacaodigital.com.br/Cubatao-SP/LeisComplementares/109\" target=\"_self\" title=\"\">LEI COMPLEMENTAR N\u00ba 109 DE 27 DE DEZEMBRO DE 2019\u00a0</a></p>\r\n</td>\r\n</tr>\r\n<tr>\r\n<td>\r\n<p>1070</p>\r\n</td>\r\n<td>\r\n<p><b><b>ADEM\u00c1RIO DA SILVA OLIVEIRA</b></b></p>\r\n</td>\r\n<td style=\"text-align: center; \">\r\n<p><b>PL 166</b></p>\r\n</td>\r\n<td>\r\n<p><strong>14/11/2019</strong></p>\r\n</td>\r\n<td>\r\n<p><b><a title=\"\" href=\"https://www.cubatao.sp.leg.br/processo-legislativo/projetos-de-lei/arquivos/pl-2019/pl1662019\" class=\"internal-link\" target=\"_self\">AUTORIZA O PODER EXECUTIVO MUNICIPAL A REPASSAR AOS AGENTES COMUNIT\u00c1RIOS DE SA\u00daDE (ACS) E AOS AGENTES DE COMBATE \u00c0S ENDEMIAS (ACE) O INCENTIVO FINANCEIRO ADICIONAL - IFA, E D\u00c1 OUTRAS PROVID\u00caNCIAS.</a></b></p>\r\n</td>\r\n<td><strong><a class=\"external-link\" href=\"https://www.legislacaodigital.com.br/Cubatao-SP/LeisOrdinarias/4059\" target=\"_self\" title=\"\">LEI N\u00ba 4.059 DE 02 DE DEZEMBRO DE 2019\u00a0</a></strong></td>\r\n</tr>\r\n<tr>\r\n<td>\r\n<p>1050</p>\r\n</td>\r\n<td>\r\n<p><b>IVAN DA SILVA</b></p>\r\n</td>\r\n<td style=\"text-align: center; \">\r\n<p><b>PL 165</b></p>\r\n</td>\r\n<td>\r\n<p><strong>\u00a0<span>12/11/2019</span></strong></p>\r\n</td>\r\n<td>\r\n<p><b><a title=\"\" href=\"https://www.cubatao.sp.leg.br/processo-legislativo/projetos-de-lei/arquivos/pl-2019/pl1652019\" class=\"internal-link\" target=\"_self\">DENOMINA \u201cFL\u00c1VIO JOS\u00c9 RIECHELMANN\u201d O BEM P\u00daBLICO QUE MENCIONA \u00a0E D\u00c1 OUTRAS PROVID\u00caNCIAS.</a></b></p>\r\n</td>\r\n<td><a class=\"external-link\" href=\"https://www.legislacaodigital.com.br/Cubatao-SP/LeisOrdinarias/4081\" target=\"_self\" title=\"\">LEI N\u00ba 4.081 DE 03 DE JUNHO DE 2020\u00a0</a></td>\r\n</tr>\r\n<tr>\r\n<td>\r\n<p>1047</p>\r\n</td>\r\n<td>\r\n<p><b>ADEM\u00c1RIO DA SILVA OLIVEIRA</b></p>\r\n</td>\r\n<td style=\"text-align: center; \">\r\n<p align=\"center\"><b>OF\u00cdCIO 722/2019/</b><b></b></p>\r\n<p><b>SEJUR</b></p>\r\n<strong></strong></td>\r\n<td>\r\n<p><b>08/11/2019</b></p>\r\n<strong></strong></td>\r\n<td>\r\n<p><b><a title=\"\" href=\"https://www.cubatao.sp.leg.br/processo-legislativo/projetos-de-lei/arquivos/pl-2019/of722-2019_vetointegralplc47-2019\" class=\"internal-link\" target=\"_self\">VETO INTEGRAL AO PROJETO DE LEI COMPLEMENTAR N\u00b0 47/2019 QUE \u201cALTERA O INCISO II DO ARTIGO 16 DA LEI COMPLEMENTAR N\u00b02.512, DE 10 DE SETEMBRO DE 1998, E D\u00c1 OUTRAS PROVID\u00caNCIAS.\u201d</a></b></p>\r\n<strong><a title=\"\" href=\"https://www.cubatao.sp.leg.br/processo-legislativo/projetos-de-lei/arquivos/pl-2019/pl1642019\" class=\"internal-link\" target=\"_self\"></a></strong></td>\r\n<td>\r\n<p align=\"center\"><b>MANTIDO O VETO\u00a0 _2\u00aa SESS\u00c3O ORDIN\u00c1RIA _ 11 DE FEVEREIRO DE 2020</b><b></b></p>\r\n</td>\r\n</tr>\r\n<tr>\r\n<td>1033</td>\r\n<td><strong>ADEM\u00c1RIO DA SILVA OLIVEIRA</strong></td>\r\n<td style=\"text-align: center; \"><strong>PL 164</strong></td>\r\n<td><strong>06/11/2019</strong></td>\r\n<td><strong><a title=\"\" href=\"https://www.cubatao.sp.leg.br/processo-legislativo/projetos-de-lei/arquivos/pl-2019/pl1642019\" class=\"internal-link\" target=\"_self\">DENOMINA \u201cALESSANDRA PALUCCI\u201d O BEM P\u00daBLICO QUE MENCIONA E D\u00c1 OUTRAS PROVID\u00caNCIAS.</a></strong></td>\r\n<td><strong><a class=\"external-link\" href=\"https://www.legislacaodigital.com.br/Cubatao-SP/LeisOrdinarias/4053\" target=\"_self\" title=\"\">LEI N\u00ba 4.053 DE 08/11/19\u00a0</a></strong></td>\r\n</tr>\r\n<tr>\r\n<td>1032</td>\r\n<td><strong><strong>IVAN DA SILVA</strong></strong></td>\r\n<td style=\"text-align: center; \"><strong>PL 163</strong></td>\r\n<td><strong>06/11/2019</strong></td>\r\n<td><strong><a title=\"\" href=\"https://www.cubatao.sp.leg.br/processo-legislativo/projetos-de-lei/arquivos/pl-2019/pl1632019\" class=\"internal-link\" target=\"_self\">\u201cCRIA A POL\u00cdTICA DE MEDIDAS PROTETIVAS PARA MOTOCICLISTAS E D\u00c1 OUTRAS PROVID\u00caNCIAS\u201d.</a><a title=\"\" href=\"https://www.cubatao.sp.leg.br/processo-legislativo/projetos-de-lei/arquivos/pl-2019/pl1642019\" class=\"internal-link\" target=\"_self\"></a></strong></td>\r\n<td>\r\n<p><b>DVL CONCLUSO EM 15/07/2020</b></p>\r\n</td>\r\n</tr>\r\n<tr>\r\n<td>1018</td>\r\n<td><strong>\u00c9RIKA VER\u00c7OSA ALBUQUERQUE DE ALMEIDA NUNES</strong></td>\r\n<td style=\"text-align: center; \"><strong>PL 162</strong></td>\r\n<td><strong>04/11/2019</strong></td>\r\n<td><strong><a title=\"\" href=\"https://www.cubatao.sp.leg.br/processo-legislativo/projetos-de-lei/arquivos/pl-2019/pl1622019\" class=\"internal-link\" target=\"_self\">INSTITUI O DIA DA MOBILIZA\u00c7\u00c3O DOS HOMENS PELO FIM DA VIOL\u00caNCIA CONTRA AS MULHERES, (CAMPANHA DO LA\u00c7O BRANCO), E D\u00c1 OUTRAS PROVID\u00caNCIAS.</a></strong></td>\r\n<td><strong>COMISS\u00d5ES EM 07/11/2019</strong></td>\r\n</tr>\r\n<tr>\r\n<td>1017</td>\r\n<td><strong>IVAN DA SILVA</strong></td>\r\n<td style=\"text-align: center; \"><strong>PL 161</strong></td>\r\n<td><strong>04/11/2019</strong></td>\r\n<td><strong><a title=\"\" href=\"https://www.cubatao.sp.leg.br/processo-legislativo/projetos-de-lei/arquivos/pl-2019/pl1612019\" class=\"internal-link\" target=\"_self\">\u201cDISP\u00d5E SOBRE O PROGRAMA DE COMBATE AO USO PRECOCE DE BEBIDAS ALCO\u00d3LICAS POR MENORES DE IDADE NO \u00c2MBITO DO MUNIC\u00cdPIO DE CUBAT\u00c3O\u201d.</a></strong></td>\r\n<td><strong>RETIRADO PELO AUTOR EM 08/11/2019</strong></td>\r\n</tr>\r\n<tr>\r\n<td>\r\n<p>1016</p>\r\n</td>\r\n<td>\r\n<p><b>ADEM\u00c1RIO DA SILVA OLIVEIRA</b></p>\r\n</td>\r\n<td style=\"text-align: center; \">\r\n<p><b>PLC 160</b></p>\r\n</td>\r\n<td>\r\n<p><strong>31/10/2019</strong></p>\r\n</td>\r\n<td>\r\n<p><strong><a title=\"\" href=\"https://www.cubatao.sp.leg.br/processo-legislativo/projetos-de-lei/arquivos/pl-2019/plc1602019\" class=\"internal-link\" target=\"_self\">AUTORIZA O PODER EXECUTIVO A CELEBRAR CONV\u00caNIOS, CONTRATOS, TERMOS ADITIVOS E OU QUAISQUER OUTROS TIPOS DE AJUSTES NECESS\u00c1RIOS, COM O ESTADO DE S\u00c3O PAULO, A AG\u00caNCIA REGULADORA DE SANEAMENTO E ENERGIA DO ESTADO DE S\u00c3O PAULO - ARSESP E A COMPANHIA DE SANEAMENTO B\u00c1SICO DO ESTADO DE S\u00c3O PAULO - SABESP, PARA AS FINALIDADES E CONDI\u00c7\u00d5ES QUE ESPECIFICA, CRIA O FUNDO MUNICIPAL DE SANEAMENTO AMBIENTAL E INFRAESTRUTURA - FMSAI, E D\u00c1 OUTRAS PROVID\u00caNCIAS.</a></strong></p>\r\n</td>\r\n<td><strong><a class=\"external-link\" href=\"https://www.legislacaodigital.com.br/Cubatao-SP/LeisComplementares/106\" target=\"_self\" title=\"\">LEI COMPLEMENTAR N\u00ba 106 DE 08/11/19</a></strong>\r\n<p>\u00a0</p>\r\n</td>\r\n</tr>\r\n<tr>\r\n<td>\r\n<p>1006</p>\r\n</td>\r\n<td>\r\n<p><b>RAFAEL DE SOUZA VILLAR</b></p>\r\n</td>\r\n<td style=\"text-align: center; \">\r\n<p><b>PL 159</b></p>\r\n</td>\r\n<td>\r\n<p>\u00a0<b>25/10/2019</b></p>\r\n</td>\r\n<td>\r\n<p>\u00a0<b><a title=\"\" href=\"https://www.cubatao.sp.leg.br/processo-legislativo/projetos-de-lei/arquivos/pl-2019/pl1592019\" class=\"internal-link\" target=\"_self\">\u201cESTABELECE A OBRIGATORIEDADE PERI\u00d3DICA DE OBTEN\u00c7\u00c3O DE AUTO DE VISTORIA DE EDIFICA\u00c7\u00d5ES P\u00daBLICAS E PRIVADAS, NO \u00c2MBITO DO MUNIC\u00cdPIO DE CUBAT\u00c3O E D\u00c1 OUTRAS PROVID\u00caNCIAS.\u201d</a></b></p>\r\n</td>\r\n<td>\r\n<p><b>TRAMITANDO EM 07/11/2019</b></p>\r\n</td>\r\n</tr>\r\n<tr>\r\n<td>\r\n<p>1005</p>\r\n</td>\r\n<td>\r\n<p><b>AGUINALDO ALVES DE ARA\u00daJO</b></p>\r\n</td>\r\n<td style=\"text-align: center; \">\r\n<p><b>PL 158</b></p>\r\n</td>\r\n<td>\r\n<p>\u00a0<b>25/10/2019</b></p>\r\n<p>\u00a0</p>\r\n</td>\r\n<td>\r\n<p><b><a title=\"\" href=\"https://www.cubatao.sp.leg.br/processo-legislativo/projetos-de-lei/arquivos/pl-2019/pl1582019\" class=\"internal-link\" target=\"_self\">DENOMINA \u201cCENTRO DE ESPORTE, CULTURA E LAZER \u2018JOS\u00c9 EUG\u00caNIO DA SILVA FILHO - FOF\u00c3O' O CENTRO DE FUTEBOL SOCIETY E AS DEPEND\u00caNCIAS DO PR\u00c9DIO LOCALIZADOS NA PRA\u00c7A TEREZA DOS SANTOS MESQUITA E D\u00c1 OUTRAS PROVID\u00caNCIAS.</a></b></p>\r\n</td>\r\n<td><a class=\"external-link\" href=\"https://www.legislacaodigital.com.br/Cubatao-SP/LeisOrdinarias/4069\" target=\"_self\" title=\"\">LEI N\u00ba 4.069 DE 08 DE JANEIRO DE 2020\u00a0</a></td>\r\n</tr>\r\n<tr>\r\n<td>\r\n<p>994</p>\r\n</td>\r\n<td>\r\n<p><b><b><b><b><b><b>ADEM\u00c1RIO DA SILVA OLIVEIRA</b></b></b></b></b></b></p>\r\n</td>\r\n<td style=\"text-align: center; \">\r\n<p><b>PL 157</b></p>\r\n</td>\r\n<td>\r\n<p><strong>23/10/2019</strong></p>\r\n</td>\r\n<td>\r\n<p><strong><a title=\"\" href=\"https://www.cubatao.sp.leg.br/processo-legislativo/projetos-de-lei/arquivos/pl-2019/pl1572019\" class=\"internal-link\" target=\"_self\">AUTORIZA O PODER EXECUTIVO MUNICIPAL A FIRMAR CONTRATOS OU CONV\u00caNIOS COM INSTITUI\u00c7\u00d5ES FINANCEIRAS E OPERADORAS DE MEIOS ELETR\u00d4NICOS PARA VIABILIZAR OS RECEBIMENTOS DE CR\u00c9DITOS MUNICIPAIS POR CART\u00c3O DE D\u00c9BITO E CR\u00c9DITO, E D\u00c1 OUTRAS PROVID\u00caNCIAS.</a></strong></p>\r\n</td>\r\n<td><a class=\"external-link\" href=\"https://www.legislacaodigital.com.br/Cubatao-SP/LeisOrdinarias/4055\" target=\"_self\" title=\"\">LEI N\u00ba 4.055 DE 28 DE NOVEMBRO DE 2019<br /></a>\r\n<p><a class=\"external-link\" href=\"https://www.legislacaodigital.com.br/Cubatao-SP/LeisOrdinarias/4055\" target=\"_self\" title=\"\">\u00a0</a></p>\r\n</td>\r\n</tr>\r\n<tr>\r\n<td>\r\n<p>982</p>\r\n</td>\r\n<td>\r\n<p><b><b><b><b><b>ADEM\u00c1RIO DA SILVA OLIVEIRA</b></b></b></b></b></p>\r\n</td>\r\n<td style=\"text-align: center; \">\r\n<p><b>PL 156</b></p>\r\n</td>\r\n<td>\r\n<p><strong>21/10/2019</strong></p>\r\n</td>\r\n<td>\r\n<p>\u00a0<b><a title=\"\" href=\"https://www.cubatao.sp.leg.br/processo-legislativo/projetos-de-lei/arquivos/pl-2019/pl1562019\" class=\"internal-link\" target=\"_self\">AUTORIZA O MUNIC\u00cdPIO DE CUBAT\u00c3O A CELEBRAR CONV\u00caNIO COM O DEPARTAMENTO ESTADUAL DE TR\u00c2NSITO DO ESTADO DE S\u00c3O PAULO - DETRAN-SP, OBJETIVANDO A TRANSFER\u00caNCIA DE RECURSOS FINANCEIROS PARA A EXECU\u00c7\u00c3O DE A\u00c7\u00d5ES E SERVI\u00c7OS NO \u00c2MBITO DO PROGRAMA MOVIMENTO PAULISTA DE SEGURAN\u00c7A NO TR\u00c2NSITO.</a></b></p>\r\n</td>\r\n<td style=\"text-align: left; \"><a class=\"external-link\" href=\"https://www.legislacaodigital.com.br/Cubatao-SP/LeisOrdinarias/4068\" target=\"_self\" title=\"\">LEI N\u00ba 4.068 DE 03 DE JANEIRO DE 2020\u00a0</a></td>\r\n</tr>\r\n<tr>\r\n<td>\r\n<p>962</p>\r\n</td>\r\n<td>\r\n<p><b><b><b><b>ADEM\u00c1RIO DA SILVA OLIVEIRA</b></b></b></b></p>\r\n</td>\r\n<td style=\"text-align: center; \">\r\n<p><b>PL 155</b></p>\r\n</td>\r\n<td>\r\n<p><strong>14/10/2019</strong></p>\r\n</td>\r\n<td>\r\n<p><strong><a title=\"\" href=\"https://www.cubatao.sp.leg.br/processo-legislativo/projetos-de-lei/arquivos/pl-2019/pl1552019\" class=\"internal-link\" target=\"_self\">ALTERA AS EMENDAS QUE MENCIONA DO ANEXO DAS EMENDAS IMPOSITIVAS, DA LEI N\u00b03.964, DE 28 DE DEZEMBRO DE 2018,ALTERADA PELA LEI N\u00b04.025, DE 13 DE AGOSTO DE 2019, ABRE CR\u00c9DITO ADICIONAL ESPECIAL PARA O EXERC\u00cdCIO DE 2019 E D\u00c1 OUTRAS PROVID\u00caNCIAS.</a></strong></p>\r\n</td>\r\n<td>\r\n<p><strong>RETIRADO PELO AUTOR EM 12/11/2019</strong></p>\r\n</td>\r\n</tr>\r\n<tr>\r\n<td>\r\n<p>960</p>\r\n</td>\r\n<td>\r\n<p><b><b><b><b>ADEM\u00c1RIO DA SILVA OLIVEIRA</b></b></b></b></p>\r\n</td>\r\n<td style=\"text-align: center; \">\r\n<p><b>PL 154</b></p>\r\n</td>\r\n<td>\r\n<p><strong>14/10/2019</strong></p>\r\n</td>\r\n<td>\r\n<p><strong><a title=\"\" href=\"https://www.cubatao.sp.leg.br/processo-legislativo/projetos-de-lei/arquivos/pl-2019/pl1542019\" class=\"internal-link\" target=\"_self\">ALTERA E ACRESCENTA DISPOSITIVOS NA LEI ORDIN\u00c1RIA N\u00b0 3.875, DE 26 DE DEZEMBRO DE 2017, E D\u00c1 OUTRAS PROVID\u00caNCIAS.</a></strong></p>\r\n</td>\r\n<td>\r\n<p><a class=\"external-link\" href=\"http://legislacaodigital.com.br/Cubatao-SP/LeisOrdinarias/4045\" target=\"_self\" title=\"\"><strong>LEI N\u00ba 4.045</strong><br /><strong>DE 17/10/2019\u00a0</strong></a></p>\r\n</td>\r\n</tr>\r\n<tr>\r\n<td>\r\n<p>936</p>\r\n</td>\r\n<td>\r\n<p><b><b><b><b>ADEM\u00c1RIO DA SILVA OLIVEIRA</b></b></b></b></p>\r\n</td>\r\n<td style=\"text-align: center; \">\r\n<p><b>PL 153</b></p>\r\n</td>\r\n<td>\r\n<p><strong>03/10/2019</strong></p>\r\n</td>\r\n<td>\r\n<p>\u00a0<b><a title=\"\" href=\"https://www.cubatao.sp.leg.br/processo-legislativo/projetos-de-lei/arquivos/pl-2019/pl1532019\" class=\"internal-link\" target=\"_self\">ALTERA E ACRESCENTA DISPOSITIVOS NA LEI ORDIN\u00c1RIA N\u00b0 3.808, DE 20 DE DEZEMBRO DE 2016, QUE INSTITUI O FUNDO MUNICIPAL DO MEIO AMBIENTE DE CUBAT\u00c3O, BEM COMO ALTERA A REDA\u00c7\u00c3O DO INCISO XXV AO ART. 3\u00b0 DA LEI 3.061, DE 10 DE SETEMBRO DE 2013, E D\u00c1 OUTRAS PROVID\u00caNCIAS</a></b></p>\r\n</td>\r\n<td><a class=\"external-link\" href=\"https://www.legislacaodigital.com.br/Cubatao-SP/LeisOrdinarias/4056\" target=\"_self\" title=\"\">LEI N\u00ba 4.056 DE 28 DE NOVEMBRO DE 2019\u00a0</a></td>\r\n</tr>\r\n<tr>\r\n<td>\r\n<p>935</p>\r\n</td>\r\n<td>\r\n<p><b><b><b><b>ADEM\u00c1RIO DA SILVA OLIVEIRA</b></b></b></b></p>\r\n</td>\r\n<td style=\"text-align: center; \">\r\n<p><b>PL 152</b></p>\r\n</td>\r\n<td>\r\n<p><strong>03/10/2019</strong></p>\r\n</td>\r\n<td>\r\n<p><b><a title=\"\" href=\"https://www.cubatao.sp.leg.br/processo-legislativo/projetos-de-lei/arquivos/pl-2019/pl1522019\" class=\"internal-link\" target=\"_self\">ALTERA O ARTIGO 3\u00b0 DA LEI MUNICIPAL N\u00b0 3.409, DE 17 DE AGOSTO DE 2010, QUE CRIA O CONSELHO MUNICIPAL ANTIDROGAS - COMAD, E D\u00c1 OUTRAS PROVID\u00caNCIAS.</a></b></p>\r\n</td>\r\n<td><a class=\"external-link\" href=\"https://www.legislacaodigital.com.br/Cubatao-SP/LeisOrdinarias/4054\" target=\"_self\" title=\"\">LEI N\u00ba 4.054 DE 28 DE NOVEMBRO DE 2019\u00a0<br /></a>\r\n<p><a class=\"external-link\" href=\"https://www.legislacaodigital.com.br/Cubatao-SP/LeisOrdinarias/4054\" target=\"_self\" title=\"\">\u00a0</a></p>\r\n</td>\r\n</tr>\r\n<tr>\r\n<td>\r\n<p>913</p>\r\n</td>\r\n<td>\r\n<p><b><b><b>ADEM\u00c1RIO DA SILVA OLIVEIRA</b></b></b></p>\r\n</td>\r\n<td style=\"text-align: center; \">\r\n<p><b>PL 151</b></p>\r\n</td>\r\n<td>\r\n<p><strong>30/09/2019</strong></p>\r\n</td>\r\n<td>\r\n<p><b><a title=\"\" href=\"https://www.cubatao.sp.leg.br/processo-legislativo/projetos-de-lei/arquivos/pl-2019/pl1512019novo\" class=\"internal-link\" target=\"_self\">ESTIMA A RECEITA E FIXA A DESPESA DO MUNIC\u00cdPIO DE CUBAT\u00c3O PARA O EXERC\u00cdCIO DE 2020.</a></b></p>\r\n</td>\r\n<td><a class=\"external-link\" href=\"https://www.legislacaodigital.com.br/Cubatao-SP/LeisOrdinarias/4066\" target=\"_self\" title=\"\">LEI N\u00ba 4.066 DE 20 DE DEZEMBRO DE 2019</a></td>\r\n</tr>\r\n<tr>\r\n<td>\r\n<p>883</p>\r\n</td>\r\n<td>\r\n<p><b><b>F\u00c1BIO ALVES MOREIRA</b></b></p>\r\n</td>\r\n<td style=\"text-align: center; \">\r\n<p><b>PL 150</b></p>\r\n</td>\r\n<td>\r\n<p><strong>18/09/2019</strong></p>\r\n</td>\r\n<td>\r\n<p><b><a title=\"\" href=\"https://www.cubatao.sp.leg.br/processo-legislativo/projetos-de-lei/arquivos/pl-2019/pl1502019\" class=\"internal-link\" target=\"_self\">INCLUI, NO CALEND\u00c1RIO OFICIAL DE EVENTOS DO MUNIC\u00cdPIO, A \u201cSEMANA DA N\u00c3O VIOL\u00caNCIA\u201d, E D\u00c1 OUTRAS PROVID\u00caNCIAS.</a></b></p>\r\n</td>\r\n<td><strong>DVL CONCLUSO EM 07/11/2019</strong>\r\n<p>\u00a0</p>\r\n</td>\r\n</tr>\r\n<tr>\r\n<td>\r\n<p>868</p>\r\n</td>\r\n<td>\r\n<p><b>RICARDO DE OLIVEIRA</b></p>\r\n</td>\r\n<td style=\"text-align: center; \">\r\n<p><strong>PL 149</strong></p>\r\n</td>\r\n<td>\r\n<p><strong>13/09/2019</strong></p>\r\n</td>\r\n<td>\r\n<p><b><a title=\"\" href=\"https://www.cubatao.sp.leg.br/processo-legislativo/projetos-de-lei/arquivos/pl-2019/pl1492019\" class=\"internal-link\" target=\"_self\">DENOMINA \u201cMARIA DAS DORES BRAGA SILVA - DONA MARIA BRAGA\u201d, A UNIDADE B\u00c1SICA DE SA\u00daDE QUE ESPECIFICA E D\u00c1 OUTRAS PROVID\u00caNCIAS.</a></b></p>\r\n</td>\r\n<td>\r\n<p><b><b>TRAMITANDO EM 16/09/2019</b></b></p>\r\n</td>\r\n</tr>\r\n<tr>\r\n<td>\r\n<p>863</p>\r\n</td>\r\n<td>\r\n<p><b>F\u00c1BIO ALVES MOREIRA</b></p>\r\n</td>\r\n<td style=\"text-align: center; \">\r\n<p><strong>PL 148</strong></p>\r\n</td>\r\n<td>\r\n<p><strong>12/09/2019</strong></p>\r\n</td>\r\n<td>\r\n<p><b><a title=\"\" href=\"https://www.cubatao.sp.leg.br/processo-legislativo/projetos-de-lei/arquivos/pl-2019/pl1482019\" class=\"internal-link\" target=\"_self\">ALTERA O ARTIGO 1\u00ba DA LEI MUNICIPAL N\u00ba 4.023, DE 9 DE AGOSTO DE 2019, QUE DECLARA DE UTILIDADE P\u00daBLICA A ENTIDADE QUE MENCIONA E D\u00c1 OUTRAS PROVID\u00caNCIAS.</a></b></p>\r\n<p>\u00a0</p>\r\n</td>\r\n<td>\r\n<p><a class=\"external-link\" href=\"https://www.legislacaodigital.com.br/Cubatao-SP/LeisOrdinarias/4058\" target=\"_self\" title=\"\">LEI N\u00ba 4.058 DE 02 DE DEZEMBRO DE 2019\u00a0\u00a0</a></p>\r\n<p>\u00a0</p>\r\n<p>\u00a0</p>\r\n</td>\r\n</tr>\r\n<tr>\r\n<td>\r\n<p>862</p>\r\n</td>\r\n<td>\r\n<p><b>ADEM\u00c1RIO DA SILVA OLIVEIRA</b></p>\r\n</td>\r\n<td style=\"text-align: center; \">\r\n<p><b>PLC 147</b></p>\r\n</td>\r\n<td>\r\n<p><strong>11/09/2019</strong></p>\r\n</td>\r\n<td>\r\n<p><b><a title=\"\" href=\"https://www.cubatao.sp.leg.br/processo-legislativo/projetos-de-lei/arquivos/pl-2019/plc1472019\" class=\"internal-link\" target=\"_self\">REVOGA A LEI COMPLEMENTAR N\u00ba 84, DE 13 DE DEZEMBRO DE 2016, QUE INSTITUI A TAXA DE SERVI\u00c7OS DE BOMBEIROS - TSB, CRIA O FUNDO MUNICIPAL DE MANUTEN\u00c7\u00c3O DO CORPO DE BOMBEIROS E D\u00c1 OUTRAS PROVID\u00caNCIAS.</a></b></p>\r\n</td>\r\n<td><strong><a class=\"external-link\" href=\"https://www.legislacaodigital.com.br/Cubatao-SP/LeisComplementares/107\" target=\"_self\" title=\"\">LEI COMPLEMENTAR N\u00ba 107 DE 12/11/2019\u00a0</a></strong>\r\n<p>\u00a0</p>\r\n</td>\r\n</tr>\r\n<tr>\r\n<td>\r\n<p>860</p>\r\n</td>\r\n<td>\r\n<p><b><b>ADEM\u00c1RIO DA SILVA OLIVEIRA</b></b></p>\r\n</td>\r\n<td style=\"text-align: center; \">\r\n<p><strong>OF\u00cdCIO 567/2019</strong><br /><strong>VETO AO PL 144/2018</strong></p>\r\n</td>\r\n<td>\r\n<p><strong>11/09/2019</strong></p>\r\n</td>\r\n<td><strong><a title=\"\" href=\"https://www.cubatao.sp.leg.br/processo-legislativo/projetos-de-lei/arquivos/pl-2019/oficio567vetopl1442018\" class=\"internal-link\" target=\"_self\">COMUNICA VETO PARCIAL AO PROJETO DE LEI N\u00ba 144/2018, QUE \u201cDISP\u00d5E SOBRE A OBRIGATORIEDADE DE \u2018PET SHOPS\u2019, CL\u00cdNICAS VETERIN\u00c1RIAS E ESTABELECIMENTOS DO RAMO, NO \u00c2MBITO DO MUNIC\u00cdPIO DE CUBAT\u00c3O, A FIXAREM CARTAZES QUE FACILITEM E INCENTIVEM A ADO\u00c7\u00c3O DE ANIMAIS E D\u00c1 OUTRAS PROVID\u00caNCIAS\u201d.</a></strong>\r\n<p>\u00a0</p>\r\n</td>\r\n<td>\r\n<p><strong>MANTIDO O VETO PARCIAL EM 09/10/2019</strong></p>\r\n</td>\r\n</tr>\r\n<tr>\r\n<td>\r\n<p>858</p>\r\n</td>\r\n<td>\r\n<p><b>IVAN DA SILVA</b></p>\r\n</td>\r\n<td style=\"text-align: center; \">\r\n<p><strong>PL 146</strong></p>\r\n</td>\r\n<td>\r\n<p><strong>11/09/2019</strong></p>\r\n</td>\r\n<td>\r\n<p><b><a title=\"\" href=\"https://www.cubatao.sp.leg.br/processo-legislativo/projetos-de-lei/arquivos/pl-2019/pl1462019\" class=\"internal-link\" target=\"_self\">TORNA OBRIGAT\u00d3RIO INSERIR NAS INDICA\u00c7\u00d5ES DE ASSENTO PREFERENCIAL O S\u00cdMBOLO DE CONSCIENTIZA\u00c7\u00c3O DO TRANSTORNO DO ESPECTRO AUTISTA (TEA), E D\u00c1 OUTRAS PROVID\u00caNCIAS.</a></b></p>\r\n<p>\u00a0</p>\r\n</td>\r\n<td><a class=\"external-link\" href=\"https://www.legislacaodigital.com.br/Cubatao-SP/LeisOrdinarias/4072\" target=\"_self\" title=\"\">LEI N\u00ba 4.072 DE 13 DE MAR\u00c7O DE 2020\u00a0</a></td>\r\n</tr>\r\n<tr>\r\n<td>\r\n<p>852</p>\r\n</td>\r\n<td>\r\n<p><b><strong>F\u00c1BIO ALVES MOREIRA</strong></b></p>\r\n</td>\r\n<td style=\"text-align: center; \">\r\n<p><b>PL 145</b></p>\r\n</td>\r\n<td>\r\n<p><strong>09/09/2019</strong></p>\r\n</td>\r\n<td>\r\n<p><b><a title=\"\" href=\"https://www.cubatao.sp.leg.br/processo-legislativo/projetos-de-lei/arquivos/pl-2019/pl1452019\" class=\"internal-link\" target=\"_self\">DISP\u00d5E SOBRE A OBRIGATORIEDADE DO ENVIO DE UM FUNCION\u00c1RIO BANC\u00c1RIO PARA A REALIZA\u00c7\u00c3O DA PROVA DE VIDA DOS IDOSOS MAIORES DE 70 ANOS NO MUNIC\u00cdPIO DE CUBAT\u00c3O, E D\u00c1 OUTRAS PROVID\u00caNCIAS.</a></b></p>\r\n</td>\r\n<td>\r\n<p><span>ASSESSORIA JUR\u00cdDICA EM 10/09/2019</span></p>\r\n</td>\r\n</tr>\r\n<tr>\r\n<td>851</td>\r\n<td><strong>F\u00c1BIO ALVES MOREIRA</strong></td>\r\n<td style=\"text-align: center; \"><strong>PL 144</strong></td>\r\n<td><strong>09/09/2019</strong></td>\r\n<td><strong><a title=\"\" href=\"https://www.cubatao.sp.leg.br/processo-legislativo/projetos-de-lei/arquivos/pl-2019/pl1442019\" class=\"internal-link\" target=\"_self\">DISP\u00d5E SOBRE A INSTALA\u00c7\u00c3O, NAS \u00c1REAS P\u00daBLICAS E/OU PRIVADAS, DE USO P\u00daBLICO, DESTINADAS AO LAZER OU \u00c0 RECREA\u00c7\u00c3O, DE BRINQUEDOS A SEREM USADOS PELA CRIAN\u00c7A COM DEFICI\u00caNCIA E/OU COM MOBILIDADE REDUZIDA, NO MUNIC\u00cdPIO DE CUBAT\u00c3O, E D\u00c1 OUTRAS PROVID\u00caNCIAS.</a></strong></td>\r\n<td>ASSESSORIA JUR\u00cdDICA EM 10/09/2019</td>\r\n</tr>\r\n<tr>\r\n<td>\r\n<p>845</p>\r\n</td>\r\n<td>\r\n<p><b><strong>JAIR FERREIRA LUCAS</strong></b></p>\r\n</td>\r\n<td style=\"text-align: center; \">\r\n<p><b>PL 143</b></p>\r\n</td>\r\n<td>\r\n<p><strong>06/09/2019</strong></p>\r\n</td>\r\n<td>\r\n<p><b><a title=\"\" href=\"https://www.cubatao.sp.leg.br/processo-legislativo/projetos-de-lei/arquivos/pl-2019/pl1432019\" class=\"internal-link\" target=\"_self\">INSTITUI A GRATUIDADE TEMPOR\u00c1RIA DE TRANSPORTE P\u00daBLICO NO MUNIC\u00cdPIO DE CUBAT\u00c3O, PARA GESTANTES DE BAIXA RENDA COM GRAVIDEZ DE ALTO RISCO, E D\u00c1 OUTRAS PROVID\u00caNCIAS.</a></b></p>\r\n</td>\r\n<td>\r\n<p><span>ASSESSORIA JUR\u00cdDICA EM 09/09/2019</span></p>\r\n</td>\r\n</tr>\r\n<tr>\r\n<td>\r\n<p>832</p>\r\n</td>\r\n<td>\r\n<p><b>ANT\u00d4NIO DE P\u00c1DUA MAIA AZEVEDO</b></p>\r\n</td>\r\n<td style=\"text-align: center; \">\r\n<p><b>PL 142</b></p>\r\n</td>\r\n<td>\r\n<p>\u00a0<b>03/09/2019</b></p>\r\n</td>\r\n<td>\r\n<p><a title=\"\" href=\"https://www.cubatao.sp.leg.br/processo-legislativo/projetos-de-lei/arquivos/pl-2019/pl1422019\" class=\"internal-link\" target=\"_self\"><b>INSTITUI A POL\u00cdTICA MUNICIPAL PARA A POPULA\u00c7\u00c3O EM SITUA\u00c7\u00c3O DE RUA NO \u00c2MBITO DO MUNIC\u00cdPIO DE CUBAT\u00c3O E D\u00c1 OUTRAS PROVID\u00caNCIAS.</b></a></p>\r\n</td>\r\n<td>\r\n<p><a class=\"external-link\" href=\"https://www.legislacaodigital.com.br/Cubatao-SP/LeisOrdinarias/4044\" target=\"_self\" title=\"\"><strong>LEI N\u00ba 4.044</strong><br /><strong>DE 10/10/2019</strong></a></p>\r\n</td>\r\n</tr>\r\n<tr>\r\n<td>\r\n<p>831</p>\r\n</td>\r\n<td>\r\n<p><b>ANT\u00d4NIO DE P\u00c1DUA MAIA AZEVEDO</b></p>\r\n</td>\r\n<td style=\"text-align: center; \">\r\n<p><strong>PL 141</strong>\u00a0</p>\r\n</td>\r\n<td>\r\n<p>\u00a0\u00a0<b>03/09/2019</b></p>\r\n</td>\r\n<td>\r\n<p><a title=\"\" href=\"https://www.cubatao.sp.leg.br/processo-legislativo/projetos-de-lei/arquivos/pl-2019/pl1412019\" class=\"internal-link\" target=\"_self\"><b>INSTITUI A ASSIST\u00caNCIA T\u00c9CNICA E GRATUITA PARA PROJETO E CONSTRU\u00c7\u00c3O DE HABITA\u00c7\u00c3O DE INTERESSE SOCIAL PARA AS FAM\u00cdLIAS DE BAIXA RENDA E D\u00c1 OUTRAS PROVID\u00caNCIAS.</b></a></p>\r\n</td>\r\n<td>\r\n<p><b>RETIRADO PELO AUTOR EM 06/09/2019</b></p>\r\n</td>\r\n</tr>\r\n<tr>\r\n<td>\r\n<p>830</p>\r\n</td>\r\n<td>\r\n<p><b>ANT\u00d4NIO DE P\u00c1DUA MAIA AZEVEDO</b></p>\r\n</td>\r\n<td style=\"text-align: center; \">\r\n<p><b>PL 140</b></p>\r\n<p>\u00a0</p>\r\n</td>\r\n<td>\r\n<p>\u00a0<b>03/09/2019</b></p>\r\n</td>\r\n<td>\r\n<p><b><a title=\"\" href=\"https://www.cubatao.sp.leg.br/processo-legislativo/projetos-de-lei/arquivos/pl-2019/pl1402019\" class=\"internal-link\" target=\"_self\">INSTITUI A SEMANA DAS POL\u00cdTICAS P\u00daBLICAS DA ASSIST\u00caNCIA SOCIAL, NO \u00c2MBITO DO MUNIC\u00cdPIO DE CUBAT\u00c3O E D\u00c1 OUTRAS PROVID\u00caNCIAS.</a></b></p>\r\n</td>\r\n<td>\r\n<p><strong><a class=\"external-link\" href=\"https://www.legislacaodigital.com.br/Cubatao-SP/LeisOrdinarias/4043\" target=\"_self\" title=\"\">LEI N\u00ba 4.043<br />DE 10/10/2019</a></strong></p>\r\n</td>\r\n</tr>\r\n<tr>\r\n<td>\r\n<p>828</p>\r\n</td>\r\n<td>\r\n<p><b>\u00c9RIKA VER\u00c7OSA ALBUQUERQUE DE ALMEIDA</b></p>\r\n</td>\r\n<td style=\"text-align: center; \">\r\n<p><b>PL 139</b></p>\r\n</td>\r\n<td>\r\n<p><b>03/09/2019</b></p>\r\n</td>\r\n<td>\r\n<p><b><a title=\"\" href=\"https://www.cubatao.sp.leg.br/processo-legislativo/projetos-de-lei/arquivos/pl-2019/pl1239012\" class=\"internal-link\" target=\"_self\">DISP\u00d5E SOBRE A PRESEN\u00c7A DE DOULAS NAS REDES P\u00daBLICAS E PRIVADAS DE SA\u00daDE DO MUNIC\u00cdPIO DE CUBAT\u00c3O E D\u00c1 OUTRAS PROVID\u00caNCIAS.</a></b></p>\r\n</td>\r\n<td>\r\n<p><strong>TRAMITANDO EM 10/09/2019</strong></p>\r\n</td>\r\n</tr>\r\n<tr>\r\n<td>\r\n<p>821</p>\r\n</td>\r\n<td>\r\n<p><strong><b>F\u00c1BIO ALVES MOREIRA</b></strong></p>\r\n</td>\r\n<td style=\"text-align: center; \"><strong>PL 138</strong></td>\r\n<td><b>03/09/2019</b></td>\r\n<td>\r\n<p>\u00a0</p>\r\n</td>\r\n<td><b>VETO TOTAL\u00a0</b><br />\r\n<p>\u00a0</p>\r\n</td>\r\n</tr>\r\n<tr>\r\n<td>820</td>\r\n<td><b>F\u00c1BIO ALVES MOREIRA</b></td>\r\n<td style=\"text-align: center; \"><strong>PL 137</strong></td>\r\n<td><b>03/09/2019</b></td>\r\n<td><strong><a title=\"\" href=\"https://www.cubatao.sp.leg.br/processo-legislativo/projetos-de-lei/arquivos/pl-2019/pl1372019\" class=\"internal-link\" target=\"_self\">CONCEDE DESCONTO DE 50% NO IPTU PARA PROPRIET\u00c1RIOS PORTADORES DE DOEN\u00c7AS RARAS, E D\u00c1 OUTRAS PROVID\u00caNCIAS.</a></strong></td>\r\n<td>\r\n<p><strong>ARQUIVADO ART 119</strong></p>\r\n</td>\r\n</tr>\r\n<tr>\r\n<td>819</td>\r\n<td><b>F\u00c1BIO ALVES MOREIRA</b></td>\r\n<td style=\"text-align: center; \"><strong>PL 136</strong></td>\r\n<td><b>03/09/2019</b></td>\r\n<td><strong><a title=\"\" href=\"https://www.cubatao.sp.leg.br/processo-legislativo/projetos-de-lei/arquivos/pl-2019/pl1362019\" class=\"internal-link\" target=\"_self\">DISP\u00d5E SOBRE A OBRIGATORIEDADE DO ENSINO DE LIBRAS - L\u00cdNGUA BRASILEIRA DE SINAIS - EM ESCOLAS MUNICIPAIS E PRIVADAS, E D\u00c1 OUTRAS PROVID\u00caNCIAS.</a></strong></td>\r\n<td style=\"text-align: justify; \"><strong>RETIRADO PELO AUTOR EM 09/09/2019</strong></td>\r\n</tr>\r\n<tr>\r\n<td>\r\n<p>811</p>\r\n</td>\r\n<td>\r\n<p><b><b>ADEM\u00c1RIO DA SILVA OLIVEIRA</b></b></p>\r\n</td>\r\n<td style=\"text-align: center; \"><b>PL 135</b></td>\r\n<td><b>29/08/2019</b></td>\r\n<td>\r\n<p><b><a title=\"\" href=\"https://www.cubatao.sp.leg.br/processo-legislativo/projetos-de-lei/arquivos/pl-2019/pl1352019\" class=\"internal-link\" target=\"_self\">ALTERA OS ANEXOS I, II E III, DA LEI MUNICIPAL N\u00ba 4.012, DE 05 DE JULHO DE 2019, E D\u00c1 OUTRAS PROVID\u00caNCIAS.</a></b></p>\r\n</td>\r\n<td style=\"text-align: justify; \">\r\n<p><a class=\"external-link\" href=\"https://www.legislacaodigital.com.br/Cubatao-SP/LeisOrdinarias/4034\" target=\"_self\" title=\"\"><strong>LEI N\u00ba 4.034</strong><br /><strong>DE 11/09/2019\u00a0</strong></a></p>\r\n</td>\r\n</tr>\r\n<tr>\r\n<td>\r\n<p>800</p>\r\n</td>\r\n<td>\r\n<p><b>AGUINALDO ALVES DE ARA\u00daJO</b></p>\r\n</td>\r\n<td style=\"text-align: center; \"><strong>PL 134</strong></td>\r\n<td><strong>26/08/2019</strong></td>\r\n<td>\r\n<p><b><a title=\"\" href=\"https://www.cubatao.sp.leg.br/processo-legislativo/projetos-de-lei/arquivos/pl-2019/pl1342019\" class=\"internal-link\" target=\"_self\">INSTITUI NO CALEND\u00c1RIO OFICIAL DO MUNIC\u00cdPIO DE CUBAT\u00c3O O \u201cDIA DE CONSCIENTIZA\u00c7\u00c3O \u00a0E PREVEN\u00c7\u00c3O \u00c0 DOEN\u00c7A DE ALZHEIMER\u201d E D\u00c1 OUTRAS PROVID\u00caNCIAS.</a></b></p>\r\n</td>\r\n<td><strong><a class=\"external-link\" href=\"https://www.legislacaodigital.com.br/Cubatao-SP/LeisOrdinarias/4052\" target=\"_self\" title=\"\">LEI N\u00ba 4.052 DE 06/11/19\u00a0</a></strong>\r\n<p>\u00a0</p>\r\n</td>\r\n</tr>\r\n<tr>\r\n<td>\r\n<p>794</p>\r\n</td>\r\n<td>\r\n<p><b><b><b><b>RODRIGO RAMOS SOARES\u00a0</b></b></b></b></p>\r\n</td>\r\n<td style=\"text-align: center; \"><b>PL 133</b></td>\r\n<td><strong><strong><strong><strong>23/08/2019</strong></strong></strong></strong></td>\r\n<td>\r\n<p><b><a title=\"\" href=\"https://www.cubatao.sp.leg.br/processo-legislativo/projetos-de-lei/arquivos/pl-2019/pl1332019\" class=\"internal-link\" target=\"_self\">DISP\u00d5E SOBRE O COMBATE \u00c0 INFESTA\u00c7\u00c3O DE POMBOS EM \u00c1REAS URBANAS DO MUNIC\u00cdPIO E D\u00c1 OUTRAS PROVID\u00caNCIAS.</a></b></p>\r\n</td>\r\n<td>\r\n<p><span><span>TRAMITANDO EM 29/08/2019</span></span></p>\r\n</td>\r\n</tr>\r\n<tr>\r\n<td>\r\n<p>790</p>\r\n</td>\r\n<td>\r\n<p><b><b><b><b>JOEMERSON ALVES DE SOUZA\u00a0</b></b></b></b></p>\r\n</td>\r\n<td style=\"text-align: center; \"><b>PL 132</b></td>\r\n<td><strong><strong><strong><strong>22/08/2019</strong></strong></strong></strong></td>\r\n<td>\r\n<p><b><a title=\"\" href=\"https://www.cubatao.sp.leg.br/processo-legislativo/projetos-de-lei/arquivos/pl-2019/pl1322019\" class=\"internal-link\" target=\"_self\">DISP\u00d5E SOBRE A OBRIGATORIEDADE DE EMISS\u00c3O DA CARTEIRA DE IDENTIFICA\u00c7\u00c3O DO AUTISTA (CIA) PARA A PESSOA DIAGNOSTICADA COM TRANSTORNO AUTISTA (TEA) NO MUNIC\u00cdPIO DE CUBAT\u00c3O, E D\u00c1 OUTRAS PROVID\u00caNCIAS.</a></b></p>\r\n</td>\r\n<td>\r\n<p><b>RETIRADO PELO AUTOR EM 23/06/2020</b></p>\r\n</td>\r\n</tr>\r\n<tr>\r\n<td>\r\n<p>782</p>\r\n</td>\r\n<td>\r\n<p><b><b><b>F\u00c1BIO ALVES MOREIRA</b></b></b></p>\r\n</td>\r\n<td style=\"text-align: center; \"><b><b>PL 131</b></b></td>\r\n<td><strong><strong><strong><strong>21/08/2019</strong></strong></strong></strong></td>\r\n<td>\r\n<p><b><a title=\"\" href=\"https://www.cubatao.sp.leg.br/processo-legislativo/projetos-de-lei/arquivos/pl-2019/pl1312019\" class=\"internal-link\" target=\"_self\">ALTERA O PAR\u00c1GRAFO 3\u00ba DO ARTIGO 2\u00ba DA LEI N\u00ba 4.021 DE 07 DE AGOSTO DE 2019, E D\u00c1 OUTRAS PROVID\u00caNCIAS.</a></b></p>\r\n</td>\r\n<td style=\"text-align: justify; \">\r\n<p><a class=\"external-link\" href=\"https://www.legislacaodigital.com.br/Cubatao-SP/LeisOrdinarias/4031\" target=\"_self\" title=\"\"><strong>LEI N\u00ba 4.031</strong><br /><strong>DE 10/09/2019\u00a0</strong></a></p>\r\n</td>\r\n</tr>\r\n<tr>\r\n<td>\r\n<p>759</p>\r\n</td>\r\n<td>\r\n<p><b><b>F\u00c1BIO ALVES MOREIRA</b></b></p>\r\n</td>\r\n<td style=\"text-align: center; \"><b><b>PR 07</b></b></td>\r\n<td><strong><strong><strong>13/08/2019</strong></strong></strong></td>\r\n<td>\r\n<p><b><a title=\"\" href=\"https://www.cubatao.sp.leg.br/processo-legislativo/projetos-de-lei/arquivos/pl-2019/pr072019\" class=\"internal-link\" target=\"_self\">ACRESCENTA DISPOSITIVOS \u00c0 RESOLU\u00c7\u00c3O 1622 DE 03 DE NOVEMBRO DE 1992 NOS TERMOS QUE ESPECIFICA.</a></b><a title=\"\" href=\"resolveuid/f9fc6921e8f345d6a1b965b4650b77c3\" class=\"internal-link\" target=\"_self\">\u00a0</a></p>\r\n</td>\r\n<td>\r\n<p>DVL CONCLUSO EM 25/10/2019</p>\r\n</td>\r\n</tr>\r\n<tr>\r\n<td>\r\n<p>757</p>\r\n</td>\r\n<td>\r\n<p><b>ADEM\u00c1RIO DA SILVA OLIVEIRA</b></p>\r\n</td>\r\n<td style=\"text-align: center; \"><b><b>OF\u00cdCIO 446/2019 - VETO INTEGRAL AO PL 143/2018</b></b></td>\r\n<td><strong><strong>13/08/2019</strong></strong></td>\r\n<td>\r\n<p><b><a title=\"\" href=\"https://www.cubatao.sp.leg.br/processo-legislativo/projetos-de-lei/arquivos/pl-2019/oficio-446-2019-veto-pl1432018\" class=\"internal-link\" target=\"_self\">OF\u00cdCIO N\u00b0446/2019/SEJUR - VETO INTEGRAL AO PL 143/2018, QUE \u201cINSTITUI O \u2018PROGRAMA ADOTE UMA \u00c1RVORE DIGITAL SOLAR\u2019 NO MUNIC\u00cdPIO DE CUBAT\u00c3O, E D\u00c1 OUTRAS PROVID\u00caNCIAS\u201d.</a></b></p>\r\n</td>\r\n<td>\r\n<p><strong>MANTIDO O VETO EM 17/09/2019</strong></p>\r\n</td>\r\n</tr>\r\n<tr>\r\n<td>\r\n<p>752</p>\r\n</td>\r\n<td>\r\n<p><b><b><b><strong>FABIO ALVES MOREIRA</strong></b></b></b></p>\r\n</td>\r\n<td style=\"text-align: center; \"><b><b>PR 06</b></b></td>\r\n<td><strong><strong>08/08/2019</strong></strong></td>\r\n<td>\r\n<p><b><a title=\"\" href=\"https://www.cubatao.sp.leg.br/processo-legislativo/projetos-de-lei/arquivos/pl-2019/pr062019\" class=\"internal-link\" target=\"_self\">INSTITUI NO PODER LEGISLATIVO CUBATENSE A CARTEIRA DE IDENTIDADE FUNCIONAL CRIADA PELA LEI FEDERAL 13.862 DE 30 DE JULHO DE 2.109.</a></b></p>\r\n</td>\r\n<td>\r\n<p style=\"text-align: justify; \"><strong>APROVADO EM DISCUSS\u00c3O \u00daNICA EM 09/10/2019</strong></p>\r\n</td>\r\n</tr>\r\n<tr>\r\n<td>\r\n<p>748</p>\r\n</td>\r\n<td>\r\n<p><b><b><b>MESA DA C\u00c2MARA MUNICIPAL</b></b></b></p>\r\n</td>\r\n<td style=\"text-align: center; \"><b><b>PL 130</b></b></td>\r\n<td><strong><strong>07/08/2019</strong></strong></td>\r\n<td>\r\n<p><b><a title=\"\" href=\"https://www.cubatao.sp.leg.br/processo-legislativo/projetos-de-lei/arquivos/pl-2019/pl1302019\" class=\"internal-link\" target=\"_self\">CONSOLIDA A LEGISLA\u00c7\u00c3O QUE DISP\u00d5E SOBRE A ESTRUTURA\u00c7\u00c3O ADMINISTRATIVA DA SECRETARIA DA C\u00c2MARA MUNICIPAL DE CUBAT\u00c3O, E D\u00c1 OUTRAS PROVID\u00caNCIAS.</a></b></p>\r\n</td>\r\n<td><strong>VETO TOTAL MANTIDO</strong>\r\n<p>\u00a0</p>\r\n</td>\r\n</tr>\r\n<tr>\r\n<td>\r\n<p>\u00a0</p>\r\n</td>\r\n<td>\r\n<p>\u00a0</p>\r\n</td>\r\n<td style=\"text-align: center; \"><b><b></b></b></td>\r\n<td><strong><strong><strong>23/09/2019</strong></strong></strong></td>\r\n<td><strong><a title=\"\" href=\"https://www.cubatao.sp.leg.br/processo-legislativo/projetos-de-lei/arquivos/pl-2019/pl13020195aretif\" class=\"internal-link\" target=\"_self\">SUBSTITUTIVO AO PL 130/2019</a></strong>\r\n<p>\u00a0</p>\r\n</td>\r\n<td>\r\n<p>\u00a0</p>\r\n</td>\r\n</tr>\r\n<tr>\r\n<td>\r\n<p>735</p>\r\n</td>\r\n<td>\r\n<p><b><b>\u00c9RIKA VER\u00c7OSA ALBUQUERQUE DE ALMEIDA</b></b></p>\r\n</td>\r\n<td style=\"text-align: center; \"><b>PL 129</b></td>\r\n<td><strong>06/08/2019</strong></td>\r\n<td>\r\n<p><b><a title=\"\" href=\"https://www.cubatao.sp.leg.br/processo-legislativo/projetos-de-lei/arquivos/pl-2019/pl1292019\" class=\"internal-link\" target=\"_self\">CRIA A CARTEIRA DE IDENTIFICA\u00c7\u00c3O DO AUTISTA (CIA), PARA PESSOA DIAGNOSTICADA COM TRANSTORNO DO ESPECTRO AUTISTA (TEA), E D\u00c1 OUTRAS PROVID\u00caNCIAS</a>.</b></p>\r\n</td>\r\n<td>\r\n<p>RETIRADO PELA AUTORA EM 07/08/2019</p>\r\n</td>\r\n</tr>\r\n<tr>\r\n<td>\r\n<p>729</p>\r\n</td>\r\n<td>\r\n<p><b>ANDERSON DE LANA ANDRADE</b></p>\r\n</td>\r\n<td style=\"text-align: center; \"><b>PL 128</b></td>\r\n<td><strong>02/08/2019</strong></td>\r\n<td>\r\n<p><b><a title=\"\" href=\"https://www.cubatao.sp.leg.br/processo-legislativo/projetos-de-lei/arquivos/pl-2019/pl1282019\" class=\"internal-link\" target=\"_self\">DISP\u00d5E SOBRE OS C\u00c3ES E GATOS COMUNIT\u00c1RIOS NO MUNIC\u00cdPIO DE CUBAT\u00c3O, E D\u00c1 OUTRAS PROVID\u00caNCIAS.</a></b></p>\r\n</td>\r\n<td>\r\n<p>RETIRADO PELO AUTOR EM 22/01/2020</p>\r\n</td>\r\n</tr>\r\n<tr>\r\n<td>\r\n<p>723</p>\r\n</td>\r\n<td>\r\n<p><b>MESA DA C\u00c2MARA MUNICIPAL</b></p>\r\n</td>\r\n<td style=\"text-align: center; \"><strong>PR 05</strong></td>\r\n<td><strong>01/08/2019</strong></td>\r\n<td>\r\n<p><b><a title=\"\" href=\"https://www.cubatao.sp.leg.br/processo-legislativo/projetos-de-lei/arquivos/pl-2019/pr052019\" class=\"internal-link\" target=\"_self\">\u201cALTERA OS \u00a7\u00a71\u00ba, 2\u00ba, 3\u00ba, 4\u00ba, 5\u00ba, 6\u00ba, 7\u00ba E 8\u00ba E CRIA OS \u00a7\u00a7 9\u00ba, 10, 11 E 12 DO ARTIGO 58 DA RESOLU\u00c7\u00c3O N\u00ba 1.558, DE 13 DE DEZEMBRO DE 1.991, E D\u00c1 OUTRAS PROVID\u00caNCIAS\u201d.</a></b></p>\r\n</td>\r\n<td>\r\n<p align=\"center\"><a class=\"external-link\" href=\"https://www.legislacaodigital.com.br/Cubatao-SP/Resolucoes/2963\" target=\"_self\" title=\"\">RESOLU\u00c7\u00c3O N\u00ba 2.963 E 11 DE FEVEREIRO DE 2020\u00a0</a><b></b></p>\r\n</td>\r\n</tr>\r\n<tr>\r\n<td>\r\n<p>718</p>\r\n</td>\r\n<td>\r\n<p><b>ANDERSON DE LANA ANDRADE</b></p>\r\n<b></b></td>\r\n<td style=\"text-align: center; \"><strong>PL 127</strong></td>\r\n<td><strong>31/07/2019</strong></td>\r\n<td>\r\n<p><b><a title=\"\" href=\"https://www.cubatao.sp.leg.br/processo-legislativo/projetos-de-lei/arquivos/pl-2019/pl1272019\" class=\"internal-link\" target=\"_self\">ALTERA O ARTIGO 3\u00ba DA LEI N\u00ba 3.733, DE 26 DE JUNHO DE 2015, E DA OUTRAS PROVID\u00caNCIAS.</a></b></p>\r\n<strong><a title=\"\" href=\"https://www.cubatao.sp.leg.br/processo-legislativo/projetos-de-lei/arquivos/pl-2019/pl1262019\" class=\"internal-link\" target=\"_self\"></a></strong></td>\r\n<td><strong>RETIRADO PELO AUTOR EM 22/11/2019</strong></td>\r\n</tr>\r\n<tr>\r\n<td>712</td>\r\n<td><b>ADEM\u00c1RIO DA SILVA OLIVEIRA</b></td>\r\n<td style=\"text-align: center; \"><strong>PL 126</strong></td>\r\n<td><strong>29/07/2019</strong></td>\r\n<td><strong><a title=\"\" href=\"https://www.cubatao.sp.leg.br/processo-legislativo/projetos-de-lei/arquivos/pl-2019/pl1262019\" class=\"internal-link\" target=\"_self\">AUTORIZA ABERTURA DE CR\u00c9DITO ESPECIAL NA IMPORT\u00c2NCIA DE R$ 1.000.000,00 (UM MILH\u00c3O DE REAIS), PARA ATENDIMENTO A DESPESA DO PODER LEGISLATIVO E D\u00c1 OUTRAS PROVID\u00caNCIAS.</a></strong></td>\r\n<td>\r\n<p><a class=\"external-link\" href=\"https://www.legislacaodigital.com.br/Cubatao-SP/LeisOrdinarias/4029\" target=\"_self\" title=\"\"><strong>LEI N\u00ba 4.029</strong><br /><strong>DE 26/08/2019\u00a0</strong></a></p>\r\n</td>\r\n</tr>\r\n<tr>\r\n<td>\r\n<p>711</p>\r\n</td>\r\n<td>\r\n<p><b>ANDERSON DE LANA ANDRADE</b></p>\r\n</td>\r\n<td style=\"text-align: center; \">\r\n<p><b>PL 125</b></p>\r\n</td>\r\n<td>\r\n<p><b>26/07/2019</b></p>\r\n</td>\r\n<td>\r\n<p><b><a title=\"\" href=\"https://www.cubatao.sp.leg.br/processo-legislativo/projetos-de-lei/arquivos/pl-2019/pl1252019\" class=\"internal-link\" target=\"_self\">AUTORIZA O PODER EXECUTIVO A INCLUIR O ENSINO E A PR\u00c1TICA DA DISCIPLINA DE ARTES MARCIAIS NAS ESCOLAS DE N\u00cdVEL FUNDAMENTAL E M\u00c9DIO DA REDE DE ENSINO DE CUBAT\u00c3O.</a></b></p>\r\n</td>\r\n<td>RETIRADO PELO AUTOR EM 22/01/2020</td>\r\n</tr>\r\n<tr>\r\n<td>\r\n<p>707</p>\r\n</td>\r\n<td>\r\n<p><b>ERIKA VER\u00c7OSA ALBUQUERQUE DE ALMEIDA</b></p>\r\n</td>\r\n<td style=\"text-align: center; \">\r\n<p><b>PL 124</b></p>\r\n</td>\r\n<td>\r\n<p><b>26/07/2019</b></p>\r\n</td>\r\n<td>\r\n<p><b><a title=\"\" href=\"https://www.cubatao.sp.leg.br/processo-legislativo/projetos-de-lei/arquivos/pl-2019/pl1242019\" class=\"internal-link\" target=\"_self\">DISP\u00d5E SOBRE A COLETA PARA A REUTILIZA\u00c7\u00c3O OU RECICLAGEM DO \u00d3LEO DE COZINHA J\u00c1 UTILIZADO EM BARES, RESTAURANTES E HOSPITAIS, BEM COMO, CARRINHO DE LANCHES NAS VIAS P\u00daBLICAS NO MUNIC\u00cdPIO DE CUBAT\u00c3O, E D\u00c1 OUTRAS PROVID\u00caNCIAS.</a></b></p>\r\n</td>\r\n<td>ASSESSORIA JUR\u00cdDICA EM 30/07/2019</td>\r\n</tr>\r\n<tr>\r\n<td>\r\n<p>705</p>\r\n<strong></strong></td>\r\n<td>\r\n<p><b>ANDERSON DE LANA ANDRADE</b></p>\r\n<strong></strong></td>\r\n<td style=\"text-align: center; \">\r\n<p align=\"center\"><b>PL 123</b><b></b></p>\r\n<strong></strong></td>\r\n<td>\r\n<p><b>26/07/2019</b></p>\r\n<strong></strong></td>\r\n<td>\r\n<p><b><a title=\"\" href=\"https://www.cubatao.sp.leg.br/processo-legislativo/projetos-de-lei/arquivos/pl-2019/pl1232019\" class=\"internal-link\" target=\"_self\">DISP\u00d5E SOBRE A OBRIGATORIEDADE DA APRESENTA\u00c7\u00c3O NA REDE P\u00daBLICA E PARTICULAR DA CARTEIRA DE VACINA\u00c7\u00c3O NO ATO DA MATR\u00cdCULA ESCOLAR.</a></b></p>\r\n<strong><a title=\"\" href=\"https://www.cubatao.sp.leg.br/processo-legislativo/projetos-de-lei/arquivos/pl-2019/plc1222019\" class=\"internal-link\" target=\"_self\"></a></strong></td>\r\n<td>\r\n<p>ASSESSORIA JUR\u00cdDICA EM 30/07/2019</p>\r\n<span></span></td>\r\n</tr>\r\n<tr>\r\n<td>703</td>\r\n<td><strong>FABIO ALVES MOREIRA</strong></td>\r\n<td style=\"text-align: center; \"><strong>PLC 122</strong></td>\r\n<td><strong>25/07/2019</strong></td>\r\n<td><strong><a title=\"\" href=\"https://www.cubatao.sp.leg.br/processo-legislativo/projetos-de-lei/arquivos/pl-2019/plc1222019\" class=\"internal-link\" target=\"_self\">ACRESCENTA E ALTERA DISPOSITIVOS NA LEGISLA\u00c7\u00c3O QUE ESPECIFICA E D\u00c1 OUTRAS PROVID\u00caNCIAS.</a></strong></td>\r\n<td>EM COMISS\u00d5ES EM 13/02/2020</td>\r\n</tr>\r\n<tr>\r\n<td>\r\n<p>702</p>\r\n</td>\r\n<td>\r\n<p><b><b>ANDERSON DE LANA ANDRADE</b></b></p>\r\n</td>\r\n<td style=\"text-align: center; \">\r\n<p><b>PL 121</b></p>\r\n</td>\r\n<td>\r\n<p><strong>25/07/2019</strong></p>\r\n</td>\r\n<td>\r\n<p><strong><a title=\"\" href=\"https://www.cubatao.sp.leg.br/processo-legislativo/projetos-de-lei/arquivos/pl-2019/pl1212019\" class=\"internal-link\" target=\"_self\">DISP\u00d5E SOBRE O USO DA TERAPIA ASSISTIDA POR ANIMAIS (TAA) NOS HOSPITAIS P\u00daBLICOS, CONTRATADOS E CONVENIADOS, E D\u00c1 OUTRAS PROVID\u00caNCIAS.</a></strong></p>\r\n</td>\r\n<td>\r\n<p>RETIRADO PELO AUTOR EM 22/01/2020</p>\r\n<p>\u00a0</p>\r\n<p>\u00a0</p>\r\n</td>\r\n</tr>\r\n<tr>\r\n<td>\r\n<p>695</p>\r\n</td>\r\n<td>\r\n<p><b><b>ADEM\u00c1RIO DA SILVA OLIVEIRA</b></b></p>\r\n</td>\r\n<td style=\"text-align: center; \">\r\n<p><strong>PL 120</strong></p>\r\n</td>\r\n<td>\r\n<p><strong>25/07/2019</strong></p>\r\n</td>\r\n<td>\r\n<p><strong><a title=\"\" href=\"https://www.cubatao.sp.leg.br/processo-legislativo/projetos-de-lei/arquivos/pl-2019/pl1202019\" class=\"internal-link\" target=\"_self\">ALTERA AS EMENDAS QUE MENCIONA DO ANEXO DAS EMENDAS IMPOSITIVAS, DA LEI ORDIN\u00c1RIA N\u00ba 3.964, DE 28 DE DEZEMBRO DE 2018, ABRE CR\u00c9DITO ADICIONAL ESPECIAL PARA O EXERC\u00cdCIO DE 2019 E D\u00c1 OUTRAS PROVID\u00caNCIAS.</a></strong></p>\r\n</td>\r\n<td><strong><a class=\"external-link\" href=\"https://www.legislacaodigital.com.br/Cubatao-SP/LeisOrdinarias/4025\" target=\"_self\" title=\"\">LEI N\u00ba 4.025 DE 13/08/2019\u00a0</a></strong></td>\r\n</tr>\r\n<tr>\r\n<td>\r\n<p>692</p>\r\n</td>\r\n<td>\r\n<p><b>RODRIGO RAMOS SOARES</b></p>\r\n</td>\r\n<td style=\"text-align: center; \">\r\n<p><strong>\u00a0PL 119</strong></p>\r\n</td>\r\n<td>\r\n<p><strong>\u00a024/07/2019</strong></p>\r\n</td>\r\n<td>\r\n<p>\u00a0<b><a title=\"\" href=\"https://www.cubatao.sp.leg.br/processo-legislativo/projetos-de-lei/arquivos/pl-2019/pl1192019\" class=\"internal-link\" target=\"_self\">DENOMINA \"DR. JOS\u00c9 RIGOBERTO MENDES VIRGINIO\" O CENTRO DE REFER\u00caNCIA AO IDOSO DE CUBAT\u00c3O, E D\u00c1 OUTRAS PROVID\u00caNCIAS.</a></b></p>\r\n</td>\r\n<td>\r\n<p><b>RETIRADO PELO AUTOR EM 10/10/2019</b></p>\r\n</td>\r\n</tr>\r\n<tr>\r\n<td>\r\n<p>691</p>\r\n</td>\r\n<td>\r\n<p><b>ANDERSON DE LANA ANDRADE</b></p>\r\n</td>\r\n<td style=\"text-align: center; \">\r\n<p><b>PL 118</b></p>\r\n<strong></strong></td>\r\n<td>\r\n<p><strong>24/07/2019</strong></p>\r\n</td>\r\n<td>\r\n<p><a title=\"\" href=\"https://www.cubatao.sp.leg.br/processo-legislativo/projetos-de-lei/arquivos/pl-2019/pl1182019\" class=\"internal-link\" target=\"_self\">\u00a0<b>DISP\u00d5E SOBRE A CRIA\u00c7\u00c3O DE PROJETOS SOCIAIS VOLTADOS \u00c0 PR\u00c1TICA ESPORTIVA DE PESSOAS COM DEFICI\u00caNCIA, PELAS ENTIDADES DO TERCEIRO SETOR, E D\u00c1 OUTRAS PROVID\u00caNCIAS.</b></a></p>\r\n</td>\r\n<td>\r\n<p>DVL CONCLUSO EM 19/08/2019</p>\r\n</td>\r\n</tr>\r\n<tr>\r\n<td>690</td>\r\n<td>\r\n<p><b><b>ADEM\u00c1RIO DA SILVA OLIVEIRA</b></b></p>\r\n</td>\r\n<td style=\"text-align: center; \"><strong>PL 117</strong></td>\r\n<td>\r\n<p><strong><strong>24/07/2019</strong></strong></p>\r\n</td>\r\n<td>\r\n<p><strong><a title=\"\" href=\"https://www.cubatao.sp.leg.br/processo-legislativo/projetos-de-lei/arquivos/pl-2019/pl1172019\" class=\"internal-link\" target=\"_self\">ALTERA DISPOSITIVOS DA LEI ORDIN\u00c1RIA N\u00ba 2.372, DE 13 DE OUTUBRO DE 1996, E D\u00c1 OUTRAS PROVID\u00caNCIAS.</a></strong></p>\r\n</td>\r\n<td><strong><a class=\"external-link\" href=\"https://www.legislacaodigital.com.br/Cubatao-SP/LeisOrdinarias/4040\" target=\"_self\" title=\"\">LEI N\u00ba 4.040 DE 27/09/2019\u00a0</a></strong>\r\n<p><a class=\"external-link\" href=\"https://www.legislacaodigital.com.br/Cubatao-SP/LeisOrdinarias/4040\" target=\"_self\" title=\"\">\u00a0</a></p>\r\n</td>\r\n</tr>\r\n<tr>\r\n<td>683</td>\r\n<td>\r\n<p><b>ANDERSON DE LANA ANDRADE\u00a0</b></p>\r\n</td>\r\n<td style=\"text-align: center; \"><strong>PL 116</strong><b></b></td>\r\n<td>\r\n<p><strong>24/07/2019</strong></p>\r\n</td>\r\n<td>\r\n<p><strong><a title=\"\" href=\"https://www.cubatao.sp.leg.br/processo-legislativo/projetos-de-lei/arquivos/pl-2019/pl1162019-1\" class=\"internal-link\" target=\"_self\">DENOMINA \"CENTRO DE ARTES MARCIAIS WALDIR DIAS COSTA\" O PISO SUPERIOR DO PR\u00d3PRIO MUNICIPAL QUE MENCIONA, E D\u00c1 OUTRAS PROVID\u00caNCIAS</a>.</strong></p>\r\n</td>\r\n<td>\r\n<p align=\"center\" style=\"text-align: left; \"><strong><a class=\"external-link\" href=\"https://www.legislacaodigital.com.br/Cubatao-SP/LeisOrdinarias/4061\" target=\"_self\" title=\"\">LEI N\u00ba 4.061 DE 10/12/2019\u00a0</a></strong></p>\r\n</td>\r\n</tr>\r\n<tr>\r\n<td>678</td>\r\n<td>\r\n<p><b><b>ADEM\u00c1RIO DA SILVA OLIVEIRA</b></b></p>\r\n</td>\r\n<td style=\"text-align: center; \">\r\n<p><strong>OF\u00cdCIO </strong><br /><strong>385/2019 </strong><br /><strong>VETO </strong><br /><strong>AO PL </strong><br /><strong>162/2018</strong></p>\r\n</td>\r\n<td>\r\n<p><strong>22/07/2019</strong></p>\r\n</td>\r\n<td>\r\n<p><strong><a title=\"\" href=\"https://www.cubatao.sp.leg.br/processo-legislativo/projetos-de-lei/arquivos/pl-2019/oficio385-vetoaopl1622018\" class=\"internal-link\" target=\"_self\">COMUNICA VETO INTEGRAL AO PROJETO DE LEI N\u00ba 162/2018, QUE \u201cDISP\u00d5E SOBRE A IMPLANTA\u00c7\u00c3O DO PROGRAMA \u2018BUEIRO INTELIGENTE\u2019 COMO FORMA DE PREVEN\u00c7\u00c3O \u00c0S ENCHENTES NO MUNIC\u00cdPIO DE CUBAT\u00c3O E D\u00c1 OUTRAS PROVID\u00caNCIAS\u201d.</a></strong></p>\r\n</td>\r\n<td>\r\n<p><strong>REJEITADO O VETO EM 03/09/2019</strong></p>\r\n</td>\r\n</tr>\r\n<tr>\r\n<td>674</td>\r\n<td>\r\n<p><b>ERIKA VER\u00c7OSA A. NUNES</b></p>\r\n</td>\r\n<td style=\"text-align: center; \"><b>PL 115</b></td>\r\n<td>\r\n<p><strong>19/07/2019</strong></p>\r\n</td>\r\n<td>\r\n<p>\u00a0<b><a title=\"\" href=\"https://www.cubatao.sp.leg.br/processo-legislativo/projetos-de-lei/arquivos/pl-2019/pl1152019\" class=\"internal-link\" target=\"_self\">INSTITUI NO CALEND\u00c1RIO OFICIAL DO MUNIC\u00cdPIO DE CUBAT\u00c3O O \u201cDIA DO DI\u00c1CONO E DA DIACONISA\u201d, E D\u00c1 OUTRAS PROVID\u00caNCIAS.</a></b></p>\r\n</td>\r\n<td>\r\n<p align=\"center\" style=\"text-align: left; \"><b><a class=\"external-link\" href=\"https://www.legislacaodigital.com.br/Cubatao-SP/LeisOrdinarias/4063\" target=\"_self\" title=\"\">LEI N\u00ba 4.063 DE 10/12/2019</a></b></p>\r\n</td>\r\n</tr>\r\n<tr>\r\n<td>668</td>\r\n<td>\r\n<p><b>MESA DA C\u00c2MARA MUNICIPAL</b></p>\r\n</td>\r\n<td style=\"text-align: center; \"><b>PELOM 02</b><strong></strong></td>\r\n<td>\r\n<p><strong>18/07/2019</strong></p>\r\n</td>\r\n<td>\r\n<p><b><a title=\"\" href=\"https://www.cubatao.sp.leg.br/processo-legislativo/projetos-de-lei/arquivos/pl-2019/pelom022019-1\" class=\"internal-link\" target=\"_self\">REVOGA O ART. 146 DA LEI ORG\u00c2NICA DO MUNIC\u00cdPIO, DE 09 DE ABRIL DE 1990 E D\u00c1 OUTRAS PROVIDENCIAS.</a></b></p>\r\n</td>\r\n<td>\r\n<p><a class=\"external-link\" href=\"https://www.legislacaodigital.com.br/Cubatao-SP/EmendasLeiOrganica/30\" target=\"_self\" title=\"\"><strong>EMENDA \u00c0 LEI ORG\u00c2NICA N\u00ba 30</strong><br /><strong>DE 03/09/2019\u00a0</strong></a></p>\r\n<p>\u00a0</p>\r\n</td>\r\n</tr>\r\n<tr>\r\n<td>663</td>\r\n<td>\r\n<p><b>JOEMERSON ALVES DE SOUZA\u00a0</b></p>\r\n</td>\r\n<td style=\"text-align: center; \"><strong>PL 114</strong></td>\r\n<td>\r\n<p><b>16/07/2019</b></p>\r\n<strong></strong></td>\r\n<td>\r\n<p><b><a title=\"\" href=\"https://www.cubatao.sp.leg.br/processo-legislativo/projetos-de-lei/arquivos/pl-2019/pl1142019\" class=\"internal-link\" target=\"_self\">INSTITUI NO CALEND\u00c1RIO OFICIAL DO MUNIC\u00cdPIO DE CUBAT\u00c3O O \"DIA DA A\u00c7\u00c3O DO CORA\u00c7\u00c3O\" E D\u00c1 OUTRAS PROVID\u00caNCIAS.</a></b></p>\r\n<a title=\"\" href=\"https://www.cubatao.sp.leg.br/processo-legislativo/projetos-de-lei/arquivos/pl-2019/pl1132019\" class=\"internal-link\" target=\"_self\"></a></td>\r\n<td>DVL CONCLUSO EM 27/07/2020</td>\r\n</tr>\r\n<tr>\r\n<td>650</td>\r\n<td><strong>JAIR FERREIRA LUCAS</strong></td>\r\n<td style=\"text-align: center; \"><strong>PL 113</strong></td>\r\n<td><strong>12/07/2019</strong></td>\r\n<td><a title=\"\" href=\"https://www.cubatao.sp.leg.br/processo-legislativo/projetos-de-lei/arquivos/pl-2019/pl1132019\" class=\"internal-link\" target=\"_self\">DENOMINA \u201cANIZ RAHAL MALUF / DR. MALUF\u201d O CENTRO DE ESPECIALIDADES M\u00c9DICAS - POLICL\u00cdNICA.</a></td>\r\n<td><a class=\"external-link\" href=\"https://www.legislacaodigital.com.br/Cubatao-SP/LeisOrdinarias/4028\" target=\"_self\" title=\"\">LEI N\u00ba 4.028 DE 26/08/2019</a></td>\r\n</tr>\r\n<tr>\r\n<td>647</td>\r\n<td><strong>JOEMERSON ALVES DE SOUZA</strong></td>\r\n<td style=\"text-align: center; \"><strong>PL 112</strong></td>\r\n<td><strong>11/07/2019</strong></td>\r\n<td><a title=\"\" href=\"https://www.cubatao.sp.leg.br/documentos/pl1122019\" class=\"internal-link\" target=\"_self\">INSTITUI NO CALEND\u00c1RIO OFICIAL DO MUNIC\u00cdPIO DE CUBAT\u00c3O A VIRADA INCLUSIVA E D\u00c1 OUTRAS PROVID\u00caNCIAS.</a></td>\r\n<td>\r\n<p><b>RETIRADO PELO AUTOR EM 23/06/2020</b></p>\r\n</td>\r\n</tr>\r\n<tr>\r\n<td>640</td>\r\n<td><strong>RAFAEL DE SOUZA VILLAR</strong></td>\r\n<td style=\"text-align: center; \"><strong>PL 111</strong></td>\r\n<td><strong>11/07/2019</strong></td>\r\n<td><a title=\"\" href=\"https://www.cubatao.sp.leg.br/processo-legislativo/projetos-de-lei/arquivos/pl-2019/pl1112019\" class=\"internal-link\" target=\"_self\">INSTITUI NO CALEND\u00c1RIO OFICIAL DO MUNIC\u00cdPIO DE CUBAT\u00c3O O FESTIVAL DE TEATRO DO KAOS-FESTKAOS, E D\u00c1 OUTRAS PROVID\u00caNCIAS.</a></td>\r\n<td>\r\n<p>DVL CONCLUSO EM 24/07/2019</p>\r\n</td>\r\n</tr>\r\n<tr>\r\n<td>638</td>\r\n<td><b>RODRIGO RAMOS SOARES</b></td>\r\n<td style=\"text-align: center; \"><strong>PL 110</strong></td>\r\n<td><strong>10/07/2019</strong></td>\r\n<td><a title=\"\" href=\"https://www.cubatao.sp.leg.br/processo-legislativo/projetos-de-lei/arquivos/pl-2019/pl1102019\" class=\"internal-link\" target=\"_self\">DISP\u00d5E SOBRE OS PRINC\u00cdPIOS, DIRETRIZES E OBJETIVOS DA POL\u00cdTICA MUNICIPAL DE EST\u00cdMULO AO EMPREENDEDORISMO AOS JOVENS E ADOLESCENTES, E D\u00c1 OUTRAS PROVID\u00caNCIAS.</a></td>\r\n<td><a class=\"external-link\" href=\"https://www.legislacaodigital.com.br/Cubatao-SP/LeisOrdinarias/4074\" target=\"_self\" title=\"\">LEI N\u00ba 4.074 DE 19 DE MAR\u00c7O DE 2020</a></td>\r\n</tr>\r\n<tr>\r\n<td>628</td>\r\n<td><strong>JOEMERSON ALVES DE SOUZA</strong></td>\r\n<td style=\"text-align: center; \"><strong>PL 109</strong></td>\r\n<td><strong>04/07/2019</strong></td>\r\n<td><a title=\"\" href=\"https://www.cubatao.sp.leg.br/processo-legislativo/projetos-de-lei/arquivos/pl-2019/pl1092019\" class=\"internal-link\" target=\"_self\">INSTITUI NO MUNIC\u00cdPIO DE CUBAT\u00c3O A FEIRA DE CIDADANIA INCLUSIVA.</a></td>\r\n<td><span>DVL CONCLUSO EM 24/09/2020</span></td>\r\n</tr>\r\n<tr>\r\n<td>627</td>\r\n<td><strong>JOEMERSON ALVES DE SOUZA</strong></td>\r\n<td style=\"text-align: center; \"><strong>PL 108</strong></td>\r\n<td><strong>04/07/2019</strong></td>\r\n<td><a title=\"\" href=\"https://www.cubatao.sp.leg.br/processo-legislativo/projetos-de-lei/arquivos/pl-2019/pl1082019\" class=\"internal-link\" target=\"_self\">DISP\u00d5E SOBRE A OBRIGATORIEDADE DE PRESEN\u00c7A DE INT\u00c9RPRETE DA L\u00cdNGUA BRASILEIRA DE SINAIS (LIBRAS), EM TODOS OS EVENTOS P\u00daBLICOS OFICIAIS DO MUNIC\u00cdPIO DE CUBAT\u00c3O.</a></td>\r\n<td>\r\n<p><b>RETIRADO PELO AUTOR EM 23/06/2020</b></p>\r\n</td>\r\n</tr>\r\n<tr>\r\n<td>626</td>\r\n<td><strong>JOEMERSON ALVES DE SOUZA</strong></td>\r\n<td style=\"text-align: center; \"><strong>PL 107</strong></td>\r\n<td><strong>04/07/2019</strong></td>\r\n<td><a title=\"\" href=\"https://www.cubatao.sp.leg.br/processo-legislativo/projetos-de-lei/arquivos/pl-2019/pl1072019\" class=\"internal-link\" target=\"_self\">DISP\u00d5E SOBRE A OBRIGATORIEDADE DE EMISS\u00c3O DA CARTEIRA DE IDENTIFICA\u00c7\u00c3O DO AUTISTA (CIA) PARA A PESSOA DIAGNOSTICADA COM TRANSTORNO AUTISTA (TEA) NO MUNIC\u00cdPIO DE CUBAT\u00c3O, E D\u00c1 OUTRAS PROVID\u00caNCIAS.</a></td>\r\n<td>\r\n<p><b>RETIRADO PELO AUTOR EM 13/08/2019</b></p>\r\n</td>\r\n</tr>\r\n<tr>\r\n<td>625</td>\r\n<td><strong>JOEMERSON ALVES DE SOUZA</strong></td>\r\n<td style=\"text-align: center; \"><strong>PL 106</strong></td>\r\n<td><strong>04/07/2019</strong></td>\r\n<td><a title=\"\" href=\"https://www.cubatao.sp.leg.br/processo-legislativo/projetos-de-lei/arquivos/pl-2019/pl1062019\" class=\"internal-link\" target=\"_self\">INSTITUI A OBRIGATORIEDADE DE APRESENTA\u00c7\u00c3O DE SESS\u00d5ES DE CINEMA ADAPTADAS PARA CRIAN\u00c7AS COM DEFICI\u00caNCIAS SENSORIAIS E SEUS FAMILIARES.</a></td>\r\n<td>ASSESSORIA JUR\u00cdDICA EM\u00a010/07/2019</td>\r\n</tr>\r\n<tr>\r\n<td>624</td>\r\n<td><strong>JOEMERSON ALVES DE SOUZA</strong></td>\r\n<td style=\"text-align: center; \"><strong>PL 105</strong></td>\r\n<td><strong>04/07/2019</strong></td>\r\n<td><a title=\"\" href=\"https://www.cubatao.sp.leg.br/processo-legislativo/projetos-de-lei/arquivos/pl-2019/pl1052019\" class=\"internal-link\" target=\"_self\">TORNA OBRIGAT\u00d3RIA A REALIZA\u00c7\u00c3O DE EXAMES PARA DETECTAR O TRANSTORNO DE ESPECTRO AUTISTA (TEA) NOS ALUNOS MATRICULADOS NA REDE MUNICIPAL DE ENSINO DE CUBAT\u00c3O.</a></td>\r\n<td>\r\n<p><b>RETIRADO PELO AUTOR EM 23/06/2020</b></p>\r\n</td>\r\n</tr>\r\n<tr>\r\n<td>623</td>\r\n<td><strong>JOEMERSON ALVES DE SOUZA</strong></td>\r\n<td style=\"text-align: center; \"><strong>PL 104</strong></td>\r\n<td><strong>04/07/2019</strong></td>\r\n<td><a title=\"\" href=\"https://www.cubatao.sp.leg.br/processo-legislativo/projetos-de-lei/arquivos/pl-2019/pl1042019\" class=\"internal-link\" target=\"_self\">DISP\u00d5E SOBRE A CRIA\u00c7\u00c3O DO PROGRAMA \"BANCO VIRTUAL DE CADEIRAS DE RODA E AFINS\" NO MUNIC\u00cdPIO DE CUBAT\u00c3O E D\u00c1 OUTRAS PROVID\u00caNCIAS.</a></td>\r\n<td>\r\n<p><b>RETIRADO PELO AUTOR EM 23/06/2020</b></p>\r\n</td>\r\n</tr>\r\n<tr>\r\n<td>622</td>\r\n<td><strong>JOEMERSON ALVES DE SOUZA</strong></td>\r\n<td style=\"text-align: center; \"><strong>PL 103</strong></td>\r\n<td><strong>04/07/2019</strong></td>\r\n<td><a title=\"\" href=\"https://www.cubatao.sp.leg.br/processo-legislativo/projetos-de-lei/arquivos/pl-2019/pl1032019\" class=\"internal-link\" target=\"_self\">ESTABELECE A OBRIGATORIEDADE DE OFERTA, EM ESPA\u00c7OS DE USO P\u00daBLICO OU PRIVADO, DE BRINQUEDOS E EQUIPAMENTOS DE LAZER ADAPTADOS PARA UTILIZA\u00c7\u00c3O POR PESSOAS COM DEFICI\u00caNCIA, INCLUSIVE VISUAL, OU MOBILIDADE REDUZIDA</a>.</td>\r\n<td>DVL CONCLUSO EM 27/07/2020</td>\r\n</tr>\r\n<tr>\r\n<td>621</td>\r\n<td><strong>FABIO ALVES MOREIRA</strong></td>\r\n<td style=\"text-align: center; \"><strong>PL 102</strong></td>\r\n<td><strong>04/07/2019</strong></td>\r\n<td><a title=\"\" href=\"https://www.cubatao.sp.leg.br/processo-legislativo/projetos-de-lei/arquivos/pl-2019/pl1022019\" class=\"internal-link\" target=\"_self\">INSTITUI O SERVI\u00c7O VOLUNT\u00c1RIO NO \u00c2MBITO DA ADMINISTRA\u00c7\u00c3O DIRETA E INDIRETA NO MUNIC\u00cdPIO DE CUBAT\u00c3O, DISCIPLINANDO SUA PRESTA\u00c7\u00c3O NAS CONDI\u00c7\u00d5ES QUE ESPECIFICA, E D\u00c1 OUTRAS PROVID\u00caNCIAS.</a></td>\r\n<td>RETIRADO PELO AUTOR EM\u00a026/07/2019</td>\r\n</tr>\r\n<tr>\r\n<td>619</td>\r\n<td>\r\n<p><b>RODRIGO RAMOS SOARES</b></p>\r\n</td>\r\n<td style=\"text-align: center; \"><strong>PL 101</strong></td>\r\n<td>\r\n<p><b>04/07/2019</b></p>\r\n</td>\r\n<td>\r\n<p><a title=\"\" href=\"https://www.cubatao.sp.leg.br/processo-legislativo/projetos-de-lei/arquivos/pl-2019/pl1012019\" class=\"internal-link\" target=\"_self\">DISP\u00d5E SOBRE O AGENDAMENTO TELEF\u00d4NICO DE CONSULTAS M\u00c9DICAS PARA PACIENTES GESTANTES, NAS UNIDADES DE SA\u00daDE DO MUNIC\u00cdPIO DE CUBAT\u00c3O, E D\u00c1 OUTRAS PROVID\u00caNCIAS.</a></p>\r\n</td>\r\n<td>\r\n<p><a class=\"external-link\" href=\"https://www.legislacaodigital.com.br/Cubatao-SP/LeisOrdinarias/4048\" target=\"_self\" title=\"\"><strong>LEI N\u00ba 4.048</strong><br /><strong>DE 23/10/2019\u00a0</strong></a></p>\r\n</td>\r\n</tr>\r\n<tr>\r\n<td>611</td>\r\n<td>\r\n<p><b>JOEMERSON ALVES DE SOUZA</b></p>\r\n</td>\r\n<td style=\"text-align: center; \"><strong>PL 100</strong></td>\r\n<td>\r\n<p><b>02/07/2019</b></p>\r\n<strong></strong></td>\r\n<td>\r\n<p><a title=\"\" href=\"https://www.cubatao.sp.leg.br/processo-legislativo/projetos-de-lei/arquivos/pl-2019/pl1002019\" class=\"internal-link\" target=\"_self\">CRIA \u00a0PROGRAMA \u201cVOLUNT\u00c1RIOS DO RISO\u201d E D\u00c1 OUTRAS PROVID\u00caNCIAS</a></p>\r\n<a title=\"\" href=\"https://www.cubatao.sp.leg.br/processo-legislativo/projetos-de-lei/arquivos/pl-2019/pl992019\" class=\"internal-link\" target=\"_self\"></a></td>\r\n<td>COMISS\u00d5ES EM 10/07/2019<span></span></td>\r\n</tr>\r\n<tr>\r\n<td>601</td>\r\n<td><b>F\u00c1BIO ALVES MOREIRA</b></td>\r\n<td style=\"text-align: center; \"><strong>PL 99</strong></td>\r\n<td><strong>28/06/2019</strong></td>\r\n<td><a title=\"\" href=\"https://www.cubatao.sp.leg.br/processo-legislativo/projetos-de-lei/arquivos/pl-2019/pl992019\" class=\"internal-link\" target=\"_self\">ACRESCENTA O INCISO VI AO ARTIGO 1\u00ba DA LEI 3.611 DE 16 DE OUTUBRO DE 2013, QUE DISP\u00d5E SOBRE A OBRIGATORIEDADE DE FIXA\u00c7\u00c3O DE INFORMA\u00c7\u00c3O DO NOME DOS M\u00c9DICOS, ESPECIALIDADE, DIAS E HOR\u00c1RIOS DE ATENDIMENTO E N\u00daMERO DE FICHAS DISPON\u00cdVEIS POR DIA, NOS DEPARTAMENTOS DE SA\u00daDE P\u00daBLICA MUNICIPAL, E O NOME DO COORDENADOR DO DEPARTAMENTO P\u00daBLICO DE SA\u00daDE, REGULAMENTADA PELO DECRETO MUNICIPAL N\u00ba 10.543/2016, E D\u00c1 OUTRAS PROVID\u00caNCIAS.</a></td>\r\n<td><span>COMISS\u00d5ES EM 10/07/2019</span></td>\r\n</tr>\r\n<tr>\r\n<td>600</td>\r\n<td><b>F\u00c1BIO ALVES MOREIRA</b></td>\r\n<td style=\"text-align: center; \"><strong>PL 98</strong></td>\r\n<td><strong>28/06/2019</strong></td>\r\n<td><a title=\"\" href=\"https://www.cubatao.sp.leg.br/processo-legislativo/projetos-de-lei/arquivos/pl-2019/pl982019\" class=\"internal-link\" target=\"_self\">DISP\u00d5E SOBRE A IMPLANTA\u00c7\u00c3O DE A\u00c7\u00d5ES PREVENTIVAS \u00c0 DEPRESS\u00c3O EM ADOLESCENTES NAS ESCOLAS, P\u00daBLICAS OU PRIVADAS, E D\u00c1 OUTRAS PROVID\u00caNCIAS.</a></td>\r\n<td><span>COMISS\u00d5ES EM 15/07/2019</span></td>\r\n</tr>\r\n<tr>\r\n<td>598</td>\r\n<td><b><b>F\u00c1BIO ALVES MOREIRA</b></b></td>\r\n<td style=\"text-align: center; \"><b>PL 97</b></td>\r\n<td><strong><strong>28/06/2019</strong></strong></td>\r\n<td><a title=\"\" href=\"https://www.cubatao.sp.leg.br/processo-legislativo/projetos-de-lei/arquivos/pl-2019/pl972019\" class=\"internal-link\" target=\"_self\">DISP\u00d5E SOBRE A OBRIGATORIEDADE DE OS HOSPITAIS P\u00daBLICOS E PRIVADOS E INSTITUI\u00c7\u00d5ES CONG\u00caNERES A NOTIFICAREM OCORR\u00caNCIAS DE USO DE BEBIDA ALCO\u00d3LICA E/OU ENTORPECENTES POR CRIAN\u00c7AS E ADOLESCENTES, E D\u00c1 OUTRAS PROVID\u00caNCIAS.</a></td>\r\n<td>\r\n<p><span>RETIRADO PELO AUTOR EM\u00a0 23/07/2019</span></p>\r\n</td>\r\n</tr>\r\n<tr>\r\n<td>596</td>\r\n<td><b>F\u00c1BIO ALVES MOREIRA</b></td>\r\n<td style=\"text-align: center; \"><b>PL 96</b></td>\r\n<td><strong>27/06/2019</strong></td>\r\n<td><a title=\"\" href=\"https://www.cubatao.sp.leg.br/processo-legislativo/projetos-de-lei/arquivos/pl-2019/pl962019\" class=\"internal-link\" target=\"_self\">INSTITUI A CAMINHADA \u201cCUBAT\u00c3O LIMPA\u201d E D\u00c1 OUTRAS PROVID\u00caNCIAS.</a></td>\r\n<td>\r\n<p>RETIRADO PELO AUTOR EM 17/07/2019</p>\r\n</td>\r\n</tr>\r\n<tr>\r\n<td>595</td>\r\n<td><b>F\u00c1BIO ALVES MOREIRA</b></td>\r\n<td style=\"text-align: center; \"><b>PL 95</b></td>\r\n<td><strong>27/06/2019</strong></td>\r\n<td><a title=\"\" href=\"https://www.cubatao.sp.leg.br/processo-legislativo/projetos-de-lei/arquivos/pl-2019/pl952019\" class=\"internal-link\" target=\"_self\">DISP\u00d5E SOBRE A CRIA\u00c7\u00c3O DO BANCO MUNICIPAL DE MATERIAIS DE CONSTRU\u00c7\u00c3O DA CIDADE DE CUBAT\u00c3O E D\u00c1 OUTRAS PROVID\u00caNCIAS.</a></td>\r\n<td><strong>ARQUIVADO ART 119</strong></td>\r\n</tr>\r\n<tr>\r\n<td>594</td>\r\n<td>\r\n<p><b><b><b><b>F\u00c1BIO ALVES MOREIRA</b></b></b></b></p>\r\n</td>\r\n<td style=\"text-align: center; \">\r\n<p><b>PL 94</b></p>\r\n</td>\r\n<td><strong>27/06/2019</strong></td>\r\n<td>\r\n<p><a title=\"\" href=\"https://www.cubatao.sp.leg.br/processo-legislativo/projetos-de-lei/arquivos/pl-2019/pl942019\" class=\"internal-link\" target=\"_self\">DISP\u00d5E SOBRE OS PRINC\u00cdPIOS, AS DIRETRIZES E OS OBJETIVOS DA POL\u00cdTICA DE ATEN\u00c7\u00c3O INTEGRAL \u00c0 SA\u00daDE DO HOMEM NO MUNIC\u00cdPIO DE CUBAT\u00c3O.</a></p>\r\n</td>\r\n<td><span>DVL CONCLUSO EM 21/08/2019</span></td>\r\n</tr>\r\n<tr>\r\n<td>592</td>\r\n<td>\r\n<p><b><b><b><b>F\u00c1BIO ALVES MOREIRA</b></b></b></b></p>\r\n</td>\r\n<td style=\"text-align: center; \">\r\n<p><b>PL 93</b></p>\r\n</td>\r\n<td><strong>26/06/2019</strong></td>\r\n<td>\r\n<p><a title=\"\" href=\"https://www.cubatao.sp.leg.br/processo-legislativo/projetos-de-lei/arquivos/pl-2019/pl932019\" class=\"internal-link\" target=\"_self\">DISP\u00d5E SOBRE CONSIDERAR DE UTILIDADE P\u00daBLICA MUNICIPAL, A \u201cASSOCIA\u00c7\u00c3O BENEFICENTE VILA PARISI\u201d E DA OUTRAS PROVID\u00caNCIAS.</a></p>\r\n</td>\r\n<td><a class=\"external-link\" href=\"https://www.legislacaodigital.com.br/Cubatao-SP/LeisOrdinarias/4023\" target=\"_self\" title=\"\">LEI N\u00ba 4.023 DE 09 DE AGOSTO DE 2019</a></td>\r\n</tr>\r\n<tr>\r\n<td>583</td>\r\n<td>\r\n<p><b><b><b>JAIR FERREIRA LUCAS</b></b></b></p>\r\n</td>\r\n<td style=\"text-align: center; \">\r\n<p><b>PL 92</b></p>\r\n<p>\u00a0</p>\r\n</td>\r\n<td><strong>25/06/2019</strong></td>\r\n<td>\r\n<p><a title=\"\" href=\"https://www.cubatao.sp.leg.br/processo-legislativo/projetos-de-lei/arquivos/pl-2019/pl922019\" class=\"internal-link\" target=\"_self\">DISP\u00d5E SOBRE O USO DE ESPA\u00c7OS P\u00daBLICOS DE PUBLICIDADE PARA CAMPANHAS EDUCATIVAS CONTRA ATOS DE VIOL\u00caNCIA CONTRA MULHER E D\u00c1 OUTRAS PROVID\u00caNCIAS</a>.</p>\r\n<a title=\"\" href=\"https://www.cubatao.sp.leg.br/processo-legislativo/projetos-de-lei/arquivos/pl-2019/pl912019\" class=\"internal-link\" target=\"_self\"></a></td>\r\n<td>RETIRADO PELO AUTOR EM 08/08/2019<span></span></td>\r\n</tr>\r\n<tr>\r\n<td>578</td>\r\n<td>\r\n<p><b><b><b>F\u00c1BIO ALVES MOREIRA</b></b></b></p>\r\n</td>\r\n<td style=\"text-align: center; \"><strong><strong>PL 91</strong></strong></td>\r\n<td><strong><strong>24/06/2019</strong></strong></td>\r\n<td><a title=\"\" href=\"https://www.cubatao.sp.leg.br/processo-legislativo/projetos-de-lei/arquivos/pl-2019/pl912019\" class=\"internal-link\" target=\"_self\">INSTITUI NO CALEND\u00c1RIO OFICIAL DO MUNIC\u00cdPIO DE CUBAT\u00c3O A SEMANA DE PREVEN\u00c7\u00c3O E COMBATE DO TABAGISMO, E D\u00c1 OUTRAS PROVID\u00caNCIAS.</a></td>\r\n<td><span>TRAMITANDO EM 11/07/2019</span></td>\r\n</tr>\r\n<tr>\r\n<td>577</td>\r\n<td>\r\n<p><b><b>F\u00c1BIO ALVES MOREIRA</b></b></p>\r\n</td>\r\n<td style=\"text-align: center; \"><strong><strong>PL 90</strong></strong></td>\r\n<td><strong><strong>24/06/2019</strong></strong></td>\r\n<td><a title=\"\" href=\"https://www.cubatao.sp.leg.br/processo-legislativo/projetos-de-lei/arquivos/pl-2019/pl902019\" class=\"internal-link\" target=\"_self\">INSTITUI A OBRIGATORIEDADE DE RESSARCIMENTO AO ER\u00c1RIO MUNICIPAL, DAS DESPESAS M\u00c9DICAS HAVIDAS PARA\u00a0 TRATAMENTO DE V\u00cdTIMAS DE CRIMES, DE DANOS AO PATRIM\u00d4NIO E D\u00c1 OUTRAS PROVID\u00caNCIAS.</a></td>\r\n<td>\r\n<p><span>RETIRADO PELO AUTOR EM\u00a0 23/07/2019</span></p>\r\n</td>\r\n</tr>\r\n<tr>\r\n<td>576</td>\r\n<td>\r\n<p><b>F\u00c1BIO ALVES MOREIRA</b></p>\r\n</td>\r\n<td style=\"text-align: center; \"><strong><strong>PL 89</strong></strong></td>\r\n<td><strong><strong>24/06/2019</strong></strong></td>\r\n<td>\r\n<p><a title=\"\" href=\"https://www.cubatao.sp.leg.br/processo-legislativo/projetos-de-lei/arquivos/pl-2019/pl892019\" class=\"internal-link\" target=\"_self\">INSTITUI O PROGRAMA DE TESTE VOCACIONAL PARA OS ALUNOS DAS ESCOLAS DA REDE P\u00daBLICA MUNICIPAL DE ENSINO DE CUBAT\u00c3O, E D\u00c1 OUTRAS PROVID\u00caNCIAS.</a></p>\r\n</td>\r\n<td><span>RETIRADO PELO AUTOR EM 27/06/2019</span></td>\r\n</tr>\r\n<tr>\r\n<td>570</td>\r\n<td>\r\n<p><b><b><b><b>ADEM\u00c1RIO DA SILVA OLIVEIRA</b></b></b></b></p>\r\n</td>\r\n<td style=\"text-align: center; \"><strong><strong>OF\u00cdCIO\u00a0</strong><br /><strong>321/2019\u00a0<br /></strong><strong>VETO\u00a0<br /></strong><strong>AO PL\u00a0<br /></strong><strong>79/2018</strong></strong></td>\r\n<td><strong><strong>18/06/2019</strong></strong></td>\r\n<td>\r\n<p><a title=\"\" href=\"https://www.cubatao.sp.leg.br/processo-legislativo/projetos-de-lei/arquivos/pl-2019/oficio321-vetopl792018\" class=\"internal-link\" target=\"_self\">COMUNICA VETO INTEGRAL AO PROJETO DE LEI N\u00ba 79/2018, QUE \u201cINSTITUI O 'PROGRAMA ADOTE UM PONTO DE \u00d4NIBUS' NO MUNIC\u00cdPIO DE CUBAT\u00c3O E D\u00c1 OUTRAS PROVID\u00caNCIAS\u201d.</a></p>\r\n</td>\r\n<td>MANTIDO O VETO EM 23/07/2019</td>\r\n</tr>\r\n<tr>\r\n<td>567</td>\r\n<td>\r\n<p><b><b><b>ADEM\u00c1RIO DA SILVA OLIVEIRA</b></b></b></p>\r\n</td>\r\n<td style=\"text-align: center; \"><strong>PL 88</strong></td>\r\n<td><strong>18/06/2019</strong></td>\r\n<td>\r\n<p><a title=\"\" href=\"https://www.cubatao.sp.leg.br/processo-legislativo/projetos-de-lei/arquivos/pl-2019/pl882019\" class=\"internal-link\" target=\"_self\">AUTORIZA O PODER EXECUTIVO A PROCEDER A PERMISS\u00c3O GRATUITA DE USO DOS BENS P\u00daBLICOS QUE ESPECIFICA, E D\u00c1 OUTRAS PROVID\u00caNCIAS.</a><a title=\"\" href=\"https://www.cubatao.sp.leg.br/processo-legislativo/projetos-de-lei/arquivos/pl-2019/pl862019\" class=\"internal-link\" target=\"_self\"></a></p>\r\n</td>\r\n<td><a class=\"external-link\" href=\"https://www.legislacaodigital.com.br/Cubatao-SP/LeisOrdinarias/4009\" target=\"_self\" title=\"\">LEI N\u00ba 4.009 DE 03/07/2019</a></td>\r\n</tr>\r\n<tr>\r\n<td>566</td>\r\n<td>\r\n<p><b><b>ADEM\u00c1RIO DA SILVA OLIVEIRA</b></b></p>\r\n</td>\r\n<td style=\"text-align: center; \"><strong>PL 87</strong></td>\r\n<td><strong>18/06/2019</strong></td>\r\n<td>\r\n<p><a title=\"\" href=\"https://www.cubatao.sp.leg.br/processo-legislativo/projetos-de-lei/arquivos/pl-2019/pl872019\" class=\"internal-link\" target=\"_self\">AUTORIZA O PODER EXECUTIVO A PERMITIR O USO, A T\u00cdTULO PREC\u00c1RIO E GRATUITO, PELO CENTRO DE CONVIV\u00caNCIA \u201cNORMAL \u00c9 SER DIFERENTE\u201d, DO BEM P\u00daBLICO QUE ESPECIFICA E D\u00c1 OUTRAS PROVID\u00caNCIAS</a></p>\r\n</td>\r\n<td>\r\n<p><a class=\"external-link\" href=\"https://www.legislacaodigital.com.br/Cubatao-SP/LeisOrdinarias/4020\" target=\"_self\" title=\"\">LEI N\u00ba 4.020 DE 07 DE AGOSTO DE 2019</a></p>\r\n</td>\r\n</tr>\r\n<tr>\r\n<td>552</td>\r\n<td>\r\n<p><b>ANTONIO VIEIRA DA SILVA</b></p>\r\n</td>\r\n<td style=\"text-align: center; \"><strong>PL 86</strong></td>\r\n<td>13/06/2019</td>\r\n<td><a title=\"\" href=\"https://www.cubatao.sp.leg.br/processo-legislativo/projetos-de-lei/arquivos/pl-2019/pl862019\" class=\"internal-link\" target=\"_self\">DISP\u00d5E SOBRE A JORNADA DE TRABALHO M\u00c9DICA AFERIDA POR PRODU\u00c7\u00c3O.</a></td>\r\n<td>DVL CONCLUSO EM 18/05/2020</td>\r\n</tr>\r\n<tr>\r\n<td>547</td>\r\n<td>\r\n<p><b>F\u00c1BIO ALVES MOREIRA</b></p>\r\n</td>\r\n<td style=\"text-align: center; \"><strong>PL 85</strong></td>\r\n<td><strong>12/06/2019</strong><strong></strong></td>\r\n<td>\r\n<p><a title=\"\" href=\"https://www.cubatao.sp.leg.br/processo-legislativo/projetos-de-lei/arquivos/pl-2019/pl852019\" class=\"internal-link\" target=\"_self\">PRO\u00cdBE O MANUSEIO, A UTILIZA\u00c7\u00c3O, \u00a0A QUEIMA E A SOLTURA DE FOGOS DE ESTAMPIDOS E DE ARTIF\u00cdCIOS, ASSIM COMO DE QUAISQUER ARTEFATOS PIROT\u00c9CNICOS DE EFEITO SONORO RUIDOSO NO MUNIC\u00cdPIO DE CUBAT\u00c3O, E D\u00c1 OUTRAS PROVID\u00caNCIAS.</a></p>\r\n<a title=\"\" href=\"https://www.cubatao.sp.leg.br/processo-legislativo/projetos-de-lei/arquivos/pl-2019/pl842019\" class=\"internal-link\" target=\"_self\"></a></td>\r\n<td><strong><a class=\"external-link\" href=\"https://www.legislacaodigital.com.br/Cubatao-SP/LeisOrdinarias/4032\" target=\"_self\" title=\"\">LEI N\u00ba 4.032 DE 10/09/2019\u00a0</a></strong></td>\r\n</tr>\r\n<tr>\r\n<td>544</td>\r\n<td><b>ADEM\u00c1RIO DA SILVA OLIVEIRA</b></td>\r\n<td style=\"text-align: center; \"><strong>PL 84\u00a0</strong></td>\r\n<td><strong>11/06/2019</strong></td>\r\n<td><a title=\"\" href=\"https://www.cubatao.sp.leg.br/processo-legislativo/projetos-de-lei/arquivos/pl-2019/pl842019\" class=\"internal-link\" target=\"_self\">ALTERA E ACRESCENTA DISPOSITIVOS NA LEI N\u00b0 3.654, DE 11 DE JUNHO DE 2014, E D\u00c1 OUTRAS PROVID\u00caNCIAS</a></td>\r\n<td>\r\n<p><a class=\"external-link\" href=\"https://www.legislacaodigital.com.br/Cubatao-SP/LeisOrdinarias/4021\" target=\"_self\" title=\"\">LEI N\u00ba 4.021 DE 07 DE AGOSTO DE 2019</a></p>\r\n</td>\r\n</tr>\r\n<tr>\r\n<td>537</td>\r\n<td><b><strong>MARCIO SILVA NASCIMENTO</strong></b></td>\r\n<td style=\"text-align: center; \">\r\n<p><b>PL 83</b></p>\r\n</td>\r\n<td><strong><strong><span><strong>07/06/2019</strong></span></strong></strong></td>\r\n<td>\r\n<p><span><a title=\"\" href=\"https://www.cubatao.sp.leg.br/processo-legislativo/projetos-de-lei/arquivos/pl-2019/pl832019\" class=\"internal-link\" target=\"_self\">DENOMINA \u201cPRA\u00c7A MELQUIADES DOS SANTOS\u201d O LOGRADOURO QUE MENCIONA E D\u00c1 OUTRAS PROVIDENCIAS.</a></span></p>\r\n<p>\u00a0</p>\r\n</td>\r\n<td><span>DVL CONCLUSO EM 25/09/2019</span></td>\r\n</tr>\r\n<tr>\r\n<td>536</td>\r\n<td><b>RAFAEL DE SOUZA VILLAR</b></td>\r\n<td style=\"text-align: center; \">\r\n<p><b>PL 82</b></p>\r\n</td>\r\n<td><strong><strong><span>07/06/2019</span></strong></strong></td>\r\n<td>\r\n<p><a title=\"\" href=\"https://www.cubatao.sp.leg.br/processo-legislativo/projetos-de-lei/arquivos/pl-2019/pl822019\" class=\"internal-link\" target=\"_self\">CONTRIBUI\u00c7\u00c3O VOLUNT\u00c1RIA PARA O DESENVOLVIMENTO DE POL\u00cdTICAS P\u00daBLICAS DE INCLUS\u00c3O VOLTADAS PARA A CRIAN\u00c7A E ADOLESCENTE COM AUTISMO E D\u00c1 OUTRAS PROVID\u00caNCIAS.</a></p>\r\n</td>\r\n<td><span>DVL CONCLUSO EM 23/07/2019</span></td>\r\n</tr>\r\n<tr>\r\n<td>535</td>\r\n<td><b><b><b><b><strong><b><b><b><b><b><strong><b><strong>RAFAEL DE SOUZA VILLAR</strong></b></strong></b></b></b></b></b></strong></b></b></b></b></td>\r\n<td style=\"text-align: center; \">\r\n<p><b>PL 81</b></p>\r\n</td>\r\n<td><strong><strong><span>07/06/2019</span></strong></strong></td>\r\n<td>\r\n<p><a title=\"\" href=\"https://www.cubatao.sp.leg.br/processo-legislativo/projetos-de-lei/arquivos/pl-2019/pl812019\" class=\"internal-link\" target=\"_self\">INSTITUI A CONTRIBUI\u00c7\u00c3O VOLUNT\u00c1RIA DO BEM ESTAR ANIMAL NO MUNIC\u00cdPIO DE CUBAT\u00c3O E D\u00c1 OUTRAS PROVID\u00caNCIAS.</a></p>\r\n</td>\r\n<td><span><span><span><span><span><span><span>DVL CONCLUSO EM 26/07/2019</span></span></span></span></span></span></span></td>\r\n</tr>\r\n<tr>\r\n<td>528</td>\r\n<td><b><b><b><b><strong><b><b><b><b><b><strong><b>RICARDO DE OLIVEIRA</b></strong></b></b></b></b></b></strong></b></b></b></b></td>\r\n<td style=\"text-align: center; \">\r\n<p><b>PL 80</b></p>\r\n</td>\r\n<td><strong><strong><span>05/06/2019</span></strong></strong></td>\r\n<td>\r\n<p><a title=\"\" href=\"https://www.cubatao.sp.leg.br/processo-legislativo/projetos-de-lei/arquivos/pl-2019/pl802019\" class=\"internal-link\" target=\"_self\">INSTITUI O \u201cPROGRAMA FARM\u00c1CIA SOLID\u00c1RIA\u201d NO MUNIC\u00cdPIO E D\u00c1 OUTRAS PROVID\u00caNCIAS.</a></p>\r\n</td>\r\n<td><span><span><span><span><span><span>TRAMITANDO EM 14/06/2019</span></span></span></span></span></span></td>\r\n</tr>\r\n<tr>\r\n<td>527</td>\r\n<td><strong>RAFAEL DE SOUZA VILLAR</strong></td>\r\n<td style=\"text-align: center; \"><strong>PLC 79</strong></td>\r\n<td><strong>05/06/2019</strong></td>\r\n<td><a title=\"\" href=\"https://www.cubatao.sp.leg.br/processo-legislativo/projetos-de-lei/arquivos/pl-2019/plc792019\" class=\"internal-link\" target=\"_self\">\u201cACRESCENTA O INCISO XVIII AO ARTIGO 223 E O ARTIGO 230-A NA LEI COMPLEMENTAR N.\u00ba 325, DE 9 DE MAR\u00c7O DE 1959, QUE DISP\u00d5E SOBRE O ESTATUTO DOS FUNCION\u00c1RIOS P\u00daBLICOS MUNICIPAIS DE CUBAT\u00c3O E D\u00c1 OUTRAS PROVID\u00caNCIAS\u201d.</a></td>\r\n<td>\r\n<p align=\"center\"><b><b>APROVADO EM 2\u00b0DISCUSS\u00c3O -\u00a0</b><b>_ 18 DE FEVEREIRO DE 2020</b>\u00a0</b></p>\r\n<p>\u00a0</p>\r\n</td>\r\n</tr>\r\n<tr>\r\n<td>525</td>\r\n<td><strong>ADEM\u00c1RIO DA SILVA OLIVEIRA</strong></td>\r\n<td style=\"text-align: center; \"><strong>PL 78</strong></td>\r\n<td><strong>05/06/2019</strong></td>\r\n<td><a title=\"\" href=\"https://www.cubatao.sp.leg.br/processo-legislativo/projetos-de-lei/arquivos/pl-2019/pl782019\" class=\"internal-link\" target=\"_self\">AUTORIZA O PODER EXECUTIVO A PRORROGAR O \u201cAUX\u00cdLIO MORADIA\u201d, INSTITU\u00cdDO PELA LEI N\u00ba 3.834, DE 14 DE JULHO DE 2017, \u00c0S FAM\u00cdLIAS DA \u00c1REA DENOMINADA \u201cMANTIQUEIRA\u201d, E D\u00c1 OUTRAS PROVID\u00caNCIAS.</a></td>\r\n<td><a class=\"external-link\" href=\"https://www.legislacaodigital.com.br/Cubatao-SP/LeisOrdinarias/4018\" target=\"_self\" title=\"\">LEI N\u00ba 4.018 DE 17/07/2019</a></td>\r\n</tr>\r\n<tr>\r\n<td>513</td>\r\n<td><b><b><b><b><strong><b><b><b><b><b><strong><b>\u00c9</b><b>RIKA VER\u00c7OSA</b></strong></b></b></b></b></b></strong></b></b></b></b></td>\r\n<td style=\"text-align: center; \">\r\n<p><b>PL 77</b></p>\r\n</td>\r\n<td><strong><strong>03/06/2019</strong></strong></td>\r\n<td>\r\n<p><a title=\"\" href=\"https://www.cubatao.sp.leg.br/processo-legislativo/projetos-de-lei/arquivos/pl-2019/pl772019\" class=\"internal-link\" target=\"_self\">DISP\u00d5E SOBRE A CRIA\u00c7\u00c3O, ORGANIZA\u00c7\u00c3O E ATUA\u00c7\u00c3O DOS GR\u00caMIOS ESTUDANTIS NAS UNIDADES DE ENSINO DO MUNIC\u00cdPIO, E D\u00c1 OUTRAS PROVID\u00caNCIAS.</a></p>\r\n</td>\r\n<td><span><span><span><span><span>ASSESSORIA JUR\u00cdDICA EM 05/06/2019</span></span></span></span></span></td>\r\n</tr>\r\n<tr>\r\n<td>509</td>\r\n<td><b><b><b><b><strong><b>\u00c9</b><b>RIKA VER\u00c7OSA</b></strong></b></b></b></b></td>\r\n<td style=\"text-align: center; \">\r\n<p><strong><strong>PR 04</strong></strong></p>\r\n</td>\r\n<td><strong><strong>03/06/2019</strong></strong></td>\r\n<td>\r\n<p><a title=\"\" href=\"https://www.cubatao.sp.leg.br/processo-legislativo/projetos-de-lei/arquivos/pl-2019/pr042019\" class=\"internal-link\" target=\"_self\">REGULAMENTA A RECEP\u00c7\u00c3O DE SUGEST\u00d5ES DE PROJETOS DE LEI PELOS MUN\u00cdCIPES DE CUBAT\u00c3O, VIA OUVIDORIA, INSTITUINDO O BANCO DE IDEIAS LEGISLATIVA NESTA C\u00c2MARA MUNICIPAL E D\u00c1 OUTRAS PROVID\u00caNCIAS.</a></p>\r\n</td>\r\n<td><span><span><span><span>DVL CONCLUSO EM 19/07/2019</span></span></span></span></td>\r\n</tr>\r\n<tr>\r\n<td>508</td>\r\n<td><b><b><b><b><strong>\u00c9</strong></b></b></b></b><b><b><b><b><strong>RIKA VER\u00c7OSA</strong></b></b></b></b></td>\r\n<td style=\"text-align: center; \">\r\n<p><strong><strong>PL 76</strong></strong></p>\r\n</td>\r\n<td><strong><strong>03/06/2019</strong></strong></td>\r\n<td>\r\n<p><a title=\"\" href=\"https://www.cubatao.sp.leg.br/processo-legislativo/projetos-de-lei/arquivos/pl-2019/pl762019\" class=\"internal-link\" target=\"_self\">INSTITUI O DIA MUNICIPAL DE CONSCIENTIZA\u00c7\u00c3O E ENFRENTAMENTO \u00c0 FIBROMIALGIA E D\u00c1 OUTRAS PROVID\u00caNCIAS.</a></p>\r\n</td>\r\n<td>\r\n<p><a class=\"external-link\" href=\"https://www.legislacaodigital.com.br/Cubatao-SP/LeisOrdinarias/4047\" target=\"_self\" title=\"\"><strong>LEI N\u00ba 4.047</strong><br /><strong>DE 22/10/2019\u00a0</strong></a></p>\r\n</td>\r\n</tr>\r\n<tr>\r\n<td>497</td>\r\n<td><b><b><b><b>ADEM\u00c1RIO DA SILVA OLIVEIRA</b></b></b></b></td>\r\n<td style=\"text-align: center; \">\r\n<p><strong><strong>PL 75</strong></strong></p>\r\n</td>\r\n<td><strong><strong>29/05/2019</strong></strong></td>\r\n<td>\r\n<p><a title=\"\" href=\"https://www.cubatao.sp.leg.br/processo-legislativo/projetos-de-lei/arquivos/pl-2019/pl752019\" class=\"internal-link\" target=\"_self\">REESTRUTURA O FUNDO MUNICIPAL DE HABITA\u00c7\u00c3O E O CONSELHO MUNICIPAL DE HABITA\u00c7\u00c3O, ASSIM COMO, ALTERA OS DISPOSITIVOS QUE MENCIONA DA LEI N\u00ba 3.562, DE 03 DE DEZEMBRO DE 2012, E D\u00c1 OUTRAS PROVID\u00caNCIAS.</a></p>\r\n</td>\r\n<td><strong><a class=\"external-link\" href=\"https://www.legislacaodigital.com.br/Cubatao-SP/LeisOrdinarias/4017\" target=\"_self\" title=\"\">LEI N\u00ba 4.017 DE 17/07/2019</a></strong></td>\r\n</tr>\r\n<tr>\r\n<td>485</td>\r\n<td><b><b><b>ADEM\u00c1RIO DA SILVA OLIVEIRA</b></b></b></td>\r\n<td style=\"text-align: center; \">\r\n<p><strong>PL 74</strong></p>\r\n</td>\r\n<td><strong>23/05/2019</strong></td>\r\n<td>\r\n<p><a title=\"\" href=\"https://www.cubatao.sp.leg.br/processo-legislativo/projetos-de-lei/arquivos/pl-2019/pl742019\" class=\"internal-link\" target=\"_self\">AUTORIZA O PODER EXECUTIVO A PRORROGAR O \u201cBOLSA MORADIA\u201d, INSTITU\u00cdDO PELA LEI N\u00ba 3.610, DE 16 DE OUTUBRO DE 2013, \u00c0S FAM\u00cdLIAS ATINGIDAS PELAS INUNDA\u00c7\u00d5ES ORIUNDAS DO TRANSBORDAMENTO DO RIO PIL\u00d5ES, E D\u00c1 OUTRAS PROVID\u00caNCIAS.</a></p>\r\n</td>\r\n<td><strong><a class=\"external-link\" href=\"https://www.legislacaodigital.com.br/Cubatao-SP/LeisOrdinarias/4016\" target=\"_self\" title=\"\">LEI N\u00ba 4.016 DE 17/07/2019</a></strong></td>\r\n</tr>\r\n<tr>\r\n<td>463</td>\r\n<td><b><b>F\u00c1BIO ALVES MOREIRA</b></b></td>\r\n<td style=\"text-align: center; \">\r\n<p><strong>PLC 73</strong></p>\r\n</td>\r\n<td><strong>20/05/2019</strong></td>\r\n<td>\r\n<p><a title=\"\" href=\"https://www.cubatao.sp.leg.br/processo-legislativo/projetos-de-lei/arquivos/pl-2019/plc732019\" class=\"internal-link\" target=\"_self\">D\u00c1 NOVA REDA\u00c7\u00c3O AOS \u00a7\u00a7 1\u00ba E 5\u00ba DO ART. 145 DA LEI N\u00ba 1.383, DE 29 DE JUNHO DE 1983, QUE \u201cDISP\u00d5E SOBRE O SISTEMA TRIBUT\u00c1RIO DO MUNIC\u00cdPIO DE CUBAT\u00c3O\u201d, E D\u00c1 OUTRAS PROVID\u00caNCIAS.\u00a0</a></p>\r\n</td>\r\n<td><span>RETIRADO PELO AUTOR\u00a0 EM 26/07/2019</span><span></span></td>\r\n</tr>\r\n<tr>\r\n<td>462</td>\r\n<td><b>F\u00c1BIO ALVES MOREIRA</b></td>\r\n<td style=\"text-align: center; \">\r\n<p><strong>PLC 72</strong></p>\r\n</td>\r\n<td><strong>20/05/2019</strong></td>\r\n<td>\r\n<p><a title=\"\" href=\"https://www.cubatao.sp.leg.br/processo-legislativo/projetos-de-lei/arquivos/pl-2019/plc722019\" class=\"internal-link\" target=\"_self\">ACRESCENTA O ART. 42-A \u00c0 LEI COMPLEMENTAR N\u00ba 75, DE 6 DE NOVEMBRO DE 2013, QUE \u201cINSTITUI O C\u00d3DIGO DE POSTURA DO MUNIC\u00cdPIO DE CUBAT\u00c3O\u201d E D\u00c1 OUTRAS PROVID\u00caNCIAS.\u00a0</a></p>\r\n</td>\r\n<td><span>RETIRADO PELO AUTOR EM 26/07/2019</span><br /><span></span></td>\r\n</tr>\r\n<tr>\r\n<td>449</td>\r\n<td><b>ADEM\u00c1RIO DA SILVA OLIVEIRA</b></td>\r\n<td style=\"text-align: center; \">\r\n<p><strong>OF\u00cdCIO 244/2019</strong></p>\r\n<p><strong>VETO</strong><br /><strong>AO PL</strong><br /><strong>157/2018</strong></p>\r\n</td>\r\n<td><strong>16/05/2019</strong></td>\r\n<td><a title=\"\" href=\"https://www.cubatao.sp.leg.br/processo-legislativo/projetos-de-lei/arquivos/pl-2019/oficio244vetopl157\" class=\"internal-link\" target=\"_self\">COMUNICA VETO INTEGRAL AO PROJETO DE LEI N\u00ba 157/2018, QUE \u201cDISCIPLINA A PRESTA\u00c7\u00c3O DO SERVI\u00c7O DE ABASTECIMENTO DE \u00c1GUA E ESGOTAMENTO SANIT\u00c1RIO NO MUNIC\u00cdPIO DE CUBAT\u00c3O, E D\u00c1 OUTRAS PROVID\u00caNCIAS\u201d.</a></td>\r\n<td><span>REJEITADO O VETO EM 18/06/2019</span></td>\r\n</tr>\r\n<tr>\r\n<td>448</td>\r\n<td><b><b><b>ADEM\u00c1RIO DA SILVA OLIVEIRA</b></b></b></td>\r\n<td style=\"text-align: center; \"><b>PL 71</b></td>\r\n<td><strong><strong>16/05/2019</strong></strong></td>\r\n<td>\r\n<p><a title=\"\" href=\"https://www.cubatao.sp.leg.br/processo-legislativo/projetos-de-lei/arquivos/pl-2019/pl712019\" class=\"internal-link\" target=\"_self\">AUTORIZA O PODER EXECUTIVO A PERMITIR O USO, A T\u00cdTULO PREC\u00c1RIO E GRATUITO, PELO 2\u00ba SUBGRUPAMENTO DO CORPO DE BOMBEIROS, DO BEM P\u00daBLICO QUE ESPEC\u00cdFICA E D\u00c1 OUTRAS PROVID\u00caNCIAS.</a></p>\r\n</td>\r\n<td><a class=\"external-link\" href=\"https://www.legislacaodigital.com.br/Cubatao-SP/LeisOrdinarias/4010\" target=\"_self\" title=\"\">LEI N\u00ba 4.010 DE 03/07/2019\u00a0</a></td>\r\n</tr>\r\n<tr>\r\n<td>440</td>\r\n<td><b><b>ANTONIO VIEIRA DA SILVA</b></b></td>\r\n<td style=\"text-align: center; \"><b>PELOM 01</b></td>\r\n<td><strong>14/05/2019</strong></td>\r\n<td>\r\n<p><a title=\"\" href=\"https://www.cubatao.sp.leg.br/processo-legislativo/projetos-de-lei/arquivos/pl-2019/pelom012019\" class=\"internal-link\" target=\"_self\">ALTERA A REDA\u00c7\u00c3O DO ATUAL PAR\u00c1GRAFO SEGUNDO DA LEI ORG\u00c2NICA DO MUNIC\u00cdPIO DE CUBAT\u00c3O E D\u00c1 OUTRAS PROVID\u00caNCIAS.</a></p>\r\n</td>\r\n<td><span><span>COMISS\u00d5ES EM 30/07/2019</span></span></td>\r\n</tr>\r\n<tr>\r\n<td>438</td>\r\n<td><b><strong>\u00c9RIKA VER\u00c7OSA</strong></b></td>\r\n<td style=\"text-align: center; \"><b>PL 70</b></td>\r\n<td><strong>14/05/2019</strong></td>\r\n<td>\r\n<p><a title=\"\" href=\"https://www.cubatao.sp.leg.br/processo-legislativo/projetos-de-lei/arquivos/pl-2019/pl702019\" class=\"internal-link\" target=\"_self\">INSTITUI A CAMPANHA PERMANENTE DE CONSCIENTIZA\u00c7\u00c3O DA DEPRESS\u00c3O NO \u00c2MBITO MUNICIPAL E D\u00c1 OUTRAS PROVID\u00caNCIAS.\u00a0</a></p>\r\n</td>\r\n<td><span>RETIRADO PELA AUTORA EM 20/05/2019</span></td>\r\n</tr>\r\n<tr>\r\n<td>431</td>\r\n<td><b>ADEM\u00c1RIO DA SILVA OLIVEIRA</b></td>\r\n<td style=\"text-align: center; \"><b>PL 69</b></td>\r\n<td><strong>13/05/2019</strong></td>\r\n<td>\r\n<p><a title=\"\" href=\"https://www.cubatao.sp.leg.br/processo-legislativo/projetos-de-lei/arquivos/pl-2019/pl692019\" class=\"internal-link\" target=\"_self\">AUTORIZA O PODER EXECUTIVO A PERMITIR O USO, A T\u00cdTULO PREC\u00c1RIO E GRATUITO, PELO GRUPO LAZER E CIDADANIA-GLC, DO BEM P\u00daBLICO QUE ESPECIFICA E D\u00c1 OUTRAS PROVID\u00caNCIAS.</a></p>\r\n</td>\r\n<td><a class=\"external-link\" href=\"https://www.legislacaodigital.com.br/Cubatao-SP/LeisOrdinarias/4008\" target=\"_self\" title=\"\">LEI N\u00ba 4.008 DE 02/07/2019\u00a0</a></td>\r\n</tr>\r\n<tr>\r\n<td>430</td>\r\n<td><b><b>ADEM\u00c1RIO DA SILVA OLIVEIRA</b></b></td>\r\n<td style=\"text-align: center; \"><b>PL 68</b></td>\r\n<td><strong><strong>13/05/2019</strong></strong></td>\r\n<td>\r\n<p><a title=\"\" href=\"https://www.cubatao.sp.leg.br/processo-legislativo/projetos-de-lei/arquivos/pl-2019/pl682019\" class=\"internal-link\" target=\"_self\">INSTITUI O PLANO DE MOBILIDADE URBANA DO MUNIC\u00cdPIO DE CUBAT\u00c3O, E D\u00c1 OUTRAS PROVID\u00caNCIAS.</a></p>\r\n</td>\r\n<td><span>COMISS\u00d5ES EM 27/05/2019</span></td>\r\n</tr>\r\n<tr>\r\n<td>413</td>\r\n<td><b>RODRIGO RAMOS SOARES</b></td>\r\n<td style=\"text-align: center; \"><strong>PR 03</strong></td>\r\n<td><strong>07/05/2019</strong></td>\r\n<td><a title=\"\" href=\"https://www.cubatao.sp.leg.br/processo-legislativo/projetos-de-lei/arquivos/pl-2019/pr032019\" class=\"internal-link\" target=\"_self\">ALTERA A AL\u00cdNEA \u201cC\u201d DO ARTIGO 53 DA RESOLU\u00c7\u00c3O N\u00b0. 1.558, DE 13 DE DEZEMBRO DE 1991, E D\u00c1 OUTRAS PROVID\u00caNCIAS.\u00a0</a></td>\r\n<td>\r\n<p><strong><a class=\"external-link\" href=\"https://www.legislacaodigital.com.br/Cubatao-SP/Resolucoes/2940\" target=\"_self\" title=\"\">RESOLU\u00c7\u00c3O N\u00ba 2.940 DE 16/07/2019</a></strong></p>\r\n</td>\r\n</tr>\r\n<tr>\r\n<td>412</td>\r\n<td>\r\n<p><b>JAIR FERREIRA LUCAS</b></p>\r\n</td>\r\n<td style=\"text-align: center; \"><strong>PL 67</strong></td>\r\n<td><strong>07/05/2019</strong></td>\r\n<td><a title=\"\" href=\"https://www.cubatao.sp.leg.br/processo-legislativo/projetos-de-lei/arquivos/pl-2019/pl672019\" class=\"internal-link\" target=\"_self\">ALTERA A DENOMINA\u00c7\u00c3O A UNIDADE MUNICIPAL DE ENSINO ESTADO DO AMAZONAS, PARA A UNIDADE MUNICIPAL DE ENSINO DIRETORA LILIA CRISTINA DA SILVA SOUZA.</a></td>\r\n<td><span>DVL CONCLUSO EM 03/06/2019</span></td>\r\n</tr>\r\n<tr>\r\n<td>410</td>\r\n<td><strong><strong><strong>MARCIO SILVA NASCIMENTO</strong></strong></strong></td>\r\n<td style=\"text-align: center; \"><b>PL 66</b></td>\r\n<td><strong><strong>06/05/2019</strong></strong></td>\r\n<td><a title=\"\" href=\"https://www.cubatao.sp.leg.br/processo-legislativo/projetos-de-lei/arquivos/pl-2019/pl662019\" class=\"internal-link\" target=\"_self\">ACRESCENTA O PAR\u00c1GRAFO \u00daNICO AO ARTIGO 2\u00ba DA LEI 3.943 DE 28 DE SETEMBRO DE 2018, QUE INSTITUI A CAMPANHA MUNICIPAL DE PREVEN\u00c7\u00c3O AO SUIC\u00cdDIO \"SETEMBRO AMARELO\" E D\u00c1 OUTRAS PROVID\u00caNCIAS.</a></td>\r\n<td style=\"text-align: justify; \"><strong><a class=\"external-link\" href=\"https://www.legislacaodigital.com.br/Cubatao-SP/LeisOrdinarias/4039\" target=\"_self\" title=\"\">LEI N\u00ba 4.039 DE 24/09/2019\u00a0</a></strong></td>\r\n</tr>\r\n<tr>\r\n<td>407</td>\r\n<td><strong><strong>F\u00c1BIO ALVES MOREIRA</strong></strong></td>\r\n<td style=\"text-align: center; \"><b>PL 65</b></td>\r\n<td><strong>06/05/2019</strong></td>\r\n<td><a title=\"\" href=\"https://www.cubatao.sp.leg.br/processo-legislativo/projetos-de-lei/arquivos/pl-2019/pl652019\" class=\"internal-link\" target=\"_self\">DISP\u00d5E SOBRE A OBRIGATORIEDADE DOS PETS SHOPS E ESTABELECIMENTOS SIMILARES, QUE OFERECEM OS SERVI\u00c7OS DE BANHO E TOSA PARA C\u00c3ES E GATOS NA CIDADE DE CUBAT\u00c3O, INSTALAREM SISTEMAS DE MONITORAMENTO POR C\u00c2MERAS DE V\u00cdDEO E DISPONIBILIZAREM OS SERVI\u00c7OS CONECTADOS ON-LINE \u00c0 INTERNET, E D\u00c1 OUTRAS PROVID\u00caNCIAS.</a></td>\r\n<td>\r\n<p><a class=\"external-link\" href=\"https://www.legislacaodigital.com.br/Cubatao-SP/LeisOrdinarias/4051\" target=\"_self\" title=\"\"><strong>LEI N\u00ba 4.051</strong><br /><strong>DE 31/10/2019</strong></a></p>\r\n</td>\r\n</tr>\r\n<tr>\r\n<td>404</td>\r\n<td><strong>F\u00c1BIO ALVES MOREIRA</strong></td>\r\n<td style=\"text-align: center; \"><b>PL 64</b></td>\r\n<td><strong>03/05/2019</strong></td>\r\n<td><a title=\"\" href=\"https://www.cubatao.sp.leg.br/processo-legislativo/projetos-de-lei/arquivos/pl-2019/pl642019\" class=\"internal-link\" target=\"_self\">DISP\u00d5E SOBRE A INCLUS\u00c3O DE CONCEITOS DE EMPREENDEDORISMO NA REDE MUNICIPAL DE ENSINO, E D\u00c1 OUTRAS PROVID\u00caNCIAS.</a></td>\r\n<td>RETIRADO PELO AUTOR EM 27/05/2019</td>\r\n</tr>\r\n<tr>\r\n<td>403</td>\r\n<td><strong>F\u00c1BIO ALVES MOREIRA</strong></td>\r\n<td style=\"text-align: center; \"><b>PL 63</b></td>\r\n<td><strong>03/05/2019</strong></td>\r\n<td><a title=\"\" href=\"https://www.cubatao.sp.leg.br/processo-legislativo/projetos-de-lei/arquivos/pl-2019/pl632019\" class=\"internal-link\" target=\"_self\">DISP\u00d5E SOBRE ALTERA\u00c7\u00d5ES \u00c0 LEI N\u00ba 1.383, DE 29 DE JUNHO DE 1983, QUE TRATA O SISTEMA TRIBUT\u00c1RIO DO MUNIC\u00cdPIO DE CUBAT\u00c3O E DA OUTRAS PROVID\u00caNCIAS.</a></td>\r\n<td>RETIRADO PELO AUTOR EM 21/05/2019</td>\r\n</tr>\r\n<tr>\r\n<td>402</td>\r\n<td><strong><b><strong><strong>F\u00c1BIO ALVES MOREIRA</strong></strong></b></strong></td>\r\n<td style=\"text-align: center; \"><b>PL 62</b></td>\r\n<td><strong><strong>03/05/2019</strong></strong></td>\r\n<td><a title=\"\" href=\"https://www.cubatao.sp.leg.br/processo-legislativo/projetos-de-lei/arquivos/pl-2019/pl622019\" class=\"internal-link\" target=\"_self\">DISP\u00d5E SOBRE ACRESCENTAR \u00c0 LEI COMPLEMENTAR N\u00ba 75, DE 06 DE NOVEMBRO DE 2013, QUE TRATA O C\u00d3DIGO DE POSTURA DO MUNIC\u00cdPIO DE CUBAT\u00c3O E DA OUTRAS PREVID\u00caNCIAS.</a></td>\r\n<td>RETIRADO PELO AUTOR EM 21/05/2019</td>\r\n</tr>\r\n<tr>\r\n<td>389</td>\r\n<td><strong><b><strong>F\u00c1BIO ALVES MOREIRA</strong></b></strong></td>\r\n<td style=\"text-align: center; \"><b>PL 61</b></td>\r\n<td><strong>02/05/2019</strong></td>\r\n<td><a title=\"\" href=\"https://www.cubatao.sp.leg.br/processo-legislativo/projetos-de-lei/arquivos/pl-2019/pl612019\" class=\"internal-link\" target=\"_self\">DISP\u00d5E SOBRE A OBRIGATORIEDADE DE AS REDES MUNICIPAL E PARTICULAR DE ENSINO GARANTIREM AOS ALUNOS QUE NECESSITEM DE ATEN\u00c7\u00c3O NUTRICIONAL INDIVIDUALIZADA EM VIRTUDE DE ESTADO OU DE CONDI\u00c7\u00c3O DE SA\u00daDE ESPEC\u00cdFICA, SER\u00c1 ELABORADO CARD\u00c1PIO ESPECIAL COM BASE EM RECOMENDA\u00c7\u00d5ES M\u00c9DICAS E NUTRICIONAIS, AVALIA\u00c7\u00c3O NUTRICIONAL E DEMANDAS NUTRICIONAIS DIFERENCIADAS, E D\u00c1 OUTRAS PROVID\u00caNCIAS.</a></td>\r\n<td>RETIRADO PELO AUTOR EM 27/05/2019</td>\r\n</tr>\r\n<tr>\r\n<td>364</td>\r\n<td><strong><b>MESA DA C\u00c2MARA MUNICIPAL</b></strong></td>\r\n<td style=\"text-align: center; \"><b>PL 60</b></td>\r\n<td><strong>24/04/2019</strong></td>\r\n<td><a title=\"\" href=\"https://www.cubatao.sp.leg.br/processo-legislativo/projetos-de-lei/arquivos/pl-2019/pl602019\" class=\"internal-link\" target=\"_self\">DISP\u00d5E SOBRE O REAJUSTE DO VENCIMENTO PADR\u00c3O DOS SERVIDORES P\u00daBLICOS DA C\u00c2MARA MUNICIPAL DE CUBAT\u00c3O E D\u00c1 OUTRAS PROVID\u00caNCIAS.</a></td>\r\n<td>\r\n<p><a class=\"external-link\" href=\"https://www.legislacaodigital.com.br/Cubatao-SP/LeisOrdinarias/3988\" target=\"_self\" title=\"\">LEI N\u00ba 3.988<br />03/05/2019</a><a class=\"external-link\" href=\"http://www.cubatao.sp.gov.br/diariooficial/diariooficial-integra.asp?codigo=261\" target=\"_self\" title=\"\"></a></p>\r\n</td>\r\n</tr>\r\n<tr>\r\n<td>361</td>\r\n<td><strong><b>F\u00c1BIO ALVES MOREIRA</b></strong></td>\r\n<td style=\"text-align: center; \"><b>PL 59</b></td>\r\n<td><strong>22/04/2019</strong></td>\r\n<td><a title=\"\" href=\"https://www.cubatao.sp.leg.br/processo-legislativo/projetos-de-lei/arquivos/pl-2019/pl592019\" class=\"internal-link\" target=\"_self\">DISCIPLINA O DESCARTE E O GERENCIAMENTO DE RES\u00cdDUOS ELETROELETR\u00d4NICOS NO MUNIC\u00cdPIO DE CUBAT\u00c3O, AUTORIZA O PODER EXECUTIVO A CELEBRAR PARCERIA COM PESSOA JUR\u00cdDICA QUE FA\u00c7A OS SERVI\u00c7OS DE COLETA, REUTILIZA\u00c7\u00c3O, RECICLAGEM, TRATAMENTO OU DISPOSI\u00c7\u00c3O FINAL E D\u00c1 OUTRAS PROVID\u00caNCIAS.</a></td>\r\n<td>\r\n<p><strong><a class=\"external-link\" href=\"https://www.legislacaodigital.com.br/Cubatao-SP/LeisOrdinarias/4005\" target=\"_self\" title=\"\">LEI N\u00ba 4.005<br />DE 19/06/2019\u00a0</a></strong></p>\r\n</td>\r\n</tr>\r\n<tr>\r\n<td>355</td>\r\n<td><strong>MARCIO SILVA NASCIMENTO</strong></td>\r\n<td style=\"text-align: center; \"><b>PL 58</b></td>\r\n<td><strong>17/04/2019</strong></td>\r\n<td><a title=\"\" href=\"https://www.cubatao.sp.leg.br/processo-legislativo/projetos-de-lei/arquivos/pl-2019/pl582019\" class=\"internal-link\" target=\"_self\">INSTITUI A CAMPANHA MUNICIPAL DE PREVEN\u00c7\u00c3O \u00c0 \u201cENDOMETRIOSE\u201d E D\u00c1 OUTRAS PROVID\u00caNCIAS.</a></td>\r\n<td>\r\n<p align=\"center\" style=\"text-align: left; \"><b><a class=\"external-link\" href=\"https://www.legislacaodigital.com.br/Cubatao-SP/LeisOrdinarias/4062\" target=\"_self\" title=\"\">LEI N\u00ba 4.062 DE 10/12/2019\u00a0</a></b></p>\r\n</td>\r\n</tr>\r\n<tr>\r\n<td>353</td>\r\n<td>\r\n<p><b>ADEM\u00c1RIO DA SILVA OLIVEIRA</b></p>\r\n<b></b></td>\r\n<td style=\"text-align: center; \">\r\n<p><b>PLC 57</b></p>\r\n</td>\r\n<td><strong>17/04/2019</strong><strong></strong></td>\r\n<td><a title=\"\" href=\"https://www.cubatao.sp.leg.br/processo-legislativo/projetos-de-lei/arquivos/pl-2019/plc572019\" class=\"internal-link\" target=\"_self\">ALTERA, ACRESCENTA E REVOGA DISPOSITIVOS DA LEI COMPLEMENTAR MUNICIPAL N\u00ba 1.434 DE 18 DE JUNHO DE 1984, QUE CONCEDE ISEN\u00c7\u00c3O DE TRIBUTOS MUNICIPAIS \u00c0S ENTIDADES QUE MENCIONA E AOS TEMPLOS DE QUALQUER CULTO, CANCELA D\u00c9BITOS FISCAIS QUE ESPECIFICA, E D\u00c1 OUTRAS PROVID\u00caNCIAS.</a><a title=\"\" href=\"https://www.cubatao.sp.leg.br/processo-legislativo/projetos-de-lei/arquivos/pl-2019/pl542019\" class=\"internal-link\" target=\"_self\"></a></td>\r\n<td><a class=\"external-link\" href=\"https://www.legislacaodigital.com.br/Cubatao-SP/LeisComplementares/105\" target=\"_self\" title=\"\">LEI COMPLEMENTAR N\u00ba 105 DE 30/05/2019</a><a class=\"external-link\" href=\"http://www.cubatao.sp.gov.br/diariooficial/diariooficial-integra.asp?codigo=286\" target=\"_self\" title=\"\"></a><span></span></td>\r\n</tr>\r\n<tr>\r\n<td>350</td>\r\n<td>\r\n<p><b>ADEM\u00c1RIO DA SILVA OLIVEIRA</b></p>\r\n</td>\r\n<td style=\"text-align: center; \"><b>PL 56</b></td>\r\n<td><strong>17/04/2019</strong></td>\r\n<td><a title=\"\" href=\"https://www.cubatao.sp.leg.br/processo-legislativo/projetos-de-lei/arquivos/pl-2019/pl562019\" class=\"internal-link\" target=\"_self\">CRIA A CONTROLADORIA GERAL DO MUNIC\u00cdPIO - CGM, DISP\u00d5E SOBRE O SISTEMA DE CONTROLE INTERNO DA PREFEITURA MUNICIPAL DE CUBAT\u00c3O, E D\u00c1 OUTRAS PROVID\u00caNCIAS.</a></td>\r\n<td><a class=\"external-link\" href=\"https://www.legislacaodigital.com.br/Cubatao-SP/LeisOrdinarias/4012\" target=\"_self\" title=\"\">LEI N\u00ba 4.012 DE 05/07/19\u00a0</a></td>\r\n</tr>\r\n<tr>\r\n<td>349</td>\r\n<td>\r\n<p><b>ADEM\u00c1RIO DA SILVA OLIVEIRA</b></p>\r\n</td>\r\n<td style=\"text-align: center; \"><b>PL 55</b></td>\r\n<td><strong>17/04/2019</strong></td>\r\n<td><a title=\"\" href=\"https://www.cubatao.sp.leg.br/processo-legislativo/projetos-de-lei/arquivos/pl-2019/pl552019\" class=\"internal-link\" target=\"_self\">ALTERA A CL\u00c1USULA D\u00c9CIMA QUINTA DA MINUTA DO TERMO DE CONV\u00caNIO INTEGRANTE DA LEI MUNICIPAL N\u00ba 3.890, DE 13 DE ABRIL DE 2018, QUE ALTERA E REVOGA DISPOSITIVOS DA LEI N\u00ba 3.329, DE 27 DE AGOSTO DE 2009 QUE AUTORIZA O PODER EXECUTIVO A CELEBRAR CONV\u00caNIO COM A ORDEM DOS ADVOGADOS DO BRASIL - SUBSEC\u00c7\u00c3O DE CUBAT\u00c3O E D\u00c1 OUTRAS PROVID\u00caNCIAS.\u00a0</a></td>\r\n<td>\r\n<p><a class=\"external-link\" href=\"https://www.legislacaodigital.com.br/Cubatao-SP/LeisOrdinarias/3989\" target=\"_self\" title=\"\">LEI N\u00ba 3.989<br />03/05/2019</a><a class=\"external-link\" href=\"http://www.cubatao.sp.gov.br/diariooficial/diariooficial-integra.asp?codigo=261\" target=\"_self\" title=\"\"></a></p>\r\n</td>\r\n</tr>\r\n<tr>\r\n<td>348</td>\r\n<td><b>ADEM\u00c1RIO DA SILVA OLIVEIRA</b></td>\r\n<td style=\"text-align: center; \">\r\n<p><b>PL 54</b></p>\r\n</td>\r\n<td><strong>17/04/2019</strong></td>\r\n<td><a title=\"\" href=\"https://www.cubatao.sp.leg.br/processo-legislativo/projetos-de-lei/arquivos/pl-2019/pl542019\" class=\"internal-link\" target=\"_self\">ACRESCENTA META NO PLANO PLURIANUAL 2018/2021, CRIA META NAS DIRETRIZES OR\u00c7AMENT\u00c1RIAS E ABRE CR\u00c9DITO ADICIONAL ESPECIAL PARA O EXERC\u00cdCIO DE 2019 E D\u00c1 OUTRAS PROVID\u00caNCIAS.</a></td>\r\n<td><a class=\"external-link\" href=\"https://www.legislacaodigital.com.br/Cubatao-SP/LeisOrdinarias/4011\" target=\"_self\" title=\"\">LEI N\u00ba 4.011 DE 05/07/19\u00a0</a></td>\r\n</tr>\r\n<tr>\r\n<td>347</td>\r\n<td><b>ADEM\u00c1RIO DA SILVA OLIVEIRA</b></td>\r\n<td style=\"text-align: center; \">\r\n<p><b>PLC 53</b></p>\r\n</td>\r\n<td><strong>17/04/2019</strong></td>\r\n<td>\r\n<p class=\"MsoNormal\"><span><a title=\"\" href=\"https://www.cubatao.sp.leg.br/processo-legislativo/projetos-de-lei/arquivos/pl-2019/plc532019\" class=\"internal-link\" target=\"_self\">ALTERA O ARTIGO 5\u00ba DA LEI COMPLEMENTAR N\u00ba 83, DE 29 DE ABRIL DE 2016, E D\u00c1 OUTRAS PROVID\u00caNCIAS.</a></span></p>\r\n</td>\r\n<td>\r\n<p><a class=\"external-link\" href=\"https://www.legislacaodigital.com.br/Cubatao-SP/LeisComplementares/104\" target=\"_self\" title=\"\">LEI COMPLEMENTAR N\u00ba 104 DE 29/04/2019</a></p>\r\n</td>\r\n</tr>\r\n<tr>\r\n<td>346<span></span></td>\r\n<td>\r\n<p><b>ADEM\u00c1RIO DA SILVA OLIVEIRA</b></p>\r\n</td>\r\n<td style=\"text-align: center; \"><b>PL 52</b></td>\r\n<td><strong>17/04/2019</strong></td>\r\n<td><a title=\"\" href=\"https://www.cubatao.sp.leg.br/processo-legislativo/projetos-de-lei/arquivos/pl-2019/pl522019\" class=\"internal-link\" target=\"_self\">AUTORIZA O PODER EXECUTIVO A RECEBER, EM DOA\u00c7\u00c3O COM ENCARGOS, O IM\u00d3VEL DE PROPRIEDADE DA COMPANHIA DE DESENVOLVIMENTO HABITACIONAL E URBANO DO ESTADO DE S\u00c3O PAULO - CDHU, QUE ESPECIFICA, E D\u00c1 OUTRAS PROVID\u00caNCIAS.</a></td>\r\n<td>\r\n<p><strong><a class=\"external-link\" href=\"https://www.legislacaodigital.com.br/Cubatao-SP/LeisOrdinarias/3999\" target=\"_self\" title=\"\">LEI N\u00ba 3.999<br />DE 04/06/2019\u00a0</a></strong></p>\r\n</td>\r\n</tr>\r\n<tr>\r\n<td><span>344</span></td>\r\n<td><strong><strong><b><strong><b>MARCIO SILVA NASCIMENTO</b></strong></b></strong></strong></td>\r\n<td style=\"text-align: center; \"><b><b><b>PL 51\u00a0</b></b></b></td>\r\n<td><strong><strong><strong>17/04/2019</strong></strong></strong></td>\r\n<td>\r\n<p><a title=\"\" href=\"https://www.cubatao.sp.leg.br/processo-legislativo/projetos-de-lei/arquivos/pl-2019/pl512019\" class=\"internal-link\" target=\"_self\">DENOMINA \"JORNALISTA MANOEL ALVES FERNANDES - MANECO\" A VIA P\u00daBLICA\u00a0 QUE MENCIONA E D\u00c1 OUTRAS PROVID\u00caNCIAS.</a></p>\r\n</td>\r\n<td>\r\n<p><a class=\"external-link\" href=\"https://www.legislacaodigital.com.br/Cubatao-SP/LeisOrdinarias/4046\" target=\"_self\" title=\"\"><strong>LEI N\u00ba 4.046</strong><br /><strong>DE 22/10/2019\u00a0</strong></a></p>\r\n</td>\r\n</tr>\r\n<tr>\r\n<td><span>343</span></td>\r\n<td><strong><strong><b><strong><b>MARCIO SILVA NASCIMENTO</b></strong></b></strong></strong></td>\r\n<td style=\"text-align: center; \"><b><b><b>PL 50</b></b></b></td>\r\n<td><strong><strong><strong>17/04/2019</strong></strong></strong></td>\r\n<td>\r\n<p><a title=\"\" href=\"https://www.cubatao.sp.leg.br/processo-legislativo/projetos-de-lei/arquivos/pl-2019/pl502019\" class=\"internal-link\" target=\"_self\">DENOMINA \"PRA\u00c7A DR. ARMANDO TADEU GUASTAPAGLIA\" LOGRADOURO QUE MENCIONA E D\u00c1 OUTRAS PROVID\u00caNCIAS.</a></p>\r\n</td>\r\n<td><a class=\"external-link\" href=\"https://www.legislacaodigital.com.br/Cubatao-SP/LeisOrdinarias/4071\" target=\"_self\" title=\"\"><strong>LEI N\u00ba 4.071</strong><br /><strong>DE 13/03/2020\u00a0</strong></a></td>\r\n</tr>\r\n<tr>\r\n<td>342</td>\r\n<td><b>IVAN DA SILVA</b></td>\r\n<td style=\"text-align: center; \">\r\n<p><b>PL 49</b></p>\r\n</td>\r\n<td><strong>15/04/2019</strong></td>\r\n<td><a title=\"\" href=\"https://www.cubatao.sp.leg.br/processo-legislativo/projetos-de-lei/arquivos/pl-2019/pl492019\" class=\"internal-link\" target=\"_self\">DISP\u00d5E SOBRE A PROIBI\u00c7\u00c3O DE PESSOAS ALHEIAS AO \u00c2MBITO ESCOLAR DE ENTRAREM E CIRCULAREM NAS INSTITUI\u00c7\u00d5ES DE ENSINO, SEM O ACOMPANHAMENTO DE FUNCION\u00c1RIO E D\u00c1 OUTRAS PROVID\u00caNCIAS</a></td>\r\n<td>\r\n<p align=\"center\" style=\"text-align: left; \">RETIRADO PELO\u00a0AUTOR EM 06/05/2019<b></b></p>\r\n</td>\r\n</tr>\r\n<tr>\r\n<td>328<span></span></td>\r\n<td><b>ADEM\u00c1RIO DA SILVA OLIVEIRA</b><strong><strong><b><strong><b></b></strong></b></strong></strong></td>\r\n<td style=\"text-align: center; \">\r\n<p><b>PL 48</b></p>\r\n</td>\r\n<td><strong>12/04/2019<strong><strong></strong></strong></strong></td>\r\n<td><a title=\"\" href=\"https://www.cubatao.sp.leg.br/processo-legislativo/projetos-de-lei/arquivos/pl-2019/pl482019\" class=\"internal-link\" target=\"_self\">DISP\u00d5E SOBRE AS DIRETRIZES GERAIS PARA A ELABORA\u00c7\u00c3O DA LEI OR\u00c7AMENT\u00c1RIA DO MUNIC\u00cdPIO DE CUBAT\u00c3O PARA O EXERC\u00cdCIO DE 2020 E D\u00c1 OUTRAS PROVID\u00caNCIAS.</a>\r\n<p>\u00a0</p>\r\n</td>\r\n<td>\r\n<p><strong><a class=\"external-link\" href=\"https://www.legislacaodigital.com.br/Cubatao-SP/LeisOrdinarias/4019\" target=\"_self\" title=\"\">LEI N\u00ba 4.019<br />DE 29/07/2019\u00a0</a></strong></p>\r\n</td>\r\n</tr>\r\n<tr>\r\n<td><span>325</span></td>\r\n<td><strong><strong><b><strong><b>LAELSON BATISTA SANTOS</b></strong></b></strong></strong></td>\r\n<td style=\"text-align: center; \"><b><b><b>PLC 47</b></b></b></td>\r\n<td><strong><strong><strong>12/04/2019</strong></strong></strong></td>\r\n<td>\r\n<p><a title=\"\" href=\"https://www.cubatao.sp.leg.br/processo-legislativo/projetos-de-lei/arquivos/pl-2019/plc472019\" class=\"internal-link\" target=\"_self\">\u201cALTERA O INCISO II DO ARTIGO 16 DA LEI COMPLEMENTAR N\u00ba 2512, DE 10 DE SETEMBRO 1998, E D\u00c1\u00a0 OUTRAS PROVID\u00caNCIAS\u201d.</a></p>\r\n</td>\r\n<td><strong>APROVADO EM 1\u00aa e 2\u00aa DISCUSS\u00d5ES EM 15/10/2019</strong></td>\r\n</tr>\r\n<tr>\r\n<td>319</td>\r\n<td><strong><strong><b><strong><b>RAFAEL DE SOUZA VILLAR</b></strong></b></strong></strong></td>\r\n<td style=\"text-align: center; \"><b><b><b>PL 46</b></b></b></td>\r\n<td><strong><strong><strong>11/04/2019</strong></strong></strong></td>\r\n<td>\r\n<p><a title=\"\" href=\"https://www.cubatao.sp.leg.br/processo-legislativo/projetos-de-lei/arquivos/pl-2019/pl462019\" class=\"internal-link\" target=\"_self\">DISP\u00d5E SOBRE O CONTROLE DE RES\u00cdDUOS ORIUNDOS DE CARGA, DESCARGA E TRANSPORTE DE S\u00d3LIDOS A GRANEL NAS VIAS P\u00daBLICAS DO MUNIC\u00cdPIO DE CUBAT\u00c3O E D\u00c1 OUTRAS PROVID\u00caNCIAS.</a></p>\r\n</td>\r\n<td>\r\n<p>DVL CONCLUSO EM 15/05/2019</p>\r\n</td>\r\n</tr>\r\n<tr>\r\n<td><span>314</span></td>\r\n<td><strong><strong><b><strong><b>IVAN DA SILVA</b></strong></b></strong></strong></td>\r\n<td style=\"text-align: center; \"><b><b><b>PL 45</b></b></b></td>\r\n<td><strong><strong><strong>10/04/2019</strong></strong></strong></td>\r\n<td>\r\n<p><a title=\"\" href=\"https://www.cubatao.sp.leg.br/processo-legislativo/projetos-de-lei/arquivos/pl-2019/pl452019\" class=\"internal-link\" target=\"_self\">INSTITUI O \u201cAGOSTO LIMPO\u201d, COMO M\u00caS DE COMBATE A POLUI\u00c7\u00c3O NA CIDADE DE CUBAT\u00c3O E D\u00c1 OUTRAS PROVID\u00caNCIAS.</a></p>\r\n</td>\r\n<td><span>DVL CONCLUSO EM 21/09/2020</span></td>\r\n</tr>\r\n<tr>\r\n<td><span>313</span></td>\r\n<td><strong><strong><b><strong>RAFAEL DE SOUZA VILLAR</strong></b></strong></strong></td>\r\n<td style=\"text-align: center; \"><b><b><b>PLC 44</b></b></b></td>\r\n<td><strong><strong><strong>10/04/2019</strong></strong></strong></td>\r\n<td>\r\n<p><a title=\"\" href=\"https://www.cubatao.sp.leg.br/processo-legislativo/projetos-de-lei/arquivos/pl-2019/plc442019\" class=\"internal-link\" target=\"_self\">SUSPENDE A COBRAN\u00c7A DA CONTRIBUI\u00c7\u00c3O PARA O CUSTEIO DO SERVI\u00c7O DE ILUMINA\u00c7\u00c3O P\u00daBLICA-CIP, NO \u00c2MBITO DO MUNIC\u00cdPIO DE CUBAT\u00c3O E D\u00c1 OUTRAS PROVID\u00caNCIAS.</a><a title=\"\" href=\"https://www.cubatao.sp.leg.br/processo-legislativo/projetos-de-lei/arquivos/pl-2019/pr022019\" class=\"internal-link\" target=\"_self\"></a></p>\r\n</td>\r\n<td>\r\n<p>REJEITADO.</p>\r\n<p>ARQUIVADO EM 07/05/2020</p>\r\n</td>\r\n</tr>\r\n<tr>\r\n<td>289</td>\r\n<td><strong><strong><b>RODRIGO RAMOS SOARES</b></strong></strong></td>\r\n<td style=\"text-align: center; \"><b><b>PR 02</b></b></td>\r\n<td><strong><strong>29/03/2019</strong></strong></td>\r\n<td>\r\n<p><a title=\"\" href=\"https://www.cubatao.sp.leg.br/processo-legislativo/projetos-de-lei/arquivos/pl-2019/pr022019\" class=\"internal-link\" target=\"_self\">REGULAMENTA A RECEP\u00c7\u00c3O DE SUGEST\u00d5ES DE PROJETOS DE LEI PELOS MUN\u00cdCIPES DE CUBAT\u00c3O, VIA OUVIDORIA, INSTITUINDO O BANCO DE IDEIAS LEGISLATIVA NESTA C\u00c2MARA MUNICIPAL E D\u00c1 OUTRAS PROVID\u00caNCIAS.</a></p>\r\n</td>\r\n<td><span>RETIRADO PELO AUTOR EM 03/06/2019</span></td>\r\n</tr>\r\n<tr>\r\n<td>288</td>\r\n<td><strong><strong>ADEM\u00c1RIO DA SILVA OLIVEIRA</strong></strong></td>\r\n<td style=\"text-align: center; \"><b>PLC 43</b></td>\r\n<td><strong>01/04/2019</strong></td>\r\n<td>\r\n<p><a title=\"\" href=\"https://www.cubatao.sp.leg.br/processo-legislativo/projetos-de-lei/arquivos/pl-2019/plc432019c\" class=\"internal-link\" target=\"_self\">ALTERA AS LEIS ORDIN\u00c1RIAS N\u00ba 1.986, DE 25 DE OUTUBRO DE 1991 E N\u00ba 3.562, DE 03 DE DEZEMBRO DE 2012; AS LEIS COMPLEMENTARES N\u00ba22, DE 26 DE JUNHO DE 2004 E N\u00ba 86, DE 21 DE DEZEMBRO DE 2016; REVOGA O ARTIGO 3\u00ba DA LEI COMPLEMENTAR N\u00ba 85, DE 21 DE DEZEMBRO DE 2016; E, D\u00c1 OUTRAS PROVID\u00caNCIAS.</a></p>\r\n</td>\r\n<td><a class=\"external-link\" href=\"https://www.legislacaodigital.com.br/Cubatao-SP/LeisComplementares/103\" target=\"_self\" title=\"\">LEI COMPLEMENTAR N\u00ba 103 DE 11/04/2019</a><a class=\"external-link\" href=\"http://www.cubatao.sp.gov.br/arquivos/diarioOficial/2019_4_12_16_43_53_21931.pdf\" target=\"_self\" title=\"\"><br /><span></span></a></td>\r\n</tr>\r\n<tr>\r\n<td>287</td>\r\n<td><b><b>ANTONIO VIEIRA DA SILVA</b></b></td>\r\n<td style=\"text-align: center; \"><b>PL 42</b></td>\r\n<td><strong>01/04/2019</strong></td>\r\n<td><a title=\"\" href=\"https://www.cubatao.sp.leg.br/processo-legislativo/projetos-de-lei/arquivos/pl-2019/pl0422019\" class=\"internal-link\" target=\"_self\">DISP\u00d5E SOBRE O ENCAMINHAMENTO FACULTATIVO DE ACIDENTADOS OU PESSOAS ATENDIDAS PELO SERVI\u00c7O DE ATENDIMENTO M\u00d3VEL DE URG\u00caNCIA (SAMU) A ESTABELECIMENTOS DE SA\u00daDE PRIVADOS, E D\u00c1 OUTRAS PROVID\u00caNCIAS.</a></td>\r\n<td><span>RETIRADO PELO AUTOR EM 03/06/2019</span></td>\r\n</tr>\r\n<tr>\r\n<td>286</td>\r\n<td><b>RODRIGO RAMOS SOARES</b></td>\r\n<td style=\"text-align: center; \"><b>PL 41</b></td>\r\n<td><strong>29/03/2019</strong></td>\r\n<td><a title=\"\" href=\"https://www.cubatao.sp.leg.br/processo-legislativo/projetos-de-lei/arquivos/pl-2019/pl412019\" class=\"internal-link\" target=\"_self\">DISP\u00d5E SOBRE A CRIA\u00c7\u00c3O, ORGANIZA\u00c7\u00c3O E ATUA\u00c7\u00c3O DOS GR\u00caMIOS ESTUDANTIS NAS UNIDADES DE ENSINO DO MUNIC\u00cdPIO, E D\u00c1 OUTRAS PROVID\u00caNCIAS.</a></td>\r\n<td><span>RETIRADO PELO AUTOR EM 03/06/2019</span></td>\r\n</tr>\r\n<tr>\r\n<td>285</td>\r\n<td><strong><b>RODRIGO RAMOS SOARES</b></strong></td>\r\n<td style=\"text-align: center; \"><b><b>PL 40</b></b></td>\r\n<td><strong><strong>29/03/2019</strong></strong></td>\r\n<td>\r\n<p><a title=\"\" href=\"https://www.cubatao.sp.leg.br/processo-legislativo/projetos-de-lei/arquivos/pl-2019/pl402019\" class=\"internal-link\" target=\"_self\">INSTITUI O DIA MUNICIPAL DE CONSCIENTIZA\u00c7\u00c3O E ENFRENTAMENTO \u00c0 FIBROMIALGIA E D\u00c1 OUTRAS PROVID\u00caNCIAS.</a></p>\r\n</td>\r\n<td>RETIRADO PELO AUTOR EM 03/06/2019</td>\r\n</tr>\r\n<tr>\r\n<td>284</td>\r\n<td><strong>ADEM\u00c1RIO DA SILVA OLIVEIRA</strong><b><b></b></b></td>\r\n<td style=\"text-align: center; \"><b>PL 39</b><b></b></td>\r\n<td><strong>01/04/2019</strong><strong></strong></td>\r\n<td>\r\n<p><a title=\"\" href=\"https://www.cubatao.sp.leg.br/processo-legislativo/projetos-de-lei/arquivos/pl-2019/pl392019\" class=\"internal-link\" target=\"_self\">INSTITUI A PARCELA CONSTITUCIONAL DE IRREDUTIBILIDADE - PCI, NA FORMA DO INCISO XV DO ARTIGO 37 DA CONSTITUI\u00c7\u00c3O FEDERAL, PARA OS SERVIDORES P\u00daBLICOS MUNICIPAIS, E D\u00c1 OUTRAS PROVID\u00caNCIAS.</a></p>\r\n</td>\r\n<td>RETIRADO PELO AUTOR EM 03/04/19</td>\r\n</tr>\r\n<tr>\r\n<td>278</td>\r\n<td><b><b>RAFAEL DE SOUZA VILLAR</b></b></td>\r\n<td style=\"text-align: center; \"><b>PLC 38</b></td>\r\n<td><strong>28/03/2019</strong></td>\r\n<td>\r\n<p><a title=\"\" href=\"https://www.cubatao.sp.leg.br/processo-legislativo/projetos-de-lei/arquivos/pl-2019/plc382019\" class=\"internal-link\" target=\"_self\">\u201cALTERA O ARTIGO 3\u00ba DA LEI COMPLEMENTAR N\u00ba 102, DE 09 DE OUTUBRO DE 2018 E D\u00c1 OUTRAS PROVID\u00caNCIAS\u201d.</a><a title=\"\" href=\"https://www.cubatao.sp.leg.br/processo-legislativo/projetos-de-lei/arquivos/pl-2019/pl352019\" class=\"internal-link\" target=\"_self\"></a></p>\r\n</td>\r\n<td>TRAMITANDO EM 05/04/2019</td>\r\n</tr>\r\n<tr>\r\n<td>277</td>\r\n<td><b><b>RAFAEL DE SOUZA VILLAR</b></b></td>\r\n<td style=\"text-align: center; \"><b>PLC 37</b></td>\r\n<td><strong>28/03/2019</strong></td>\r\n<td>\r\n<p><a title=\"\" href=\"https://www.cubatao.sp.leg.br/processo-legislativo/projetos-de-lei/arquivos/pl-2019/plc372019\" class=\"internal-link\" target=\"_self\">\u201cSUSPENDE A COBRAN\u00c7A DA CONTRIBUI\u00c7\u00c3O PARA O CUSTEIO DO SERVI\u00c7O DE ILUMINA\u00c7\u00c3O P\u00daBLICA - COSIP, NO \u00c2MBITO DO MUNIC\u00cdPIO DE CUBAT\u00c3O E D\u00c1 OUTRAS PROVID\u00caNCIAS\u201d.</a><a title=\"\" href=\"https://www.cubatao.sp.leg.br/processo-legislativo/projetos-de-lei/arquivos/pl-2019/pl352019\" class=\"internal-link\" target=\"_self\"></a></p>\r\n</td>\r\n<td>\r\n<p>RETIRADO PELO AUTOR EM 12/04/2019</p>\r\n</td>\r\n</tr>\r\n<tr>\r\n<td>276</td>\r\n<td><b>RAFAEL DE SOUZA VILLAR</b></td>\r\n<td style=\"text-align: center; \"><b>PL 36</b></td>\r\n<td><strong>28/03/2019</strong></td>\r\n<td>\r\n<p><a title=\"\" href=\"https://www.cubatao.sp.leg.br/processo-legislativo/projetos-de-lei/arquivos/pl-2019/pl362019\" class=\"internal-link\" target=\"_self\">\u201cDISP\u00d5E SOBRE NORMAS E CRIT\u00c9RIOS PARA CARGA, DESCARGA E TRANSPORTE DE CARGAS GRAN\u00c9IS EM VIAS P\u00daBLICAS NO \u00c2MBITO DO MUNIC\u00cdPIO DE CUBAT\u00c3O E D\u00c1 OUTRAS PROVID\u00caNCIAS\u201d.</a><a title=\"\" href=\"https://www.cubatao.sp.leg.br/processo-legislativo/projetos-de-lei/arquivos/pl-2019/pl352019\" class=\"internal-link\" target=\"_self\"></a></p>\r\n</td>\r\n<td>RETIRADO PELO AUTOR EM 12/04/2019<br /><span></span></td>\r\n</tr>\r\n<tr>\r\n<td>272</td>\r\n<td><b><b>LAELSON BATISTA SANTOS</b></b></td>\r\n<td style=\"text-align: center; \"><b>PL 35</b></td>\r\n<td><strong>28/03/2019</strong></td>\r\n<td>\r\n<p><a title=\"\" href=\"https://www.cubatao.sp.leg.br/processo-legislativo/projetos-de-lei/arquivos/pl-2019/pl352019\" class=\"internal-link\" target=\"_self\">\u201cDISP\u00d5E SOBRE A DIVULGA\u00c7\u00c3O DE INFORMA\u00c7\u00d5ES A RESPEITO DE CAT\u00c1STROFES DE QUALQUER NATUREZA POR MEIO DAS REDES SOCIAIS, E D\u00c1 OUTRAS PROVID\u00caNCIAS\u201d.</a></p>\r\n</td>\r\n<td><a class=\"external-link\" href=\"https://www.legislacaodigital.com.br/Cubatao-SP/LeisOrdinarias/4026\" target=\"_self\" title=\"\">LEI N\u00ba 4.026 DE 26/08/2019\u00a0</a></td>\r\n</tr>\r\n<tr>\r\n<td>271</td>\r\n<td>\r\n<p><b>IVAN DA SILVA</b></p>\r\n</td>\r\n<td style=\"text-align: center; \"><b>PL 34</b></td>\r\n<td><strong>27/03/2019</strong></td>\r\n<td><a title=\"\" href=\"https://www.cubatao.sp.leg.br/processo-legislativo/projetos-de-lei/arquivos/pl-2019/pl342019\" class=\"internal-link\" target=\"_self\">INSTITUI O DIA MUNICIPAL DE CONSCIENTIZA\u00c7\u00c3O, PREVEN\u00c7\u00c3O E COMBATE \u00c0 DEPRESS\u00c3O E D\u00c1 OUTRAS PROVID\u00caNCIAS.</a><a title=\"\" href=\"https://www.cubatao.sp.leg.br/processo-legislativo/projetos-de-lei/arquivos/pl-2019/pl332019\" class=\"internal-link\" target=\"_self\"></a></td>\r\n<td><a class=\"external-link\" href=\"https://www.legislacaodigital.com.br/Cubatao-SP/LeisOrdinarias/4014\" target=\"_self\" title=\"\">LEI N\u00ba 4.014 DE 05/07/19</a></td>\r\n</tr>\r\n<tr>\r\n<td>269</td>\r\n<td><b>RODRIGO RAMOS SOARES</b></td>\r\n<td style=\"text-align: center; \"><b>PL 33</b></td>\r\n<td><strong>27/03/2019</strong></td>\r\n<td>\r\n<p><a title=\"\" href=\"https://www.cubatao.sp.leg.br/processo-legislativo/projetos-de-lei/arquivos/pl-2019/pl332019\" class=\"internal-link\" target=\"_self\">DISP\u00d5E SOBRE O ATENDIMENTO PREFERENCIAL \u00c0S PESSOAS COM FIBROMIALGIA NOS LOCAIS QUE ESPECIFICA E D\u00c1 OUTRAS PROVID\u00caNCIAS.</a></p>\r\n</td>\r\n<td style=\"text-align: justify; \"><b><a class=\"external-link\" href=\"https://www.legislacaodigital.com.br/Cubatao-SP/LeisOrdinarias/4041\" target=\"_self\" title=\"\">LEI N\u00ba 4.041 DE 01/10/2019\u00a0</a></b></td>\r\n</tr>\r\n<tr>\r\n<td>258</td>\r\n<td><b>RICARDO DE OLIVEIRA\u00a0</b></td>\r\n<td style=\"text-align: center; \"><strong>PL 32</strong></td>\r\n<td><strong>25/03/2019</strong></td>\r\n<td><a title=\"\" href=\"https://www.cubatao.sp.leg.br/processo-legislativo/projetos-de-lei/arquivos/pl-2019/pl322019.pdf\" class=\"internal-link\" target=\"_self\">DISP\u00d5E SOBRE A EXONERA\u00c7\u00c3O E IMPEDIMENTO DE CONTRATA\u00c7\u00c3O DE M\u00c3O-DE-OBRA DE COMISSIONADOS E PESSOAS EM EMPRESAS TERCEIRIZADAS, AUTARQUIAS OU QUAISQUER PRESTADORES DE SERVI\u00c7OS QUE TENHAM SIDO JULGADOS EM SEGUNDA INST\u00c2NCIA E CONDENADOS PELA LEI MARIA DA PENHA.</a></td>\r\n<td style=\"text-align: justify; \"><strong><a class=\"external-link\" href=\"https://www.legislacaodigital.com.br/Cubatao-SP/LeisOrdinarias/4038\" target=\"_self\" title=\"\">LEI N\u00ba 4.038 DE 24/09/2019\u00a0</a></strong></td>\r\n</tr>\r\n<tr>\r\n<td>257</td>\r\n<td><b>RICARDO DE OLIVEIRA\u00a0</b></td>\r\n<td>\r\n<p style=\"text-align: center; \"><strong><strong><strong><strong>PL 31</strong></strong></strong></strong></p>\r\n</td>\r\n<td><strong>25/03/2019</strong><strong><strong><strong></strong></strong></strong></td>\r\n<td>\r\n<p><a title=\"\" href=\"https://www.cubatao.sp.leg.br/processo-legislativo/projetos-de-lei/arquivos/pl-2019/pl312019.pdf\" class=\"internal-link\" target=\"_self\">DISP\u00d5E SOBRE A OBRIGATORIEDADE DE TODO O TRANSPORTE P\u00daBLICO PARAR PRA SUBIDA E DESCIDA DE QUALQUER TRANSPORTE COLETIVO QUE EXPLORE NOSSO MUNIC\u00cdPIO EM QUALQUER LOCAL, DERRUBANDO A NECESSIDADE DE PARADAS OBRIGAT\u00d3RIAS.</a></p>\r\n</td>\r\n<td>RETIRADO PELO AUTOR EM 26/07/2019<br /><span></span></td>\r\n</tr>\r\n<tr>\r\n<td>250</td>\r\n<td><strong><b><strong><strong><strong><strong>ADEM\u00c1RIO DA SILVA OLIVEIRA</strong></strong></strong></strong></b></strong></td>\r\n<td>\r\n<p style=\"text-align: center; \"><strong><strong><strong><strong><strong>PL 30</strong></strong></strong></strong></strong></p>\r\n</td>\r\n<td><strong><strong><strong><strong>20/03/2019</strong></strong></strong></strong></td>\r\n<td>\r\n<p><a title=\"\" href=\"https://www.cubatao.sp.leg.br/processo-legislativo/projetos-de-lei/arquivos/pl-2019/pl302019\" class=\"internal-link\" target=\"_self\">REVOGA DISPOSITIVO DA LEI N\u00ba 3.905, DE 06 DE JUNHO DE 2018, QUE AUTORIZA O PODER EXECUTIVO A CELEBRAR CONV\u00caNIO COM O GOVERNO DO ESTADO DE S\u00c3O PAULO, ATRAV\u00c9S DE SUA SECRETARIA DE EMPREGO E RELA\u00c7\u00d5ES DO TRABALHO, PARA CONJUGA\u00c7\u00c3O DE ESFOR\u00c7OS VOLTADOS \u00c0 MANUTEN\u00c7\u00c3O DE UNIDADE DE CR\u00c9DITO DO BANCO PAULISTA,\u00a0 A ABRIR UM CR\u00c9DITO ADICIONAL ESPECIAL NA IMPORT\u00c2NCIA DE R$ 50.000,00 (CINQUENTA MIL REAIS) PARA O FIM QUE ESPECIFICA, E D\u00c1 OUTRAS PROVID\u00caNCIAS.\u00a0 </a>\u00a0 \u00a0\u00a0</p>\r\n</td>\r\n<td style=\"text-align: justify; \">\r\n<p><a class=\"external-link\" href=\"https://www.legislacaodigital.com.br/Cubatao-SP/LeisOrdinarias/3994\" target=\"_self\" title=\"\">LEI N\u00ba 3.994<br />DE 13/05/2019</a><a class=\"external-link\" href=\"http://www.cubatao.sp.gov.br/diariooficial/diariooficial-integra.asp?codigo=271\" target=\"_self\" title=\"\"></a></p>\r\n</td>\r\n</tr>\r\n<tr>\r\n<td>249</td>\r\n<td><strong><b><strong><strong><strong>ADEM\u00c1RIO DA SILVA OLIVEIRA</strong></strong></strong></b></strong></td>\r\n<td>\r\n<p style=\"text-align: center; \"><strong><strong><strong><strong>PL 29</strong></strong></strong></strong></p>\r\n</td>\r\n<td><strong><strong><strong>20/03/2019</strong></strong></strong></td>\r\n<td>\r\n<p><a title=\"\" href=\"https://www.cubatao.sp.leg.br/processo-legislativo/projetos-de-lei/arquivos/pl-2019/pl292019\" class=\"internal-link\" target=\"_self\">REVOGA A LEI ORDIN\u00c1RIA MUNICIPAL N\u00ba 3.358, DE 23 DE DEZEMBRO DE 2009, QUE OUTORGA PERMISS\u00c3O DE USO DE BEM P\u00daBLICO QUE ESPECIFICA \u00c0 APAE - ASSOCIA\u00c7\u00c3O DE PAIS E AMIGOS DOS EXCEPCIONAIS DE CUBAT\u00c3O, BEM COMO SEU RESPECTIVO TERMO ANEXO.</a></p>\r\n</td>\r\n<td style=\"text-align: justify; \"><a class=\"external-link\" href=\"https://www.legislacaodigital.com.br/Cubatao-SP/LeisOrdinarias/3995\" target=\"_self\" title=\"\">LEI N\u00ba 3.995 DE 20/05/2019</a><a class=\"external-link\" href=\"http://www.cubatao.sp.gov.br/diariooficial/diariooficial-integra.asp?codigo=280\" target=\"_self\" title=\"\"></a></td>\r\n</tr>\r\n<tr>\r\n<td>235</td>\r\n<td><strong><b><strong><strong>ADEM\u00c1RIO DA SILVA OLIVEIRA</strong></strong></b></strong></td>\r\n<td>\r\n<p style=\"text-align: center; \"><strong><strong><strong><strong>OF\u00cdCIO\u00a0</strong><br /><strong>120<br /></strong><strong>VETO\u00a0<br /></strong><strong>AO PL\u00a0<br /></strong>102/2018</strong></strong></strong></p>\r\n</td>\r\n<td><strong><strong><strong>20/03/2019</strong></strong></strong></td>\r\n<td>\r\n<p><a title=\"\" href=\"https://www.cubatao.sp.leg.br/processo-legislativo/projetos-de-lei/arquivos/pl-2019/oficio120-vetopl1022018\" class=\"internal-link\" target=\"_self\">COMUNICA VETO INTEGRAL AO PROJETO DE LEI N\u00ba 102/2018, QUE \"TORNA OBRIGAT\u00d3RIA NO \u00c2MBITO DO MUNIC\u00cdPIO DE CUBAT\u00c3O A EXPEDI\u00c7\u00c3O DE BOLETIM EPIDEMIOL\u00d3GICO DE SA\u00daDE P\u00daBLICA E D\u00c1 OUTRAS PROVID\u00caNCIAS\u201d.</a><a title=\"\" href=\"https://www.cubatao.sp.leg.br/processo-legislativo/projetos-de-lei/arquivos/pl-2019/oficio106-vetopl092019\" class=\"internal-link\" target=\"_self\"></a></p>\r\n</td>\r\n<td style=\"text-align: left; \"><strong>MANTIDO O VETO EM 23/04/2019</strong></td>\r\n</tr>\r\n<tr>\r\n<td>234</td>\r\n<td><strong><b><strong>ADEM\u00c1RIO DA SILVA OLIVEIRA</strong></b></strong></td>\r\n<td>\r\n<p style=\"text-align: center; \"><strong><strong>OF\u00cdCIO\u00a0</strong><br /><strong>119\u00a0<br /></strong><strong>VETO\u00a0<br /></strong><strong>AO PL\u00a0<br /></strong><strong>133/2018</strong></strong></p>\r\n</td>\r\n<td><strong><strong>20/03/2019</strong></strong></td>\r\n<td>\r\n<p><a title=\"\" href=\"https://www.cubatao.sp.leg.br/processo-legislativo/projetos-de-lei/arquivos/pl-2019/oficio119-vetopl1332019\" class=\"internal-link\" target=\"_self\">COMUNICA VETO INTEGRAL AO PROJETO DE LEI N\u00ba 133/2018, QUE \u201cINSTITUI O 'PROGRAMA PRA\u00c7A DA JUVENTUDE\"'NO MUNIC\u00cdPIO DE CUBAT\u00c3O E D\u00c1 OUTRAS PROVID\u00caNCIAS\u201d.</a><a title=\"\" href=\"https://www.cubatao.sp.leg.br/processo-legislativo/projetos-de-lei/arquivos/pl-2019/oficio106-vetopl092019\" class=\"internal-link\" target=\"_self\"></a></p>\r\n</td>\r\n<td>\r\n<p><strong>REJEITADO O VETO EM 23/04/2019</strong></p>\r\n</td>\r\n</tr>\r\n<tr>\r\n<td>205</td>\r\n<td><strong><b>ADEM\u00c1RIO DA SILVA OLIVEIRA</b></strong></td>\r\n<td>\r\n<p style=\"text-align: center; \"><strong>OF\u00cdCIO </strong><br /><strong>106\u00a0<br /></strong><strong>VETO\u00a0<br /></strong><strong>AO PL\u00a0<br /></strong><strong>09/2019</strong></p>\r\n</td>\r\n<td><strong>01/03/2019</strong><br /><strong></strong></td>\r\n<td>\r\n<p><a title=\"\" href=\"https://www.cubatao.sp.leg.br/processo-legislativo/projetos-de-lei/arquivos/pl-2019/oficio106-vetopl092019\" class=\"internal-link\" target=\"_self\">COMUNICA VETO PARCIAL AO PROJETO DE LEI N\u00ba 09/2019, QUE \u201cAUTORIZA A ALIENA\u00c7\u00c3O DO IM\u00d3VEL QUE ESPECIFICA E D\u00c1 OUTRAS PROVID\u00caNCIAS\u201d.</a></p>\r\n</td>\r\n<td>\r\n<p style=\"text-align: left; \"><strong>MANTIDO O VETO PARCIAL EM 10/04/2019</strong></p>\r\n</td>\r\n</tr>\r\n<tr>\r\n<td>195</td>\r\n<td><b><strong>ADEM\u00c1RIO DA SILVA OLIVEIRA</strong></b></td>\r\n<td><strong>PL 28</strong></td>\r\n<td><b>07/03/2019</b></td>\r\n<td>\r\n<p><span><a title=\"\" href=\"https://www.cubatao.sp.leg.br/processo-legislativo/projetos-de-lei/arquivos/pl-2019/pl282019\" class=\"internal-link\" target=\"_self\">ALTERA DISPOSITIVOS DA LEI N\u00b0 3.966, DE 10 DE JANEIRO DE 2019, QUE AUTORIZA O PODER EXECUTIVO A PROCEDER A PERMISS\u00c3O GRATUITA DE USO DE BENS P\u00daBLICOS QUE ESPECIFICA, E D\u00c1 OUTRAS PROVID\u00caNCIAS.</a></span></p>\r\n</td>\r\n<td><strong><a class=\"external-link\" href=\"https://www.legislacaodigital.com.br/Cubatao-SP/LeisOrdinarias/3987\" target=\"_self\" title=\"\">LEI N\u00ba 3.987 DE 03/05/2019\u00a0</a></strong><br /><span></span></td>\r\n</tr>\r\n<tr>\r\n<td>192</td>\r\n<td><b>F\u00c1BIO ALVES MOREIRA</b></td>\r\n<td><strong>PLC 27\u00a0</strong></td>\r\n<td><b>01/03/2019</b></td>\r\n<td>\r\n<p><a title=\"\" href=\"https://www.cubatao.sp.leg.br/processo-legislativo/projetos-de-lei/arquivos/pl-2019/pl272019\" class=\"internal-link\" target=\"_self\">ALTERA A LEI COMPLEMENTAR 83, DE 29 DE ABRIL DE 2016 NA FORMA QUE MENCIONA E D\u00c1 OUTRAS PROVID\u00caNCIAS.</a></p>\r\n</td>\r\n<td><span>RETIRADO PELO AUTOR EM 23/04/2019</span><span></span></td>\r\n</tr>\r\n<tr>\r\n<td>175</td>\r\n<td><strong>\u00c9RIKA VER\u00c7OSA</strong></td>\r\n<td><strong>PR 01</strong></td>\r\n<td><strong>22/02/2019</strong><b></b></td>\r\n<td>\r\n<p><a title=\"\" href=\"https://www.cubatao.sp.leg.br/processo-legislativo/projetos-de-lei/arquivos/pl-2019/pr012019\" class=\"internal-link\" target=\"_self\">DISP\u00d5E SOBRE A INSTITUI\u00c7\u00c3O DE BANCO DE ID\u00c9IAS LEGISLATIVAS, NO MUNIC\u00cdPIO DE CUBAT\u00c3O, E D\u00c1 OUTRAS PROVID\u00caNCIAS.</a></p>\r\n</td>\r\n<td>RETIRADO PELA AUTORA EM 14/03/2019<br /><span></span></td>\r\n</tr>\r\n<tr>\r\n<td>136</td>\r\n<td><b>M\u00c1RCIO SILVA NASCIMENTO</b></td>\r\n<td><strong>PL 26</strong></td>\r\n<td><b>11/02/2019</b></td>\r\n<td><a title=\"\" href=\"https://www.cubatao.sp.leg.br/processo-legislativo/projetos-de-lei/arquivos/pl-2019/pl262019\" class=\"internal-link\" target=\"_self\">\u201cDISP\u00d5E SOBRE O TRANSPORTE TUR\u00cdSTICO EM CUBAT\u00c3O E D\u00c1 OUTRAS PROVIDENCIAS\u201d.</a><a title=\"\" href=\"https://www.cubatao.sp.leg.br/processo-legislativo/projetos-de-lei/arquivos/pl-2019/pl232019\" class=\"internal-link\" target=\"_self\"></a></td>\r\n<td><span>RETIRADO PELO AUTOR EM 21/03/2019</span></td>\r\n</tr>\r\n<tr>\r\n<td>135</td>\r\n<td><strong>M\u00c1RCIO SILVA NASCIMENTO</strong></td>\r\n<td><strong>PL 25</strong></td>\r\n<td><strong>11/02/2019</strong></td>\r\n<td><a title=\"\" href=\"https://www.cubatao.sp.leg.br/processo-legislativo/projetos-de-lei/arquivos/pl-2019/pl252019\" class=\"internal-link\" target=\"_self\">\u201cDISP\u00d5E SOBRE O PROGRAMA DE TURISMO EDUCATIVO DA REDE DE ESCOLAS MUNICIPAIS E D\u00c1 OUTRAS PROVIDENCIAS\u201d.</a></td>\r\n<td>\r\n<p>RETIRADO PELO\u00a0AUTOR EM 02/04/2019</p>\r\n</td>\r\n</tr>\r\n<tr>\r\n<td>134</td>\r\n<td><b>RAFAEL DE SOUZA VILLAR</b></td>\r\n<td><b>PL 24</b></td>\r\n<td><b>08/02/2019</b></td>\r\n<td>\r\n<p><a title=\"\" href=\"https://www.cubatao.sp.leg.br/processo-legislativo/projetos-de-lei/arquivos/pl-2019/pl242019\" class=\"internal-link\" target=\"_self\">PROIBE A DISPOSI\u00c7\u00c3O E A DEPOSI\u00c7\u00c3O DE RES\u00cdDUOS T\u00d3XICOS E DE SEDIMENTOS CONTAMINADOS OU COM POTENCIAL CONTAMINANTE COM PRODUTOS, SUBST\u00c2NCIAS E COMPOSTOS QU\u00cdMICOS, ORG\u00c2NICOS OU INORG\u00c2NICOS, NO SOLO, EM \u00c1GUAS, LEITOS E CAVAS SUBAQU\u00c1TICAS, NO \u00c2MBITO DO MUNIC\u00cdPIO DE CUBAT\u00c3O E D\u00c1 OUTRAS PROVID\u00caNCIAS.</a></p>\r\n</td>\r\n<td><span>ASSESSORIA JUR\u00cdDICA EM 14/02/2019</span></td>\r\n</tr>\r\n<tr>\r\n<td>122</td>\r\n<td><b>ANTONIO VIEIRA DA SILVA</b></td>\r\n<td><strong>PL 23</strong></td>\r\n<td><b>06/02/2019</b></td>\r\n<td><a title=\"\" href=\"https://www.cubatao.sp.leg.br/processo-legislativo/projetos-de-lei/arquivos/pl-2019/pl232019\" class=\"internal-link\" target=\"_self\">INSTITUI O \u201cPROGRAMA CL\u00cdNICA M\u00d3VEL ANIMAL\u201d NO MUNIC\u00cdPIO DE CUBAT\u00c3O, E D\u00c1 OUTRAS PROVID\u00caNCIAS.</a></td>\r\n<td><strong>APROVADO EM 2\u00aa DISCUSS\u00c3O EM 03/12/2019</strong></td>\r\n</tr>\r\n<tr>\r\n<td>121</td>\r\n<td><b>ANTONIO VIEIRA DA SILVA</b></td>\r\n<td><strong>PL 22</strong></td>\r\n<td><b>06/02/2019</b></td>\r\n<td><a title=\"\" href=\"https://www.cubatao.sp.leg.br/processo-legislativo/projetos-de-lei/arquivos/pl-2019/pl222019\" class=\"internal-link\" target=\"_self\">INSTITUI O \u201cPROGRAMA M\u00d3VEL DE PREVEN\u00c7\u00c3O DO C\u00c2NCER\u201d NO MUNIC\u00cdPIO DE CUBAT\u00c3O, E D\u00c1 OUTRAS PROVID\u00caNCIAS.</a></td>\r\n<td><span>DVL EM 26/02/2019</span></td>\r\n</tr>\r\n<tr>\r\n<td>120</td>\r\n<td><b>ANTONIO VIEIRA DA SILVA</b></td>\r\n<td><strong>PL 21</strong></td>\r\n<td><b>06/02/2019</b></td>\r\n<td><a title=\"\" href=\"https://www.cubatao.sp.leg.br/processo-legislativo/projetos-de-lei/arquivos/pl-2019/pl212019\" class=\"internal-link\" target=\"_self\">INSTITUI O \u201cPROGRAMA M\u00d3VEL DE OFTALMOLOGIA\u201d NO MUNIC\u00cdPIO DE CUBAT\u00c3O, E D\u00c1 OUTRAS PROVID\u00caNCIAS.</a></td>\r\n<td><span>DVL EM 26/02/2019</span></td>\r\n</tr>\r\n<tr>\r\n<td>119</td>\r\n<td><b><b>ANTONIO VIEIRA DA SILVA</b></b></td>\r\n<td><strong>PL 20</strong></td>\r\n<td><b>06/02/2019</b></td>\r\n<td><a title=\"\" href=\"https://www.cubatao.sp.leg.br/processo-legislativo/projetos-de-lei/arquivos/pl-2019/pl-20-2019\" class=\"internal-link\" target=\"_self\">INSTITUI O \u201cPROGRAMA M\u00d3VEL DA ATEN\u00c7\u00c3O \u00c0 SA\u00daDE BUCAL\u201d NO MUNIC\u00cdPIO DE CUBAT\u00c3O, E D\u00c1 OUTRAS PROVID\u00caNCIAS.\u00a0</a></td>\r\n<td><span>DVL EM 26/02/2019</span></td>\r\n</tr>\r\n<tr>\r\n<td>104</td>\r\n<td><b>JOEMERSON ALVES DE SOUZA</b></td>\r\n<td><strong>PL 19</strong></td>\r\n<td><b>01/02/2019</b></td>\r\n<td><a title=\"\" href=\"https://www.cubatao.sp.leg.br/processo-legislativo/projetos-de-lei/arquivos/pl-2019/pl192019\" class=\"internal-link\" target=\"_self\">\"DISP\u00d5E SOBRE A PROIBI\u00c7\u00c3O DE FORNECIMENTO DE CANUDOS CONFECCIONADOS EM MATERIAL PL\u00c1STICO, NOS LOCAIS QUE ESPECIFICA NO MUNIC\u00cdPIO DE CUBAT\u00c3O E D\u00c1 OUTRAS PROVID\u00caNCIAS\u201d.</a></td>\r\n<td><a class=\"external-link\" href=\"https://www.legislacaodigital.com.br/Cubatao-SP/LeisOrdinarias/4027\" target=\"_self\" title=\"\">LEI N\u00ba 4.027 DE 26/08/2019\u00a0</a></td>\r\n</tr>\r\n<tr>\r\n<td>99</td>\r\n<td><b>AGUINALDO ALVES DE ARA\u00daJO</b></td>\r\n<td><strong>PL 18</strong></td>\r\n<td><b>31/01/2019</b></td>\r\n<td><a title=\"\" href=\"https://www.cubatao.sp.leg.br/processo-legislativo/projetos-de-lei/arquivos/pl-2019/pl182019\" class=\"internal-link\" target=\"_self\">INSTITUI NO CALEND\u00c1RIO OFICIAL DO MUNIC\u00cdPIO DE CUBAT\u00c3O O \u201cDIA DO CUIDADOR DE IDOSOS\u201d, E D\u00c1 OUTRAS PROVID\u00caNCIAS.</a></td>\r\n<td><a class=\"external-link\" href=\"https://www.legislacaodigital.com.br/Cubatao-SP/LeisOrdinarias/4013\" target=\"_self\" title=\"\">LEI N\u00ba 4.013 DE 05/07/19\u00a0</a></td>\r\n</tr>\r\n<tr>\r\n<td>92</td>\r\n<td><b>ADEM\u00c1RIO DA SILVA OLIVEIRA</b></td>\r\n<td><strong>PL 17</strong></td>\r\n<td><b>30/01/2019</b></td>\r\n<td><a title=\"\" href=\"https://www.cubatao.sp.leg.br/processo-legislativo/projetos-de-lei/arquivos/pl-2019/pl172019\" class=\"internal-link\" target=\"_self\">AUTORIZA O PODER EXECUTIVO A PRORROGAR O \u201cBOLSA MORADIA\u201d, INSTITU\u00cdDO PELA LEI N\u00ba 3.301, DE 13 DE FEVEREIRO DE 2009, \u00c0S FAM\u00cdLIAS ATINGIDAS PELO INC\u00caNDIO OCORRIDO NA \u00c1REA DENOMINADA \u201cVILA DOS PESCADORES\u201d E D\u00c1 OUTRAS PROVID\u00caNCIAS.</a></td>\r\n<td>\r\n<p><strong><a class=\"external-link\" href=\"https://www.legislacaodigital.com.br/Cubatao-SP/LeisOrdinarias/3973\" target=\"_self\" title=\"\">LEI N\u00ba 3973 DE 25/02/2019\u00a0</a></strong></p>\r\n</td>\r\n</tr>\r\n<tr>\r\n<td>91</td>\r\n<td><b><b><b><strong><b><b>ADEM\u00c1RIO DA SILVA OLIVEIRA</b></b></strong></b></b></b></td>\r\n<td>\r\n<p><strong><strong><strong>PL 16</strong></strong></strong></p>\r\n</td>\r\n<td><b><b><b><b><b>30/01/2019</b></b></b></b></b></td>\r\n<td><a title=\"\" href=\"https://www.cubatao.sp.leg.br/processo-legislativo/projetos-de-lei/arquivos/pl-2019/pl162019\" class=\"internal-link\" target=\"_self\">AUTORIZA O PODER EXECUTIVO A PRORROGAR O \u201cBOLSA MORADIA\u201d, INSTITU\u00cdDO PELA LEI N\u00ba 3.546, DE 16 DE AGOSTO DE 2012, \u00c0S FAM\u00cdLIAS ATINGIDAS PELO INC\u00caNDIO OCORRIDO NA \u00c1REA DENOMINADA \u201cVILA DOS PESCADORES\u201d E D\u00c1 OUTRAS PROVID\u00caNCIAS.</a></td>\r\n<td>\r\n<p><strong><a class=\"external-link\" href=\"https://www.legislacaodigital.com.br/Cubatao-SP/LeisOrdinarias/3972\" target=\"_self\" title=\"\">LEI N\u00ba 3972 DE 25/02/2019</a></strong></p>\r\n</td>\r\n</tr>\r\n<tr>\r\n<td>90</td>\r\n<td><b>ADEM\u00c1RIO DA SILVA OLIVEIRA</b></td>\r\n<td><strong>PL 15</strong></td>\r\n<td><b>30/01/2019</b></td>\r\n<td><a title=\"\" href=\"https://www.cubatao.sp.leg.br/processo-legislativo/projetos-de-lei/arquivos/pl-2019/pl152019\" class=\"internal-link\" target=\"_self\">AUTORIZA O PODER EXECUTIVO A PRORROGAR O \u201cBOLSA MORADIA\u201d, INSTITU\u00cdDO PELA LEI N\u00ba 3.442, DE 22 DE MAR\u00c7O DE 2011, \u00c0S FAM\u00cdLIAS ATINGIDAS PELO ESCORREGAMENTO E/OU DESLIZAMENTOS HAVIDOS NA \u00c1REA DENOMINADA \u201cPIL\u00d5ES\u201d E DA OUTRAS PROVID\u00caNCIAS.</a></td>\r\n<td>\r\n<p><strong><a class=\"external-link\" href=\"https://www.legislacaodigital.com.br/Cubatao-SP/LeisOrdinarias/3971\" target=\"_self\" title=\"\">LEI N\u00ba 3971 DE 25/02/2019</a></strong></p>\r\n</td>\r\n</tr>\r\n<tr>\r\n<td>89</td>\r\n<td><b>ADEM\u00c1RIO DA SILVA OLIVEIRA</b></td>\r\n<td><strong>PL 14</strong></td>\r\n<td><b>30/01/2019</b></td>\r\n<td><a title=\"\" href=\"https://www.cubatao.sp.leg.br/processo-legislativo/projetos-de-lei/arquivos/pl-2019/pl142019\" class=\"internal-link\" target=\"_self\">PERMITE AO ESPORTE CLUBE 31 DE MAR\u00c7O O USO, A T\u00cdTULO PREC\u00c1RIO, DE BENS DO PATRIM\u00d4NIO MUNICIPAL E D\u00c1 OUTRAS PROVID\u00caNCIAS.</a></td>\r\n<td>\r\n<p><a class=\"external-link\" href=\"https://www.legislacaodigital.com.br/Cubatao-SP/LeisOrdinarias/3981\" target=\"_self\" title=\"\">LEI N\u00ba 3.981\u00a0DE 23/04/2019</a></p>\r\n</td>\r\n</tr>\r\n<tr>\r\n<td>75</td>\r\n<td><b><b><b><strong><b>ANTONIO VIEIRA DA SILVA</b></strong></b></b></b></td>\r\n<td>\r\n<p><strong><strong>PLC 13</strong></strong></p>\r\n</td>\r\n<td><b><b><b><b>25/01/2019</b></b></b></b></td>\r\n<td><a title=\"\" href=\"https://www.cubatao.sp.leg.br/processo-legislativo/projetos-de-lei/arquivos/pl-2019/pl132019\" class=\"internal-link\" target=\"_self\">ALTERA A REDA\u00c7\u00c3O DO ARTIGO 1\u00ba DA LEI COMPLEMENTAR N\u00ba 85 DE 21 DE DEZEMBRO DE 2016, QUE RECOMP\u00d5E O PADR\u00c3O DE VENCIMENTO DAS CARREIRAS DE ESCOLARIDADE SUPERIOR DAS CLASSES DE DOCENTES E DE SUPORTE PEDAG\u00d3GICO, CRIA OS \u00a7 \u00a7 1\u00ba E 2\u00ba E D\u00c1 OUTRAS PROVID\u00caNCIAS.</a></td>\r\n<td>\r\n<p align=\"center\" style=\"text-align: left; \">DVL EM 21/02/2019</p>\r\n</td>\r\n</tr>\r\n<tr>\r\n<td>49</td>\r\n<td><b><b><b>MARCIO SILVA NASCIMENTO\u00a0</b></b></b></td>\r\n<td>\r\n<p><strong><strong>PL 12</strong></strong></p>\r\n</td>\r\n<td><b><b><b><b>16/01/2019</b></b></b></b></td>\r\n<td><a title=\"\" href=\"https://www.cubatao.sp.leg.br/processo-legislativo/projetos-de-lei/arquivos/pl-2019/pl122019\" class=\"internal-link\" target=\"_self\">INSTITUI NO CALEND\u00c1RIO OFICIAL DO MUNIC\u00cdPIO DE CUBAT\u00c3O O \u201cDIA DOS PAIS E DAS M\u00c3ES\u201d A SER COMEMORADO NAS INSTITUI\u00c7\u00d5ES DE ENSINO ESTABELECIDAS NO \u00c2MBITO DO MUNIC\u00cdPIO DE CUBAT\u00c3O E D\u00c1 OUTRAS PROVID\u00caNCIAS.</a></td>\r\n<td>\r\n<p align=\"center\" style=\"text-align: left; \">\u00a0 \u00a0 \u00a0 \u00a0 \u00a0 \u00a0 \u00a0 \u00a0 \u00a0 \u00a0 \u00a0 \u00a0\u00a0\u00a0 \u00a0 <a class=\"external-link\" href=\"https://www.legislacaodigital.com.br/Cubatao-SP/LeisOrdinarias/4096/Arquivos/1\" target=\"_self\" title=\"\">\u00a0LEI N\u00ba 4.096 DE 28 DE OUTUBRO DE 2020</a></p>\r\n</td>\r\n</tr>\r\n<tr>\r\n<td>48</td>\r\n<td><strong>MARCIO SILVA NASCIMENTO\u00a0</strong></td>\r\n<td><strong>PL 11</strong></td>\r\n<td><b>16/01/2019</b></td>\r\n<td><a title=\"\" href=\"https://www.cubatao.sp.leg.br/processo-legislativo/projetos-de-lei/arquivos/pl-2019/pl112019\" class=\"internal-link\" target=\"_self\">INSTITUI NO CALEND\u00c1RIO OFICIAL DO MUNICIPIO A \u201cSEMANA DA INDEPENDENCIA\u201d E D\u00c1 OUTRAS PROVID\u00caNCIAS.</a></td>\r\n<td>\r\n<p><a class=\"external-link\" href=\"https://www.legislacaodigital.com.br/Cubatao-SP/LeisOrdinarias/3982\" target=\"_self\" title=\"\">LEI N\u00ba 3.982 DE 25/04/2019</a><a class=\"external-link\" href=\"http://www.cubatao.sp.gov.br/diariooficial/diariooficial-integra.asp?codigo=253\" target=\"_self\" title=\"\"></a></p>\r\n</td>\r\n</tr>\r\n<tr>\r\n<td>47</td>\r\n<td><b><b><b>ADEM\u00c1RIO DA SILVA OLIVEIRA</b></b></b></td>\r\n<td>\r\n<p><strong>PL 10</strong></p>\r\n</td>\r\n<td><b><b><b>14/01/2019</b></b></b></td>\r\n<td><a title=\"\" href=\"https://www.cubatao.sp.leg.br/processo-legislativo/projetos-de-lei/arquivos/pl-2019/pl102019\" class=\"internal-link\" target=\"_self\">ALTERA DISPOSITIVOS DAS LEIS ORDIN\u00c1RIAS QUE ESPECIFICA, ACRESCENTA O ARTIGO 44-A NA LEI ORDIN\u00c1RIA N\u00ba 3.039, DE 02 DE DEZEMBRO DE 2005 E D\u00c1 OUTRAS PROVID\u00caNCIAS.</a></td>\r\n<td>\r\n<p align=\"center\" style=\"text-align: left; \"><strong><a class=\"external-link\" href=\"https://www.legislacaodigital.com.br/Cubatao-SP/LeisOrdinarias/3975\" target=\"_self\" title=\"\">LEI N\u00ba 3.975 DE 28/02/2019\u00a0</a></strong></p>\r\n</td>\r\n</tr>\r\n<tr>\r\n<td>46</td>\r\n<td><b>ADEM\u00c1RIO DA SILVA OLIVEIRA</b></td>\r\n<td><strong>PL 09</strong></td>\r\n<td><b>14/01/2019</b></td>\r\n<td><span><a title=\"\" href=\"https://www.cubatao.sp.leg.br/processo-legislativo/projetos-de-lei/arquivos/pl-2019/pl092019\" class=\"internal-link\" target=\"_self\">AUTORIZA A ALIENA\u00c7\u00c3O DO IM\u00d3VEL QUE ESPECIFICA E D\u00c1 OUTRAS PROVID\u00caNCIAS.</a></span></td>\r\n<td>\r\n<p><strong><a class=\"external-link\" href=\"https://www.legislacaodigital.com.br/Cubatao-SP/LeisOrdinarias/3974\" target=\"_self\" title=\"\">LEI N\u00ba 3.974 DE 27/02/2019</a></strong></p>\r\n</td>\r\n</tr>\r\n<tr>\r\n<td>45</td>\r\n<td><b>ADEM\u00c1RIO DA SILVA OLIVEIRA</b></td>\r\n<td><strong>PL 08</strong></td>\r\n<td><b>14/01/2019</b></td>\r\n<td><span><a title=\"\" href=\"https://www.cubatao.sp.leg.br/processo-legislativo/projetos-de-lei/arquivos/pl-2019/pl082019\" class=\"internal-link\" target=\"_self\">\u201cDISP\u00d5E SOBRE PARCELAMENTOS E REPARCELAMENTOS DE D\u00c9BITOS DO MUNIC\u00cdPIO DE CUBAT\u00c3O-SP COM SEU REGIME PR\u00d3PRIO DE PREVID\u00caNCIA SOCIAL \u2013 RPPS\u201d.</a></span></td>\r\n<td><strong><a class=\"external-link\" href=\"https://www.legislacaodigital.com.br/Cubatao-SP/LeisOrdinarias/3976\" target=\"_self\" title=\"\">LEI N\u00ba 3.976 DE 28/02/2019</a></strong></td>\r\n</tr>\r\n<tr>\r\n<td>44</td>\r\n<td><b>ADEM\u00c1RIO DA SILVA OLIVEIRA</b></td>\r\n<td><strong>PL 07</strong></td>\r\n<td><b>14/01/2019</b></td>\r\n<td><span><a title=\"\" href=\"https://www.cubatao.sp.leg.br/processo-legislativo/projetos-de-lei/arquivos/pl-2019/pl072019\" class=\"internal-link\" target=\"_self\">DISP\u00d5E SOBRE A CONTRATA\u00c7\u00c3O POR TEMPO DETERMINADO PARA ATENDER A NECESSIDADE TEMPOR\u00c1RIA DE EXCEPCIONAL INTERESSE P\u00daBLICO, NOS TERMOS DO INCISO IX DO ARTIGO 37 DA CONSTITUI\u00c7\u00c3O FEDERAL, E D\u00c1 OUTRAS PROVID\u00caNCIAS.</a></span></td>\r\n<td>\r\n<p align=\"center\" style=\"text-align: left; \"><strong><a class=\"external-link\" href=\"https://www.legislacaodigital.com.br/Cubatao-SP/LeisOrdinarias/4001\" target=\"_self\" title=\"\">LEI N\u00ba 4.001 DE 06/06/2019\u00a0</a></strong></p>\r\n</td>\r\n</tr>\r\n<tr>\r\n<td>41</td>\r\n<td><b><b>ADEM\u00c1RIO DA SILVA OLIVEIRA</b></b></td>\r\n<td>\r\n<p><strong>PL\u00a0</strong><strong>06</strong></p>\r\n</td>\r\n<td><b><b>11/01/2019</b></b></td>\r\n<td><b><a title=\"\" href=\"https://www.cubatao.sp.leg.br/processo-legislativo/projetos-de-lei/arquivos/pl-2019/pl062019\" class=\"internal-link\" target=\"_self\">ALTERA E ACRESCENTA DISPOSITIVOS NA LEI ORDIN\u00c1RIA N\u00ba 3806, DE 10 DE NOVEMBRO DE 2016, QUE REESTRUTURA O REGIME DO ANISTIADO POL\u00cdTICO NO \u00c2MBITO MUNICIPAL E D\u00c1 OUTRAS PROVID\u00caNCIAS</a>.</b></td>\r\n<td>\r\n<p align=\"center\" style=\"text-align: left; \"><strong><a class=\"external-link\" href=\"https://www.legislacaodigital.com.br/Cubatao-SP/LeisOrdinarias/3968\" target=\"_self\" title=\"\">LEI N\u00ba 3968 DE 08/02/2019</a></strong></p>\r\n</td>\r\n</tr>\r\n<tr>\r\n<td>37-A</td>\r\n<td><b>F\u00c1BIO ALVES MOREIRA</b></td>\r\n<td><strong>PL 05</strong></td>\r\n<td><b>09/01/2019</b></td>\r\n<td><b><a title=\"\" href=\"https://www.cubatao.sp.leg.br/processo-legislativo/projetos-de-lei/arquivos/pl-2019/PL052019.pdf\" class=\"internal-link\" target=\"_self\">EMENTA: INSTITUI NO CALEND\u00c1RIO OFICIAL DO MUNIC\u00cdPIO A \u201cCORRIDA E CAMINHADA JUNTOS PELA VIDA\u201d.</a></b></td>\r\n<td>\r\n<p align=\"center\" style=\"text-align: left; \"><a class=\"external-link\" href=\"https://www.legislacaodigital.com.br/Cubatao-SP/LeisOrdinarias/3985\" target=\"_self\" title=\"\">LEI N\u00ba 3.985 DE 29/04/2019</a><a class=\"external-link\" href=\"http://www.cubatao.sp.gov.br/diariooficial/diariooficial-integra.asp?codigo=254\" target=\"_self\" title=\"\"></a></p>\r\n</td>\r\n</tr>\r\n<tr>\r\n<td>36</td>\r\n<td><b>ADEM\u00c1RIO DA SILVA OLIVEIRA</b></td>\r\n<td><strong>PL 04</strong></td>\r\n<td><b>09/01/2019</b></td>\r\n<td><strong><a title=\"\" href=\"https://www.cubatao.sp.leg.br/processo-legislativo/projetos-de-lei/arquivos/pl-2019/PL042019.pdf\" class=\"internal-link\" target=\"_self\">AUTORIZA O MUNIC\u00cdPIO DE CUBAT\u00c3O A CELEBRAR CONV\u00caNIO COM A FUNDA\u00c7\u00c3O PARA O DESENVOLVIMENTO DA EDUCA\u00c7\u00c3O \u2013 FDE, OBJETIVANDO A GEST\u00c3O DE ATA DE REGISTRO DE PRE\u00c7O DENOMINADA KIT ESCOLAR (PROCESSO N\u00ba 36/00287/17/05).\u00a0</a></strong></td>\r\n<td>\r\n<p><strong><a class=\"external-link\" href=\"https://www.legislacaodigital.com.br/Cubatao-SP/LeisOrdinarias/3969\" target=\"_self\" title=\"\">LEI N\u00ba 3969 DE 18/02/2019</a></strong></p>\r\n</td>\r\n</tr>\r\n<tr>\r\n<td>35</td>\r\n<td><b>ADEM\u00c1RIO DA SILVA OLIVEIRA</b></td>\r\n<td><strong>PL 03</strong></td>\r\n<td><b>09/01/2019</b></td>\r\n<td><strong><a title=\"\" href=\"https://www.cubatao.sp.leg.br/processo-legislativo/projetos-de-lei/arquivos/pl-2019/PL032019.pdf\" class=\"internal-link\" target=\"_self\">PERMITE AO VERA CRUZ FUTEBOL CLUBE O USO A T\u00cdTULO PREC\u00c1RIO DE BENS DO PATRIM\u00d4NIO MUNICIPAL E D\u00c1 OUTRAS PROVID\u00caNCIAS.</a></strong></td>\r\n<td><strong><a class=\"external-link\" href=\"https://www.legislacaodigital.com.br/Cubatao-SP/LeisOrdinarias/3967\" target=\"_self\" title=\"\">LEI N\u00ba 3967 DE 08/02/2019</a></strong></td>\r\n</tr>\r\n<tr>\r\n<td><strong>14</strong></td>\r\n<td><b><b>LAELSON BATISTA SANTOS</b></b></td>\r\n<td><b>PL 02</b></td>\r\n<td><b><b>02/01/2019</b></b></td>\r\n<td>\r\n<p><b><a title=\"\" href=\"https://www.cubatao.sp.leg.br/processo-legislativo/projetos-de-lei/arquivos/pl-2019/PL022019.pdf\" class=\"internal-link\" target=\"_self\">DISP\u00d5E SOBRE A OBRIGATORIEDADE DE AFIXA\u00c7\u00c3O E AVISO SOBRE OS DIREITOS DA GESTANTE E ACOMPANHANTE DURANTE O TRABALHO DE PR\u00c9-PARTO, PARTO E P\u00d3S PARTO NO \u00c2MBITO DO MUNIC\u00cdPIO DE CUBAT\u00c3O E D\u00c1 OUTRAS PROVID\u00caNCIAS.</a></b></p>\r\n</td>\r\n<td>\r\n<p align=\"justify\"><strong><a class=\"external-link\" href=\"https://www.legislacaodigital.com.br/Cubatao-SP/LeisOrdinarias/4004\" target=\"_self\" title=\"\">LEI N\u00ba 4.004 DE 13/06/2019\u00a0</a></strong></p>\r\n</td>\r\n</tr>\r\n<tr>\r\n<td><strong>13</strong></td>\r\n<td><b>IVAN DA SILVA</b></td>\r\n<td><b>PL 01</b></td>\r\n<td><b>26/12/2018</b></td>\r\n<td><b><a title=\"\" href=\"https://www.cubatao.sp.leg.br/processo-legislativo/projetos-de-lei/arquivos/pl-2018/PL170.pdf\" class=\"internal-link\" target=\"_self\"></a></b>\r\n<p><a title=\"\" href=\"https://www.cubatao.sp.leg.br/processo-legislativo/projetos-de-lei/arquivos/pl-2019/PROJETODELEI001.pdf\" class=\"internal-link\" target=\"_self\">DISP\u00d5E SOBRE A APLICA\u00c7\u00c3O E DIVULGA\u00c7\u00c3O PERI\u00d3DICA DE PESQUISA DE SATISFA\u00c7\u00c3O JUNTO AOS USU\u00c1RIOS DO SISTEMA MUNICIPAL DE SA\u00daDE E DA OUTRAS PROVID\u00caNCIAS.</a></p>\r\n<b><a title=\"\" href=\"https://www.cubatao.sp.leg.br/processo-legislativo/projetos-de-lei/arquivos/pl-2018/PL170.pdf\" class=\"internal-link\" target=\"_self\"></a></b></td>\r\n<td>\r\n<p>RETIRADO PELO AUTOR EM 08/03/2019</p>\r\n</td>\r\n</tr>\r\n</tbody>\r\n</table>\r\n<p>\u00a0</p>\r\n<div><strong><br /></strong></div>", "author_name": "cuo", "version": "1.0", "author_url": "https://www.cubatao.sp.leg.br/author/cuo", "provider_name": "C\u00e2mara Municipal de Cubat\u00e3o", "type": "rich"}