{"provider_url": "https://www.cubatao.sp.leg.br", "title": "Projetos de Lei e Vetos - 2020", "html": "<table class=\"plain\">\r\n<tbody>\r\n<tr><th><em>Processo</em></th><th><em>Autoria</em></th><th><em>Tipo</em></th><th><em>Data</em></th><th><em>ASSUNTO /\u00a0</em><em>LINK</em></th><th><em>Situa\u00e7\u00e3o</em></th></tr>\r\n<tr>\r\n<td>853/2020</td>\r\n<td><span><span>ADEM\u00c1RIO DA SILVA OLIVEIRA</span></span></td>\r\n<td>PL 78/2020</td>\r\n<td><span>23/12/2020</span></td>\r\n<td><a title=\"\" href=\"https://www.cubatao.sp.leg.br/processo-legislativo/projetos-de-lei/arquivos/pl-2020/4o-tri-out-nov-dez/pl782020\" class=\"internal-link\" target=\"_self\">ALTERA O DISPOSITIVO DA LEI MUNICIPAL N \u00b0 3.990, DE 08 DE MAIO DE 2019, QUE DISP\u00d5E SOBRE A ISEN\u00c7\u00c3O DE PESSOAS CADASTRADAS NO REGISTRO NACIONAL DE DOADORES VOLUNT\u00c1RIOS DE MEDULA \u00d3SSEA - REDOME, DO PAGAMENTO DE TAXA DE INSCRI\u00c7\u00c3O PARA CONCURSOS P\u00daBLICOS DO MUNIC\u00cdPIO DE CUBAT\u00c3O, E D\u00c1 OUTRAS PROVID\u00caNCIAS.</a></td>\r\n<td><a class=\"external-link\" href=\"http://www.cubatao.sp.gov.br/wp-content/uploads/2021/03/DO_Cubatao_661_X7-01.03.21.pdf\" target=\"_self\" title=\"\">LEI N\u00ba 4.107 DE 01 DE MAR\u00c7O DE 2021 - PG.1</a></td>\r\n</tr>\r\n<tr>\r\n<td>831/2020</td>\r\n<td><span>ADEM\u00c1RIO DA SILVA OLIVEIRA</span></td>\r\n<td>PLC 77/2020</td>\r\n<td><span>15/12/2020</span></td>\r\n<td><a title=\"\" href=\"https://www.cubatao.sp.leg.br/processo-legislativo/projetos-de-lei/arquivos/pl-2020/4o-tri-out-nov-dez/pl772020\" class=\"internal-link\" target=\"_self\">ALTERA E ACRESCENTA DISPOSITIVOS NA LEI N\u00ba 1.756, DE 19 DE DEZEMBRO DE 1988, QUE DISP\u00d5E SOBRE O IMPOSTO SOBRE TRANSMISS\u00c3O \"INTER-VIVOS\", A QUALQUER T\u00cdTULO, POR ATO ONEROSO, DE BENS IM\u00d3VEIS, POR NATUREZA OU ACESS\u00c3O F\u00cdSICA, E DE DIREITOS REAIS SOBRE IM\u00d3VEIS, EXCETO OS DE GARANTIA BEM COMO CESS\u00c3O DE DIREITOS \u00c0 SUA AQUISI\u00c7\u00c3O - ITBI E D\u00c1 OUTRAS PROVID\u00caNCIAS.</a></td>\r\n<td>\u00a0\r\n<p><a class=\"external-link\" href=\"https://www.legislacaodigital.com.br/Cubatao-SP/LeisComplementares/117\" target=\"_self\" title=\"\">LEI COMPLEMENTAR N\u00ba 117 DE 09 DE MAR\u00c7O DE 2021</a></p>\r\n</td>\r\n</tr>\r\n<tr>\r\n<td>829/2020</td>\r\n<td><span>F\u00c1BIO ALVES MOREIRA</span></td>\r\n<td>PL 76/2020</td>\r\n<td><span>14/12/2020</span></td>\r\n<td><a title=\"\" href=\"https://www.cubatao.sp.leg.br/processo-legislativo/projetos-de-lei/arquivos/pl-2020/4o-tri-out-nov-dez/pl762020\" class=\"internal-link\" target=\"_self\">DISP\u00d5E SOBRE A OBRIGATORIEDADE\u00a0 DE ASSEGURAR AOS USU\u00c1RIOS DO TRANSPORTE COLETIVO MUNICIPAL COM DEFICI\u00caNCIA E MOBILIDADE REDUZIDA, O DIREITO DE DESEMBARQUE (LOCAL INDICADO PELO USU\u00c1RIO FORA OU ENTRE AS PARADAS DE \u00d4NIBUS), E D\u00c1 OUTRAS PROVID\u00caNCIAS.</a></td>\r\n<td>RETIRADO EM 18/12/2020</td>\r\n</tr>\r\n<tr>\r\n<td>828/2020</td>\r\n<td><span>F\u00c1BIO ALVES MOREIRA</span></td>\r\n<td>PL 75/2020</td>\r\n<td><span>14/12/2020</span></td>\r\n<td><a title=\"\" href=\"https://www.cubatao.sp.leg.br/processo-legislativo/projetos-de-lei/arquivos/pl-2020/4o-tri-out-nov-dez/pl752020\" class=\"internal-link\" target=\"_self\">DISP\u00d5E SOBRE A OBRIGATORIEDADE E INSTITUI NO \u00c2MBITO DO MUNIC\u00cdPIO DE CUBAT\u00c3O, O PROGRAMA EMPREGO CIDAD\u00c3O, PARA POPULA\u00c7\u00c3O EM SITUA\u00c7\u00c3O DE RUA, CRIA O SELO EMPRESA CIDAD\u00c3, E D\u00c1 OUTRAS PROVID\u00caNCIAS.</a></td>\r\n<td><span>RETIRADO EM 23/12/2020</span></td>\r\n</tr>\r\n<tr>\r\n<td>\r\n<p>827/2020</p>\r\n</td>\r\n<td>\r\n<p>F\u00c1BIO ALVES MOREIRA</p>\r\n</td>\r\n<td>\r\n<p>PL 74/2020</p>\r\n</td>\r\n<td>\r\n<p>14/12/2020</p>\r\n</td>\r\n<td>\r\n<p><a title=\"\" href=\"https://www.cubatao.sp.leg.br/processo-legislativo/projetos-de-lei/arquivos/pl-2020/4o-tri-out-nov-dez/pl742020\" class=\"internal-link\" target=\"_self\">DISP\u00d5E SOBRE A OBRIGATORIEDADE QUE CONCEDE O DIREITO DA PAGAMENTO DE MEIA TARIFA AOS PROFESSORES E FUNCION\u00c1RIOS DA EDUCA\u00c7\u00c3O NOS SERVI\u00c7OS DE TRANSPORTE P\u00daBLICO MUNICIPAL DE PASSAGEIROS POR \u00d4NIBUS NA CIDADE DE CUBAT\u00c3O, ATRAV\u00c9S DA CRIA\u00c7\u00c3O DO CART\u00c3O SOU EDUCADOR, E D\u00c1 OUTRAS PROVID\u00caNCIAS.</a></p>\r\n</td>\r\n<td><span>RETIRADO EM 23/12/2020</span></td>\r\n</tr>\r\n<tr>\r\n<td>\r\n<p>819/2020</p>\r\n</td>\r\n<td>\r\n<p>RODRIGO RAMOS SOARES</p>\r\n</td>\r\n<td>\r\n<p>PL 73/2020</p>\r\n</td>\r\n<td>\r\n<p>08/12/2020</p>\r\n</td>\r\n<td>\r\n<p><a title=\"\" href=\"https://www.cubatao.sp.leg.br/processo-legislativo/projetos-de-lei/arquivos/pl-2020/4o-tri-out-nov-dez/pl732020\" class=\"internal-link\" target=\"_self\">DEFINE A VIS\u00c3O MONOCULAR COMO DEFICI\u00caNCIA VISUAL NO MUNIC\u00cdPIO DE CUBAT\u00c3O, ED\u00c1 OUTRAS PROVID\u00caNCIAS.</a></p>\r\n</td>\r\n<td>DVL CONCLUSO EM 13/12/2020</td>\r\n</tr>\r\n<tr>\r\n<td>\r\n<p>758/2020</p>\r\n</td>\r\n<td>\r\n<p>ADEM\u00c1RIO DA SILVA OLIVEIRA</p>\r\n</td>\r\n<td>\r\n<p>PL 72/2020</p>\r\n</td>\r\n<td>\r\n<p>09/11/2020</p>\r\n</td>\r\n<td>\r\n<p><a title=\"\" href=\"https://www.cubatao.sp.leg.br/processo-legislativo/projetos-de-lei/arquivos/pl-2020/4o-tri-out-nov-dez/pl-72.2020\" class=\"internal-link\" target=\"_self\">AUTORIZA O PODER EXECUTIVO A DOAR \u00c0 POL\u00cdCIA MILITAR DO ESTADO DE S\u00c3O PAULO BEM M\u00d3VEL QUE MENCIONA, DO PATRIM\u00d4NIO P\u00daBLICO MUNICIPAL, E D\u00c1 OUTRAS PROVID\u00caNCIAS.</a></p>\r\n</td>\r\n<td><a class=\"external-link\" href=\"http://LEI N\u00ba 4.109 DE 01 DE MAR\u00c7O DE 2021\" target=\"_self\" title=\"\">LEI N\u00ba 4.109 DE 01 DE MAR\u00c7O DE 2021 PG.4</a></td>\r\n</tr>\r\n<tr>\r\n<td>\r\n<p>742/2020</p>\r\n</td>\r\n<td>\r\n<p>ADEM\u00c1RIO DA SILVA OLIVEIRA</p>\r\n</td>\r\n<td>\r\n<p>PL 71/2020</p>\r\n</td>\r\n<td>\r\n<p>28/10/2020</p>\r\n</td>\r\n<td>\r\n<p><a title=\"\" href=\"https://www.cubatao.sp.leg.br/processo-legislativo/projetos-de-lei/arquivos/pl-2020/4o-tri-out-nov-dez/pl-71.2020\" class=\"internal-link\" target=\"_self\">AUTORIZA O PODER EXECUTIVO MUNICIPAL A CELEBRAR CONV\u00caNIO\u00a0 COM O ESTADO DE S\u00c3O PAULO, POR MEIO DA SECRETARIA DA SEGURAN\u00c7A P\u00daBLICA, CRIA A GRATIFICA\u00c7\u00c3O POR DESEMPENHO DE ATIVIDADE DELEGADA, NOS TERMOS QUE ESPECIFICA\u00a0 QUE MENCIONA, E D\u00c1 OUTRAS PROVID\u00caNCIAS.</a></p>\r\n</td>\r\n<td><a class=\"external-link\" href=\"http://www.cubatao.sp.gov.br/wp-content/uploads/2021/03/DO_Cubatao_661_X7-01.03.21.pdf\" target=\"_self\" title=\"\">LEI\u00a0 4.101 DE 18 DE NOVEMBRO DE 2020.PG.2</a></td>\r\n</tr>\r\n<tr>\r\n<td>\r\n<p>735/2020</p>\r\n</td>\r\n<td>\r\n<p>ADEM\u00c1RIO DA SILVA OLIVEIRA</p>\r\n</td>\r\n<td>\r\n<p>PL 70/2020</p>\r\n</td>\r\n<td>\r\n<p>26/10/2020</p>\r\n</td>\r\n<td>\r\n<p><a title=\"\" href=\"https://www.cubatao.sp.leg.br/processo-legislativo/projetos-de-lei/arquivos/pl-2020/4o-tri-out-nov-dez/pl-70.2020\" class=\"internal-link\" target=\"_self\">AUTORIZA O PODER EXECUTIVO A DOAR A POL\u00cdCIA MILITAR DO ESTADO DE S\u00c3O PAULO\u00a0 14 (QUATORZE) APARELHOS CELULARES QUE MENCIONA , DO PATRIM\u00d4NIO P\u00daBLICO MUNICIPAL, E D\u00c1 OUTRAS PROVID\u00caNCIAS.</a></p>\r\n</td>\r\n<td><a class=\"external-link\" href=\"http://www.cubatao.sp.gov.br/wp-content/uploads/2021/03/DO_Cubatao_661_X7-01.03.21.pdf\" target=\"_self\" title=\"\">LEI N\u00ba 4.108 DE 01 DE MAR\u00c7O DE 2021. PG.2</a></td>\r\n</tr>\r\n<tr>\r\n<td>\r\n<p>714/2020</p>\r\n</td>\r\n<td>\r\n<p>ADEM\u00c1RIO DA SILVA OLIVEIRA</p>\r\n</td>\r\n<td>\r\n<p><span>PLC 69/2020</span></p>\r\n</td>\r\n<td>\r\n<p>13/10/2020</p>\r\n</td>\r\n<td>\r\n<p><a title=\"\" href=\"https://www.cubatao.sp.leg.br/processo-legislativo/projetos-de-lei/arquivos/pl-2020/4o-tri-out-nov-dez/pl-69.2020\" class=\"internal-link\" target=\"_self\">DISP\u00d5E SOBRE A GEST\u00c3O AMBIENTALMENTE ADEQUADA DOS RES\u00cdDUOS SUJEITOS \u00c0 LOG\u00cdSTICA REVERSA NO MUNIC\u00cdPIO DE CUBAT\u00c3O, E D\u00c1 OUTRAS PROVID\u00caNCIAS.</a></p>\r\n</td>\r\n<td>APROVADO EM 1\u00ba DISCUSS\u00c3O EM 08 DE DEZEMBRO DE 2020.</td>\r\n</tr>\r\n<tr>\r\n<td>\r\n<p>703/2020</p>\r\n</td>\r\n<td>\r\n<p>ADEM\u00c1RIO DA SILVA OLIVEIRA\u00a0</p>\r\n</td>\r\n<td>\r\n<p><span>PL 68/2020</span></p>\r\n</td>\r\n<td>\r\n<p>29/09/2020</p>\r\n</td>\r\n<td>\r\n<p><a title=\"\" href=\"https://www.cubatao.sp.leg.br/processo-legislativo/projetos-de-lei/arquivos/pl-2020/4o-tri-out-nov-dez/pl-68-2020-loa-2021-anexos\" class=\"internal-link\" target=\"_self\">ESTIMA A RECEITA E FIXA A DESPESA DO MUNIC\u00cdPIO DE CUBAT\u00c3O PARA O EXERC\u00cdCIO DE 2021.</a></p>\r\n</td>\r\n<td>\r\n<p><a class=\"external-link\" href=\"https://www.legislacaodigital.com.br/Cubatao-SP/LeisOrdinarias/4103/Arquivos/1\" target=\"_self\" title=\"\">LEI 4.103 DE 29 DE DEZEMBRO DE 2020.</a></p>\r\n<p><a class=\"external-link\" href=\"https://www.legislacaodigital.com.br/Cubatao-SP/LeisOrdinarias/4103/Arquivos/2\" target=\"_self\" title=\"\">ANEXO DA LEI 4.103 DE 29 DE DEZEMBRO DE 2020.</a></p>\r\n</td>\r\n</tr>\r\n<tr>\r\n<td>\r\n<p>684/2020</p>\r\n</td>\r\n<td>\r\n<p><span><span><span>ADEM\u00c1RIO DA SILVA OLIVEIRA</span></span></span></p>\r\n</td>\r\n<td>\r\n<p><span>PL 67/2020</span></p>\r\n</td>\r\n<td>\r\n<p>29/09/2020</p>\r\n</td>\r\n<td>\r\n<p><a title=\"\" href=\"https://www.cubatao.sp.leg.br/processo-legislativo/projetos-de-lei/arquivos/pl-2020/3o-trimestre-jul-ago-set/pl-67.2020\" class=\"internal-link\" target=\"_self\">ALTERA DISPOSITIVOS QUE MENCIONA DA LEI N\u00ba 3.270, DE 14 DE OUTUBRO DE 2008 E A REDA\u00c7\u00c3O DO ARTIGO 2\u00ba DA LEI MUNICIPAL N\u00ba 2.311, DE 30 DE JUNHO DE 1995.</a></p>\r\n</td>\r\n<td><a class=\"external-link\" href=\"http://     https//www.legislacaodigital.com.br/Cubatao-SP/LeisOrdinarias/4100\" target=\"_self\" title=\"\">LEI 4.100 DE 10 DE NOVEMBRO DE 2020</a></td>\r\n</tr>\r\n<tr>\r\n<td>\r\n<p>683/2020</p>\r\n</td>\r\n<td>\r\n<p><span><span>ADEM\u00c1RIO DA SILVA OLIVEIRA</span></span></p>\r\n</td>\r\n<td>\r\n<p><span>PL 66/2020</span></p>\r\n</td>\r\n<td>\r\n<p>29/09/2020</p>\r\n</td>\r\n<td>\r\n<p><a title=\"\" href=\"https://www.cubatao.sp.leg.br/processo-legislativo/projetos-de-lei/arquivos/pl-2020/3o-trimestre-jul-ago-set/pl-66.2020\" class=\"internal-link\" target=\"_self\">AUTORIZA O PODER EXECUTIVO MUNICIPAL A CONCEDER AUX\u00cdLIO FINANCEIRO A QUARTA COMPANHIA DA POL\u00cdCIA MILITAR DO ESTADO DE S\u00c3O PAULO, 21\u00ba BPMI COM SEDE NESTA COMARCA DE CUBAT\u00c3O E D\u00c1 OUTRAS PROVID\u00caNCIAS.</a></p>\r\n</td>\r\n<td><a class=\"external-link\" href=\"https://www.legislacaodigital.com.br/Cubatao-SP/LeisOrdinarias/4097/Arquivos/1\" target=\"_self\" title=\"\">LEI N\u00ba 4.097 DE 29 DE OUTUBRO DE 2020.</a></td>\r\n</tr>\r\n<tr>\r\n<td>\r\n<p>682/2020</p>\r\n</td>\r\n<td>\r\n<p><span>ADEM\u00c1RIO DA SILVA OLIVEIRA</span></p>\r\n</td>\r\n<td>\r\n<p>PL 65/2020</p>\r\n</td>\r\n<td>\r\n<p>29/09/2020</p>\r\n</td>\r\n<td>\r\n<p><a title=\"\" href=\"https://www.cubatao.sp.leg.br/processo-legislativo/projetos-de-lei/arquivos/pl-2020/3o-trimestre-jul-ago-set/pl-65.2020\" class=\"internal-link\" target=\"_self\">AUTORIZA O PODER EXECUTIVO A CONCEDER AUX\u00cdLIO FINANCEIRO AO SEGUNDO SUBGRUPAMENTO DO SEXTO GRUPAMENTO DE BOMBEIROS DO ESTADO DE S\u00c3O PAULO, MUNIC\u00cdPIO DE CUBAT\u00c3O, E D\u00c1 OUTRAS PROVID\u00caNCIAS.</a></p>\r\n</td>\r\n<td><a class=\"external-link\" href=\"https://www.legislacaodigital.com.br/Cubatao-SP/LeisOrdinarias/4099\" target=\"_self\" title=\"\">LEI 4.099 DE 10 DE NOVEMBRO DE 2020</a></td>\r\n</tr>\r\n<tr>\r\n<td>\r\n<p>675</p>\r\n</td>\r\n<td>\r\n<p>ADEM\u00c1RIO DA SILVA OLIVEIRA</p>\r\n</td>\r\n<td>\r\n<p>PL 64/2020</p>\r\n</td>\r\n<td>\r\n<p>24/09/2020</p>\r\n</td>\r\n<td>\r\n<p><a title=\"\" href=\"https://www.cubatao.sp.leg.br/processo-legislativo/projetos-de-lei/arquivos/pl-2020/3o-trimestre-jul-ago-set/pl-64.2020\" class=\"internal-link\" target=\"_self\">AUTORIZA O PODER EXECUTIVO A CELEBRAR CONV\u00caNIO COM O TRIBUNAL DE JUSTI\u00c7A DO ESTADO DE S\u00c3O PAULO - COMARCA DE CUBAT\u00c3O, PARA O FIM QUE ESPECIFICA, E D\u00c1 OUTRAS PROVID\u00caNCIAS.</a></p>\r\n</td>\r\n<td><span><a class=\"external-link\" href=\"https://www.legislacaodigital.com.br/Cubatao-SP/LeisOrdinarias/4094\" target=\"_self\" title=\"\">\u00a0<span>LEI N\u00b0 4.094, DE 21 DE OUTUBRO DE 2020</span></a></span></td>\r\n</tr>\r\n<tr>\r\n<td>\r\n<p>650/2020</p>\r\n</td>\r\n<td>\r\n<p>ANTONIO VIEIRA DA SILVA</p>\r\n</td>\r\n<td>\r\n<p>PL 63/2020</p>\r\n</td>\r\n<td>\r\n<p>11/09/2020</p>\r\n</td>\r\n<td>\r\n<p><a title=\"\" href=\"https://www.cubatao.sp.leg.br/processo-legislativo/projetos-de-lei/arquivos/pl-2020/3o-trimestre-jul-ago-set/pl-63.2020\" class=\"internal-link\" target=\"_self\">ALTERA E ACRESCENTA DISPOSITIVOS NA LEI MUNICIPAL N\u00ba 3514 DE 02/05/2012, QUE DISP\u00d5E SOBRE A CRIA\u00c7\u00c3O DO CONSELHO MUNICIPAL DE DESENVOLVIMENTO ECON\u00d4MICO DE CUBAT\u00c3O - CDESC E D\u00c1 OUTRAS PROVID\u00caNCIAS.</a></p>\r\n</td>\r\n<td>ASSESSORIA EM 11/09/2020</td>\r\n</tr>\r\n<tr>\r\n<td>\r\n<p>646/2020</p>\r\n</td>\r\n<td>\r\n<p>RODRIGO RAMOS SOARES</p>\r\n</td>\r\n<td>\r\n<p>PL 62/2020</p>\r\n</td>\r\n<td>\r\n<p>09/09/2020</p>\r\n</td>\r\n<td>\r\n<p><a title=\"\" href=\"https://www.cubatao.sp.leg.br/processo-legislativo/projetos-de-lei/arquivos/pl-2020/3o-trimestre-jul-ago-set/pl-62.2020\" class=\"internal-link\" target=\"_self\">DISP\u00d5E SOBRE O PRAZO DE VALIDADE DO LAUDO PERICIAL QUE ATESTA TRANSTORNO DO ESPECTRO AUTISMO (TEA) NO MUNIC\u00cdPIO DE CUBAT\u00c3O, E D\u00c1 OUTRAS PROVID\u00caNCIAS.</a></p>\r\n</td>\r\n<td>ASSESSORIA EM 10/09/2020\u00a0 \u00a0 \u00a0</td>\r\n</tr>\r\n<tr>\r\n<td>\r\n<p>614/2020</p>\r\n</td>\r\n<td>\r\n<p><span>ADEM\u00c1RIO DA SILVA OLIVEIRA</span></p>\r\n</td>\r\n<td>\r\n<p>PL 61/2020</p>\r\n</td>\r\n<td>\r\n<p>31/08/2020</p>\r\n</td>\r\n<td>\r\n<p>\u00a0<a title=\"\" href=\"https://www.cubatao.sp.leg.br/processo-legislativo/projetos-de-lei/arquivos/pl-2020/3o-trimestre-jul-ago-set/pl612020\" class=\"internal-link\" target=\"_self\">AUTORIZA O PODER EXECUTIVO A CELEBRAR CONV\u00caNIO COM O GOVERNO DO ESTADO DE S\u00c3O PAULO, POR INTERM\u00c9DIO DA SECRETARIA DA EDUCA\u00c7\u00c3O PARA IMPLEMENTA\u00c7\u00c3O DO PROGRAMA \"LER E ESCREVER\" E DO PROJETO \"EDUCA\u00c7\u00c3O MATEM\u00c1TICA NOS ANOS INICIAIS DO ENSINO FUNDAMENTA</a>l</p>\r\n</td>\r\n<td><a class=\"external-link\" href=\"https://www.legislacaodigital.com.br/Cubatao-SP/LeisOrdinarias/4095\" target=\"_self\" title=\"\"><span>LEI N\u00b0 4.095, DE 21 DE OUTUBRO DE 2020</span> \u00a0 \u00a0 \u00a0</a> \u00a0 \u00a0 \u00a0 \u00a0 \u00a0 \u00a0 \u00a0 \u00a0 \u00a0<br /><span></span></td>\r\n</tr>\r\n<tr>\r\n<td>\r\n<p>584/2020</p>\r\n</td>\r\n<td>\r\n<p><span>RODRIGO RAMOS SOARES</span></p>\r\n</td>\r\n<td>\r\n<p>PL 60/2020</p>\r\n</td>\r\n<td>\r\n<p>18/08/2020</p>\r\n</td>\r\n<td>\r\n<p><a title=\"\" href=\"https://www.cubatao.sp.leg.br/processo-legislativo/projetos-de-lei/arquivos/pl-2020/3o-trimestre-jul-ago-set/pl-60-2020\" class=\"internal-link\" target=\"_self\">INSTITUI O PROJETO DE EDUCA\u00c7\u00c3O E PREVEN\u00c7\u00c3O EM SA\u00daDE BUCAL NO MUNIC\u00cdPIO DE CUBAT\u00c3O (PREVEN-T\u00c3O), E D\u00c1 OUTRAS PROVID\u00caNCIAS</a></p>\r\n</td>\r\n<td><span>ASSESSORIA EM 18/08/2020</span></td>\r\n</tr>\r\n<tr>\r\n<td>\r\n<p>564/2020</p>\r\n</td>\r\n<td>\r\n<p><span>ADEM\u00c1RIO DA SILVA OLIVEIRA</span></p>\r\n</td>\r\n<td>\r\n<p>PLC 59/2020</p>\r\n</td>\r\n<td>\r\n<p>04/08/2020</p>\r\n</td>\r\n<td>\r\n<p><a title=\"\" href=\"https://www.cubatao.sp.leg.br/processo-legislativo/projetos-de-lei/arquivos/pl-2020/3o-trimestre-jul-ago-set/plc-59.2020\" class=\"internal-link\" target=\"_self\">ALTERA ACRESCENTA E REVOGA DISPOSITIVOS DA LEI MUNICIPAL N\u00ba 1383, DE 29 DE JUNHO DE 1983, QUE DISP\u00d5E SOBRE O SISTEMA TRIBUT\u00c1RIO DO MUNIC\u00cdPIO DE CUBAT\u00c3O, E D\u00c1 OUTRAS PROVID\u00caNCIAS.</a></p>\r\n</td>\r\n<td>REJEITADO EM 08/12/2020</td>\r\n</tr>\r\n<tr>\r\n<td>\r\n<p>562/2020</p>\r\n</td>\r\n<td>\r\n<p>ADEM\u00c1RIO DA SILVA OLIVEIRA</p>\r\n</td>\r\n<td>\r\n<p>PL 58/2020</p>\r\n</td>\r\n<td>\r\n<p>04/08/2020</p>\r\n</td>\r\n<td>\r\n<p><a title=\"\" href=\"https://www.cubatao.sp.leg.br/processo-legislativo/projetos-de-lei/arquivos/pl-2020/3o-trimestre-jul-ago-set/pl-58.2020\" class=\"internal-link\" target=\"_self\">ESTABELECE NORMAS DE FINAN\u00c7AS P\u00daBLICAS VOLTADAS \u00c0 DESVINCULA\u00c7\u00c3O DE RECEITAS E DE FUNDOS MUNICIPAIS, VISANDO O ENFRENTAMENTO DAS CONDI\u00c7\u00d5ES DE CRISE GERADAS PELA PANDEMIA DECORRENTE DO COVID-19 (NOVO CORONAV\u00cdRUS), E D\u00c1 OUTRAS PROVID\u00caNCIAS.</a></p>\r\n</td>\r\n<td><a class=\"external-link\" href=\"https://www.legislacaodigital.com.br/Cubatao-SP/LeisOrdinarias/4093\" target=\"_self\" title=\"\">LEI N\u00ba 4.093 DE 15 DE OUTUBRO DE 2020\u00a0</a></td>\r\n</tr>\r\n<tr>\r\n<td>\r\n<p>546/2020</p>\r\n</td>\r\n<td>\r\n<p>ANTONIO VIEIRA DA SILVA</p>\r\n</td>\r\n<td>\r\n<p>PL 57/2020</p>\r\n</td>\r\n<td>\r\n<p>29/07/2020</p>\r\n</td>\r\n<td>\r\n<p><a title=\"\" href=\"https://www.cubatao.sp.leg.br/processo-legislativo/projetos-de-lei/arquivos/pl-2020/3o-trimestre-jul-ago-set/pl-57.2020\" class=\"internal-link\" target=\"_self\">INSTITUI NO \u00c2MBITO MUNICIPAL O \"PROGRAMA RESPEITAR\" E D\u00c1 OUTRAS PROVID\u00caNCIAS.</a></p>\r\n</td>\r\n<td>ASSESSORIA EM 30/07/2020</td>\r\n</tr>\r\n<tr>\r\n<td>\r\n<p>537/2020</p>\r\n</td>\r\n<td>\r\n<p>F\u00c1BIO ALVES MOREIRA</p>\r\n</td>\r\n<td>\r\n<p>PL 56/2020</p>\r\n</td>\r\n<td>\r\n<p>24/07/2020</p>\r\n</td>\r\n<td>\r\n<p><a title=\"\" href=\"https://www.cubatao.sp.leg.br/processo-legislativo/projetos-de-lei/arquivos/pl-2020/3o-trimestre-jul-ago-set/pl562020\" class=\"internal-link\" target=\"_self\">DISP\u00d5E SOBRE ALTERA\u00c7\u00d5ES DA\u00a0 LEI 3.553 DE 21 DE SETEMBRO DE 2012, QUANTO \u00c0 COMPOSI\u00c7\u00c3O, ESTRUTURA\u00c7\u00c3O, COMPET\u00caNCIAS E FUNCIONAMENTO DO CONSELHO MUNICIPAL DE PROMO\u00c7\u00c3O DA IGUALDADE RACIAL - COMPIR E D\u00c1 OUTRAS PROVID\u00caNCIAS.</a></p>\r\n</td>\r\n<td>DATECP EM 24/07/2020</td>\r\n</tr>\r\n<tr>\r\n<td>\r\n<p>526/2020</p>\r\n</td>\r\n<td>\r\n<p>RAFAEL DE SOUZA VILLAR</p>\r\n</td>\r\n<td>\r\n<p>PL 55/2020</p>\r\n</td>\r\n<td>\r\n<p>20/07/2020</p>\r\n</td>\r\n<td>\r\n<p><a title=\"\" href=\"https://www.cubatao.sp.leg.br/processo-legislativo/projetos-de-lei/arquivos/pl-2020/3o-trimestre-jul-ago-set/pl552020\" class=\"internal-link\" target=\"_self\">ALTERA A LEI ORDIN\u00c1RIA N\u00b0 2.978, DE 26 DE JANEIRO DE 2005 E D\u00c1 OUTRAS PROVID\u00caNCIAS.</a></p>\r\n</td>\r\n<td><span>COMISS\u00d5ES EM 18/08/2020</span></td>\r\n</tr>\r\n<tr>\r\n<td>\r\n<p>521/2020</p>\r\n</td>\r\n<td>\r\n<p>ADEM\u00c1RIO DA SILVA OLIVEIRA</p>\r\n</td>\r\n<td>\r\n<p>PL 54/2020</p>\r\n</td>\r\n<td>\r\n<p>17/07/2020</p>\r\n</td>\r\n<td>\r\n<p><a title=\"\" href=\"https://www.cubatao.sp.leg.br/processo-legislativo/projetos-de-lei/arquivos/pl-2020/3o-trimestre-jul-ago-set/pl-54-2020\" class=\"internal-link\" target=\"_self\">AUTORIZA O PODER EXECUTIVO A PRORROGAR O \u201cBOLSA MORADIA\u201d, INSTITU\u00cdDO PELA LEI N\u00b03.610, DE 16 DE OUTUBRO DE 2013, \u00c0S FAM\u00cdLIAS ATINGIDAS PELAS INUNDA\u00c7\u00d5ES ORIUNDAS DO TRANSBORDAMENTO DO RIO PIL\u00d5ES, E D\u00c1 OUTRAS PROVID\u00caNCIAS.</a></p>\r\n</td>\r\n<td><span><a class=\"external-link\" href=\"https://www.legislacaodigital.com.br/Cubatao-SP/LeisOrdinarias/4092\" target=\"_self\" title=\"\">LEI N\u00b0 4.092, DE 31 DE AGOSTO DE 2020</a></span></td>\r\n</tr>\r\n<tr>\r\n<td>\r\n<p>507/2020</p>\r\n</td>\r\n<td>\r\n<p>F\u00c1BIO ALVES MOREIRA</p>\r\n</td>\r\n<td>\r\n<p>PL 53/2020</p>\r\n</td>\r\n<td>\r\n<p>09/07/2020</p>\r\n</td>\r\n<td>\r\n<p>\u00a0</p>\r\n<p><a title=\"\" href=\"https://www.cubatao.sp.leg.br/processo-legislativo/projetos-de-lei/arquivos/pl-2020/3o-trimestre-jul-ago-set/pl-53-2020\" class=\"internal-link\" target=\"_self\">CRIMINALIZA A UTILIZA\u00c7\u00c3O, O ARMAZENAMENTO, A ELABORA\u00c7\u00c3O, A DISTRIBUI\u00c7\u00c3O, A PREPARA\u00c7\u00c3O, A FABRICA\u00c7\u00c3O, O FORNECIMENTO, A EXPOSI\u00c7\u00c3O \u00c0 VENDA E A COMERCIALIZA\u00c7\u00c3O DE CEROL (MISTURA CORTANTE DE VIDRO MO\u00cdDO E COLA) OU PRODUTO INDUSTRIALIZADO NACIONAL OU IMPORTADO SEMELHANTE QUE POSSA SER APLICADO NOS FIOS OU LINHAS UTILIZADOS PARA MANUSEAR OS BRIQUEDOS COLHECIDOS COMO PIPA E D\u00c1 OUTRAS PROVID\u00caNCIAS.</a></p>\r\n<p>\u00a0</p>\r\n</td>\r\n<td>ASSESSORIA EM 14/07/2020</td>\r\n</tr>\r\n<tr>\r\n<td>\r\n<p>505/2020</p>\r\n</td>\r\n<td>\r\n<p>ANTONIO VIEIRA DA SILVA</p>\r\n</td>\r\n<td>\r\n<p>PL 52/2020</p>\r\n</td>\r\n<td>\r\n<p>08/07/2020</p>\r\n</td>\r\n<td>\r\n<p><a title=\"\" href=\"https://www.cubatao.sp.leg.br/processo-legislativo/projetos-de-lei/arquivos/pl-2020/3o-trimestre-jul-ago-set/pl-52.2020\" class=\"internal-link\" target=\"_self\">INSTITUI NO \u00c2MBITO DO MUNIC\u00cdPIO DE CUBAT\u00c3O A CRIA\u00c7\u00c3O DE PADRONIZA\u00c7\u00c3O PARA EMISS\u00c3O DE BOLETIM M\u00c9DICO DI\u00c1RIO NO MUNIC\u00cdPIO DE CUBAT\u00c3O ACERCA DO ESTADO DE SA\u00daDE E DAS CONDI\u00c7\u00d5ES DE TRATAMENTO DO PACIENTE INTERNADO QUE ESTIVER SOB OS SEUS CUIDADOS E D\u00c1 OUTRAS PROVID\u00caNCIAS.</a></p>\r\n</td>\r\n<td>DVL CONCLUSO EM 24/07/2020</td>\r\n</tr>\r\n<tr>\r\n<td>\r\n<p>503/2020</p>\r\n</td>\r\n<td>\r\n<p>ADEM\u00c1RIO DA SILVA OLIVEIRA</p>\r\n</td>\r\n<td>\r\n<p>PLC 51/2020</p>\r\n</td>\r\n<td>\r\n<p>06/07/2020</p>\r\n</td>\r\n<td>\r\n<p><a title=\"\" href=\"https://www.cubatao.sp.leg.br/processo-legislativo/projetos-de-lei/arquivos/pl-2020/2o-trim-abr-mai-jun/plc512020\" class=\"internal-link\" target=\"_self\">ALTERA E ACRESCENTA DISPOSITIVOS NA LEI N\u00ba 1756, DE \u00a019 DE DEZEMBRO DE 1988, QUE DISP\u00d5E SOBRE O IMPOSTO SOBRE TRANSMISS\u00c3O \"INTERVIVOS\", A QUALQUER T\u00cdTULO, POR ATO ONEROSO, DE BENS IM\u00d3VEIS, POR NATUREZA OU ACESS\u00c3O F\u00cdSICA, E DE DIREITOS REAIS SOBRE IM\u00d3VEIS, EXCETO OS DE GARANTIA, BEM COMO CESS\u00c3O DE DIREITOS \u00c0 SUA AQUISI\u00c7\u00c3O - \u00a0ITBI\"E D\u00c1 OUTRAS PROVID\u00caNCIAS.</a></p>\r\n</td>\r\n<td>DVL CONCLUSO EM 21/08/2020</td>\r\n</tr>\r\n<tr>\r\n<td>\r\n<p>466/2020</p>\r\n</td>\r\n<td>\r\n<p>JAIR FERREIRA LUCAS</p>\r\n</td>\r\n<td>\r\n<p>PL 50/2020</p>\r\n</td>\r\n<td>\r\n<p>19/06/2020</p>\r\n</td>\r\n<td>\r\n<p><a title=\"\" href=\"https://www.cubatao.sp.leg.br/processo-legislativo/projetos-de-lei/arquivos/pl-2020/2o-trim-abr-mai-jun/pl-50-2020\" class=\"internal-link\" target=\"_self\">CRIAR O ACERVO CULTURAL 'CONTOS E CAUSOS CUBATENSE ARLINDO FERREIRA\" E D\u00c1 OUTRAS PROVID\u00caNCIAS.</a></p>\r\n</td>\r\n<td>ASSESSORIA EM 23/06/2020</td>\r\n</tr>\r\n<tr>\r\n<td>\r\n<p>463/2020</p>\r\n</td>\r\n<td>\r\n<p>ANTONIO VIEIRA DA SILVA</p>\r\n</td>\r\n<td>\r\n<p>PL49/2020</p>\r\n</td>\r\n<td>\r\n<p>17/06/2020</p>\r\n</td>\r\n<td>\r\n<p>\u00a0</p>\r\n<p><a title=\"\" href=\"https://www.cubatao.sp.leg.br/processo-legislativo/projetos-de-lei/arquivos/pl-2020/2o-trim-abr-mai-jun/pl49.2020\" class=\"internal-link\" target=\"_self\">INSTITUI NO \u00c2MBITO DO MUNIC\u00cdPIO O MES DA CONSCIENTIZA\u00c7\u00c3O DA DOEN\u00c7A DE PARKISON DENOMINADO 'TULIPA VERMELHA', E D\u00c1 OUTRAS PROVID\u00caNCIAS.</a></p>\r\n<p>\u00a0</p>\r\n</td>\r\n<td>DVL CONCLUSO EM 24/09/2020</td>\r\n</tr>\r\n<tr>\r\n<td>\r\n<p>444/2020</p>\r\n<p>\u00a0</p>\r\n</td>\r\n<td>\r\n<p>\u00a0</p>\r\n<p>ADEM\u00c1RIO DA SILVA OLIVEIRA</p>\r\n</td>\r\n<td>\r\n<p>\u00a0</p>\r\n<p>PL48/2020</p>\r\n</td>\r\n<td>\r\n<p>10/06/2020</p>\r\n</td>\r\n<td>\r\n<p><a title=\"\" href=\"https://www.cubatao.sp.leg.br/processo-legislativo/projetos-de-lei/arquivos/pl-2020/2o-trim-abr-mai-jun/pl48-2020\" class=\"internal-link\" target=\"_self\">\u00a0CRIA A LEI DE ANISTIA DE OBRAS CLANDESTINAS, REVORA O ARTIGO 202 DA LEI COMPLEMENTAR 2.513-98 E AS LEIS COMPLEMENTARES QUE MENCIONA.\u00a0</a></p>\r\n</td>\r\n<td><span>REJEITADO - 29/07/2020</span><br /><span></span></td>\r\n</tr>\r\n<tr>\r\n<td>\r\n<p>\u00a0</p>\r\n<p>443/2020</p>\r\n</td>\r\n<td>\r\n<p>\u00a0</p>\r\n<p>ADEM\u00c1RIO DA SILVA OLIVEIRA</p>\r\n</td>\r\n<td>\r\n<p>\u00a0</p>\r\n<p>PL47/2020</p>\r\n</td>\r\n<td>\r\n<p>10/06/2020</p>\r\n</td>\r\n<td>\r\n<p><a title=\"\" href=\"https://www.cubatao.sp.leg.br/processo-legislativo/projetos-de-lei/arquivos/pl-2020/2o-trim-abr-mai-jun/pl47-2020\" class=\"internal-link\" target=\"_self\">ALTERA AS EMENDAS QUE MENCIONA DO ANEXO DAS EMENDAS IMPOSITIVAS, DA LEI ORDIN\u00c1RIA N\u00ba 4.066, DE 20 DE DEZEMBRO DE 2019, ALTERADA PELA LEI 4.078, DE 1 DE ABRIL DE 2020, ABRE CR\u00c9DITO ADICIONAL SUPLEMENTAR PARA O EXERC\u00cdCIO DE 2020 E D\u00c1 OUTRAS PROVID\u00caNCIAS.</a></p>\r\n</td>\r\n<td>\r\n<p>\u00a0<a class=\"external-link\" href=\"http://www.cubatao.sp.gov.br/wp-content/uploads/2020/08/20202708-524.pdf\" target=\"_self\" title=\"\">LEI N\u00ba 4.091 DE 25 DE AGOSTO DE 2020...PG.05\u00a0</a></p>\r\n</td>\r\n</tr>\r\n<tr>\r\n<td>\r\n<p>\u00a0</p>\r\n</td>\r\n<td>\r\n<p>\u00a0</p>\r\n</td>\r\n<td>\r\n<p>\u00a0</p>\r\n</td>\r\n<td>\r\n<p>\u00a0</p>\r\n</td>\r\n<td>\r\n<p><a title=\"\" href=\"https://www.cubatao.sp.leg.br/processo-legislativo/projetos-de-lei/arquivos/pl-2020/2o-trim-abr-mai-jun/pl-47-2020\" class=\"internal-link\" target=\"_self\">MENSAGEM ADITIVA AO PL 47 - 2020</a></p>\r\n</td>\r\n<td>MENSAGEM ADITIVA NOVO PRAZO 02/09/2020</td>\r\n</tr>\r\n<tr>\r\n<td>\r\n<p>441/2020</p>\r\n</td>\r\n<td>\r\n<p>ADEM\u00c1RIO DA SILVA OLIVEIRA</p>\r\n</td>\r\n<td>\r\n<p>OF 68/2020</p>\r\n</td>\r\n<td>08/06/2020</td>\r\n<td>\r\n<p><a title=\"\" href=\"https://www.cubatao.sp.leg.br/processo-legislativo/projetos-de-lei/arquivos/pl-2020/2o-trim-abr-mai-jun/of68-2020-veto-ao-pl-08-2020\" class=\"internal-link\" target=\"_self\">VETO INTEGRAL AO PROJETO DE LEI 08/2020 QUE \"DISP\u00d5E SOBRE A OBRIGATORIEDADE DE IDENTIFICA\u00c7\u00c3O DO CABEAMENTO, ALINHAMENTO E RETIRADA DE FIA\u00c7\u00c3O EXCEDENTE NO MUNIC\u00cdPIO , E D\u00c1 OUTRAS PROVID\u00caNCIAS.\"</a></p>\r\n</td>\r\n<td>REJEITADO EM 14/07/2020</td>\r\n</tr>\r\n<tr>\r\n<td>\r\n<p>440/2020</p>\r\n</td>\r\n<td>\r\n<p>ADEM\u00c1RIO DA SILVA OLIVEIRA</p>\r\n</td>\r\n<td>\r\n<p>PL 46/2020</p>\r\n</td>\r\n<td>08/06/2020</td>\r\n<td>\r\n<p><a title=\"\" href=\"https://www.cubatao.sp.leg.br/processo-legislativo/projetos-de-lei/arquivos/pl-2020/2o-trim-abr-mai-jun/pl46-2020\" class=\"internal-link\" target=\"_self\">DESAFETA\u00c7\u00c3O E AUTORIZA A ALIENA\u00c7\u00c3O DO IM\u00d3VEL QUE ESPECIFICA E D\u00c1 OUTRAS PROVID\u00caNCIAS</a></p>\r\n</td>\r\n<td><span><a class=\"external-link\" href=\"https://www.legislacaodigital.com.br/Cubatao-SP/LeisOrdinarias/4090\" target=\"_self\" title=\"\">LEI N\u00b0 4.090, DE 21 DE AGOSTO DE 2020</a></span></td>\r\n</tr>\r\n<tr>\r\n<td>\r\n<p>439/2020</p>\r\n</td>\r\n<td>\r\n<p>ADEM\u00c1RIO DA SILVA OLIVEIRA</p>\r\n</td>\r\n<td>\r\n<p>PLC45\u00a0</p>\r\n</td>\r\n<td>08/06/2020</td>\r\n<td>\r\n<p><a title=\"\" href=\"https://www.cubatao.sp.leg.br/processo-legislativo/projetos-de-lei/arquivos/pl-2020/2o-trim-abr-mai-jun/plc45-2020\" class=\"internal-link\" target=\"_self\">INSTITUI O PROGRAMA DE PARCELAMENTO ESPECIAL NO MUNIC\u00cdPIO DE CUBAT\u00c3O E D\u00c1 OUTRAS PROVID\u00caNCIAS</a></p>\r\n</td>\r\n<td>\r\n<p><a class=\"external-link\" href=\"http://www.cubatao.sp.gov.br/wp-content/uploads/2020/08/20202708-524.pdf\" target=\"_self\" title=\"\">LEI COMPLEMENTAR N\u00ba 115 DE 24 DE AGOSTO DE 2020...PG.03</a></p>\r\n<p>\u00a0</p>\r\n</td>\r\n</tr>\r\n<tr>\r\n<td>\r\n<p>428/2020</p>\r\n</td>\r\n<td>\r\n<p>JAIR FERREIRA LUCAS</p>\r\n</td>\r\n<td>\r\n<p>PL44</p>\r\n</td>\r\n<td>05/06/2020</td>\r\n<td>\r\n<p><a title=\"\" href=\"https://www.cubatao.sp.leg.br/processo-legislativo/projetos-de-lei/arquivos/pl-2020/2o-trim-abr-mai-jun/pl44.2020\" class=\"internal-link\" target=\"_self\">DETERMINA A DISPONIBILIZA\u00c7\u00c3O DE BRINQUEDOS E APARELHOS DE GIN\u00c1STICA E AFINS ADAPTADOS AO USO DE PESSOAS COM DEFICI\u00caNCIA EM PARQUES E \u00c1REAS DE LAZER, P\u00daBLICOS, E D\u00c1 OUTRAS PROVID\u00caNCIAS.</a></p>\r\n</td>\r\n<td>VETO MANTIDO EM 17/06/2020\u00a0 \u00a0 \u00a0 \u00a0 \u00a0 \u00a0</td>\r\n</tr>\r\n<tr>\r\n<td>\r\n<p>404/2020</p>\r\n</td>\r\n<td>\r\n<p>ANTONIO VIEIRA DA SILVA</p>\r\n</td>\r\n<td>\r\n<p>PL43</p>\r\n</td>\r\n<td>27/05/2020</td>\r\n<td>\r\n<p><a title=\"\" href=\"https://www.cubatao.sp.leg.br/processo-legislativo/projetos-de-lei/arquivos/pl-2020/2o-trim-abr-mai-jun/pl432020\" class=\"internal-link\" target=\"_self\">AUTORIZA O PODER EXECUTIVO INSTITUIR O \"PROGRAMA RESPEITAR\" NO MUNIC\u00cdPIO DE CUBAT\u00c3O E D\u00c1 OUTRAS PROVID\u00caNCIAS.</a></p>\r\n</td>\r\n<td>RETIRADO PELO AUTOR EM 29/07/2020</td>\r\n</tr>\r\n<tr>\r\n<td>\r\n<p>403/2020</p>\r\n</td>\r\n<td>\r\n<p>ANTONIO VIEIRA DA SILVA</p>\r\n</td>\r\n<td>\r\n<p>PL42</p>\r\n</td>\r\n<td>27/05/2020</td>\r\n<td>\r\n<p><a title=\"\" href=\"https://www.cubatao.sp.leg.br/processo-legislativo/projetos-de-lei/arquivos/pl-2020/2o-trim-abr-mai-jun/pl422020\" class=\"internal-link\" target=\"_self\">DISP\u00d5E SOBRE O FORNECIMENTO DO VALE-REM\u00c9DIO PARA USU\u00c1RIOS DE MEDICAMENTOS QUE ESTEJAM TEMPORARIAMENTE EM FALTA NA REDE MUNICIPAL DE CUBAT\u00c3O, E D\u00c1 OUTRAS PROVID\u00caNCIAS.</a></p>\r\n</td>\r\n<td>ASSESSORIA EM 28/05/2020</td>\r\n</tr>\r\n<tr>\r\n<td>\r\n<p>379/2020</p>\r\n</td>\r\n<td>\r\n<p>S\u00c9RGIO AUGUSTO DE SANTANA</p>\r\n</td>\r\n<td>\r\n<p>PL41</p>\r\n</td>\r\n<td>12/05/2020</td>\r\n<td>\r\n<p><a title=\"\" href=\"https://www.cubatao.sp.leg.br/processo-legislativo/projetos-de-lei/arquivos/pl-2020/2o-trim-abr-mai-jun/pl412020\" class=\"internal-link\" target=\"_self\">ASSEGURA AOS SERVIDORES P\u00daBLICOS DA \u00c1REA DE SA\u00daDE DO MUNIC\u00cdPIO DE CUBAT\u00c3O, QUE ATUAM DIRETAMENTE NO COMBATE AO COVID-19, O PAGAMENTO DE INDENIZA\u00c7\u00c3O POR MORTE OU INVALIDEZ E A CONTRATA\u00c7\u00c3O DE SEGURO DE VIDA EM GRUPO, NA FORMA QUE ESPECIFICA, E D\u00c1 OUTRAS PROVID\u00caNCIAS.</a></p>\r\n</td>\r\n<td>EM TRAMITA\u00c7\u00c3O</td>\r\n</tr>\r\n<tr>\r\n<td>\r\n<p>369/2020</p>\r\n</td>\r\n<td>\r\n<p><span>F\u00c1BIO ALVES MOREIRA</span></p>\r\n</td>\r\n<td>\r\n<p>PL40</p>\r\n</td>\r\n<td>05/05/2020</td>\r\n<td>\r\n<p>\u00a0</p>\r\n<p><a title=\"\" href=\"https://www.cubatao.sp.leg.br/processo-legislativo/projetos-de-lei/arquivos/pl-2020/2o-trim-abr-mai-jun/pl402020\" class=\"internal-link\" target=\"_self\">DISP\u00d5E SOBRE O INCREMENTO DA TRANSPAR\u00caNCIA NA DIVULGA\u00c7\u00c3O DAS DESPESAS E ATOS ADMINISTRATIVOS PRATICADOS PELO MUNIC\u00cdPIO NO ENFRENTAMENTO \u00c0 PANDEMIA CAUSADA PELO CORONAV\u00cdRUS (COVID-19), SOBRETUDO NOS CASOS EM QUE HOUVER DISPENSA DE PROCEDIMENTOS LICITAT\u00d3RIOS E D\u00c1 OUTRAS PROVID\u00caNCIAS.</a></p>\r\n<p>\u00a0</p>\r\n</td>\r\n<td><span><a class=\"external-link\" href=\"https://www.legislacaodigital.com.br/Cubatao-SP/LeisOrdinarias/4083\" target=\"_self\" title=\"\">LEI N\u00b0 4.083, DE 3 DE JULHO DE 2020</a></span></td>\r\n</tr>\r\n<tr>\r\n<td>\r\n<p>345/2020</p>\r\n</td>\r\n<td>\r\n<p><span>ADEM\u00c1RIO DA SILVA OLIVEIRA</span></p>\r\n</td>\r\n<td>\r\n<p>PL39</p>\r\n</td>\r\n<td>29/04/2020</td>\r\n<td>\r\n<p><a title=\"\" href=\"https://www.cubatao.sp.leg.br/processo-legislativo/projetos-de-lei/arquivos/pl-2020/2o-trim-abr-mai-jun/pl392020\" class=\"internal-link\" target=\"_self\">ALTERA OS DISPOSITIVOS DA LEI N\u00b03214, DE 07 DE DEZEMBRO DE 2007, QUE REFORMULA O CONSELHO E O FUNDO MUNICIPAL DOS DIREITOS DA CRIAN\u00c7A E DO ADOLESCENTE, E D\u00c1 OUTRAS PROVID\u00caNCIAS.</a></p>\r\n</td>\r\n<td><span><a class=\"external-link\" href=\"http://www.cubatao.sp.gov.br/wp-content/uploads/2020/07/20201707-493.pdf\" target=\"_self\" title=\"\">LEI N\u00ba 4.086 DE 22 DE JULHO DE\u00a0 2020\u00a0pg 1</a></span></td>\r\n</tr>\r\n<tr>\r\n<td>\r\n<p>341/2020</p>\r\n</td>\r\n<td>\r\n<p>ADEM\u00c1RIO DA SILVA OLIVEIRA</p>\r\n</td>\r\n<td>\r\n<p>PL38</p>\r\n</td>\r\n<td>27/04/2020</td>\r\n<td>\r\n<p><a title=\"\" href=\"https://www.cubatao.sp.leg.br/processo-legislativo/projetos-de-lei/arquivos/pl-2020/2o-trim-abr-mai-jun/pl382020\" class=\"internal-link\" target=\"_self\">AUTORIZA O PODER EXECUTIVO A CONCEDER BOLSA ALIMENTA\u00c7\u00c3O PARA ALUNOS DA REDE MUNICIPAL DE ENSINO, CUJAS FAM\u00cdLIAS SE ENCONTEM EM SITUA\u00c7\u00c3O DE VULNERABILIDADE SOCIAL. E D\u00c1 OUTRAS PROVID\u00caNCIAS</a></p>\r\n</td>\r\n<td>RETIRADO PELO AUTOR EM 20/05/2020</td>\r\n</tr>\r\n<tr>\r\n<td>\r\n<p>324/2020</p>\r\n</td>\r\n<td>\r\n<p>ADEM\u00c1RIO DA SILVA OLIVEIRA</p>\r\n</td>\r\n<td>\r\n<p>PL37</p>\r\n</td>\r\n<td>15/04/2020</td>\r\n<td>\r\n<p><a title=\"\" href=\"https://www.cubatao.sp.leg.br/processo-legislativo/projetos-de-lei/arquivos/pl-2020/2o-trim-abr-mai-jun/pl372020\" class=\"internal-link\" target=\"_self\"><span><span>DISP\u00d5E SOBRE AS DIRETRIZES GERAIS PARA A ELABORA\u00c7\u00c3O DA LEI OR\u00c7AMENT\u00c1RIA DO MUNIC\u00cdPIO DE CUBAT\u00c3O PARA O EXERC\u00cdCIO DE 2021 E D\u00c1 OUTRAS PROVID\u00caNCIAS.</span></span></a></p>\r\n</td>\r\n<td><a class=\"external-link\" href=\"http://www.cubatao.sp.gov.br/wp-content/uploads/2020/07/20201707-493.pdf\" target=\"_self\" title=\"\">LEI N\u00ba 4.084 DE 16 DE JULHO DE 2020 pg1</a></td>\r\n</tr>\r\n<tr>\r\n<td>\r\n<p>313/2020</p>\r\n</td>\r\n<td>\r\n<p><span><span><span><span><span><span><span>F\u00c1BIO ALVES MOREIRA</span></span></span></span></span></span></span></p>\r\n</td>\r\n<td>\r\n<p>PR01</p>\r\n</td>\r\n<td>08/04/2020</td>\r\n<td>\r\n<p><span><span><a title=\"\" href=\"https://www.cubatao.sp.leg.br/processo-legislativo/projetos-de-lei/arquivos/pl-2020/pr012020/view\" class=\"external-link\" target=\"_self\">INSTITUI O PLEN\u00c1RIO VIRTUAL NO \u00c2MBITO DA C\u00c2MARA MUNICIPAL DE CUBAT\u00c3O, MEDIDA EXCEPCIONAL DESTINADA A VIABILIZAR O FUNCIONAMENTO DO PLEN\u00c1RIO DURANTE A GRAVE PANDEMIA OCASIONADA PELO SARS-COV-2 (COVID-19), RELACIONADA AO CORONA V\u00cdRUS, E D\u00c1 OUTRAS PROVID\u00caNCIAS.</a></span></span></p>\r\n</td>\r\n<td>\r\n<p><a class=\"external-link\" href=\"https://www.legislacaodigital.com.br/Cubatao-SP/Resolucoes/2968\" target=\"_self\" title=\"\">RESOLU\u00c7\u00c3O N\u00ba 2.968 DE 28 DE ABRIL DE 2020\u00a0</a></p>\r\n</td>\r\n</tr>\r\n<tr>\r\n<td>\r\n<p>269/2020</p>\r\n</td>\r\n<td>\r\n<p><span><span><span><span><span><span><span>ADEM\u00c1RIO DA SILVA OLIVEIRA</span></span></span></span></span></span></span></p>\r\n</td>\r\n<td>\r\n<p>PL36</p>\r\n</td>\r\n<td>27/03/2020</td>\r\n<td>\r\n<p><span><span><a title=\"\" href=\"https://www.cubatao.sp.leg.br/processo-legislativo/projetos-de-lei/arquivos/pl-2020/2o-trim-abr-mai-jun/pl362020\" class=\"internal-link\" target=\"_self\">ALTERA AS EMENDAS QUE MENCIONA DO ANEXO DAS EMENDAS IMPOSITIVAS, DA LEI ORDIN\u00c1RIA N\u00b0 4.066, DE 20 DE DEZEMBRO DE 2019, ABRE CR\u00c9DITO ADICIONAL SUPLEMENTAR PARA O EXERC\u00cdCIO DE 2020 E D\u00c1 OUTRAS PROVID\u00caNCIAS.</a></span></span></p>\r\n</td>\r\n<td><a class=\"external-link\" href=\"https://www.legislacaodigital.com.br/Cubatao-SP/LeisOrdinarias/4078\" target=\"_self\" title=\"\">LEI N\u00ba 4.078 DE 01/04/2020</a></td>\r\n</tr>\r\n<tr>\r\n<td>\r\n<p>304/2020</p>\r\n</td>\r\n<td>\r\n<p><span><span><span><span><span><span>ADEM\u00c1RIO DA SILVA OLIVEIRA</span></span></span></span></span></span></p>\r\n</td>\r\n<td>\r\n<p><span><span><span><span><span><span>OF.044/2020/SEJUR</span></span></span></span></span></span></p>\r\n</td>\r\n<td>03/04/2020</td>\r\n<td>\r\n<p><span><span><a title=\"\" href=\"https://www.cubatao.sp.leg.br/processo-legislativo/projetos-de-lei/arquivos/pl-2020/2o-trim-abr-mai-jun/of-044-2020-sejur-veto-ao-pl-179-2019\" class=\"internal-link\" target=\"_self\">VETO TOTAL AO PROJETO DE LEI N\u00b0179/2019 QUE \"ALTERA A REDA\u00c7\u00c3O DO ARTIGO 4\u00b0 DA LEI MUNICIPAL N\u00b02.967, DE 29 DE DEZEMBRO DE 2.004, E D\u00c1 OUTRAS PROVID\u00caNCIAS\"</a></span></span></p>\r\n</td>\r\n<td><span>MANTIDO O VETO EM 16/06/2020</span></td>\r\n</tr>\r\n<tr>\r\n<td>\r\n<p>303/2020</p>\r\n</td>\r\n<td>\r\n<p><span><span><span><span><span>ADEM\u00c1RIO DA SILVA OLIVEIRA</span></span></span></span></span></p>\r\n</td>\r\n<td>\r\n<p><span><span><span><span><span>OF.043/2020/SEJUR</span></span></span></span></span></p>\r\n</td>\r\n<td>\r\n<p><span><span><span>03/04/2020</span></span></span></p>\r\n</td>\r\n<td>\r\n<p><span><a title=\"\" href=\"https://www.cubatao.sp.leg.br/processo-legislativo/projetos-de-lei/arquivos/pl-2020/2o-trim-abr-mai-jun/of-043-2020-sejur-veto-ao-pl-21-2018\" class=\"internal-link\" target=\"_self\">VETO TOTAL AO PROJETO DE LEI N\u00b021/2018 QUE \"INSTITUI O PROGRAMA DE INCENTIVO 'ADOTE UMA \u00c1REA P\u00daBLICA' NO \u00c2MBITO DE CUBAT\u00c3O E D\u00c1 OUTRAS PROVID\u00caNCIAS\"</a></span></p>\r\n</td>\r\n<td><span>MANTIDO O VETO EM 16/06/2020</span></td>\r\n</tr>\r\n<tr>\r\n<td>\r\n<p>302/2020</p>\r\n</td>\r\n<td>\r\n<p><span><span><span><span>ADEM\u00c1RIO DA SILVA OLIVEIRA</span></span></span></span></p>\r\n</td>\r\n<td>\r\n<p><span><span><span><span>OF.042/2020/SEJUR</span></span></span></span></p>\r\n</td>\r\n<td>\r\n<p><span><span>03/04/2020</span></span></p>\r\n</td>\r\n<td>\r\n<p><a title=\"\" href=\"https://www.cubatao.sp.leg.br/processo-legislativo/projetos-de-lei/arquivos/pl-2020/2o-trim-abr-mai-jun/of-042-2020-sejur-veto-ao-pl-26-2017\" class=\"internal-link\" target=\"_self\">VETO TOTAL AO PROJETO DE LEI N\u00b026/2017 QUE \"INSTITUI O 'FICHA LIMPA MUNICIPAL' NA NOMEA\u00c7\u00c3O DE SERVIDORES A CARGOS COMISSIONADOS NO \u00c2MBITO DA ADMINISTRA\u00c7\u00c3O DIRETA E INDIRETA, DO PODER EXECUTIVO E DO PODER LEGISLATIVO MUNICIPAL, E D\u00c1 OUTRAS PROVID\u00caNCIAS\"</a></p>\r\n</td>\r\n<td><span><a class=\"external-link\" href=\"https://www.legislacaodigital.com.br/Cubatao-SP/LeisOrdinarias/4082\" target=\"_self\" title=\"\">LEI N\u00b0 4.082, DE 23 DE JUNHO DE 2020</a></span></td>\r\n</tr>\r\n<tr>\r\n<td>\r\n<p>266/2020</p>\r\n</td>\r\n<td>\r\n<p><span><span><span>ADEM\u00c1RIO DA SILVA OLIVEIRA</span></span></span></p>\r\n</td>\r\n<td>\r\n<p><span><span><span>PLC33</span></span></span></p>\r\n</td>\r\n<td>\r\n<p><span><span>27/03/2020</span></span></p>\r\n</td>\r\n<td>\r\n<p><a title=\"\" href=\"https://www.cubatao.sp.leg.br/processo-legislativo/projetos-de-lei/arquivos/pl-2020/2o-trim-abr-mai-jun/plc332020\" class=\"internal-link\" target=\"_self\">INSTITUI A COLETA SELETIVA DE RES\u00cdDUOS RECICL\u00c1VEIS NO MUNIC\u00cdPIO DE CUBAT\u00c3O, E D\u00c1 OUTRAS PROVID\u00caNCIAS.</a></p>\r\n</td>\r\n<td>\r\n<p><a class=\"external-link\" href=\"https://www.legislacaodigital.com.br/Cubatao-SP/LeisComplementares/114\" target=\"_self\" title=\"\">LEI COMPLEMENTAR N\u00b0 114, DE 23 DE JULHO DE 2020</a></p>\r\n</td>\r\n</tr>\r\n<tr>\r\n<td>\r\n<p>256/2020</p>\r\n</td>\r\n<td>\r\n<p><span><span><span>ADEM\u00c1RIO DA SILVA OLIVEIRA</span></span></span></p>\r\n</td>\r\n<td>\r\n<p><span><span><span>OF 28/2020/SEJUR PL32</span></span></span></p>\r\n</td>\r\n<td>\r\n<p><span><span>24/03/2020</span></span></p>\r\n</td>\r\n<td>\r\n<p><a title=\"\" href=\"https://www.cubatao.sp.leg.br/processo-legislativo/projetos-de-lei/arquivos/pl-2020/2o-trim-abr-mai-jun/pl322020\" class=\"internal-link\" target=\"_self\">AUTORIZA O PODER EXECUTIVO A ALIENAR BENS M\u00d3VEIS INSERV\u00cdVEIS PERTENCENTES AO PATRIM\u00d4NIO MUNICIPAL, NOS TERMOS DO ARTIGO 96, \"CAPUT\", DA LEI ORG\u00c2NICA DO MUNIC\u00cdPIO E D\u00c1 OUTRAS PROVID\u00caNCIAS.</a></p>\r\n</td>\r\n<td>\r\n<p><a class=\"external-link\" href=\"https://www.legislacaodigital.com.br/Cubatao-SP/LeisOrdinarias/4088\" target=\"_self\" title=\"\">LEI N\u00b0 4.088, DE 23 DE JULHO DE 2020</a></p>\r\n</td>\r\n</tr>\r\n<tr>\r\n<td>\r\n<p>248/2020</p>\r\n</td>\r\n<td>\r\n<p><span><span><span>ADEM\u00c1RIO DA SILVA OLIVEIRA</span></span></span></p>\r\n</td>\r\n<td>\r\n<p><span><span><span>OF.027/2020/SEJUR</span></span></span></p>\r\n</td>\r\n<td>\r\n<p><span><span>18/03/2020</span></span></p>\r\n</td>\r\n<td>\r\n<p><a title=\"\" href=\"https://www.cubatao.sp.leg.br/processo-legislativo/projetos-de-lei/arquivos/pl-2020/1o-trim-jan-fev-mar/of-027-2020-sejur-veto-ao-plc-79.2019\" class=\"internal-link\" target=\"_self\">VETO TOTAL AO PROJETO DE LEI COMPLEMENTAR 79/2019, QUE \u201cACRESCENTA O INCISO XVIII AO ARTIGO 230 -A NA LEI N\u00b0 325, DE 09 DE MAR\u00c7O DE 1959, QUE DISP\u00d5E SOBRE O ESTATUTO DE FUNCION\u00c1RIOS P\u00daBLICOS MUNICIPAIS DE CUBAT\u00c3O E D\u00c1 OUTRAS PROVID\u00caNCIAS\u201d</a></p>\r\n</td>\r\n<td>\r\n<p><span>MANTIDO O VETO EM 16/06/2020</span></p>\r\n</td>\r\n</tr>\r\n<tr>\r\n<td>\r\n<p>247/2020</p>\r\n</td>\r\n<td>\r\n<p><span><span>ADEM\u00c1RIO DA SILVA OLIVEIRA</span></span></p>\r\n</td>\r\n<td>\r\n<p><span><span>OF.026/2020/SEJUR</span></span></p>\r\n</td>\r\n<td>\r\n<p><span>18/03/2020</span></p>\r\n</td>\r\n<td>\r\n<p><a title=\"\" href=\"https://www.cubatao.sp.leg.br/processo-legislativo/projetos-de-lei/arquivos/pl-2020/1o-trim-jan-fev-mar/of-026-2020-sejur-veto-ao-pl-55.2018\" class=\"internal-link\" target=\"_self\">VETO TOTAL AO PROJETO DE LEI 55/2018, QUE \u201cCRIA O PROGRAMA DE INCENTIVO AO CULTIVO DAS PLANTAS DE \u2018CITRONELA\u2019 E \u2018CROTAL\u00c1RIA\u2019 COMO M\u00c9TODO NATURAL DE COMBATE AO MOSQUITO AEDES AEGYPTI, NO \u00c2MBITO DO MUNIC\u00cdPIO DE CUBAT\u00c3O E D\u00c1 OUTRAS PROVID\u00caNCIAS\u201d</a></p>\r\n</td>\r\n<td>\r\n<p><span>MANTIDO O VETO EM 16/06/2020</span></p>\r\n</td>\r\n</tr>\r\n<tr>\r\n<td>\r\n<p>246/2020</p>\r\n</td>\r\n<td>\r\n<p><span>ADEM\u00c1RIO DA SILVA OLIVEIRA</span></p>\r\n</td>\r\n<td>\r\n<p><span>OF.025/2020/SEJUR</span></p>\r\n</td>\r\n<td>\r\n<p><span><span>18/03/2020</span></span></p>\r\n</td>\r\n<td>\r\n<p><a title=\"\" href=\"https://www.cubatao.sp.leg.br/processo-legislativo/projetos-de-lei/arquivos/pl-2020/1o-trim-jan-fev-mar/of-025-2020-sejur-veto-ao-pl-125-2018\" class=\"internal-link\" target=\"_self\">VETO TOTAL AO PROJETO DE LEI 125/2018, QUE \u201cINSTITUI O \u2018PROGRAMA RUA DE LAZER\u2019 NO MUNIC\u00cdPIO DE CUBAT\u00c3O, E D\u00c1 OUTRAS PROVID\u00caNCIAS\u201d</a></p>\r\n</td>\r\n<td>\r\n<p><span>MANTIDO O VETO EM 16/06/2020</span></p>\r\n</td>\r\n</tr>\r\n<tr>\r\n<td>\r\n<p>230/2020</p>\r\n</td>\r\n<td>\r\n<p>\u00c9RIKA VER\u00c7OSA A. NUNES</p>\r\n</td>\r\n<td>\r\n<p>PL 31</p>\r\n</td>\r\n<td>\r\n<p><span>12/03/2020</span></p>\r\n</td>\r\n<td>\r\n<p><a title=\"\" href=\"https://www.cubatao.sp.leg.br/processo-legislativo/projetos-de-lei/arquivos/pl-2020/1o-trim-jan-fev-mar/pl312020\" class=\"internal-link\" target=\"_self\">INSTITUI NO CALEND\u00c1RIO OFICIAL DE EVENTOS DO MUNIC\u00cdPIO DE CUBAT\u00c3O, O \u00a0\u2018DIA MUNICIPAL DO DESBRAVADOR\u2019, E D\u00c1 OUTRAS PROVID\u00caNCIAS</a><a title=\"\" href=\"https://www.cubatao.sp.leg.br/processo-legislativo/projetos-de-lei/projetos-de-lei-e-vetos-2020\" class=\"internal-link\" target=\"_self\">.</a></p>\r\n</td>\r\n<td>\r\n<p><span>\u00a0</span><span>EM COMISS\u00d5ES</span></p>\r\n</td>\r\n</tr>\r\n<tr>\r\n<td>\r\n<p>186/2020</p>\r\n</td>\r\n<td>\r\n<p>ADEM\u00c1RIO DA SILVA OLIVEIRA</p>\r\n</td>\r\n<td>\r\n<p>OF.059/2020/SEGOV</p>\r\n</td>\r\n<td>\r\n<p><span>02/03/2020</span></p>\r\n</td>\r\n<td>\r\n<p><a title=\"\" href=\"https://www.cubatao.sp.leg.br/processo-legislativo/projetos-de-lei/arquivos/pl-2020/1o-trim-jan-fev-mar/of-0592020-inviabilidade-tecnica-das-emendas-parlamentares\" class=\"internal-link\" target=\"_self\">INFORMA INVIABILIDADE T\u00c9CNICA PARA ATENDIMENTO DAS EMENDAS PARLAMENTARES.</a></p>\r\n</td>\r\n<td>\r\n<p>\u00a0ARQUIVADO</p>\r\n</td>\r\n</tr>\r\n<tr>\r\n<td>\r\n<p>ARQUI\u00a0</p>\r\n<p>215/2020</p>\r\n</td>\r\n<td>\r\n<p>F\u00c1BIO ALVES MOREIRA</p>\r\n</td>\r\n<td>\r\n<p>PL 29/2020</p>\r\n</td>\r\n<td>\r\n<p><span>09/03/2020</span></p>\r\n</td>\r\n<td>\r\n<p>\u00a0<span><a title=\"\" href=\"https://www.cubatao.sp.leg.br/processo-legislativo/projetos-de-lei/arquivos/pl-2020/1o-trim-jan-fev-mar/pl292020\" class=\"internal-link\" target=\"_self\">CRIA O \u2018PROGRAMA PRATA DA CASA\u2019, QUE ESTABELECE A OBRIGATORIEDADE DE DISPONIBILIZA\u00c7\u00c3O DE OPORTUNIDADE PARA A APRESENTA\u00c7\u00c3O DE GRUPOS, BANDAS, CANTORES OU INSTRUMENTISTAS LOCAIS NA ABERTURA DE EVENTOS MUSICAIS QUE CONTEM COM FINANCIAMENTO P\u00daBLICO MUNICIPAL, E D\u00c1 OUTRAS PROVID\u00caNCIAS</a></span></p>\r\n</td>\r\n<td>\r\n<p><span>ASSESSORIA JUR\u00cdDICA EM 10/03/2020</span></p>\r\n</td>\r\n</tr>\r\n<tr>\r\n<td>\r\n<p>218/2000</p>\r\n</td>\r\n<td>\r\n<p>ADEM\u00c1RIO DA SILVA OLIVEIRA</p>\r\n</td>\r\n<td>\r\n<p>PELOM\u00a0 01</p>\r\n</td>\r\n<td>\r\n<p>10/03/2020</p>\r\n<span><span><span></span></span></span></td>\r\n<td>\r\n<p>\u00a0<a title=\"\" href=\"https://www.cubatao.sp.leg.br/processo-legislativo/projetos-de-lei/arquivos/pl-2020/1o-trim-jan-fev-mar/pelom012020\" class=\"internal-link\" target=\"_self\">ALTERA E REVOGA OS DISPOSITIVOS QUE MENCIONA A LEI ORG\u00c2NICA DO MUNIC\u00cdPIO DE CUBAT\u00c3O.</a></p>\r\n</td>\r\n<td>\r\n<p><span>DVL CONCLUSO EM 15/07/2020</span></p>\r\n</td>\r\n</tr>\r\n<tr>\r\n<td>217/2020</td>\r\n<td>\r\n<p><span>ADEM\u00c1RIO DA SILVA OLIVEIRA\u00a0</span></p>\r\n</td>\r\n<td>PLC30</td>\r\n<td><span><span><span>10/03/2020</span></span></span></td>\r\n<td>\r\n<p><a title=\"\" href=\"https://www.cubatao.sp.leg.br/processo-legislativo/projetos-de-lei/arquivos/pl-2020/1o-trim-jan-fev-mar/pl302020\" class=\"internal-link\" target=\"_self\">ALTERA DISPOSITIVO DA LEI COMPLEMENTAR N \u00ba 112, DE 27 DE DEZEMBRO DE 2019, E D\u00c1 OUTRAS PROVID\u00caNCIAS.</a></p>\r\n</td>\r\n<td>\r\n<p><a class=\"external-link\" href=\"http://diariocubatao.tk/wp-content/uploads/2020/03/20202003-409.pdf\" target=\"_self\" title=\"\">LEI COMPLEMENTAR N\u00ba 113 DE 20 DE MAR\u00c7O DE 2020 - PG 3</a></p>\r\n</td>\r\n</tr>\r\n<tr>\r\n<td>199/2020</td>\r\n<td>\r\n<p>\u00c9RIKA VER\u00c7OSA</p>\r\n</td>\r\n<td>PL28</td>\r\n<td><span><span><span>04/03/2020</span></span></span></td>\r\n<td>\r\n<p><a title=\"\" href=\"https://www.cubatao.sp.leg.br/processo-legislativo/projetos-de-lei/arquivos/pl-2020/1o-trim-jan-fev-mar/pl-28-2020\" class=\"internal-link\" target=\"_self\">INSTITUI NO CALEND\u00c1RIO OFICIAL DE EVENTOS DO MUNIC\u00cdPIO DE CUBAT\u00c3O O \u201cDIA MUNICIPAL DO DESBRAVADOR\u201d, E D\u00c1 OUTRAS PROVID\u00caNCIAS.</a></p>\r\n</td>\r\n<td>\r\n<p><span>RETIRADO PELO AUTOR EM 12/03/2020</span></p>\r\n</td>\r\n</tr>\r\n<tr>\r\n<td>184/2020</td>\r\n<td>\r\n<p>RODRIGO RAMOS SOARES</p>\r\n</td>\r\n<td>PL27</td>\r\n<td><span><span><span>02/03/2020</span></span></span></td>\r\n<td>\r\n<p>\u00a0</p>\r\n<p><a title=\"\" href=\"https://www.cubatao.sp.leg.br/processo-legislativo/projetos-de-lei/arquivos/pl-2020/1o-trim-jan-fev-mar/pl-27-2020\" class=\"internal-link\" target=\"_self\">DENOMINA \u201cPRA\u00c7A MANOEL JOSE RABELO - BARRA LIMPA\u201d, A PRA\u00c7A QUE MENCIONA E D\u00c1 OUTRAS PROVID\u00caNCIAS.</a></p>\r\n<p>\u00a0</p>\r\n</td>\r\n<td>\r\n<p>DVA- oficiando</p>\r\n</td>\r\n</tr>\r\n<tr>\r\n<td>161/2020</td>\r\n<td>\r\n<p>ADEM\u00c1RIO DA SILVA OLIVEIRA\u00a0</p>\r\n</td>\r\n<td>PL26</td>\r\n<td><span><span><span>20/02/2020</span></span></span></td>\r\n<td>\r\n<p><a title=\"\" href=\"https://www.cubatao.sp.leg.br/processo-legislativo/projetos-de-lei/arquivos/pl-2020/1o-trim-jan-fev-mar/pl26-2020\" class=\"internal-link\" target=\"_self\">AUTORIZA O PODER EXECUTIVO A PERMITIR, A T\u00cdTULO PREC\u00c1RIO, PELA ASSOCIA\u00c7\u00c3O DE PROMO\u00c7\u00c3O E ASSIST\u00caNCIA SOCIAL \u2018ESTRELA DO MAR\u2019, O USO DO BEM P\u00daBLICO QUE ESPECIFICA E D\u00c1 OUTRAS PROVID\u00caNCIAS.</a></p>\r\n</td>\r\n<td>\r\n<p><a class=\"external-link\" href=\"https://www.legislacaodigital.com.br/Cubatao-SP/LeisOrdinarias/4087\" target=\"_self\" title=\"\">LEI N\u00b0 4.087, DE 23 DE JULHO DE 2020</a></p>\r\n</td>\r\n</tr>\r\n<tr>\r\n<td>154/2020</td>\r\n<td>\r\n<p>ADEM\u00c1RIO DA SILVA OLIVEIRA\u00a0</p>\r\n</td>\r\n<td>PL 25</td>\r\n<td><span><span><span>18/02/2020</span></span></span></td>\r\n<td>\r\n<p><a title=\"\" href=\"https://www.cubatao.sp.leg.br/processo-legislativo/projetos-de-lei/arquivos/pl-2020/1o-trim-jan-fev-mar/pl252020\" class=\"internal-link\" target=\"_self\">DISCIPLINA O N\u00daMERO DE VAGAS NO PER\u00cdMETRO URBANO PARA O COM\u00c9RCIO AMBULANTE, DEMARCA AS \u00c1REAS PERMITIDAS E D\u00c1 OUTRAS PROVID\u00caNCIAS.</a></p>\r\n</td>\r\n<td>\r\n<p><a class=\"external-link\" href=\"https://www.legislacaodigital.com.br/Cubatao-SP/LeisOrdinarias/4089/Arquivos/1\" target=\"_self\" title=\"\">LEI N\u00ba 4.089 DE 27 DE JULHO DE 2020</a></p>\r\n</td>\r\n</tr>\r\n<tr>\r\n<td>143/2020</td>\r\n<td>\r\n<p><span><span>RODRIGO RAMOS SOARES</span></span></p>\r\n</td>\r\n<td>PL 24</td>\r\n<td><span><span><span>17/02/2020</span></span></span></td>\r\n<td>\r\n<p><a title=\"\" href=\"https://www.cubatao.sp.leg.br/processo-legislativo/projetos-de-lei/arquivos/pl-2020/1o-trim-jan-fev-mar/pl242020\" class=\"internal-link\" target=\"_self\">\"DISP\u00d5E SOBRE O CADASTRAMENTO OBRIGAT\u00d3RIO DE \u00c1RVORES E ARBUSTOS DE PORTE ARB\u00d3REO NO MUNIC\u00cdPIO DE CUBAT\u00c3O E D\u00c1 OUTRAS PROVID\u00caNCIAS\"</a></p>\r\n</td>\r\n<td>\r\n<p>RETIRADO PELO AUTOR EM 16/03/2020</p>\r\n</td>\r\n</tr>\r\n<tr>\r\n<td>128/2020</td>\r\n<td>\r\n<p><span><span>MESA DA C\u00c2MARA</span></span></p>\r\n</td>\r\n<td>PL 23</td>\r\n<td><span><span><span>11/02/2020</span></span></span></td>\r\n<td>\r\n<p><a title=\"\" href=\"https://www.cubatao.sp.leg.br/processo-legislativo/projetos-de-lei/arquivos/pl-2020/1o-trim-jan-fev-mar/pl232020\" class=\"internal-link\" target=\"_self\">ALTERA DISPOSITIVOS DA LEI MUNICIPAL N\u00b03.950, DE 22 DE OUTUBRO DE 2018, NA FORMA QUE MENCIONA E D\u00c1 OUTRAS PROVID\u00caNCIAS.</a></p>\r\n</td>\r\n<td>\r\n<p>REJEITADO EM 13/05/2020</p>\r\n</td>\r\n</tr>\r\n<tr>\r\n<td>122/2020</td>\r\n<td>\r\n<p><span><span>ADEM\u00c1RIO DA SILVA OLIVEIRA</span></span></p>\r\n</td>\r\n<td>PL 22</td>\r\n<td><span><span><span>11/02/2020</span></span></span></td>\r\n<td>\r\n<p><a title=\"\" href=\"https://www.cubatao.sp.leg.br/processo-legislativo/projetos-de-lei/arquivos/pl-2020/1o-trim-jan-fev-mar/pl222020\" class=\"internal-link\" target=\"_self\">AUTORIZA O PODER EXECUTIVO A PRORROGAR O \u201cBOLSA MORADIA\u201d, INSTITU\u00cdDO PELA LEI N\u00b03.301, DE 13 DE FEVEREIRO DE 2009, \u00c0S FAM\u00cdLIAS ATINGIDAS PELO INC\u00caNDIO OCORRIDO NA \u00c1REA DENOMINADA \u201cVILA DOS PESCADORES\u201d E D\u00c1 OUTRAS PROVID\u00caNCIAS.</a></p>\r\n</td>\r\n<td>\r\n<p><a class=\"external-link\" href=\"https://www.legislacaodigital.com.br/Cubatao-SP/LeisOrdinarias/4077\" target=\"_self\" title=\"\">LEI N\u00ba 4.077 DE 20 DE MAR\u00c7O DE 2020\u00a0\u00a0</a></p>\r\n</td>\r\n</tr>\r\n<tr>\r\n<td>121/2020</td>\r\n<td>\r\n<p><span>ADEM\u00c1RIO DA SILVA OLIVEIRA</span></p>\r\n</td>\r\n<td>PL 21</td>\r\n<td><span><span>11/02/2020</span></span></td>\r\n<td>\r\n<p>\u00a0</p>\r\n<p><a title=\"\" href=\"https://www.cubatao.sp.leg.br/processo-legislativo/projetos-de-lei/arquivos/pl-2020/1o-trim-jan-fev-mar/pl212020\" class=\"internal-link\" target=\"_self\">AUTORIZA O PODER EXECUTIVO A PRORROGAR O \u201cBOLSA MORADIA\u201d, INSTITU\u00cdDO PELA LEI N\u00b03.546, DE 16 DE AGOSTO DE 2012, \u00c0S FAM\u00cdLIAS ATINGIDAS PELO INC\u00caNDIO OCORRIDO NA \u00c1REA DENOMINADA \u201cVILA DOS PESCADORES\u201d E D\u00c1 OUTRAS PROVID\u00caNCIAS.</a></p>\r\n<p>\u00a0</p>\r\n</td>\r\n<td>\r\n<p><a class=\"external-link\" href=\"https://www.legislacaodigital.com.br/Cubatao-SP/LeisOrdinarias/4076\" target=\"_self\" title=\"\">LEI N\u00ba 4.076 DE 20 DE MAR\u00c7O DE 2020\u00a0</a></p>\r\n</td>\r\n</tr>\r\n<tr>\r\n<td>120/2020</td>\r\n<td>\r\n<p>ADEM\u00c1RIO DA SILVA OLIVEIRA</p>\r\n</td>\r\n<td>PL 20</td>\r\n<td><span>11/02/2020</span></td>\r\n<td>\r\n<p><a title=\"\" href=\"https://www.cubatao.sp.leg.br/processo-legislativo/projetos-de-lei/arquivos/pl-2020/1o-trim-jan-fev-mar/pl202020\" class=\"internal-link\" target=\"_self\">AUTORIZA O PODER EXECUTIVO A PRORROGAR O \u201cBOLSA MORADIA\u201d, INSTITU\u00cdDO PELA LEI N\u00b03.442, DE 22 DE MAR\u00c7O DE 2011, \u00c0S FAM\u00cdLIAS ATINGIDAS PELO ESCORREGAMENTO E/OU DESLIZAMENTOS HAVIDOS NA \u00c1REA DENOMINADA \u201cPIL\u00d5ES\u201d E D\u00c1 OUTRAS PROVID\u00caNCIAS.</a></p>\r\n</td>\r\n<td>\r\n<p><a class=\"external-link\" href=\"https://www.legislacaodigital.com.br/Cubatao-SP/LeisOrdinarias/4075\" target=\"_self\" title=\"\">LEI N\u00ba 4.075 DE 20 DE MAR\u00c7O DE 2020\u00a0</a></p>\r\n</td>\r\n</tr>\r\n<tr>\r\n<td>119/2020</td>\r\n<td>\r\n<p>ADEM\u00c1RIO DA SILVA OLIVEIRA</p>\r\n</td>\r\n<td>PL 19</td>\r\n<td>11/02/2020</td>\r\n<td>\r\n<p><a title=\"\" href=\"https://www.cubatao.sp.leg.br/processo-legislativo/projetos-de-lei/arquivos/pl-2020/1o-trim-jan-fev-mar/pl192020\" class=\"internal-link\" target=\"_self\">CRIA O CADASTRO INFORMATIVO MUNICIPAL - CADIN MUNICIPAL, REVOGA A LEI MUNICIPAL N\u00b02.609/1999, E D\u00c1 OUTRAS PROVID\u00caNCIAS</a></p>\r\n</td>\r\n<td>\r\n<p><a class=\"external-link\" href=\"https://www.legislacaodigital.com.br/Cubatao-SP/LeisOrdinarias/4079\" target=\"_self\" title=\"\">LEI N\u00ba 4.079 DE 20 DE MAIO DE 2020\u00a0</a></p>\r\n</td>\r\n</tr>\r\n<tr>\r\n<td>118/2020</td>\r\n<td><span><span><span><span><span><span><span><span><span><span><span><span><span>RAFAEL DE SOUZA VILLAR</span></span></span></span></span></span></span></span></span></span></span></span></span></td>\r\n<td>PL 18</td>\r\n<td>10/02/2020<span><span><span><span><span></span></span></span></span></span></td>\r\n<td>\r\n<p><a title=\"\" href=\"https://www.cubatao.sp.leg.br/processo-legislativo/projetos-de-lei/arquivos/pl-2020/1o-trim-jan-fev-mar/pl182020\" class=\"internal-link\" target=\"_self\">ESTABELECE A OBRIGATORIEDADE DAS CONCESSION\u00c1RIAS DE SERVI\u00c7OS P\u00daBLICOS A OFERECEREM A OP\u00c7\u00c3O DE PAGAMENTO ANTES DA SUSPENS\u00c3O DO SERVI\u00c7O E D\u00c1 OUTRAS PROVID\u00caNCIAS\u201d</a></p>\r\n</td>\r\n<td>\r\n<p>\u00a0<span>RETIRADO PELO AUTOR EM 20/02/2020</span></p>\r\n</td>\r\n</tr>\r\n<tr>\r\n<td>116/2020</td>\r\n<td><span><span><span><span><span><span><span><span><span><span><span><span>RAFAEL DE SOUZA VILLAR</span></span></span></span></span></span></span></span></span></span></span></span></td>\r\n<td>PL 17</td>\r\n<td><span><span><span><span><span>10/02/2020</span></span></span></span></span></td>\r\n<td>\r\n<p>\u00a0</p>\r\n<p><a title=\"\" href=\"https://www.cubatao.sp.leg.br/processo-legislativo/projetos-de-lei/arquivos/pl-2020/1o-trim-jan-fev-mar/pl172020\" class=\"internal-link\" target=\"_self\">\u201cDISP\u00d5E SOBRE A PROIBI\u00c7\u00c3O DE COBRAN\u00c7A DE TAXA DE RELIGA\u00c7\u00c3O DE \u00c1GUA EM CASO DE CORTE POR FALTA DE PAGAMENTO E D\u00c1 OUTRAS PROVID\u00caNCIAS\u201d.</a></p>\r\n<p>\u00a0</p>\r\n</td>\r\n<td>\r\n<p><span>RETIRADO PELO AUTOR EM 20/02/2020</span></p>\r\n</td>\r\n</tr>\r\n<tr>\r\n<td>100/2020</td>\r\n<td><span><span><span><span><span><span><span><span><span><span><span>RAFAEL DE SOUZA VILLAR</span></span></span></span></span></span></span></span></span></span></span></td>\r\n<td>PL 16</td>\r\n<td><span><span><span><span><span>04/02/2020</span></span></span></span></span></td>\r\n<td>\r\n<p><a title=\"\" href=\"https://www.cubatao.sp.leg.br/processo-legislativo/projetos-de-lei/arquivos/pl-2020/1o-trim-jan-fev-mar/pl162020\" class=\"internal-link\" target=\"_self\">\u201cDISP\u00d5E SOBRE A PROIBI\u00c7\u00c3O DE COBRAN\u00c7A DE TAXA DE RELIGA\u00c7\u00c3O DE \u00c1GUA E LUZ EM CASO DE CORTE POR FALTA DE PAGAMENTO E D\u00c1 OUTRAS PROVID\u00caNCIAS\u201d.</a></p>\r\n</td>\r\n<td>\r\n<p>RETIRADO PELO AUTOR EM 10/02/2020</p>\r\n</td>\r\n</tr>\r\n<tr>\r\n<td>99/2020</td>\r\n<td><span><span><span><span><span><span><span><span><span><span>RAFAEL DE SOUZA VILLAR</span></span></span></span></span></span></span></span></span></span></td>\r\n<td>PL 15</td>\r\n<td><span><span><span><span>04/02/2020</span></span></span></span></td>\r\n<td>\r\n<p><a title=\"\" href=\"https://www.cubatao.sp.leg.br/processo-legislativo/projetos-de-lei/arquivos/pl-2020/1o-trim-jan-fev-mar/pl152020\" class=\"internal-link\" target=\"_self\">\u201cAUTORIZA O PODER EXECUTIVO MUNICIPAL A IMPLANTAR O PROJETO ESPORTE NA MELHOR IDADE, NO \u00c2MBITO DO MUNIC\u00cdPIO DE CUBAT\u00c3O E D\u00c1 OUTRAS PROVID\u00caNCIAS\u201d.</a></p>\r\n</td>\r\n<td>\r\n<p><span>EM COMISS\u00d5ES</span></p>\r\n</td>\r\n</tr>\r\n<tr>\r\n<td>98/2020</td>\r\n<td><span><span><span><span><span><span><span><span><span>RAFAEL DE SOUZA VILLAR</span></span></span></span></span></span></span></span></span></td>\r\n<td>PL 14</td>\r\n<td><span><span><span>04/02/2020</span></span></span></td>\r\n<td>\r\n<p><a title=\"\" href=\"https://www.cubatao.sp.leg.br/processo-legislativo/projetos-de-lei/arquivos/pl-2020/1o-trim-jan-fev-mar/pl142020\" class=\"internal-link\" target=\"_self\">\u201cDISP\u00d5E SOBRE A PRESCRI\u00c7\u00c3O DE MEDICAMENTOS POR PROFISSIONAIS DA REDE P\u00daBLICA DE SA\u00daDE, DO MUNIC\u00cdPIO DE CUBAT\u00c3O, E D\u00c1 OUTRAS PROVID\u00caNCIAS\".</a></p>\r\n</td>\r\n<td>\r\n<p><span>RETIRADO PELO AUTOR EM 20/02/2020</span></p>\r\n<span></span></td>\r\n</tr>\r\n<tr>\r\n<td>93/2020</td>\r\n<td><span><span><span><span><span><span><span><span>RAFAEL DE SOUZA VILLAR</span></span></span></span></span></span></span></span></td>\r\n<td>PL 13</td>\r\n<td><span><span>03/02/2020</span></span></td>\r\n<td>\r\n<p><a title=\"\" href=\"https://www.cubatao.sp.leg.br/processo-legislativo/projetos-de-lei/arquivos/pl-2020/1o-trim-jan-fev-mar/pl132020\" class=\"internal-link\" target=\"_self\">\u201cTORNA OBRIGAT\u00d3RIA A PUBLICIDADE DAS LISTAS DE ESPERA DE INSCRITOS NOS PROGRAMAS HABITACIONAIS NO MUNIC\u00cdPIO DE CUBAT\u00c3O E D\u00c1 OUTRAS PROVID\u00caNCIAS\u201d.</a></p>\r\n</td>\r\n<td>\r\n<p>DVL CONCLUSO\u00a0 EM 13/03/20</p>\r\n<p>\u00a0</p>\r\n<br /><span></span></td>\r\n</tr>\r\n<tr>\r\n<td>92/2020</td>\r\n<td><span><span><span><span><span><span><span>RAFAEL DE SOUZA VILLAR</span></span></span></span></span></span></span></td>\r\n<td>PL 12</td>\r\n<td><span>03/02/2020</span></td>\r\n<td>\r\n<p><a title=\"\" href=\"https://www.cubatao.sp.leg.br/processo-legislativo/projetos-de-lei/arquivos/pl-2020/1o-trim-jan-fev-mar/pl122020\" class=\"internal-link\" target=\"_self\">\u201cDISP\u00d5E SOBRE A PREVEN\u00c7\u00c3O DA VIOL\u00caNCIA OBST\u00c9TRICA E A IMPLEMENTA\u00c7\u00c3O DE MEDIDAS DE INFORMA\u00c7\u00c3O PARA AS MULHERES NA CIDADE DE CUBAT\u00c3O E D\u00c1 OUTRAS PROVID\u00caNCIAS\u201d.</a></p>\r\n</td>\r\n<td><span>ASSESSORIA JUR\u00cdDICA EM 04/02/2020</span><span></span></td>\r\n</tr>\r\n<tr>\r\n<td>91/2020</td>\r\n<td><span><span><span><span><span><span>RAFAEL DE SOUZA VILLAR</span></span></span></span></span></span></td>\r\n<td>PL 11</td>\r\n<td><span>03/02/2020</span></td>\r\n<td>\r\n<p><a title=\"\" href=\"https://www.cubatao.sp.leg.br/processo-legislativo/projetos-de-lei/arquivos/pl-2020/1o-trim-jan-fev-mar/pl112020\" class=\"internal-link\" target=\"_self\">\u201cDISP\u00d5E SOBRE A CRIA\u00c7\u00c3O DE CAMPANHA EDUCATIVA DE CONSCIENTIZA\u00c7\u00c3O SOBRE A S\u00cdNDROME ALCO\u00d3LICA FETAL E D\u00c1 OUTRAS PROVID\u00caNCIAS\".</a></p>\r\n</td>\r\n<td><span>ASSESSORIA JUR\u00cdDICA EM 04/02/2020</span><span></span></td>\r\n</tr>\r\n<tr>\r\n<td>90/2020</td>\r\n<td><span><span><span><span><span>RAFAEL DE SOUZA VILLAR</span></span></span></span></span></td>\r\n<td>PL 10</td>\r\n<td><span>03/02/2020</span></td>\r\n<td>\r\n<p><a title=\"\" href=\"https://www.cubatao.sp.leg.br/processo-legislativo/projetos-de-lei/arquivos/pl-2020/1o-trim-jan-fev-mar/pl102020\" class=\"internal-link\" target=\"_self\">\u201cDISP\u00d5E SOBRE O MATERIAL E OS PRAZOS PARA AS EMPRESAS PRESTADORAS DE SERVI\u00c7OS A RECUPERAREM AS VIAS E CAL\u00c7ADAS QUE DANIFICAREM NA EXECU\u00c7\u00c3O DE SEUS SERVI\u00c7OS, E D\u00c1 OUTRAS PROVID\u00caNCIAS\u201d.</a></p>\r\n</td>\r\n<td>RETIRADO PELO AUTOR EM 20/02/2020<span></span></td>\r\n</tr>\r\n<tr>\r\n<td>89/2020</td>\r\n<td><span><span><span><span>RAFAEL DE SOUZA VILLAR</span></span></span></span></td>\r\n<td>PL 09</td>\r\n<td>03/02/2020</td>\r\n<td>\r\n<p><a title=\"\" href=\"https://www.cubatao.sp.leg.br/processo-legislativo/projetos-de-lei/arquivos/pl-2020/1o-trim-jan-fev-mar/pl092020\" class=\"internal-link\" target=\"_self\">\u201cAUTORIZA O PODER EXECUTIVO\u00a0 MUNICIPAL\u00a0 A\u00a0 INSTITUIR O PROGRAMA ESCOLA DA COMUNIDADE, NO \u00c2MBITO DO MUNIC\u00cdPIO DE CUBAT\u00c3O E D\u00c1 OUTRAS PROVID\u00caNCIAS\u201d.</a></p>\r\n<p>\u00a0</p>\r\n</td>\r\n<td>\u00a0DVL CONCLUSO EM\u00a0<span>25/06/2020</span></td>\r\n</tr>\r\n<tr>\r\n<td>84/2020</td>\r\n<td><span><span><span><span>RODRIGO RAMOS SOARES</span></span></span></span></td>\r\n<td>PL 08</td>\r\n<td>03/02/2020</td>\r\n<td>\r\n<p><a title=\"\" href=\"https://www.cubatao.sp.leg.br/processo-legislativo/projetos-de-lei/arquivos/pl-2020/1o-trim-jan-fev-mar/pl082020-1\" class=\"internal-link\" target=\"_self\">\u201cDISP\u00d5E SOBRE A OBRIGATORIEDADE DE IDENTIFICA\u00c7\u00c3O DO CABEAMENTO, ALINHAMENTO E RETIRADA DE FIA\u00c7\u00c3O EXCEDENTE NO MUNIC\u00cdPIO DE CUBAT\u00c3O, E D\u00c1 OUTRAS PROVID\u00caNCIAS.\u201d</a></p>\r\n</td>\r\n<td><span><a class=\"external-link\" href=\"https://www.legislacaodigital.com.br/Cubatao-SP/LeisOrdinarias/4085\" target=\"_self\" title=\"\">LEI N\u00b0 4.085, DE 20 DE JULHO DE 2020</a></span><br /><span></span></td>\r\n</tr>\r\n<tr>\r\n<td>83/2020</td>\r\n<td><span><span><span>ANTONIO VIEIRA DA SILVA</span></span></span></td>\r\n<td>PL 07</td>\r\n<td>03/02/2020</td>\r\n<td>\r\n<p>\u00a0</p>\r\n<p><a title=\"\" href=\"https://www.cubatao.sp.leg.br/processo-legislativo/projetos-de-lei/arquivos/pl-2020/1o-trim-jan-fev-mar/pl072020\" class=\"internal-link\" target=\"_self\">INSTITUI O PROGRAMA DE ATEN\u00c7\u00c3O \u00c0 PESSOA COM ESCLEROSE M\u00daLTIPLA E D\u00c1 OUTRAS PROVID\u00caNCIAS.</a></p>\r\n<p>\u00a0</p>\r\n</td>\r\n<td><span>ASSESSORIA JUR\u00cdDICA EM 03/02/2020</span></td>\r\n</tr>\r\n<tr>\r\n<td>74/2020</td>\r\n<td><span><span>ANTONIO VIEIRA DA SILVA</span></span></td>\r\n<td>PL 06</td>\r\n<td>28/01/2020</td>\r\n<td>\r\n<p><a title=\"\" href=\"https://www.cubatao.sp.leg.br/processo-legislativo/projetos-de-lei/arquivos/pl-2020/1o-trim-jan-fev-mar/pl062020\" class=\"internal-link\" target=\"_self\">DISP\u00d5E SOBRE A REGULARIZA\u00c7\u00c3O DO \u201cSHOPPING DA COMUNIDADE\u201d, PRA\u00c7A ANTUNES DE FARIAS.</a></p>\r\n</td>\r\n<td><a class=\"external-link\" href=\"https://www.legislacaodigital.com.br/Cubatao-SP/LeisOrdinarias/4080/Arquivos/1\" target=\"_self\" title=\"\">LEI N\u00ba 4.080 de 28 de maio de 2020\u00a0</a><a class=\"external-link\" href=\"http://www.cubatao.sp.gov.br/wp-content/uploads/2020/05/20202805-456.pdf\" target=\"_self\" title=\"\"><br /><span></span></a></td>\r\n</tr>\r\n<tr>\r\n<td>70/2020</td>\r\n<td><span>RODRIGO RAMOS SOARES</span></td>\r\n<td><span>PL 05</span></td>\r\n<td>23/01/2020</td>\r\n<td><a title=\"\" href=\"https://www.cubatao.sp.leg.br/processo-legislativo/projetos-de-lei/arquivos/pl-2020/1o-trim-jan-fev-mar/pl052020\" class=\"internal-link\" target=\"_self\">DISP\u00d5E SOBRE O ATENDIMENTO PREFERENCIAL IMEDIATO E INDIVIDUALIZADO JUNTO AOS \u00d3RG\u00c3OS P\u00daBLICOS E PRIVADOS PRESTADORES DE SERVI\u00c7OS \u00c0 POPULA\u00c7\u00c3O EM REGIME DE PRIORIDADE ESPECIAL AOS MAIORES DE 80 (OITENTA) ANOS, SEMPRE PREFERENCIALMENTE EM RELA\u00c7\u00c3O AOS DEMAIS IDOSOS, E D\u00c1 OUTRAS PROVID\u00caNCIAS.</a></td>\r\n<td>EM COMISS\u00d5ES</td>\r\n</tr>\r\n<tr>\r\n<td>61/2020</td>\r\n<td><span>ADEM\u00c1RIO DA SILVA OLIVEIRA</span></td>\r\n<td><span>OF. 007/2020/SEJUR</span></td>\r\n<td>20/01/2020</td>\r\n<td><a title=\"\" href=\"https://www.cubatao.sp.leg.br/processo-legislativo/projetos-de-lei/arquivos/pl-2020/1o-trim-jan-fev-mar/veto-pl1392019\" class=\"internal-link\" target=\"_self\">VETO INTEGRAL DO PROJETO DE LEI N\u00b0 138/2019 QUE \"AUTORIZA O FECHAMENTO NORMATIZADO DE LOTEAMENTOS, VILAS E RUAS SEM SA\u00cdDA SITUADAS EM \u00c1REAS UNICAMENTE RESIDENCIAIS, ESTABELECENDO O ACESSO CONTROLADO A ESSAS \u00c1REAS E D\u00c1 OUTRAS PROVID\u00caNCIAS.\"</a></td>\r\n<td>MANTIDO O VETO</td>\r\n</tr>\r\n<tr>\r\n<td>56/2020</td>\r\n<td>ADEM\u00c1RIO DA SILVA OLIVEIRA</td>\r\n<td>OF. 006/2020/SEJUR</td>\r\n<td>17/01/2020</td>\r\n<td><a title=\"\" href=\"https://www.cubatao.sp.leg.br/processo-legislativo/projetos-de-lei/arquivos/pl-2020/1o-trim-jan-fev-mar/veto-pl1302019\" class=\"internal-link\" target=\"_self\">VETO TOTAL DO PROJETO DE LEI N\u00b0130/2019 QUE \"CONSOLIDA A LEGISLA\u00c7\u00c3O QUE DISP\u00d5E SOBRE A ESTRUTURA\u00c7\u00c3O ADMINISTRATIVA DA SECRETARIA DA C\u00c2MARA MUNICIPAL DE CUBAT\u00c3O E D\u00c1 OUTRAS PROVID\u00caNCIAS.\"</a></td>\r\n<td>MANTIDO O VETO</td>\r\n</tr>\r\n<tr>\r\n<td>39/2020</td>\r\n<td>M\u00c1RCIO SILVA\u00a0 NASCIMENTO</td>\r\n<td>PL04</td>\r\n<td>10/01/2020</td>\r\n<td><a title=\"\" href=\"https://www.cubatao.sp.leg.br/processo-legislativo/projetos-de-lei/arquivos/pl-2020/1o-trim-jan-fev-mar/pl042020\" class=\"internal-link\" target=\"_self\">INSTITUI A POL\u00cdTICA MUNICIPAL DE PREVEN\u00c7\u00c3O DA AUTOMUTILA\u00c7\u00c3O E DO SUIC\u00cdDIO, E D\u00c1 OUTRAS PROVID\u00caNCIAS.</a></td>\r\n<td>RETIRADO PELO AUTOR EM 13/02/2020</td>\r\n</tr>\r\n<tr>\r\n<td>38/2020</td>\r\n<td>M\u00c1RCIO SILVA\u00a0 NASCIMENTO</td>\r\n<td>PL 03</td>\r\n<td>10/01/2020</td>\r\n<td><a title=\"\" href=\"https://www.cubatao.sp.leg.br/processo-legislativo/projetos-de-lei/arquivos/pl-2020/1o-trim-jan-fev-mar/pl032020\" class=\"internal-link\" target=\"_self\">CRIA O BANCO MUNICIPAL DE MATERIAIS ORTOP\u00c9DICOS NO MUNIC\u00cdPIO DE CUBAT\u00c3O E D\u00c1 OUTRAS PROVID\u00caNCIAS.</a></td>\r\n<td><span>RETIRADO PELO AUTOR EM 13/02/2020</span></td>\r\n</tr>\r\n<tr>\r\n<td>22/2020</td>\r\n<td>ADEM\u00c1RIO DA SILVA OLIVEIRA</td>\r\n<td>PL 02</td>\r\n<td>03/01/2020</td>\r\n<td><a title=\"\" href=\"https://www.cubatao.sp.leg.br/processo-legislativo/projetos-de-lei/arquivos/pl-2020/1o-trim-jan-fev-mar/pl012020\" class=\"internal-link\" target=\"_self\">ALTERA OS ARTIGOS 3\u00b0 E 4\u00b0 DA LEI N\u00b0 3.040, DE 2 DE DEZEMBRO DE 2005, QUE INSTITUI O PLANO DE CUSTEIO DO REGIME DE PREVID\u00caNCIA SOCIAL DOS SERVIDORES P\u00daBLICOS DO MUNIC\u00cdPIO DE CUBAT\u00c3O, E D\u00c1 OUTRAS PROVID\u00caNCIAS.</a></td>\r\n<td><a class=\"external-link\" href=\"https://www.legislacaodigital.com.br/Cubatao-SP/LeisOrdinarias/4073\" target=\"_self\" title=\"\">LEI N\u00ba 4.073 DE 17 DE MAR\u00c7O DE 2020\u00a0</a></td>\r\n</tr>\r\n<tr>\r\n<td>01/2020</td>\r\n<td>ANTONIO VIEIRA DA SILVA</td>\r\n<td>PL 01</td>\r\n<td>02/01/2020</td>\r\n<td><a title=\"\" href=\"https://www.cubatao.sp.leg.br/processo-legislativo/projetos-de-lei/arquivos/pl-2020/1o-trim-jan-fev-mar/pl012020-1\" class=\"internal-link\" target=\"_self\">DENOMINA \u201cPREFEITO DR. JOS\u00c9 OSWALDO PASSARELLI\u201d O CENTRO DE ALTA COMPLEXIDADE EM SA\u00daDE QUE MENCIONA E D\u00c1 OUTRAS PROVID\u00caNCIAS.</a></td>\r\n<td>DVL CONCLUSO EM 26/05/2020</td>\r\n</tr>\r\n</tbody>\r\n</table>", "author_name": "cuo", "version": "1.0", "author_url": "https://www.cubatao.sp.leg.br/author/cuo", "provider_name": "C\u00e2mara Municipal de Cubat\u00e3o", "type": "rich"}