{"provider_url": "https://www.cubatao.sp.leg.br", "title": "Projetos de Lei e Vetos - 2022", "html": "<table class=\"plain\">\r\n<tbody>\r\n<tr>\r\n<td><strong>PROC.</strong></td>\r\n<td><strong>AUTOR</strong></td>\r\n<td><strong>TIPO</strong></td>\r\n<td><strong>DATA</strong></td>\r\n<td><strong>ASSUNTO</strong></td>\r\n<td><strong>STATUS</strong></td>\r\n</tr>\r\n<tr>\r\n<td>1085/2022</td>\r\n<td><span><span><span><span><span>ADEM\u00c1RIO DA SILVA OLIVEIRA</span></span></span></span></span></td>\r\n<td>PL 115/2022</td>\r\n<td><span>22/12/2022</span></td>\r\n<td style=\"text-align: justify; \"><a title=\"\" href=\"https://www.cubatao.sp.leg.br/processo-legislativo/projetos-de-lei/arquivos/pl-2022/PL.%20115.pdf\" class=\"internal-link\" target=\"_self\">AUTORIZA O PODER EXECUTIVO A INSTITUIR O PROGRAMA \"APOIAR E INCLUIR\" E D\u00c1 OUTR\u00c1S PROVID\u00caNCIAS.</a></td>\r\n<td><a class=\"external-link\" href=\"https://www.legislacaodigital.com.br/Cubatao-SP/LeisOrdinarias/4237/Arquivos/1\" target=\"_self\" title=\"\">LEI N\u00ba 4.237 DE 26/12/2022</a></td>\r\n</tr>\r\n<tr>\r\n<td>1079/2022</td>\r\n<td><span><span><span><span>ADEM\u00c1RIO DA SILVA OLIVEIRA</span></span></span></span></td>\r\n<td>PL 114/2022</td>\r\n<td><span>21/12/2022</span></td>\r\n<td style=\"text-align: justify; \"><a title=\"\" href=\"https://www.cubatao.sp.leg.br/processo-legislativo/projetos-de-lei/arquivos/pl-2022/PL.%20114.pdf\" class=\"internal-link\" target=\"_self\">AUTORIZA O PODER EXECUTIVO A EFETUAR TRANSFER\u00caNCIA FINANCEIRA A CAIXA DE PREVID\u00caNCIA DOS SERVIDORES MUNICIPAIS DE CUBAT\u00c3O, NA IMPORT\u00c2NCIA DE R$ 10.227.992,39 (DEZ MILH\u00d5ES, DUZENTOS E SETENTA E SETE MIL, NOVECENTOS E NOVENTA E DOIS REAIS E TRINTA E NOVE CENTAVOS), E D\u00c1 OUTRAS PROVID\u00caNCIAS.</a></td>\r\n<td><a class=\"external-link\" href=\"https://www.legislacaodigital.com.br/Cubatao-SP/LeisOrdinarias/4233/Arquivos/1\" target=\"_self\" title=\"\">LEI N\u00ba 4.233 DE 23/12/2022</a></td>\r\n</tr>\r\n<tr>\r\n<td>1059/2022</td>\r\n<td><span><span><span>ADEM\u00c1RIO DA SILVA OLIVEIRA</span></span></span></td>\r\n<td><span><span>PL 113/2022</span></span></td>\r\n<td><span>16/12/2022</span></td>\r\n<td style=\"text-align: justify; \"><a title=\"\" href=\"https://www.cubatao.sp.leg.br/processo-legislativo/projetos-de-lei/arquivos/pl-2022/PL.%20113.pdf\" class=\"internal-link\" target=\"_self\">REORGANIZA O SERVI\u00c7O FUNER\u00c1RIO DO MUNIC\u00cdPIO DE CUBAT\u00c3O, E D\u00c1 OUTRAS PROVID\u00caNCIAS.</a></td>\r\n<td>RETIRADO PELO AUTOR EM 13/02/2023</td>\r\n</tr>\r\n<tr>\r\n<td>1058/2022</td>\r\n<td><span><span>ADEM\u00c1RIO DA SILVA OLIVEIRA</span></span></td>\r\n<td><span>PL 112/2022</span></td>\r\n<td><span>16/12/2022</span></td>\r\n<td style=\"text-align: justify; \"><a title=\"\" href=\"https://www.cubatao.sp.leg.br/processo-legislativo/projetos-de-lei/arquivos/pl-2022/PL.%20112.pdf\" class=\"internal-link\" target=\"_self\">AUTORIZA O PODER EXECUTIVO MUNICIPAL A CONCEDER AUX\u00cdLIO FINANCEIRO AO 2\u00ba SUBGRUPAMENTO DO 6\u00ba GRUPAMENTO DE BOMBEIROS DO ESTADO DE S\u00c3O PAULO, MUNIC\u00cdPIO DE CUBAT\u00c3O E D\u00c1 OUTRAS PROVID\u00caNCIAS.</a></td>\r\n<td><a class=\"external-link\" href=\"https://www.legislacaodigital.com.br/Cubatao-SP/LeisOrdinarias/4236/Arquivos/1\" target=\"_self\" title=\"\">LEI N\u00ba 4.236 DE 26/12/2022</a></td>\r\n</tr>\r\n<tr>\r\n<td></td>\r\n<td><span><span></span></span></td>\r\n<td><span></span></td>\r\n<td><span></span></td>\r\n<td style=\"text-align: justify; \"><a title=\"\" href=\"https://www.cubatao.sp.leg.br/processo-legislativo/projetos-de-lei/arquivos/pl-2022/Oficio%20170-2022-SEJUR.pdf\" class=\"internal-link\" target=\"_self\">OF\u00cdCIO N\u00ba 170/2022/SEJUR</a></td>\r\n<td><span></span></td>\r\n</tr>\r\n<tr>\r\n<td>1057/2022</td>\r\n<td><span>ADEM\u00c1RIO DA SILVA OLIVEIRA</span></td>\r\n<td>PL 111/2022</td>\r\n<td><span>16/12/2022</span></td>\r\n<td style=\"text-align: justify; \"><a title=\"\" href=\"https://www.cubatao.sp.leg.br/processo-legislativo/projetos-de-lei/arquivos/pl-2022/PL.%20111.pdf\" class=\"internal-link\" target=\"_self\">AUTORIZA O PODER EXECUTIVO MUNICIPAL A CONCEDER AUX\u00cdLIO FINANCEIRO A 4\u00aa CIA DA POL\u00cdCIA MILITAR DO ESTADO DE S\u00c3O PAULO, 21\u00ba BPMI COM SEDE NESTA COMARCA DE CUBAT\u00c3O E D\u00c1 OUTRAS PROVID\u00caNCIAS.</a></td>\r\n<td><a class=\"external-link\" href=\"https://www.legislacaodigital.com.br/Cubatao-SP/LeisOrdinarias/4235/Arquivos/1\" target=\"_self\" title=\"\">LEI N\u00ba 4.235 DE 26/12/2022</a></td>\r\n</tr>\r\n<tr>\r\n<td></td>\r\n<td><span></span></td>\r\n<td></td>\r\n<td><span></span></td>\r\n<td style=\"text-align: justify; \"><span><a title=\"\" href=\"https://www.cubatao.sp.leg.br/processo-legislativo/projetos-de-lei/arquivos/pl-2022/Oficio%20171-2022-SEJUR.pdf\" class=\"internal-link\" target=\"_self\">OF\u00cdCIO N\u00ba 171/2022/SEJUR</a></span></td>\r\n<td><span></span></td>\r\n</tr>\r\n<tr>\r\n<td>1028/2022</td>\r\n<td>ADEM\u00c1RIO DA SILVA OLIVEIRA</td>\r\n<td>PL 110/2022</td>\r\n<td><span>07/12/2022</span></td>\r\n<td style=\"text-align: justify; \"><a title=\"\" href=\"https://www.cubatao.sp.leg.br/processo-legislativo/projetos-de-lei/arquivos/pl-2022/PL.%20110.pdf\" class=\"internal-link\" target=\"_self\">AUTORIZA O PODER EXECUTIVO A INSTITUIR PROGRAMA \"EDUCADOR CONECTADO\", E D\u00c1 OUTRAS PROVID\u00caNCIAS.</a></td>\r\n<td><a class=\"external-link\" href=\"https://www.legislacaodigital.com.br/Cubatao-SP/LeisOrdinarias/4234/Arquivos/1\" target=\"_self\" title=\"\">LEI N\u00ba 4.234 DE 23/12/2022</a></td>\r\n</tr>\r\n<tr>\r\n<td>1022/2022</td>\r\n<td><span>S\u00c9RGIO AUGUSTO DE SANTANA</span></td>\r\n<td>PL 109/2022</td>\r\n<td><span>07/12/2022</span></td>\r\n<td style=\"text-align: justify; \"><a title=\"\" href=\"https://www.cubatao.sp.leg.br/processo-legislativo/projetos-de-lei/arquivos/pl-2022/PL.%20109.pdf\" class=\"internal-link\" target=\"_self\">\"DISP\u00d5E SOBRE A DIVULGA\u00c7\u00c3O DE INFORMA\u00c7\u00d5ES REFERENTES \u00c0 APLICA\u00c7\u00c3O DE RECURSOS DERIVADOS DE MULTAS DE TR\u00c2NSITO APLICADAS NO MUNIC\u00cdPIO\".</a></td>\r\n<td>\r\n<p>ARQUIVADO (T\u00c9RMINO 18\u00aa LEGISLATURA)</p>\r\n</td>\r\n</tr>\r\n<tr>\r\n<td>1021/2022</td>\r\n<td>S\u00c9RGIO AUGUSTO DE SANTANA</td>\r\n<td>PL 108/2022</td>\r\n<td>07/12/2022</td>\r\n<td style=\"text-align: justify; \"><a title=\"\" href=\"https://www.cubatao.sp.leg.br/processo-legislativo/projetos-de-lei/arquivos/pl-2022/PL.%20108.pdf\" class=\"internal-link\" target=\"_self\">\"INSTITUI NO \u00c2MBITO DO MUNIC\u00cdPIO DE CUBAT\u00c3O, A CAMPANHA DE ORIENTA\u00c7\u00c3O A IDOSOS CONTRA FRAUDES E GOLPES NO COM\u00c9RCIO ELETR\u00d4NICO E NA INTERNET E D\u00c1 OUTRAS PROVID\u00caNCIAS\".</a></td>\r\n<td>\r\n<p><a class=\"external-link\" href=\"https://www.legislacaodigital.com.br/Cubatao-SP/LeisOrdinarias/4261\" target=\"_self\" title=\"\">LEI N\u00ba 4.261 DE 17/07/2023</a></p>\r\n</td>\r\n</tr>\r\n<tr>\r\n<td><span>1010/2022</span></td>\r\n<td><span><span><span>ALEXANDRE MENDES</span></span></span></td>\r\n<td>PL 107/2022</td>\r\n<td><span>02/12/2022</span></td>\r\n<td style=\"text-align: justify; \">\r\n<p><a title=\"\" href=\"https://www.cubatao.sp.leg.br/processo-legislativo/projetos-de-lei/arquivos/pl-2022/PL.%20107.pdf\" class=\"internal-link\" target=\"_self\">DECLARA DE UTILIDADE P\u00daBLICA A ENTIDADE QUE MENCIONA E D\u00c1 OUTRAS PROVID\u00caNCIAS.</a></p>\r\n</td>\r\n<td>\r\n<p><span><span>RETIRADO PELO AUTOR EM 12/05/2023</span></span></p>\r\n</td>\r\n</tr>\r\n<tr>\r\n<td>996/2022</td>\r\n<td><span><span><span>ADEM\u00c1RIO DA SILVA OLIVEIRA</span></span></span></td>\r\n<td>PL 106/2022</td>\r\n<td><span>28/11/2022</span></td>\r\n<td style=\"text-align: justify; \">\r\n<p><a title=\"\" href=\"https://www.cubatao.sp.leg.br/processo-legislativo/projetos-de-lei/arquivos/pl-2022/PL%20106.pdf\" class=\"internal-link\" target=\"_self\">AUTORIZA O PODER EXECUTIVO A EFETUAR TRANSFER\u00caNCIA FINANCEIRA A CAIXA DE PREVID\u00caNCIA DOS SERVIDORES MUNICIPAIS DE CUBAT\u00c3O, NA IMPORT\u00c2NCIA DE R$ 12.000.000,00 (DOZE MILH\u00d5ES DE REAIS), E D\u00c1 OUTRAS PROVID\u00caNCIAS.</a></p>\r\n</td>\r\n<td>\r\n<p><span><a title=\"\" href=\"https://www.cubatao.sp.leg.br/processo-legislativo/projetos-de-lei/arquivos/pl-2022/Oficio%20no%20156-2022-SEJUR.pdf\" class=\"internal-link\" target=\"_self\">RETIRADO PELO AUTOR EM 29/11/2022</a></span></p>\r\n<p><a title=\"\" href=\"https://www.cubatao.sp.leg.br/processo-legislativo/projetos-de-lei/arquivos/pl-2022/Oficio%20no%20156-2022-SEJUR.pdf\" class=\"internal-link\" target=\"_self\">OF\u00cdCIO N\u00ba 156/2022/SEJUR</a></p>\r\n</td>\r\n</tr>\r\n<tr>\r\n<td>963/2022</td>\r\n<td><span><span>ADEM\u00c1RIO DA SILVA OLIVEIRA</span></span></td>\r\n<td><span>PL 105/2022</span></td>\r\n<td><span>16/11/2022</span></td>\r\n<td style=\"text-align: justify; \">\r\n<p><a title=\"\" href=\"https://www.cubatao.sp.leg.br/processo-legislativo/projetos-de-lei/arquivos/pl-2022/PL.%20105.pdf\" class=\"internal-link\" target=\"_self\">AUTORIZA O PODER EXECUTIVO A EFETUAR TRANSFER\u00caNCIA FINANCEIRA \u00c0 CAIXA DE PREVID\u00caNCIA DOS SERVIDORES MUNICIPAIS DE CUBAT\u00c3O, NA IMPORT\u00c2NCIA DE R$ 9.516.824,71 (NOVE MILH\u00d5ES, QUINHENTOS E DEZESSEIS MIL, OITOCENTOS E VINTE E QUATRO REAIS E SETENTA E UM CENTAVOS) E D\u00c1 OUTRAS PROVID\u00caNCIAS.</a></p>\r\n</td>\r\n<td>\r\n<p><span><a class=\"external-link\" href=\"https://www.legislacaodigital.com.br/Cubatao-SP/LeisOrdinarias/4227\" target=\"_self\" title=\"\">LEI N\u00ba 4.227 DE 17/11/2022</a></span></p>\r\n</td>\r\n</tr>\r\n<tr>\r\n<td>955/2022</td>\r\n<td><span>RODRIGO RAMOS SOARES</span></td>\r\n<td><span>PL 104/2022</span></td>\r\n<td><span>10/11/2022</span></td>\r\n<td style=\"text-align: justify; \"><a title=\"\" href=\"https://www.cubatao.sp.leg.br/processo-legislativo/projetos-de-lei/arquivos/pl-2022/PL.%20104.pdf\" class=\"internal-link\" target=\"_self\">INSTITUI O DIA MUNICIPAL DE COMBATE AO ETARISMO E D\u00c1 OUTRAS PROVID\u00caNCIAS.</a></td>\r\n<td>\r\n<p><a class=\"external-link\" href=\"https://www.legislacaodigital.com.br/Cubatao-SP/LeisOrdinarias/4345/Arquivos/1\" target=\"_self\" title=\"\">LEI N\u00ba 4.345 DE 09/12/2024</a></p>\r\n</td>\r\n</tr>\r\n<tr>\r\n<td>/946/2022</td>\r\n<td>RODRIGO RAMOS SOARES</td>\r\n<td>PL 103/2022</td>\r\n<td>09/11/2022</td>\r\n<td style=\"text-align: justify; \"><a title=\"\" href=\"https://www.cubatao.sp.leg.br/processo-legislativo/projetos-de-lei/arquivos/pl-2022/PL.%20103.pdf\" class=\"internal-link\" target=\"_self\">\"DISP\u00d5E SOBRE A INSTITUI\u00c7\u00c3O DO SELO \"EMPRESA AMIGA DOS AUTISTAS\", E D\u00c1 OUTRAS PROVID\u00caNCIAS\"</a></td>\r\n<td>\r\n<p><a class=\"external-link\" href=\"https://www.legislacaodigital.com.br/Cubatao-SP/LeisOrdinarias/4260\" target=\"_self\" title=\"\">LEI N\u00ba 4.260 DE 17/07/2023</a></p>\r\n<p>\u00a0</p>\r\n</td>\r\n</tr>\r\n<tr>\r\n<td>945/2022</td>\r\n<td><span><span>RODRIGO RAMOS SOARES</span></span></td>\r\n<td>PL 102/2022</td>\r\n<td>09/11/2022</td>\r\n<td style=\"text-align: justify; \"><a title=\"\" href=\"https://www.cubatao.sp.leg.br/processo-legislativo/projetos-de-lei/arquivos/pl-2022/PL.%20102.pdf\" class=\"internal-link\" target=\"_self\">\"INSTITUI A CAMPANHA MUNICIPAL PERMANENTE DE COMBATE A FRAUDES E GOLPES PRATICADOS VIA TELEFONE, INTERNET E APLICATIVO, NO \u00c2MBITO DO MUNICIPIO DE CUBAT\u00c3O E D\u00c1 OUTRAS PROVID\u00caNCIAS\".</a></td>\r\n<td>\r\n<p><span>ARQUIVADO (T\u00c9RMINO 18\u00aa LEGISLATURA)</span></p>\r\n<p>\u00a0</p>\r\n</td>\r\n</tr>\r\n<tr>\r\n<td>913/2022</td>\r\n<td><span><span>MESA DA C\u00c2MARA</span></span></td>\r\n<td>PDL 05/2022</td>\r\n<td>25/10/2022</td>\r\n<td style=\"text-align: justify; \"><a title=\"\" href=\"https://www.cubatao.sp.leg.br/processo-legislativo/projetos-de-lei/arquivos/pl-2022/PDL%2005.pdf\" class=\"internal-link\" target=\"_self\">\"AUTORIZA O PODER LEGISLATIVO \u00c0 PROCEDER A PERMISS\u00c3O GRATUITA DE USO DOS BENS M\u00d3VEIS P\u00daBLICOS QUE ESPECIFICA E D\u00c1 OUTRAS PROVID\u00caNCIAS\"</a></td>\r\n<td>\r\n<p><span>ARQUIVADO (T\u00c9RMINO 18\u00aa LEGISLATURA)</span></p>\r\n</td>\r\n</tr>\r\n<tr>\r\n<td>896/2022</td>\r\n<td><span><span>MARCOS ROBERTO DA SILVA</span></span></td>\r\n<td>PL 101/2022</td>\r\n<td>18/10/2022</td>\r\n<td style=\"text-align: justify; \"><a title=\"\" href=\"https://www.cubatao.sp.leg.br/processo-legislativo/projetos-de-lei/arquivos/pl-2022/PL.%20101.pdf\" class=\"internal-link\" target=\"_self\">INSTITUI O PROGRAMA \"CUBAT\u00c3O CRIATIVA\", ESTABELECE PRINC\u00cdPIOS E OBJETIVOS DA POL\u00cdTICA DE FOMENTO \u00c0 ECONOMIA CRIATIVA, SUSTENT\u00c1VEL, POPULAR E SOLID\u00c1RIA DO MUNIC\u00cdPIO DE CUBAT\u00c3O, E D\u00c1 OUTRAS PROVID\u00caNCIAS.</a></td>\r\n<td>\r\n<p>RETIRADO EM 11/04/2023</p>\r\n<p>\u00a0</p>\r\n</td>\r\n</tr>\r\n<tr>\r\n<td>886/2022</td>\r\n<td><span><span>GUILHERME DOS SANTOS MALAQUIAS</span></span></td>\r\n<td><span>PL 100/2022</span></td>\r\n<td>13/10/2022</td>\r\n<td style=\"text-align: justify; \"><a title=\"\" href=\"https://www.cubatao.sp.leg.br/processo-legislativo/projetos-de-lei/arquivos/pl-2022/PL.%20100.pdf\" class=\"internal-link\" target=\"_self\">DENOMINA CENTRO DE ALTA COMPLEXIDADE EM SA\u00daDE - ANEXO HOSPITALAR \" RAIMUNDO VALTER PINHEIRO LIMA (PINHEIRO)\" O PR\u00d3PRIO P\u00daBLICO SITIO A AV. HENRY BORDEN, S/N - VILA SANTA ROSA E D\u00c1 OUTRAS PROVID\u00caNCIAS.</a></td>\r\n<td>\r\n<p><a class=\"external-link\" href=\"https://www.legislacaodigital.com.br/Cubatao-SP/LeisOrdinarias/4240\" target=\"_self\" title=\"\">LEI N\u00ba 4.240 DE 17/03/2023</a></p>\r\n</td>\r\n</tr>\r\n<tr>\r\n<td>873/2022</td>\r\n<td><span>GUILHERME DOS SANTOS MALAQUIAS</span></td>\r\n<td>PELOM 04/2022</td>\r\n<td>07/10/2022</td>\r\n<td style=\"text-align: justify; \"><a title=\"\" href=\"https://www.cubatao.sp.leg.br/processo-legislativo/projetos-de-lei/arquivos/pl-2022/PELOM.%2004.pdf\" class=\"internal-link\" target=\"_self\">ACRESCENTA O PAR\u00c1GRAFO \u00daNICO AO ARTIGO 43 DA LEI ORG\u00c2NICA DO MUNIC\u00cdPIO DE CUBAT\u00c3O.</a></td>\r\n<td>\r\n<p><span>ARQUIVADO (T\u00c9RMINO 18\u00aa LEGISLATURA)</span></p>\r\n</td>\r\n</tr>\r\n<tr>\r\n<td>872/2022</td>\r\n<td><span><span><span>GUILHERME DOS SANTOS MALAQUIAS</span></span></span></td>\r\n<td>PL 99/2022</td>\r\n<td>07/10/2022</td>\r\n<td style=\"text-align: justify; \"><a title=\"\" href=\"https://www.cubatao.sp.leg.br/processo-legislativo/projetos-de-lei/arquivos/pl-2022/PL.%2099.pdf\" class=\"internal-link\" target=\"_self\">ALTERA A LEI MUNICIPAL 3.316 DE 26 DE MAIO DE 2009 PARA ACRESCENTAR OS PAR\u00c1GRAFOS 3\u00ba E 4\u00ba AO ARTIGO 7\u00ba, E D\u00c1 OUTRAS PROVID\u00caNCIAS.</a></td>\r\n<td>\r\n<p><span>ARQUIVADO (T\u00c9RMINO 18\u00aa LEGISLATURA)</span></p>\r\n</td>\r\n</tr>\r\n<tr>\r\n<td>846/2022</td>\r\n<td><span><span>ADEM\u00c1RIO DA SILVA OLIVEIRA</span></span></td>\r\n<td>PL 98/2022</td>\r\n<td>30/09/2022</td>\r\n<td style=\"text-align: justify; \"><a title=\"\" href=\"https://www.cubatao.sp.leg.br/processo-legislativo/projetos-de-lei/arquivos/pl-2022/PL.%2098.pdf\" class=\"internal-link\" target=\"_self\">ESTIMA RECEITA E FIXA A DESPESA DO MUNIC\u00cdPIO DE CUBAT\u00c3O PARA O EXERC\u00cdCIO DE 2023 E D\u00c1 OUTRAS PROVID\u00caNCIAS.</a></td>\r\n<td>\r\n<p><a class=\"external-link\" href=\"https://www.legislacaodigital.com.br/Cubatao-SP/LeisOrdinarias/4238/Arquivos/1\" target=\"_self\" title=\"\">LEI N\u00ba\u00a04.238 DE 26/12/2022</a><br /><br /><a title=\"\" href=\"https://www.cubatao.sp.leg.br/processo-legislativo/projetos-de-lei/arquivos/pl-2022/4.238-loa-2023-emendas-aa.pdf\" class=\"internal-link\" target=\"_self\">ANEXO DE EMENDAS IMPOSITIVAS</a>\u00a0</p>\r\n</td>\r\n</tr>\r\n<tr>\r\n<td>843/2022</td>\r\n<td><span>ADEM\u00c1RIO DA SILVA OLIVEIRA</span></td>\r\n<td>PL 97/2022</td>\r\n<td>28/09/2022</td>\r\n<td style=\"text-align: justify; \"><a title=\"\" href=\"https://www.cubatao.sp.leg.br/processo-legislativo/projetos-de-lei/arquivos/pl-2022/PL.97.pdf\" class=\"internal-link\" target=\"_self\">CONCEDE PODERES AO ADVOGADO CONSTITU\u00cdDO PARA AUTENTICAR C\u00d3PIAS REPROGR\u00c1FICAS NOS PROCESSOS ADMINISTRATIVOS DO MUNIC\u00cdPIO E D\u00c1 OUTRAS PROVID\u00caNCIAS.</a></td>\r\n<td>\r\n<p><a class=\"external-link\" href=\"https://www.legislacaodigital.com.br/Cubatao-SP/LeisOrdinarias/4228\" target=\"_self\" title=\"\">LEI N\u00ba 4.228 DE 17/11/2022</a></p>\r\n</td>\r\n</tr>\r\n<tr>\r\n<td>838/2022</td>\r\n<td><span><span>GUARACI SOUZA CASTRO</span></span></td>\r\n<td>PL 96/2022</td>\r\n<td>27/09/2022</td>\r\n<td style=\"text-align: justify; \"><a title=\"\" href=\"https://www.cubatao.sp.leg.br/processo-legislativo/projetos-de-lei/arquivos/pl-2022/PL.%2096.pdf\" class=\"internal-link\" target=\"_self\">DENOMINA \"NICOLAS RAFAEL DA SILVA\" A QUADRA DE ESPORTES LOCALIZADA NA PRA\u00c7A GENERAL EUCLYDES DE OLIVEIRA FIGUEIREDO, NO JARDIM COSTA E SILVA, E D\u00c1 OUTRAS PROVID\u00caNCIAS.</a></td>\r\n<td>\r\n<p><span><a class=\"external-link\" href=\"https://www.legislacaodigital.com.br/Cubatao-SP/LeisOrdinarias/4274\" target=\"_self\" title=\"\">LEI N\u00ba 4.274 DE 06/10/2023</a></span></p>\r\n</td>\r\n</tr>\r\n<tr>\r\n<td>823/2022</td>\r\n<td><span><span>ADEM\u00c1RIO DA SILVA OLIVEIRA</span></span></td>\r\n<td>PL 95/2022</td>\r\n<td>20/09/2022</td>\r\n<td style=\"text-align: justify; \"><a title=\"\" href=\"https://www.cubatao.sp.leg.br/processo-legislativo/projetos-de-lei/arquivos/pl-2022/PL.%2095.pdf\" class=\"internal-link\" target=\"_self\">AUTORIZA O PODER EXECUTIVO A EFETUAR TRANSFER\u00caNCIA FINANCEIRA \u00c0 CAIXA DE PREVID\u00caNCIA DOS SERVIDORES MUNICIPAIS DE CUBAT\u00c3O, NA IMPORT\u00c2NCIA DE R$ 14.600.000,00 (QUATORZE MILH\u00d5ES E SEISCENTOS MIL REAIS) E D\u00c1 OUTRAS PROVID\u00caNCIAS.</a></td>\r\n<td>\r\n<p><a class=\"external-link\" href=\"https://www.legislacaodigital.com.br/Cubatao-SP/LeisOrdinarias/4221/Arquivos/1\" target=\"_self\" title=\"\">LEI N\u00ba4.221 DE 23/09/2022</a></p>\r\n</td>\r\n</tr>\r\n<tr>\r\n<td>807/2022</td>\r\n<td><span>ADEM\u00c1RIO DA SILVA OLIVEIRA</span></td>\r\n<td>PL 94/2022</td>\r\n<td>16/09/2022</td>\r\n<td style=\"text-align: justify; \"><a title=\"\" href=\"https://www.cubatao.sp.leg.br/processo-legislativo/projetos-de-lei/arquivos/pl-2022/PL.%2094.pdf\" class=\"internal-link\" target=\"_self\">AUTORIZA O PODER EXECUTIVO A EFETUAR TRANSFER\u00caNCIA FINANCEIRA A COMPANHIA MUNICIPAL DE TR\u00c2NSITO NA IMPORT\u00c2NCIA DE R$ 2.400.000,00 (DOIS MILH\u00d5ES E QUATROCENTOS MIL REAIS), E D\u00c1 OUTRAS PROVID\u00caNCIAS.</a></td>\r\n<td>\r\n<p><span><a class=\"external-link\" href=\"https://www.legislacaodigital.com.br/Cubatao-SP/LeisOrdinarias/4222/Arquivos/1\" target=\"_self\" title=\"\">LEI N\u00ba4.222 DE 23/09/2022</a></span></p>\r\n<p>\u00a0</p>\r\n</td>\r\n</tr>\r\n<tr>\r\n<td>806/2022</td>\r\n<td>ALEXANDRE MENDES<span></span></td>\r\n<td>PL 93/2022</td>\r\n<td>14/09/2022</td>\r\n<td style=\"text-align: justify; \"><a title=\"\" href=\"https://www.cubatao.sp.leg.br/processo-legislativo/projetos-de-lei/arquivos/pl-2022/PL.%2093.pdf\" class=\"internal-link\" target=\"_self\">CONCEDE ISEN\u00c7\u00c3O DO PAGAMENTO DOS PRE\u00c7OS P\u00daBLICOS QUE ESPECIFICA, EM CASO DE DOA\u00c7\u00c3O DE \u00d3RG\u00c3OS, TECIDOS CORPORAIS E PARTES DO CORPO HUMANO PARA FINS DE TRANSPLANTE E TRATAMENTO M\u00c9DICO, E D\u00c1 OUTRAS PROVID\u00caNCIAS.</a><a title=\"\" href=\"https://www.cubatao.sp.leg.br/processo-legislativo/projetos-de-lei/arquivos/pl-2022/PL.%2092.pdf\" class=\"internal-link\" target=\"_self\"></a></td>\r\n<td>\r\n<p>\u00a0</p>\r\n<p><span>ARQUIVADO (T\u00c9RMINO 18\u00aa LEGISLATURA)</span></p>\r\n</td>\r\n</tr>\r\n<tr>\r\n<td>794/2022</td>\r\n<td><span>ADEM\u00c1RIO DA SILVA OLIVEIRA</span></td>\r\n<td>PL 92/2022</td>\r\n<td>12/09/2022</td>\r\n<td style=\"text-align: justify; \"><a title=\"\" href=\"https://www.cubatao.sp.leg.br/processo-legislativo/projetos-de-lei/arquivos/pl-2022/PL.%2092.pdf\" class=\"internal-link\" target=\"_self\">DISP\u00d5E SOBRE A FIXA\u00c7\u00c3O DO PISO SALARIAL DOS AGENTES COMUNIT\u00c1RIOS DE SA\u00daDE E DOS AGENTES DE COMBATE \u00c0S ENDEMIAS E D\u00c1 OUTRAS PROVID\u00caNCIAS.</a></td>\r\n<td>\r\n<p><a class=\"external-link\" href=\"https://www.legislacaodigital.com.br/Cubatao-SP/LeisOrdinarias/4220\" target=\"_self\" title=\"\">LEI N\u00ba 4.220 DE 14/09/2022</a></p>\r\n</td>\r\n</tr>\r\n<tr>\r\n<td>793/2022</td>\r\n<td><span><span><span>ADEM\u00c1RIO DA SILVA OLIVEIRA</span></span></span></td>\r\n<td>PL 91/2022</td>\r\n<td>12/09/2022</td>\r\n<td style=\"text-align: justify; \"><a title=\"\" href=\"https://www.cubatao.sp.leg.br/processo-legislativo/projetos-de-lei/arquivos/pl-2022/PL.%2091.pdf\" class=\"internal-link\" target=\"_self\">ALTERA DISPOSITIVOS DA LEI MUNICIPAL N\u00ba 4.202, DE 13 DE JULHO DE 2022, QUE DISP\u00d5E SOBRE A CRIA\u00c7\u00c3O DO PROGRAMA AVAN\u00c7A ESCOLA E D\u00c1 OUTRAS PROVID\u00caNCIAS.</a></td>\r\n<td>\r\n<p><span><a class=\"external-link\" href=\"https://www.legislacaodigital.com.br/Cubatao-SP/LeisOrdinarias/4223/Arquivos/1\" target=\"_self\" title=\"\">LEI N\u00ba4.223 DE 23/09/2022</a></span></p>\r\n</td>\r\n</tr>\r\n<tr>\r\n<td>785/2022</td>\r\n<td><span><span><span>MESA DA C\u00c2MARA</span></span></span></td>\r\n<td>PDL 04/2022</td>\r\n<td>06/09/2022</td>\r\n<td style=\"text-align: justify; \"><a title=\"\" href=\"https://www.cubatao.sp.leg.br/processo-legislativo/projetos-de-lei/arquivos/pl-2022/PDL%2004.pdf\" class=\"internal-link\" target=\"_self\">DISP\u00d5E SOBRE A POL\u00cdTICA DE USO E CONVIV\u00caNCIA PARA AS REDES SOCIAIS DA C\u00c2MARA MUNICIPAL DE CUBAT\u00c3O.</a></td>\r\n<td>\r\n<p><a class=\"external-link\" href=\"https://www.legislacaodigital.com.br/Cubatao-SP/DecretosLegislativos/161-2023\" target=\"_self\" title=\"\">DL N\u00b0 161 DE 15/06/2023</a></p>\r\n<p>\u00a0</p>\r\n</td>\r\n</tr>\r\n<tr>\r\n<td>770/2022</td>\r\n<td><span><span>ADEM\u00c1RIO DA SILVA OLIVEIRA</span></span></td>\r\n<td>PL 90/2022</td>\r\n<td>02/09/2022</td>\r\n<td style=\"text-align: justify; \"><a title=\"\" href=\"https://www.cubatao.sp.leg.br/processo-legislativo/projetos-de-lei/arquivos/pl-2022/PL.%2090.pdf\" class=\"internal-link\" target=\"_self\">ALTERA AS EMENDAS QUE MENCIONA DO ANEXO DAS EMENDAS IMPOSITIVAS, DA LEI ORDIN\u00c1RIA N\u00ba 4.166, DE 22 DE DEZEMBRO DE 2021, E D\u00c1 OUTRAS PROVID\u00caNCIAS.</a></td>\r\n<td>\r\n<p><a class=\"external-link\" href=\"https://www.legislacaodigital.com.br/Cubatao-SP/LeisOrdinarias/4225\" target=\"_self\" title=\"\">LEI N\u00ba 4.225 DE 26/09/2022</a></p>\r\n</td>\r\n</tr>\r\n<tr>\r\n<td>765/2022</td>\r\n<td>RODRIGO RAMOS SOARES<span></span></td>\r\n<td>PL 89/2022</td>\r\n<td>31/08/2022</td>\r\n<td style=\"text-align: justify; \"><a title=\"\" href=\"https://www.cubatao.sp.leg.br/processo-legislativo/projetos-de-lei/arquivos/pl-2022/PL.%2089.pdf\" class=\"internal-link\" target=\"_self\">INSTITUI A CAMPANHA \"AGOSTO LIL\u00c1S\", DEDICADO \u00c0 PREVEN\u00c7\u00c3O E CONSCIENTIZA\u00c7\u00c3O PELO FIM DE VIOL\u00caNCIA CONTRA A MULHER NO MUNIC\u00cdPIO DE CUBAT\u00c3O E D\u00c1 OUTRAS PROVID\u00caNCIAS.</a><a title=\"\" href=\"https://www.cubatao.sp.leg.br/processo-legislativo/projetos-de-lei/arquivos/pl-2022/PL.%2087.pdf\" class=\"internal-link\" target=\"_self\"></a></td>\r\n<td>\r\n<p><span>ARQUIVADO (T\u00c9RMINO 18\u00aa LEGISLATURA)</span></p>\r\n</td>\r\n</tr>\r\n<tr>\r\n<td>753/2022</td>\r\n<td>F\u00c1BIO ALVES MOREIRA</td>\r\n<td>PL 88/2022</td>\r\n<td>29/08/2022</td>\r\n<td style=\"text-align: justify; \"><a title=\"\" href=\"https://www.cubatao.sp.leg.br/processo-legislativo/projetos-de-lei/arquivos/pl-2022/PL.%2088.pdf\" class=\"internal-link\" target=\"_self\">CRIA SESS\u00c3O SOLENE EM COMEMORA\u00c7\u00c3O AO DIA DO SERVIDOR P\u00daBLICO MUNICIPAL E D\u00c1 OUTRAS PROVID\u00caNCIAS.</a><a title=\"\" href=\"https://www.cubatao.sp.leg.br/processo-legislativo/projetos-de-lei/arquivos/pl-2022/PL.%2087.pdf\" class=\"internal-link\" target=\"_self\"></a></td>\r\n<td>\r\n<p><span>ARQUIVADO (T\u00c9RMINO 18\u00aa LEGISLATURA)</span></p>\r\n</td>\r\n</tr>\r\n<tr>\r\n<td>724/2022</td>\r\n<td><span>ADEM\u00c1RIO DA SILVA OLIVEIRA</span><span><span></span></span></td>\r\n<td>PL 87/2022<span></span></td>\r\n<td>18/08/2022</td>\r\n<td style=\"text-align: justify; \"><a title=\"\" href=\"https://www.cubatao.sp.leg.br/processo-legislativo/projetos-de-lei/arquivos/pl-2022/PL.%2087.pdf\" class=\"internal-link\" target=\"_self\">ALTERA DISPOSITIVOS DA LEI N\u00ba 1.823, DE 28 DE DEZEMBRO DE 1989; ACRESCENTA OS INCISOS VI E VII, AO $2\u00ba, DO ART. 1\u00ba DA LEI 2.674, DE 13 DE DEZEMBRO DE 2000, E D\u00c1 OUTRAS PROVID\u00caNCIAS.</a></td>\r\n<td>\r\n<p><a class=\"external-link\" href=\"https://www.legislacaodigital.com.br/Cubatao-SP/LeisOrdinarias/4232/Arquivos/1\" target=\"_self\" title=\"\">LEI N\u00ba 4.232 DE 21/12/2022</a></p>\r\n</td>\r\n</tr>\r\n<tr>\r\n<td>694/2022</td>\r\n<td><span><span>ADEM\u00c1RIO DA SILVA OLIVEIRA</span></span></td>\r\n<td><span>OF\u00cdCIO 108/2022 SEJUR</span></td>\r\n<td>10/08/2022</td>\r\n<td style=\"text-align: justify; \"><a title=\"\" href=\"https://www.cubatao.sp.leg.br/processo-legislativo/projetos-de-lei/arquivos/pl-2022/OFICIO%20108%20SEJUR%20VETO%20PL%2026.pdf\" class=\"internal-link\" target=\"_self\">COMUNICA VETO PARCIAL AO PROJETO DE LEI N\u00ba 26/2022, QUE \"PROIBE O INGRESSO NO SERVI\u00c7O P\u00daBLICO DE PESSOAS CONDENADAS PELA PR\u00c1TICA DE CRIME DOLOSO CONTRA CRIAN\u00c7AS E ADOLESCENTES E D\u00c1 OUTRAS PROVID\u00caNCIAS\".</a></td>\r\n<td>\r\n<p>REJEITADO O VETO EM 13/09/2022\u00a0</p>\r\n<p>\u00a0</p>\r\n</td>\r\n</tr>\r\n<tr>\r\n<td>680/2022</td>\r\n<td><span><span>WILSON PIO DOS REIS</span></span></td>\r\n<td><span>PL 86/2022</span></td>\r\n<td>02/08/2022</td>\r\n<td style=\"text-align: justify; \"><a title=\"\" href=\"https://www.cubatao.sp.leg.br/processo-legislativo/projetos-de-lei/arquivos/pl-2022/PL.%2086.pdf\" class=\"internal-link\" target=\"_self\">INSTITUI O DIA 03 DE MAR\u00c7O COMO O DIA DA IGREJA O BRASIL PARA CRISTO, E INCLUI NO CALEND\u00c1RIO OFICIAL NO MUNIC\u00cdPIO DE CUBAT\u00c3O, A SER COMEMORADO ANUALMENTE, QUE MENCIONA E D\u00c1 OUTRAS PROVID\u00caNCIAS.</a><a title=\"\" href=\"https://www.cubatao.sp.leg.br/processo-legislativo/projetos-de-lei/arquivos/pl-2022/OFICIO%20098%20VETO%20PL%2035.pdf\" class=\"internal-link\" target=\"_self\"></a></td>\r\n<td>\r\n<p><span>ARQUIVADO (T\u00c9RMINO 18\u00aa LEGISLATURA)</span></p>\r\n</td>\r\n</tr>\r\n<tr>\r\n<td>667/2022</td>\r\n<td><span><span>ADEM\u00c1RIO DA SILVA OLIVEIRA</span></span></td>\r\n<td><span>OF\u00cdCIO 098/2022 SEJUR</span></td>\r\n<td>01/08/2022</td>\r\n<td style=\"text-align: justify; \"><a title=\"\" href=\"https://www.cubatao.sp.leg.br/processo-legislativo/projetos-de-lei/arquivos/pl-2022/OFICIO%20098%20VETO%20PL%2035.pdf\" class=\"internal-link\" target=\"_self\">COMUNICA VETO TOTAL AO PROJETO DE LEI N\u00ba 35/2022 QUE \"ALTERA O \u00a72\u00ba DO ART. 1\u00ba DA LEI MUNICIPAL N\u00ba 3.061, DE 20 DE JANEIRO DE 2006, QUE DISP\u00d5E SOBRE A RESERVA DE VAGAS \u00c0 PESSOAS PORTADORAS DE DEFICI\u00caNCIA, QUANDO DA OCORR\u00caNCIA DE CONCURSO P\u00daBLICO, NA ADMINISTRA\u00c7\u00c3O DIRETA E INDIRETA DO MUNIC\u00cdPIO, E D\u00c1 OUTRAS PROVID\u00caNCIAS.</a></td>\r\n<td>\r\n<p>MANTIDO O VETO EM 13/09/2022</p>\r\n</td>\r\n</tr>\r\n<tr>\r\n<td>664/2022</td>\r\n<td><span>ADEM\u00c1RIO DA SILVA OLIVEIRA</span></td>\r\n<td>PL 85/2022</td>\r\n<td>29/07/2022</td>\r\n<td style=\"text-align: justify; \"><a title=\"\" href=\"https://www.cubatao.sp.leg.br/processo-legislativo/projetos-de-lei/arquivos/pl-2022/PL.%2085_.pdf\" class=\"internal-link\" target=\"_self\">FICA O PODER EXECUTIVO AUTORIZADO A CONCEDER O USO DA \u00c1REA QUE ESPECIFICA, E D\u00c1 PROVID\u00caNCIAS CORRELATAS.</a></td>\r\n<td>\r\n<p><a class=\"external-link\" href=\"https://www.legislacaodigital.com.br/Cubatao-SP/LeisOrdinarias/4239\" target=\"_self\" title=\"\">LEI N\u00ba 4.239 DE 17/03/2023</a></p>\r\n<p>\u00a0</p>\r\n</td>\r\n</tr>\r\n<tr>\r\n<td>663/2022</td>\r\n<td>RODRIGO RAMOS SOARES</td>\r\n<td>PL 84/2022<span></span></td>\r\n<td>28/07/2022</td>\r\n<td style=\"text-align: justify; \"><a title=\"\" href=\"https://www.cubatao.sp.leg.br/processo-legislativo/projetos-de-lei/arquivos/pl-2022/PL.84.pdf\" class=\"internal-link\" target=\"_self\">PREV\u00ca APLICA\u00c7\u00c3O DO QUESTION\u00c1RIO M-CHAT PARA REALIZA\u00c7\u00c3O DO RASTREAMENTO DE SINAIS PRECOCES DO AUTISMO DURANTE ATENDIMENTOS EM UNIDADES B\u00c1SICAS DE SA\u00daDE, NO \u00c2MBITO DO MUNIC\u00cdPIO DE CUBAT\u00c3O, E D\u00c1 OUTRAS PROVID\u00caNCIAS.</a><a title=\"\" href=\"https://www.cubatao.sp.leg.br/processo-legislativo/projetos-de-lei/arquivos/pl-2022/PL.%2083.pdf\" class=\"internal-link\" target=\"_self\"></a></td>\r\n<td>\r\n<p>\u00a0<span>ARQUIVADO (T\u00c9RMINO 18\u00aa LEGISLATURA)</span></p>\r\n</td>\r\n</tr>\r\n<tr>\r\n<td>653/2022</td>\r\n<td><span><span>ADEM\u00c1RIO DA SILVA OLIVEIRA</span></span></td>\r\n<td><span>PL 83/2022</span></td>\r\n<td>27/07/2022</td>\r\n<td style=\"text-align: justify; \"><a title=\"\" href=\"https://www.cubatao.sp.leg.br/processo-legislativo/projetos-de-lei/arquivos/pl-2022/PL.%2083.pdf\" class=\"internal-link\" target=\"_self\">ALTERA O TERMO DE CONV\u00caNIO PREVISTO NA LEI MUNICIPAL N\u00ba 3.094, 19 DE JUNHO DE 2018, E D\u00c1 OUTRAS PROVID\u00caNCIAS.</a><a title=\"\" href=\"https://www.cubatao.sp.leg.br/processo-legislativo/projetos-de-lei/arquivos/pl-2022/PLC.%2081.pdf\" class=\"internal-link\" target=\"_self\"></a></td>\r\n<td>\r\n<p>RETIRADO PELO AUTOR EM 21/12/2022</p>\r\n</td>\r\n</tr>\r\n<tr>\r\n<td>652/2022</td>\r\n<td><span>ADEM\u00c1RIO DA SILVA OLIVEIRA</span></td>\r\n<td><span>PLC 82/2022</span></td>\r\n<td>27/07/2022</td>\r\n<td style=\"text-align: justify; \"><a title=\"\" href=\"https://www.cubatao.sp.leg.br/processo-legislativo/projetos-de-lei/arquivos/pl-2022/PLC.%2082.pdf\" class=\"internal-link\" target=\"_self\">ALTERA E ACRESCENTA DISPOSITIVOS \u00c0 LEI COMPLEMENTAR N\u00ba 121, DE 16 DE DEZEMBRO DE 2021, QUE INSTITUI A TAXA DE COLETA DE RES\u00cdDUOS S\u00d3LIDOS NO MUNIC\u00cdPIO DE CUBAT\u00c3O.</a></td>\r\n<td>\r\n<p><a class=\"external-link\" href=\"https://www.legislacaodigital.com.br/Cubatao-SP/LeisComplementares/126/Arquivos/1\" target=\"_self\" title=\"\">LEI COMPLEMENTAR N\u00ba 126, DE 21/12/2022</a></p>\r\n<p>\u00a0</p>\r\n</td>\r\n</tr>\r\n<tr>\r\n<td colspan=\"4\"><span></span><span></span></td>\r\n<td style=\"text-align: justify; \"><a title=\"\" href=\"https://www.cubatao.sp.leg.br/processo-legislativo/projetos-de-lei/arquivos/pl-2022/PL%2082%20-%20Mensagem%20Aditiva.pdf\" class=\"internal-link\" target=\"_self\">MENSAGEM ADITIVA AO PLC 82/2022</a></td>\r\n<td>\r\n<p>\u00a0</p>\r\n</td>\r\n</tr>\r\n<tr>\r\n<td>651/2022</td>\r\n<td><span>F\u00c1BIO ALVES MOREIRA</span></td>\r\n<td>PLC 81/2022</td>\r\n<td>27/07/2022</td>\r\n<td style=\"text-align: justify; \"><a title=\"\" href=\"https://www.cubatao.sp.leg.br/processo-legislativo/projetos-de-lei/arquivos/pl-2022/PLC.%2081.pdf\" class=\"internal-link\" target=\"_self\">REVOGA A LEI COMPLENTAR 121 DE 16.12.21, QUE INSTITUI A TAXA DE COLETA DE RES\u00cdDUOS S\u00d3LIDOS DE CUBAT\u00c3O E D\u00c1 OUTRAS PROVID\u00caNCIAS.</a></td>\r\n<td>\r\n<p><span>ARQUIVADO (T\u00c9RMINO 18\u00aa LEGISLATURA)</span></p>\r\n<p>\u00a0</p>\r\n</td>\r\n</tr>\r\n<tr>\r\n<td>636/2022</td>\r\n<td><span>ALEXANDRE MENDES DA SILVA</span></td>\r\n<td>PL 80/2022</td>\r\n<td>20/07/2022</td>\r\n<td style=\"text-align: justify; \"><a title=\"\" href=\"https://www.cubatao.sp.leg.br/processo-legislativo/projetos-de-lei/arquivos/pl-2022/PL.%2080.pdf\" class=\"internal-link\" target=\"_self\">\"INSTITUI O \"DIA DO MOTORISTA\" E INCLUI NO CALEND\u00c1RIO OFICIAL DO MUNIC\u00cdPIO DE CUBAT\u00c3O E D\u00c1 OUTRAS PROVID\u00caNCIAS.\"</a></td>\r\n<td>\r\n<p><a class=\"external-link\" href=\"https://www.legislacaodigital.com.br/Cubatao-SP/LeisOrdinarias/4231/Arquivos/1\" target=\"_self\" title=\"\">LEI N\u00ba 4.231 DE 21/12/2022</a></p>\r\n</td>\r\n</tr>\r\n<tr>\r\n<td>630/2022</td>\r\n<td>ALEXANDRE MENDES DA SILVA</td>\r\n<td>PL 79/2022</td>\r\n<td>19/07/2022</td>\r\n<td style=\"text-align: justify; \"><a title=\"\" href=\"https://www.cubatao.sp.leg.br/processo-legislativo/projetos-de-lei/arquivos/pl-2022/PL.%2079.pdf\" class=\"internal-link\" target=\"_self\">DENOMINA \"UBS ANA PAULA TRAJANO FIRMO BARBOSA\" A UNIDADE B\u00c1SICA DE SA\u00daDE QUE MENCIONA E D\u00c1 OUTRAS PROVID\u00caNCIAS.</a></td>\r\n<td>\r\n<p><a class=\"external-link\" href=\"https://www.legislacaodigital.com.br/Cubatao-SP/LeisOrdinarias/4243\" target=\"_self\" title=\"\">LEI N\u00ba 4.243 DE 10/04/2023</a></p>\r\n</td>\r\n</tr>\r\n<tr>\r\n<td>619/2022</td>\r\n<td>GUILHERME DOS SANTOS MALAQUIAS</td>\r\n<td>PL 78/2022</td>\r\n<td>12/07/2022</td>\r\n<td style=\"text-align: justify; \"><a title=\"\" href=\"https://www.cubatao.sp.leg.br/processo-legislativo/projetos-de-lei/arquivos/pl-2022/PL.%2078.pdf\" class=\"internal-link\" target=\"_self\">DISP\u00d5E SOBRE A PROIBI\u00c7\u00c3O DE INAUGURA\u00c7\u00c3O E OU ENTREGA DE OBRAS P\u00daBLICAS INACABADAS OU QUE N\u00c3O ESTEJAM EM CONDI\u00c7\u00d5ES DE ATENDER AOS FINS A QUE SE DESTINAM E D\u00c1 OUTRAS PROVID\u00caNCIAS.</a></td>\r\n<td>\r\n<p><span>ARQUIVADO (T\u00c9RMINO 18\u00aa LEGISLATURA)</span></p>\r\n<p>\u00a0</p>\r\n</td>\r\n</tr>\r\n<tr>\r\n<td>618/2022</td>\r\n<td>GUILHERME DOS SANTOS MALAQUIAS</td>\r\n<td>PELOM 03/2022</td>\r\n<td>12/07/2022</td>\r\n<td style=\"text-align: justify; \"><a title=\"\" href=\"https://www.cubatao.sp.leg.br/processo-legislativo/projetos-de-lei/arquivos/pl-2022/PELOM%2003.pdf\" class=\"internal-link\" target=\"_self\">SUPRIME O PAR\u00c1GRAFO \u00daNICO DO ARTIGO 228, DA LEI ORG\u00c2NICA DO MUNIC\u00cdPIO, E D\u00c1 OUTRAS PROVID\u00caNCIAS.</a></td>\r\n<td>\r\n<p><span>ARQUIVADO (T\u00c9RMINO 18\u00aa LEGISLATURA)</span></p>\r\n</td>\r\n</tr>\r\n<tr>\r\n<td>616/2022</td>\r\n<td>JOEMERSON ALVES DE SOUZA</td>\r\n<td>PL 77/2022</td>\r\n<td>12/07/2022</td>\r\n<td style=\"text-align: justify; \"><a title=\"\" href=\"https://www.cubatao.sp.leg.br/processo-legislativo/projetos-de-lei/arquivos/pl-2022/PL.%2077.pdf\" class=\"internal-link\" target=\"_self\">DECLARA DE UTILIDADE P\u00daBLICA A ASSOCIA\u00c7\u00c3O DE CAPOEIRA PELOURINHO, ARTE, CULTURA E ESPORTE BRASIL</a></td>\r\n<td>\r\n<p><a class=\"external-link\" href=\"https://diariooficial.cubatao.sp.gov.br/search_sres.php?id=MTI4Mw==\" target=\"_self\" title=\"\">LEI N\u00ba 4.252 DE 10/07/2023</a></p>\r\n</td>\r\n</tr>\r\n<tr>\r\n<td>617/2022</td>\r\n<td>MESA DA C\u00c2MARA</td>\r\n<td>PR 03/2022</td>\r\n<td>11/07/2022</td>\r\n<td style=\"text-align: justify; \"><a title=\"\" href=\"https://www.cubatao.sp.leg.br/processo-legislativo/projetos-de-lei/arquivos/pl-2022/PR.%2003.pdf\" class=\"internal-link\" target=\"_self\">REGULAMENTA, NO \u00c2MBITO DO PODER LEGISLATIVO MUNICIPAL, O BENEF\u00cdCIO DO VALE-REFEI\u00c7\u00c3O CRIADO PELA LEI MUNICIPAL N. 1.823, DE 28 DE DEZEMBRO DE 1989, E D\u00c1 OUTRAS PROVID\u00caNCIAS.</a></td>\r\n<td>\r\n<p>RESOLU\u00c7\u00c3O N\u00ba 3.020 DE 26/07/2022</p>\r\n<p>\u00a0</p>\r\n</td>\r\n</tr>\r\n<tr>\r\n<td>613/2022</td>\r\n<td>ADEM\u00c1RIO DA SILVA OLIVEIRA</td>\r\n<td>PL 76/2022</td>\r\n<td>11/07/2022</td>\r\n<td style=\"text-align: justify; \"><a title=\"\" href=\"https://www.cubatao.sp.leg.br/processo-legislativo/projetos-de-lei/arquivos/pl-2022/PL.%2076.pdf\" class=\"internal-link\" target=\"_self\">AUTORIZA O PODER EXECUTIVO A PRORROGAR A \"BOLSA MORADIA\", INSTITU\u00cdDA PELA LEI N\u00ba 3.610, DE 16 DE OUTUBRO DE 2013, \u00c0S FAM\u00cdLIAS ATINGIDAS PELAS INUNDA\u00c7\u00d5ES ORIUNDAS DO TRANSBORDAMENTO DO RIO PIL\u00d5ES, E D\u00c1 OUTRAS PROVID\u00caNCIAS.</a></td>\r\n<td>\r\n<p><a class=\"external-link\" href=\"https://www.legislacaodigital.com.br/Cubatao-SP/LeisOrdinarias/4216/Arquivos/1\" target=\"_self\" title=\"\">LEI N\u00ba 4.216 DE 12/08/2022</a></p>\r\n<p>\u00a0</p>\r\n</td>\r\n</tr>\r\n<tr>\r\n<td>608/2022</td>\r\n<td>RODRIGO RAMOS SOARES</td>\r\n<td>PL 75/2022</td>\r\n<td>11/07/2022</td>\r\n<td style=\"text-align: justify; \"><a title=\"\" href=\"https://www.cubatao.sp.leg.br/processo-legislativo/projetos-de-lei/arquivos/pl-2022/PL.%2075.pdf\" class=\"internal-link\" target=\"_self\">INSTITUI A INF\u00c2NCIA SEM PORNOGRAFIA E DISP\u00d5E SOBRE O RESPEIRO DOS SERVI\u00c7OS P\u00daBLICOS MUNICIPAIS A DIGNIDADE ESPECIAL DE CRIAN\u00c7AS, ADOLESCENTES E PESSOAS EM DESENVOLVIMENTO E EM CONDI\u00c7\u00c3O DE ESPECIAL FRAGILIDADE PSICOL\u00d3GICA, NO MUNICIPIO DE CUBAT\u00c3O E D\u00c1 OUTRAS PROVID\u00caNCIAS.</a><a title=\"\" href=\"https://www.cubatao.sp.leg.br/processo-legislativo/projetos-de-lei/arquivos/pl-2022/PR.%2002.pdf\" class=\"internal-link\" target=\"_self\"></a></td>\r\n<td>\r\n<p>\u00a0</p>\r\n<p><span>ARQUIVADO (T\u00c9RMINO 18\u00aa LEGISLATURA)</span>\u00a0</p>\r\n<p>\u00a0</p>\r\n</td>\r\n</tr>\r\n<tr>\r\n<td>614/2022</td>\r\n<td>RODRIGO RAMOS SOARES<span></span></td>\r\n<td>PR 02/2022</td>\r\n<td>12/07/2022</td>\r\n<td style=\"text-align: justify; \"><a title=\"\" href=\"https://www.cubatao.sp.leg.br/processo-legislativo/projetos-de-lei/arquivos/pl-2022/PR.%2002.pdf\" class=\"internal-link\" target=\"_self\">ALTERA E ACRESCENTA DISPOSITIVOS \u00c0 RESOLU\u00c7\u00c3O N\u00ba 1.558, DE 13 DE\u00a0 DEZEMBRO DE 1991, NA FORMA QUE MENCIONA, E D\u00c1 OUTRAS PROVID\u00caNCIAS.</a></td>\r\n<td>\r\n<p><span>ARQUIVADO (T\u00c9RMINO 18\u00aa LEGISLATURA)</span></p>\r\n</td>\r\n</tr>\r\n<tr>\r\n<td>603/2022</td>\r\n<td><span>RODRIGO RAMOS SOARES\u00a0</span></td>\r\n<td>PL 74/2022\u00a0</td>\r\n<td>07/07/2022</td>\r\n<td style=\"text-align: justify; \"><a title=\"\" href=\"https://www.cubatao.sp.leg.br/processo-legislativo/projetos-de-lei/arquivos/pl-2022/PL.%2074.pdf\" class=\"internal-link\" target=\"_self\">INSTITUI O DIA 22 DE MAR\u00c7O, A DATA EM MEM\u00d3RIA \u00c0S V\u00cdTIMAS DA PANDEMIA DO COVID-19, NO MUNIC\u00cdPIO DE CUBAT\u00c3O E D\u00c1 OUTRAS PROVID\u00caNCIAS.</a></td>\r\n<td>\r\n<p><a class=\"external-link\" href=\"https://www.legislacaodigital.com.br/Cubatao-SP/LeisOrdinarias/4339\" target=\"_self\" title=\"\">LEI N\u00ba 4.339 DE 07/11/2024</a></p>\r\n<p>\u00a0</p>\r\n</td>\r\n</tr>\r\n<tr>\r\n<td>605/2022</td>\r\n<td><span>MESA DA C\u00c2MARA</span></td>\r\n<td>PDL 02/2022</td>\r\n<td>07/07/2022</td>\r\n<td style=\"text-align: justify; \"><a title=\"\" href=\"https://www.cubatao.sp.leg.br/processo-legislativo/projetos-de-lei/arquivos/pl-2022/PDL.%2002.pdf\" class=\"internal-link\" target=\"_self\">INSTITUI O PROGRAMA DE VISITA\u00c7\u00c3O P\u00daBLICA A CASA \u00c9 SUA NO AMBITO DA C\u00c2MARA MUNICIPAL DE CUBAT\u00c3O, E D\u00c1 OUTRAS PROVID\u00caNCIAS.</a></td>\r\n<td>\r\n<p><span>ARQUIVADO (T\u00c9RMINO 18\u00aa LEGISLATURA)</span></p>\r\n</td>\r\n</tr>\r\n<tr>\r\n<td>591/2022</td>\r\n<td><span>ADEM\u00c1RIO DA SILVA OLIVEIRA</span></td>\r\n<td>PL 73/2022</td>\r\n<td>01/07/2022</td>\r\n<td style=\"text-align: justify; \"><a title=\"\" href=\"https://www.cubatao.sp.leg.br/processo-legislativo/projetos-de-lei/arquivos/pl-2022/PL.%2073.pdf\" class=\"internal-link\" target=\"_self\">FICA O PODER EXECUTIVO AUTORIZADO A CONCEDER O USO DA \u00c1REA QUE ESPECIFICA, E D\u00c1 OUTRAS PROVID\u00caNCIAS.</a></td>\r\n<td>\r\n<p><span>RETIRADO PELO AUTOR EM 06/07/2022</span></p>\r\n</td>\r\n</tr>\r\n<tr>\r\n<td>590/2022</td>\r\n<td><span>ADEM\u00c1RIO DA SILVA OLIVEIRA</span></td>\r\n<td>PL 72/2022</td>\r\n<td>01/07/2022</td>\r\n<td style=\"text-align: justify; \"><a title=\"\" href=\"https://www.cubatao.sp.leg.br/processo-legislativo/projetos-de-lei/arquivos/pl-2022/PL.%2072.pdf\" class=\"internal-link\" target=\"_self\">AUTORIZA O PODER EXECUTIVO A EFETUAR TRANSFER\u00caNCIA FINANCEIRA A C\u00c2MARA MUNICIPAL DE CUBAT\u00c3O, NA IMPORT\u00c2NCIA DE R$ 3.515.618,03 (TR\u00caS MILH\u00d5ES E QUINHENTOS E QUINZE MIL, SEISCENTOS E DEZOITO REAIS E TR\u00caS CENTAVOS), E D\u00c1 OUTRAS PROVID\u00caNCIAS.</a></td>\r\n<td>\r\n<p><span><a class=\"external-link\" href=\"https://www.legislacaodigital.com.br/Cubatao-SP/LeisOrdinarias/4201\" target=\"_self\" title=\"\">LEI N\u00ba 4.201 DE 12/07/2022</a></span></p>\r\n</td>\r\n</tr>\r\n<tr>\r\n<td>589/2022</td>\r\n<td><span>ADEM\u00c1RIO DA SILVA OLIVEIRA</span><br /><span></span></td>\r\n<td>\r\n<p>\u00a0PL 71/2022</p>\r\n</td>\r\n<td>01/07/2022</td>\r\n<td style=\"text-align: justify; \"><a title=\"\" href=\"https://www.cubatao.sp.leg.br/processo-legislativo/projetos-de-lei/arquivos/pl-2022/PL.%2071.pdf\" class=\"internal-link\" target=\"_self\">CRIA O CONSELHO MUNICIPAL DE DEFESA CIVIL - COMUDEC E D\u00c1 OUTRAS PROVID\u00caNCIAS.</a><a title=\"\" href=\"https://www.cubatao.sp.leg.br/processo-legislativo/projetos-de-lei/arquivos/pl-2022/PL.%2070.pdf\" class=\"internal-link\" target=\"_self\"></a></td>\r\n<td>\r\n<p>\u00a0</p>\r\n<p><span><a class=\"external-link\" href=\"https://www.legislacaodigital.com.br/Cubatao-SP/LeisOrdinarias/4217/Arquivos/1\" target=\"_self\" title=\"\">LEI N\u00ba 4.217 DE 12/08/2022</a></span></p>\r\n<p>\u00a0</p>\r\n</td>\r\n</tr>\r\n<tr>\r\n<td>583/2022</td>\r\n<td><span>ADEM\u00c1RIO DA SILVA OLIVEIRA</span></td>\r\n<td>\r\n<p>PL 70/2022</p>\r\n</td>\r\n<td>29/06/2022</td>\r\n<td style=\"text-align: justify; \"><a title=\"\" href=\"https://www.cubatao.sp.leg.br/processo-legislativo/projetos-de-lei/arquivos/pl-2022/PL.%2070.pdf\" class=\"internal-link\" target=\"_self\">AUTORIZA O PODER EXECUTIVO A ALIENAR BENS M\u00d3VEIS INSERV\u00cdVEIS PERTENCENTES AO PATRIM\u00d4NIO MUNICIPAL, NOS TERMOS DO ARTIGO 96, \"CAPUT\", DA LEI ORG\u00c2NICA DO MUNIC\u00cdPIO E D\u00c1 OUTRAS PROVID\u00caNCIAS.</a></td>\r\n<td>\r\n<p><a class=\"external-link\" href=\"https://www.legislacaodigital.com.br/Cubatao-SP/LeisOrdinarias/4206/Arquivos/1\" target=\"_self\" title=\"\">LEI N\u00ba 4.206 DE 19/07/2022</a></p>\r\n</td>\r\n</tr>\r\n<tr>\r\n<td>572/2022</td>\r\n<td>RODRIGO RAMOS SOARES</td>\r\n<td>\r\n<p>PL 69/2022</p>\r\n</td>\r\n<td>24/06/2022</td>\r\n<td style=\"text-align: justify; \"><a title=\"\" href=\"https://www.cubatao.sp.leg.br/processo-legislativo/projetos-de-lei/arquivos/pl-2022/PL.%2069.pdf\" class=\"internal-link\" target=\"_self\">DENOMINA DR. JOS\u00c9 JAIME RUIVO O PR\u00d3PRIO P\u00daBLICO QUE MENCIONA E D\u00c1 OUTRAS PROVID\u00caNCIAS.</a></td>\r\n<td>\r\n<p><span>ARQUIVADO (T\u00c9RMINO 18\u00aa LEGISLATURA)</span></p>\r\n</td>\r\n</tr>\r\n<tr>\r\n<td>563/2022</td>\r\n<td>RODRIGO RAMOS SOARES</td>\r\n<td>PL 68/2022</td>\r\n<td>22/06/2022</td>\r\n<td style=\"text-align: justify; \"><a title=\"\" href=\"https://www.cubatao.sp.leg.br/processo-legislativo/projetos-de-lei/arquivos/pl-2022/PL.%2068.pdf\" class=\"internal-link\" target=\"_self\">ALTERA E ACRESCENTA DISPOSITIVOS \u00c0 RESOLU\u00c7\u00c3O N\u00ba 1.558, DE 13 DE\u00a0 DEZEMBRO DE 1991, NA FORMA QUE MENCIONA, E D\u00c1 OUTRAS PROVID\u00caNCIAS.</a></td>\r\n<td>\r\n<p><span>RETIRADO PELO AUTOR EM 11/07/2022</span></p>\r\n</td>\r\n</tr>\r\n<tr>\r\n<td>554/2022</td>\r\n<td><span>ADEM\u00c1RIO DA SILVA OLIVEIRA</span></td>\r\n<td>PL 67/2022</td>\r\n<td>21/06/2022</td>\r\n<td style=\"text-align: justify; \"><a title=\"\" href=\"https://www.cubatao.sp.leg.br/processo-legislativo/projetos-de-lei/arquivos/pl-2022/PL.%2067.pdf\" class=\"internal-link\" target=\"_self\">ALTERA O DISPOSITIVO QUE MENCIONA DA LEI MUNICIPAL N\u00ba 3.562, DE 03 DE DEZEMBRO DE 2012, DISP\u00d5E SOBRE A ESTRUTURA ADMINISTRATIVA NA PREFEITURA MUNICIPAL DE CUBAT\u00c3O, E D\u00c1 OUTRAS PROVID\u00caNCIAS.</a></td>\r\n<td>\r\n<p>RETIRADO PELO AUTOR EM 30/06/2022</p>\r\n</td>\r\n</tr>\r\n<tr>\r\n<td>553/2022</td>\r\n<td>JOS\u00c9 AFONSO</td>\r\n<td>PL 66/2022</td>\r\n<td>21/06/2022</td>\r\n<td style=\"text-align: justify; \"><a title=\"\" href=\"https://www.cubatao.sp.leg.br/processo-legislativo/projetos-de-lei/arquivos/pl-2022/PL.%2066.pdf\" class=\"internal-link\" target=\"_self\">DENOMINA \"JOS\u00c9 SANTANA DA SILVA\"\u00a0 O LOGRADOURO P\u00daBLICO QUE MENCIONA E D\u00c1 OUTRAS PROVID\u00caNCIAS.</a></td>\r\n<td>\r\n<p>LEI N\u00ba 4.230 DE 07/12/2022</p>\r\n</td>\r\n</tr>\r\n<tr>\r\n<td>541/2022</td>\r\n<td>RICARDO DE OLIVEIRA</td>\r\n<td>PL 65/2022</td>\r\n<td>15/06/2022</td>\r\n<td style=\"text-align: justify; \"><a title=\"\" href=\"https://www.cubatao.sp.leg.br/processo-legislativo/projetos-de-lei/arquivos/pl-2022/PL.%2065.pdf\" class=\"internal-link\" target=\"_self\">OBRIGA OS CONDOM\u00cdNIOS RESIDENCIAIS E COMERCIAI, IGUALMENTE OS COM\u00c9RCIOS E PRESTADORES DE SERVI\u00c7O E OS DEPARTAMENTOS P\u00daBLICOS NO MUNIC\u00cdPIO A COMUNICAR OS \u00d3RG\u00c3OS DE SEGURAN\u00c7A P\u00daBLICA QUANDO HOUVEREM EM SEU INTERIOR A OCORR\u00caNCIA OU IND\u00cdCIOS DE EPIS\u00d3DIOS DE VIOL\u00caNCIA DOM\u00c9STICA E FAMILIAR CONTRA MULHERES CRIAN\u00c7AS E ADOLESCENTES.</a></td>\r\n<td>\r\n<p>RETIRADO PELO AUTOR EM 06/03/2023</p>\r\n</td>\r\n</tr>\r\n<tr>\r\n<td>537/2022</td>\r\n<td>GUILHERME DOS SANTOS MALAQUIAS</td>\r\n<td>PL 64/2022</td>\r\n<td>14/06/2022</td>\r\n<td style=\"text-align: justify; \"><a title=\"\" href=\"https://www.cubatao.sp.leg.br/processo-legislativo/projetos-de-lei/arquivos/pl-2022/PL.%2064.pdf\" class=\"internal-link\" target=\"_self\">DISP\u00d5E SOBRE O DIREITO AO ALEITAMENTO MATERNO NAS UNIDADES DE EDUCA\u00c7\u00c3O INFANTIL DO MUNIC\u00cdPIO DE CUBAT\u00c3O, E D\u00c1 OUTRAS PROVID\u00caNCIAS.</a></td>\r\n<td>\r\n<p><span>ARQUIVADO (T\u00c9RMINO 18\u00aa LEGISLATURA)</span></p>\r\n<p>\u00a0</p>\r\n</td>\r\n</tr>\r\n<tr>\r\n<td>536/2022</td>\r\n<td>GUILHERME DOS SANTOS MALAQUIAS</td>\r\n<td>PL 63/2022</td>\r\n<td>14/06/2022</td>\r\n<td style=\"text-align: justify; \"><a title=\"\" href=\"https://www.cubatao.sp.leg.br/processo-legislativo/projetos-de-lei/arquivos/pl-2022/PL.%2063.pdf\" class=\"internal-link\" target=\"_self\">INSTITUI O DIA E A SEMANA MUNICIPAL DE INCENTIVO \u00c0 RECICLAGEM E D\u00c1 OUTRAS PROVID\u00caNCIAS.</a></td>\r\n<td>\r\n<p><span>ARQUIVADO (T\u00c9RMINO 18\u00aa LEGISLATURA)</span></p>\r\n<p>\u00a0</p>\r\n</td>\r\n</tr>\r\n<tr>\r\n<td>535/2022</td>\r\n<td>GUILHERME DOS SANTOS MALAQUIAS</td>\r\n<td>PL 62/2022</td>\r\n<td>14/06/2022</td>\r\n<td style=\"text-align: justify; \"><a title=\"\" href=\"https://www.cubatao.sp.leg.br/processo-legislativo/projetos-de-lei/arquivos/pl-2022/PL.%2062.pdf\" class=\"internal-link\" target=\"_self\">DISP\u00d5E SOBRE AS DIRETRIZES A SEREM OBSERVADAS PELO PODER EXECUTIVO NA ELABORA\u00c7\u00c3O DAS POL\u00cdTICAS P\u00daBLICA DA PRIMEIRA INF\u00c2NCIA NO MUNIC\u00cdPIO CUBAT\u00c3O E D\u00c1 OUTRAS PROVID\u00caNCIAS.</a></td>\r\n<td>\r\n<p><span>ARQUIVADO (T\u00c9RMINO 18\u00aa LEGISLATURA)</span></p>\r\n</td>\r\n</tr>\r\n<tr>\r\n<td>534/2022</td>\r\n<td>GUILHERME DOS SANTOS MALAQUIAS</td>\r\n<td>PL 61/2022</td>\r\n<td>14/06/2022</td>\r\n<td style=\"text-align: justify; \"><a title=\"\" href=\"https://www.cubatao.sp.leg.br/processo-legislativo/projetos-de-lei/arquivos/pl-2022/PL.%2061.pdf\" class=\"internal-link\" target=\"_self\">ALTERA A LEI MUNICIPAL N\u00ba 3.722, DE 07 DE MAIO DE 2018, QUE DETERMINA AOS BANCOS OBRIGA\u00c7\u00d5ES RELATIVAS AO ATENDIMENTO DOS USU\u00c1RIOS NAS AG\u00caNCIAS BANC\u00c1RIAS SITUADAS NO TERRIT\u00d3RIO DO MUNIC\u00cdPIO DE CUBAT\u00c3O, E D\u00c1 OUTRAS PROVID\u00caNCIAS.</a></td>\r\n<td>\r\n<p><span>ARQUIVADO (T\u00c9RMINO 18\u00aa LEGISLATURA)</span></p>\r\n</td>\r\n</tr>\r\n<tr>\r\n<td>533/2022</td>\r\n<td>GUILHERME DOS SANTOS MALAQUIAS</td>\r\n<td>PL 60/2022</td>\r\n<td>14/06/2022</td>\r\n<td style=\"text-align: justify; \"><a title=\"\" href=\"https://www.cubatao.sp.leg.br/processo-legislativo/projetos-de-lei/arquivos/pl-2022/PL.%2060.pdf\" class=\"internal-link\" target=\"_self\">ALTERA A EMENTA E O ARTIGO 1\u00ba DA LEI N\u00ba 4.038 DE 24 DE SETEMBRO DE 2019, QUE VEDA A NOMEA\u00c7\u00c3O PARA CARGOS EM COMISS\u00c3O DE LIVRE NOMEA\u00c7\u00c3O E EXONERA\u00c7\u00c3O DE PESSOAS QUE TIVEREM SIDO CONDENADAS PELA LEI MARIA DA PENHA, PARA AMPLIAR SEUS EFEITOS AOS CONDENADOS PELOS CRIMES DE VIOL\u00caNCIA SEXUAL E PEDOFILIA.</a></td>\r\n<td>\r\n<p><span>ARQUIVADO (T\u00c9RMINO 18\u00aa LEGISLATURA)</span></p>\r\n</td>\r\n</tr>\r\n<tr>\r\n<td>\r\n<p>539/2022</p>\r\n</td>\r\n<td><span><span><span>F\u00c1BIO ALVES MOREIRA</span></span></span></td>\r\n<td>PELOM 02/2022</td>\r\n<td>14/06/2022</td>\r\n<td style=\"text-align: justify; \"><a title=\"\" href=\"https://www.cubatao.sp.leg.br/processo-legislativo/projetos-de-lei/arquivos/pl-2022/PELOM%2002.22.pdf\" class=\"internal-link\" target=\"_self\">ACRESCENTA OS \u00a7\u00a71\u00ba e 2\u00ba AO ARTIGO 84 DA LEI ORG\u00c2NICA DO MUNIC\u00cdPIO E D\u00c1 OUTRAS PROVID\u00caNCIAS.</a></td>\r\n<td>\r\n<p><span>ARQUIVADO (T\u00c9RMINO 18\u00aa LEGISLATURA)</span></p>\r\n</td>\r\n</tr>\r\n<tr>\r\n<td>075/2022</td>\r\n<td><span><span><span>ADEM\u00c1RIO DA SILVA OLIVEIRA</span></span></span></td>\r\n<td>OF\u00cdCIO 75/2022</td>\r\n<td>20/06/2022</td>\r\n<td style=\"text-align: justify; \"><a title=\"\" href=\"https://www.cubatao.sp.leg.br/processo-legislativo/projetos-de-lei/arquivos/pl-2022/OFICIO%20075%20VETO%20PL%2090.21.pdf\" class=\"internal-link\" target=\"_self\">COMUNICA VETO TOTAL AO PROJETO DE LEI N\u00ba 90/2021, QUE DISP\u00d5E SOBRE A OBRIGATORIEDADE DOS CONDOM\u00cdNIOS RESIDENCIAIS E PR\u00c9DIOS COMERCIAIS INSTALADOS NO MUNIC\u00cdPIO DE CUBAT\u00c3O/SP A IMPLANTAREM A COLETA SELETIVA DE RES\u00cdDUOS E INSTALAREM RECIPIENTES ADEQUADOS \u00c0 COLETA DE MATERIAIS RECICL\u00c1VEIS.</a></td>\r\n<td>\r\n<p>MANTIDO VETO TOTAL EM 19/07/2022</p>\r\n</td>\r\n</tr>\r\n<tr>\r\n<td>522/2022</td>\r\n<td><span><span>ADEM\u00c1RIO DA SILVA OLIVEIRA</span></span></td>\r\n<td>PL 59/2022</td>\r\n<td>10/06/2022</td>\r\n<td style=\"text-align: justify; \"><a title=\"\" href=\"https://www.cubatao.sp.leg.br/processo-legislativo/projetos-de-lei/arquivos/pl-2022/PL.%2059.pdf\" class=\"internal-link\" target=\"_self\">PERMITE AO 175\u00ba GRUPO ESCOTEIRO DO MAR ALBATROZ O USO DE BEM IM\u00d3VEL DO PATRIM\u00d4NIO P\u00daBLICO QUE ESPECIFICA, E D\u00c1 OUTRAS PROVID\u00caNCIAS.</a></td>\r\n<td>\r\n<p><span><a class=\"external-link\" href=\"https://www.legislacaodigital.com.br/Cubatao-SP/LeisOrdinarias/4203\" target=\"_self\" title=\"\">LEI N\u00ba 4.203 DE 13/07/2022</a></span></p>\r\n</td>\r\n</tr>\r\n<tr>\r\n<td>521/2022</td>\r\n<td><span>ADEM\u00c1RIO DA SILVA OLIVEIRA</span></td>\r\n<td>PLC 58/2022</td>\r\n<td>10/06/2022</td>\r\n<td style=\"text-align: justify; \"><a title=\"\" href=\"https://www.cubatao.sp.leg.br/processo-legislativo/projetos-de-lei/arquivos/pl-2022/PLC.%2058.pdf\" class=\"internal-link\" target=\"_self\">CRIA A \"LEI DE ANISTIA DE OBRAS CLANDESTINAS\", ALTERA O ARTIGO 202 DA LEI COMPLEMENTAR N \u00ba 2.514/1998, AS LEIS QUE MENCIONA E D\u00c1 OUTRAS PROVIDENCIAS.</a><a title=\"\" href=\"https://www.cubatao.sp.leg.br/processo-legislativo/projetos-de-lei/arquivos/pl-2022/PL%2057.pdf\" class=\"internal-link\" target=\"_self\"></a></td>\r\n<td>\r\n<p><span><a class=\"external-link\" href=\"https://www.legislacaodigital.com.br/Cubatao-SP/LeisComplementares/124/Arquivos/1\" target=\"_self\" title=\"\">LEI COMPLEMENTAR N\u00ba 124 DE 20/07/2022</a></span></p>\r\n</td>\r\n</tr>\r\n<tr>\r\n<td>517/2022</td>\r\n<td>MESA DA C\u00c2MARA</td>\r\n<td>PL 57/2022</td>\r\n<td>09/06/2022</td>\r\n<td style=\"text-align: justify; \"><a title=\"\" href=\"https://www.cubatao.sp.leg.br/processo-legislativo/projetos-de-lei/arquivos/pl-2022/PL%2057.pdf\" class=\"internal-link\" target=\"_self\">D\u00c1 NOVA REDA\u00c7\u00c3O AO ARTIGO 1\u00ba DA LEI N\u00ba 3.364/10, ALTERADA PELA LEI N\u00ba 4.175/2022, D\u00c1 OUTRAS PROVID\u00caNCIAS.</a></td>\r\n<td>\r\n<p><span><a class=\"external-link\" href=\"https://www.legislacaodigital.com.br/Cubatao-SP/LeisOrdinarias/4213\" target=\"_self\" title=\"\">LEI N\u00b0 4.213, DE 4 DE AGOSTO DE 2022</a></span></p>\r\n</td>\r\n</tr>\r\n<tr>\r\n<td>512/2022</td>\r\n<td><span>ADEM\u00c1RIO DA SILVA OLIVEIRA</span></td>\r\n<td>PL 56/2022</td>\r\n<td>08/06/2022</td>\r\n<td style=\"text-align: justify; \"><a title=\"\" href=\"https://www.cubatao.sp.leg.br/processo-legislativo/projetos-de-lei/arquivos/pl-2022/PL.%2056.pdf\" class=\"internal-link\" target=\"_self\">AUTORIZA O PODER EXECUTIVO RECEBER, EM DOA\u00c7\u00c3O COM ENCARGOS, O IM\u00d3VEL DE PROPRIEDADE DA UNI\u00c3O, QUE ESPECIFICA, E D\u00c1 OUTRAS PROVID\u00caNCIAS.</a><a title=\"\" href=\"https://www.cubatao.sp.leg.br/processo-legislativo/projetos-de-lei/arquivos/pl-2022/PL.%2055.pdf\" class=\"internal-link\" target=\"_self\"></a></td>\r\n<td>\r\n<p><a class=\"external-link\" href=\"https://www.legislacaodigital.com.br/Cubatao-SP/LeisOrdinarias/4197/Arquivos/1\" target=\"_self\" title=\"\">LEI N\u00ba 4.197 DE 23/06/2022</a></p>\r\n</td>\r\n</tr>\r\n<tr>\r\n<td>500/2022</td>\r\n<td>JOS\u00c9 AFONSO</td>\r\n<td>PL 55/2022</td>\r\n<td>06/06/2022</td>\r\n<td style=\"text-align: justify; \"><a title=\"\" href=\"https://www.cubatao.sp.leg.br/processo-legislativo/projetos-de-lei/arquivos/pl-2022/PL.%2055.pdf\" class=\"internal-link\" target=\"_self\">\"DISP\u00d5E SOBRE A OBRIGATORIEDADE DE REALIZA\u00c7\u00c3O DA OXIMETRIA DE PULSO - TESTE DO CORA\u00c7\u00c3OZINHO EM TODOS OS REC\u00c9M-NASCIDOS VIVOS NO MUNIC\u00cdPIO DE CUBAT\u00c3O, E D\u00c1 OUTRAS PROVID\u00caNCIAS.\"</a></td>\r\n<td>\r\n<p><span>RETIRADO PELO AUTOR EM 23/10/2023\u00a0</span></p>\r\n</td>\r\n</tr>\r\n<tr>\r\n<td>489/2022</td>\r\n<td>JOEMERSON ALVES DE SOUZA</td>\r\n<td>PL 54/2022</td>\r\n<td>02/06/2022</td>\r\n<td style=\"text-align: justify; \"><a title=\"\" href=\"https://www.cubatao.sp.leg.br/processo-legislativo/projetos-de-lei/arquivos/pl-2022/PL.%2054.pdf\" class=\"internal-link\" target=\"_self\">INSTITUI NO CALEND\u00c1RIO OFICIAL DO MUNIC\u00cdPIO DE CUBAT\u00c3O A \"SEMANA DE TREINAMENTO EM PRIMEIROS SOCORROS, PREVEN\u00c7\u00c3O DE ACIDENTES E COMBATE A INC\u00caNDIOS\".</a></td>\r\n<td>\r\n<p><a class=\"external-link\" href=\"https://www.legislacaodigital.com.br/Cubatao-SP/LeisOrdinarias/4219\" target=\"_self\" title=\"\">LEI N\u00ba 4.219 DE 12/09/2022</a></p>\r\n</td>\r\n</tr>\r\n<tr>\r\n<td>471/2022</td>\r\n<td>ADEM\u00c1RIO DA SILVA OLIVEIRA</td>\r\n<td>PL 53/2022</td>\r\n<td>31/05/2022</td>\r\n<td style=\"text-align: justify; \"><a title=\"\" href=\"https://www.cubatao.sp.leg.br/processo-legislativo/projetos-de-lei/arquivos/pl-2022/PL.%2053.pdf\" class=\"internal-link\" target=\"_self\">ALTERA DISPOSITIVOS DA LEI MUNICIPAL N\u00ba 4.012, DE 05 DE JULHO DE 2019, QUE CRIA A CONTROLADORIA GERAL DO MUNIC\u00cdPIO - CGM, DISP\u00d5E SOBRE O SISTEMA DE CONTROLE INTERNO DA PREFEITURA MUNICIPAL DE CUBAT\u00c3O, E D\u00c1 OUTRAS PROVID\u00caNCIAS.</a></td>\r\n<td>\r\n<p><span><a class=\"external-link\" href=\"https://www.legislacaodigital.com.br/Cubatao-SP/LeisOrdinarias/4204\" target=\"_self\" title=\"\">LEI N\u00ba 4.204 DE 13/07/2022</a></span></p>\r\n<p>\u00a0</p>\r\n</td>\r\n</tr>\r\n<tr>\r\n<td>461/2022</td>\r\n<td>WILSON PIO DOS REIS</td>\r\n<td>PL 52/2022</td>\r\n<td>26/05/2022</td>\r\n<td style=\"text-align: justify; \"><a title=\"\" href=\"https://www.cubatao.sp.leg.br/processo-legislativo/projetos-de-lei/arquivos/pl-2022/PL.%2052.pdf\" class=\"internal-link\" target=\"_self\">\"INSTITUI A SEMANA MUNICIPAL DO CICLISMO QUE MENCIONA E D\u00c1 OUTRAS PROVID\u00caNCIAS\"</a></td>\r\n<td>\r\n<p><a class=\"external-link\" href=\"https://www.legislacaodigital.com.br/Cubatao-SP/LeisOrdinarias/4208\" target=\"_self\" title=\"\">LEI N\u00ba 4.208 DE 26/07/2022</a></p>\r\n</td>\r\n</tr>\r\n<tr>\r\n<td>456/2022</td>\r\n<td>JOS\u00c9 AFONSO</td>\r\n<td>PL 51/2022</td>\r\n<td>25/05/2022</td>\r\n<td style=\"text-align: justify; \"><a title=\"\" href=\"https://www.cubatao.sp.leg.br/processo-legislativo/projetos-de-lei/arquivos/pl-2022/PL.%2051.pdf\" class=\"internal-link\" target=\"_self\">INSTITUI A POL\u00cdTICA MUNICIPAL DE ATEN\u00c7\u00c3O INTEGRAL \u00c0 SA\u00daDE DO HOMEM NO \u00c2MBITO DO MUNIC\u00cdPIO DE CUBAT\u00c3O E D\u00c1 OUTRAS PROVID\u00caNCIAS.</a></td>\r\n<td>\r\n<p><span>ARQUIVADO (T\u00c9RMINO 18\u00aa LEGISLATURA)</span></p>\r\n</td>\r\n</tr>\r\n<tr>\r\n<td>455/2022</td>\r\n<td>MESA DA C\u00c2MARA<span><span><span></span></span></span></td>\r\n<td>PL 50/2022</td>\r\n<td>25/05/2022</td>\r\n<td style=\"text-align: justify; \"><a title=\"\" href=\"https://www.cubatao.sp.leg.br/processo-legislativo/projetos-de-lei/arquivos/pl-2022/PL.%2050.pdf\" class=\"internal-link\" target=\"_self\">D\u00c1 NOVA REDA\u00c7\u00c3O AO PAR\u00c1GRAFO \u00daNICO DO ART. 37 DA LEI MUNICIPAL N. 4.175, DE 2 DE FEVEREIRO DE 2022, QUE \"ALTERA, ACRESCENTA E REVOGA DISPOSITIVOS DA LEI N\u00ba 3.364, DE 8 DE JANEIRO DE 2010, QUE DISP\u00d5E SOBRE A ESTRUTURA\u00c7\u00c3O ADMINISTRATIVA DA SECRETARIA DA C\u00c2MARA MUNICIPAL DE CUBAT\u00c3O, REVOGA OUTROS DISPOSITIVOS\", E D\u00c1 OUTRAS PROVID\u00caNCIAS.</a><a title=\"\" href=\"https://www.cubatao.sp.leg.br/processo-legislativo/projetos-de-lei/arquivos/pl-2022/PL.49.pdf\" class=\"internal-link\" target=\"_self\"></a></td>\r\n<td>\r\n<p>RETIRADO PELO AUTOR EM 07/07/2022</p>\r\n</td>\r\n</tr>\r\n<tr>\r\n<td>440/2022</td>\r\n<td><span><span><span>ADEM\u00c1RIO DA SILVA OLIVEIRA</span></span></span></td>\r\n<td>PL 49/2022</td>\r\n<td>23/05/2022</td>\r\n<td style=\"text-align: justify; \"><a title=\"\" href=\"https://www.cubatao.sp.leg.br/processo-legislativo/projetos-de-lei/arquivos/pl-2022/PL.49.pdf\" class=\"internal-link\" target=\"_self\">DISP\u00d5E SOBRE A CRIA\u00c7\u00c3O DO PROGRAMA AVAN\u00c7A ESCOLA, E D\u00c1 OUTRAS PROVID\u00caNCIAS.</a><a title=\"\" href=\"https://www.cubatao.sp.leg.br/processo-legislativo/projetos-de-lei/arquivos/pl-2022/PL.%2048.pdf\" class=\"internal-link\" target=\"_self\"></a></td>\r\n<td>\r\n<p><a class=\"external-link\" href=\"https://www.legislacaodigital.com.br/Cubatao-SP/LeisOrdinarias/4202\" target=\"_self\" title=\"\">LEI N\u00ba 4.202 DE 13/07/2022</a></p>\r\n<p>\u00a0</p>\r\n</td>\r\n</tr>\r\n<tr>\r\n<td>430/2022</td>\r\n<td><span><span>ADEM\u00c1RIO DA SILVA OLIVEIRA</span></span></td>\r\n<td>PL 48/2022</td>\r\n<td>18/05/2022</td>\r\n<td style=\"text-align: justify; \"><a title=\"\" href=\"https://www.cubatao.sp.leg.br/processo-legislativo/projetos-de-lei/arquivos/pl-2022/PL.%2048.pdf\" class=\"internal-link\" target=\"_self\">AUTORIZA O PODER EXECUTIVO MUNICIPAL A \"CELEBRAR CONV\u00caNIO COM A COMPANHIA DE PROCESSAMENTO DE DADOS DO ESTADO DE S\u00c3O PAULO - PRODESP\" (POUPATEMPO CUBAT\u00c3O) E D\u00c1 OUTRAS PROVID\u00caNCIAS.</a></td>\r\n<td>\r\n<p><a class=\"external-link\" href=\"https://www.legislacaodigital.com.br/Cubatao-SP/LeisOrdinarias/4195\" target=\"_self\" title=\"\">LEI N\u00ba 4.195 DE 08/06/2022</a></p>\r\n</td>\r\n</tr>\r\n<tr>\r\n<td>412/2022</td>\r\n<td><span>MESA DA C\u00c2MARA</span></td>\r\n<td>PL 47/2022\u00a0</td>\r\n<td>12/05/2022</td>\r\n<td style=\"text-align: justify; \"><a title=\"\" href=\"https://www.cubatao.sp.leg.br/processo-legislativo/projetos-de-lei/arquivos/pl-2022/PL.%2047.2022.pdf\" class=\"internal-link\" target=\"_self\">DISP\u00d5E SOBRE O REAJUSTE DO VENCIMENTO PADR\u00c3O DOS SERVIDORES P\u00daBLICOS DA C\u00c2MARA MUNICIPAL DE CUBAT\u00c3O E D\u00c1 OUTRAS PROVID\u00caNCIAS</a></td>\r\n<td>\r\n<p><span><a class=\"external-link\" href=\"https://www.legislacaodigital.com.br/Cubatao-SP/LeisOrdinarias/4198/Arquivos/1\" target=\"_self\" title=\"\">LEI N\u00ba 4.198 DE 24/06/2022</a></span></p>\r\n</td>\r\n</tr>\r\n<tr>\r\n<td>399/2022</td>\r\n<td><span>JOS\u00c9 AFONSO</span></td>\r\n<td>PL 46/2022</td>\r\n<td>10/05/2022</td>\r\n<td style=\"text-align: justify; \"><a title=\"\" href=\"https://www.cubatao.sp.leg.br/processo-legislativo/projetos-de-lei/arquivos/pl-2022/PL.%2046.pdf\" class=\"internal-link\" target=\"_self\">DECLARA DE UTILIDADE P\u00daBLICA A \"ASSOCIA\u00c7\u00c3O COMUNIT\u00c1RIA DE DESENVOLVIMENTO, A\u00c7\u00c3O SOCIAL E AMBIENTAL AFONSO SCHMIDT - ACODAAMAS\".</a></td>\r\n<td>\r\n<p><span><a class=\"external-link\" href=\"https://www.legislacaodigital.com.br/Cubatao-SP/LeisOrdinarias/4209\" target=\"_self\" title=\"\">LEI N\u00ba 4.209 DE 26/07/2022</a></span></p>\r\n<p>\u00a0</p>\r\n</td>\r\n</tr>\r\n<tr>\r\n<td>396/2022</td>\r\n<td><span>ADEM\u00c1RIO DA SILVA OLIVEIRA</span></td>\r\n<td>PL 45/2022</td>\r\n<td>06/05/2022</td>\r\n<td style=\"text-align: justify; \"><a title=\"\" href=\"https://www.cubatao.sp.leg.br/processo-legislativo/projetos-de-lei/arquivos/pl-2022/PL%2045.pdf\" class=\"internal-link\" target=\"_self\">ALTERA AS LEIS QUE MENCIONA E REAJUSTA OS VENCIMENTOS DOS SERVIDORES P\u00daBLICOS DA ADMINISTRA\u00c7\u00c3O DIRETA E INDIRETA DO MUNIC\u00cdPIO DE CUBAT\u00c3O E, D\u00c1 OUTRAS PROVID\u00caNCIAS.</a></td>\r\n<td>\r\n<p><a class=\"external-link\" href=\"https://www.legislacaodigital.com.br/Cubatao-SP/LeisOrdinarias/4188\" target=\"_self\" title=\"\">LEI N\u00ba 4.188 DE 18/05/2022</a></p>\r\n</td>\r\n</tr>\r\n<tr>\r\n<td>383/2022</td>\r\n<td><span>ADEM\u00c1RIO DA SILVA OLIVEIRA</span></td>\r\n<td>PL 44/2022</td>\r\n<td>03/05/2022</td>\r\n<td style=\"text-align: justify; \"><a title=\"\" href=\"https://www.cubatao.sp.leg.br/processo-legislativo/projetos-de-lei/arquivos/pl-2022/PL.%2044.pdf\" class=\"internal-link\" target=\"_self\">ALTERA E REVOGA DISPOSITIVOS DA LEI MUNICIPAL N\u00ba 4.101, DE 18 DE NOVEMBRO DE 2020, QUE AUTORIZA O PODER EXECUTIVO MUNICIPAL A CELEBRAR CONV\u00caNIO COM O ESTADO DE S\u00c3O PAULO, POR MEIO DA SECRETARIA DA SEGURAN\u00c7A P\u00daBLICA, CRIA A GRATIFICA\u00c7\u00c3O POR DESEMPENHO DE ATIVIDADE DELEGADA, E D\u00c1 OUTRAS PROVID\u00caNCIAS.</a></td>\r\n<td>\r\n<p><a class=\"external-link\" href=\"https://www.legislacaodigital.com.br/Cubatao-SP/LeisOrdinarias/4185\" target=\"_self\" title=\"\">LEI N\u00ba 4.185 DE 16/05/2022</a></p>\r\n</td>\r\n</tr>\r\n<tr>\r\n<td>374/2022</td>\r\n<td><span>F\u00c1BIO ALVES MOREIRA</span></td>\r\n<td>PL 43/2022</td>\r\n<td>02/05/2022</td>\r\n<td style=\"text-align: justify; \"><a title=\"\" href=\"https://www.cubatao.sp.leg.br/processo-legislativo/projetos-de-lei/arquivos/pl-2022/PL.%2043.pdf\" class=\"internal-link\" target=\"_self\">DISP\u00d5E SOBRE A PREFER\u00caNCIA DE IDOSOS, MULHERES GR\u00c1VIDAS OU CRIAN\u00c7A DE COLO, PESSOAS COM DEFICI\u00caNCIA OU COM MOBILIDADE REDUZIDA, AINDA QUE TEMPORARIAMENTE, E DEFICI\u00caNCIAS MENTAIS DE TODO G\u00caNERO, SOBRE TODOS OS ASSENTOS DO TRANSPORTE P\u00daBLICO\u00a0 COLETIVO DO MUNIC\u00cdPIO DE CUBAT\u00c3O.</a></td>\r\n<td>\r\n<p><span><span>LEI N\u00ba 4.226 DE 16/11/2022</span>2</span></p>\r\n</td>\r\n</tr>\r\n<tr>\r\n<td>368/22</td>\r\n<td><span>ALEXANDRE MENDES DA SILVA</span></td>\r\n<td>PL 42/2022</td>\r\n<td>28/04/2022</td>\r\n<td style=\"text-align: justify; \"><a title=\"\" href=\"https://www.cubatao.sp.leg.br/processo-legislativo/projetos-de-lei/arquivos/pl-2022/PL.%2042.pdf\" class=\"internal-link\" target=\"_self\">DISP\u00d5E SOBRE A OBRIGATORIEDADE DE INSTALA\u00c7\u00c3O DE APARELHOS DE AR CONDICIONADO NOS VE\u00cdCULOS DE TRANSPORTE COLETIVO DE PASSAGEIROS E D\u00c1 OUTRAS PROVID\u00caNCIAS.</a></td>\r\n<td>\r\n<p><span>ARQUIVADO (T\u00c9RMINO 18\u00aa LEGISLATURA)</span></p>\r\n<p>\u00a0</p>\r\n</td>\r\n</tr>\r\n<tr>\r\n<td>360/2022</td>\r\n<td><span>RONIELE MARTINS DA SILVA</span></td>\r\n<td>PL 41/2022</td>\r\n<td>27/04/2022</td>\r\n<td style=\"text-align: justify; \"><a title=\"\" href=\"https://www.cubatao.sp.leg.br/processo-legislativo/projetos-de-lei/arquivos/pl-2022/PL.%2041.pdf\" class=\"internal-link\" target=\"_self\">INSTITUI NO MUNIC\u00cdPIO O PROGRAMA \"MEU DIREITO NA ESCOLA\", A SER IMPLANTADO NAS ESCOLAS MUNICIPAIS DE CUBAT\u00c3O.</a></td>\r\n<td>\r\n<p><span>ARQUIVADO (T\u00c9RMINO 18\u00aa LEGISLATURA)</span></p>\r\n<p>\u00a0</p>\r\n</td>\r\n</tr>\r\n<tr>\r\n<td>343/2022</td>\r\n<td>F\u00c1BIO ALVES MOREIRA</td>\r\n<td>PL 40/2022</td>\r\n<td>19/04/2022</td>\r\n<td style=\"text-align: justify; \"><a title=\"\" href=\"https://www.cubatao.sp.leg.br/processo-legislativo/projetos-de-lei/arquivos/pl-2022/PL.%2040.pdf\" class=\"internal-link\" target=\"_self\">ALTERA O ART. 1\u00ba DA LEI MUNICIPAL N. 638 DE 13 DE JULHO DE 1966 E D\u00c1 OUTRAS PROVID\u00caNCIAS.</a></td>\r\n<td>\r\n<p><span>ARQUIVADO (T\u00c9RMINO 18\u00aa LEGISLATURA)</span></p>\r\n<p>\u00a0</p>\r\n</td>\r\n</tr>\r\n<tr>\r\n<td>342/2022</td>\r\n<td>S\u00c9RGIO AUGUSTO DE SANTANA</td>\r\n<td>PL 39/2022</td>\r\n<td>19/04/2022</td>\r\n<td style=\"text-align: justify; \"><a title=\"\" href=\"https://www.cubatao.sp.leg.br/processo-legislativo/projetos-de-lei/arquivos/pl-2022/PL.%2039.pdf\" class=\"internal-link\" target=\"_self\">DISP\u00d5E SOBRE A PRIORIDADE NA TRANSFER\u00caNCIA DE VAGAS EM CRECHES E ESCOLAS DA REDE P\u00daBLICA MUNICIPAL, ATENDENDO A MULHERES E SEUS FILHOS QUE SOFRAM AGRESS\u00c3O F\u00cdSICA, BEM COMO POTENCIAIS E/OU V\u00cdTIMAS DE VIOL\u00caNCIA E D\u00c1 OUTRAS PROVID\u00caNCIAS.</a></td>\r\n<td>\r\n<p><a class=\"external-link\" href=\"https://www.legislacaodigital.com.br/Cubatao-SP/LeisOrdinarias/4212\" target=\"_self\" title=\"\">LEI N\u00ba 4.212 DE 02/08/2022</a></p>\r\n</td>\r\n</tr>\r\n<tr>\r\n<td>334/2022</td>\r\n<td>ADEM\u00c1RIO DA SILVA OLIVEIRA</td>\r\n<td>PL 38/2022</td>\r\n<td>13/04/2022</td>\r\n<td style=\"text-align: justify; \"><a title=\"\" href=\"https://www.cubatao.sp.leg.br/processo-legislativo/projetos-de-lei/arquivos/pl-2022/PL.%2038.pdf\" class=\"internal-link\" target=\"_self\">DISP\u00d5E SOBRE AS DIRETRIZES GERAIS PARA A ELABORA\u00c7\u00c3O DA LEI OR\u00c7AMENT\u00c1RIA DO MUNIC\u00cdPIO DE CUBAT\u00c3O PARA O EXERC\u00cdCIO DE 2023 E D\u00c1 OUTRAS PROVID\u00caNCIAS.</a></td>\r\n<td>\r\n<p><a class=\"external-link\" href=\"https://www.legislacaodigital.com.br/Cubatao-SP/LeisOrdinarias/4196/Arquivos/1\" target=\"_self\" title=\"\">LEI N\u00ba 4.196 DE 22/06/2022</a></p>\r\n</td>\r\n</tr>\r\n<tr>\r\n<td>333/2022</td>\r\n<td>RONIELE MARTINS DA SILVA</td>\r\n<td>PL 37/2022</td>\r\n<td>13/04/2022</td>\r\n<td style=\"text-align: justify; \"><a title=\"\" href=\"https://www.cubatao.sp.leg.br/processo-legislativo/projetos-de-lei/arquivos/pl-2022/PL.%2037.pdf\" class=\"internal-link\" target=\"_self\">DISP\u00d5E SOBRE A PREFER\u00caNCIA DE VAGAS PARA IRM\u00c3OS NO MESMO ESTABELECIMENTO DE ENSINO P\u00daBLICO NO MUNIC\u00cdPIO DE CUBAT\u00c3O.</a></td>\r\n<td>\r\n<p>LEI N\u00ba 4.224 DE 26/09/2022</p>\r\n</td>\r\n</tr>\r\n<tr>\r\n<td>332/2022</td>\r\n<td>RONIELE MARTINS DA SILVA</td>\r\n<td>PL 36/2022</td>\r\n<td>13/04/2022</td>\r\n<td style=\"text-align: justify; \"><a title=\"\" href=\"https://www.cubatao.sp.leg.br/processo-legislativo/projetos-de-lei/arquivos/pl-2022/PL.%2036.pdf\" class=\"internal-link\" target=\"_self\">DISP\u00d5E SOBRE A INSTALA\u00c7\u00c3O DE C\u00c2MERAS DE MONITORAMENTO E SEGURAN\u00c7A NAS CRECHES E ESCOLAS P\u00daBLICAS MUNICIPAIS.</a></td>\r\n<td>\r\n<p><span>ARQUIVADO (T\u00c9RMINO 18\u00aa LEGISLATURA)</span></p>\r\n<p>\u00a0</p>\r\n</td>\r\n</tr>\r\n<tr>\r\n<td>331/2022</td>\r\n<td>RODRIGO RAMOS SOARES</td>\r\n<td>PL 35/2022</td>\r\n<td>12/04/2022</td>\r\n<td style=\"text-align: justify; \"><a title=\"\" href=\"https://www.cubatao.sp.leg.br/processo-legislativo/projetos-de-lei/arquivos/pl-2022/PL.%2035.pdf\" class=\"internal-link\" target=\"_self\">ALTERA O \u00a72\u00ba DO ART. 1\u00ba DA LEI MUNICIPAL N\u00ba 3.061, DE 20 DE JANEIRO DE 2006, QUE DISP\u00d5E SOBRE A RESERVA DE VAGAS \u00c0 PESSOAS PORTADORAS DE DEFICI\u00caNCIA, QUANDO DA OCORR\u00caNCIA DE CONCURSO P\u00daBLICO, NA ADMINISTRA\u00c7\u00c3O DIRETA E INDIRETA DO MUNIC\u00cdPIO, E D\u00c1 OUTRAS PROVID\u00caNCIAS.</a></td>\r\n<td>\r\n<p>MANTIDO O VETO TOTAL EM 13/09/2022</p>\r\n</td>\r\n</tr>\r\n<tr>\r\n<td>322/2022</td>\r\n<td>ALEXANDRE MENDES DA SILVA</td>\r\n<td>PL 34/2022</td>\r\n<td>12/04/2022</td>\r\n<td style=\"text-align: justify; \"><a title=\"\" href=\"https://www.cubatao.sp.leg.br/processo-legislativo/projetos-de-lei/arquivos/pl-2022/PL.%2034.pdf\" class=\"internal-link\" target=\"_self\">DENOMINA \"UBS ANA PAULA TRAJANO FIRMO BARBOSA\" A UNIDADE B\u00c1SICA DE SA\u00daDE QUE MENCIONA E D\u00c1 OUTRAS PROVID\u00caNCIAS.</a></td>\r\n<td>\r\n<p>RETIRADO PELO AUTOR EM 13/07/2022</p>\r\n</td>\r\n</tr>\r\n<tr>\r\n<td>316/2022</td>\r\n<td>ADEM\u00c1RIO DA SILVA OLIVEIRA</td>\r\n<td>PL 33/2022</td>\r\n<td>08/04/2022</td>\r\n<td style=\"text-align: justify; \"><a title=\"\" href=\"https://www.cubatao.sp.leg.br/processo-legislativo/projetos-de-lei/arquivos/pl-2022/PL.%2033.pdf\" class=\"internal-link\" target=\"_self\">PERMITE \u00c0 ASSOCIA\u00c7\u00c3O BENEFICENTE DE CATADORES DE MATERIAL RECICL\u00c1VEL DA BAIXADA SANTISTA - ABCMARBAS, O USO DO BEM DO PATRIM\u00d4NIO P\u00daBLICO MUNICIPAL E D\u00c1 OUTRAS PROVID\u00caNCIAS.</a></td>\r\n<td>\r\n<p><a class=\"external-link\" href=\"https://www.legislacaodigital.com.br/Cubatao-SP/LeisOrdinarias/4193\" target=\"_self\" title=\"\">LEI N\u00ba 4.193 DE 01/06/2022</a></p>\r\n<p>\u00a0</p>\r\n</td>\r\n</tr>\r\n<tr>\r\n<td>315/2022</td>\r\n<td>ADEM\u00c1RIO DA SILVA OLIVEIRA</td>\r\n<td>PL 32/2022</td>\r\n<td>08/04/2022</td>\r\n<td style=\"text-align: justify; \"><a title=\"\" href=\"https://www.cubatao.sp.leg.br/processo-legislativo/projetos-de-lei/arquivos/pl-2022/PL.%2032.pdf\" class=\"internal-link\" target=\"_self\">DISP\u00d5E SOBRE O LICENCIAMENTO AMBIENTAL E AUTORIZA\u00c7\u00d5ES AMBIENTAIS NO MUNIC\u00cdPIO DE CUBAT\u00c3O, E ESTABELECE A TAXAS DECORRENTES DO PODER DO POL\u00cdCIA AMBIENTAL, REVOGA AS DISPOSI\u00c7\u00d5ES EM CONTR\u00c1RIO, E D\u00c1 OUTRAS PROVID\u00caNCIAS.</a></td>\r\n<td>\r\n<p><a class=\"external-link\" href=\"https://www.legislacaodigital.com.br/Cubatao-SP/LeisComplementares/125/Arquivos/1\" target=\"_self\" title=\"\">LEI COMPLEMENTAR N\u00ba 125, DE 21/12/2022</a></p>\r\n<p>\u00a0</p>\r\n</td>\r\n</tr>\r\n<tr>\r\n<td>311/2022</td>\r\n<td>GUILHERME DOS SANTOS MALAQUIAS</td>\r\n<td>PL 31/2022</td>\r\n<td>07/04/2022</td>\r\n<td style=\"text-align: justify; \"><a title=\"\" href=\"https://www.cubatao.sp.leg.br/processo-legislativo/projetos-de-lei/arquivos/pl-2022/PL.%2031.pdf\" class=\"internal-link\" target=\"_self\">DECLARA DE UTILIDADE P\u00daBLICA A ENTIDADE QUE MENCIONA E D\u00c1 OUTRAS PROVID\u00caNCIAS.</a></td>\r\n<td>\r\n<p><a class=\"external-link\" href=\"https://www.legislacaodigital.com.br/Cubatao-SP/LeisOrdinarias/4210\" target=\"_self\" title=\"\">LEI N\u00ba 4.210 DE 26/07/2022</a></p>\r\n<p>\u00a0</p>\r\n<p>\u00a0</p>\r\n<p>\u00a0</p>\r\n</td>\r\n</tr>\r\n<tr>\r\n<td>310/2022</td>\r\n<td>GUILHERME DOS SANTOS MALAQUIAS\u00a0</td>\r\n<td>PL 30/2022</td>\r\n<td>07/04/2022</td>\r\n<td style=\"text-align: justify; \"><a title=\"\" href=\"https://www.cubatao.sp.leg.br/processo-legislativo/projetos-de-lei/arquivos/pl-2022/PL.%2030.pdf\" class=\"internal-link\" target=\"_self\">INSTITUI A IMPLANTA\u00c7\u00c3O DE FAIXA DE RETEN\u00c7\u00c3O E RECUO EXCLUSIVO PARA BICICLETAS E MOTOCICLETAS NAS VIAS P\u00daBLICAS EM REGI\u00d5ES DE GRANDE FLUXO, EQUIPADAS COM SEM\u00c1FOROS NO MUNIC\u00cdPIO DE CUBATAO/SP.</a></td>\r\n<td>\r\n<p><span>ARQUIVADO (T\u00c9RMINO 18\u00aa LEGISLATURA)</span></p>\r\n<p>\u00a0</p>\r\n<p>\u00a0</p>\r\n</td>\r\n</tr>\r\n<tr>\r\n<td>309/2022</td>\r\n<td><span>ADEM\u00c1RIO DA SILVA OLIVEIRA</span><span></span></td>\r\n<td>\r\n<p>\u00a0PL 29/2022</p>\r\n</td>\r\n<td>07/04/2022</td>\r\n<td style=\"text-align: justify; \"><a title=\"\" href=\"https://www.cubatao.sp.leg.br/processo-legislativo/projetos-de-lei/arquivos/pl-2022/PL.%2029.pdf\" class=\"internal-link\" target=\"_self\">AUTORIZA O PODER EXECUTIVO A CONCEDER O USO DE \u00c1REA QUE ESPECIFICA - POLIESPORTIVO ROBERTO DICK E D\u00c1 OUTRAS PROVID\u00caNCIAS CORRELATAS.</a><a title=\"\" href=\"https://www.cubatao.sp.leg.br/processo-legislativo/projetos-de-lei/arquivos/pl-2022/PL.%2026.pdf\" class=\"internal-link\" target=\"_self\"></a></td>\r\n<td>\r\n<p>RETIRADO PELO AUTOR EM 27/04/2022</p>\r\n</td>\r\n</tr>\r\n<tr>\r\n<td>308/2022</td>\r\n<td><span>ADEM\u00c1RIO DA SILVA OLIVEIRA</span><br /><span></span></td>\r\n<td>\r\n<p>PL 28/2022</p>\r\n</td>\r\n<td>07/04/2022</td>\r\n<td style=\"text-align: justify; \"><a title=\"\" href=\"https://www.cubatao.sp.leg.br/processo-legislativo/projetos-de-lei/arquivos/pl-2022/PL.%2028.pdf\" class=\"internal-link\" target=\"_self\">REVOGA A LEI QUE CONCEDEU PERMISS\u00c3O DE USO DE BEM DO PATRIM\u00d4NIO MUNICIPAL \u00c0 ASSOCIA\u00c7\u00c3O DE CAPACITA\u00c7\u00c3O PARA EXERC\u00cdCIO DA CIDADANIA - ONG VOZ DO SIL\u00caNCIO E D\u00c1 OUTRAS PROVID\u00caNCIAS.</a><a title=\"\" href=\"https://www.cubatao.sp.leg.br/processo-legislativo/projetos-de-lei/arquivos/pl-2022/PL.%2026.pdf\" class=\"internal-link\" target=\"_self\"></a></td>\r\n<td>\r\n<p><a class=\"external-link\" href=\"https://www.legislacaodigital.com.br/Cubatao-SP/LeisOrdinarias/4194\" target=\"_self\" title=\"\">LEI 4.194 DE 01/06/2022</a></p>\r\n<p>\u00a0</p>\r\n</td>\r\n</tr>\r\n<tr>\r\n<td>307/2022</td>\r\n<td><span>ADEM\u00c1RIO DA SILVA OLIVEIRA</span></td>\r\n<td>\r\n<p>PL 27/2022</p>\r\n</td>\r\n<td>07/04/2022</td>\r\n<td style=\"text-align: justify; \"><a title=\"\" href=\"https://www.cubatao.sp.leg.br/processo-legislativo/projetos-de-lei/arquivos/pl-2022/PL.%2027.pdf\" class=\"internal-link\" target=\"_self\">DISP\u00d5E SOBRE A POL\u00cdTICA DE EDUCA\u00c7\u00c3O AMBIENTAL NO MUNIC\u00cdPIO DE CUBAT\u00c3O E D\u00c1 OUTRAS PROVID\u00caNCIAS.</a></td>\r\n<td>\r\n<p>RETIRADO EM 08/08/2022</p>\r\n<p>\u00a0</p>\r\n<p>\u00a0</p>\r\n</td>\r\n</tr>\r\n<tr>\r\n<td>298/2022</td>\r\n<td><span>RAFAEL DE SOUZA VILLAR</span></td>\r\n<td>\r\n<p>PELOM 01/2022</p>\r\n</td>\r\n<td>05/04/2022</td>\r\n<td style=\"text-align: justify; \"><a title=\"\" href=\"https://www.cubatao.sp.leg.br/processo-legislativo/projetos-de-lei/arquivos/pl-2022/PELOM.%2001.pdf\" class=\"internal-link\" target=\"_self\">ALTERA A REDA\u00c7\u00c3O DO PAR\u00c1GRAFO 2\u00ba, DO ARTIGO 138, DA LEI ORG\u00c2NICA DO MUNIC\u00cdPIO.</a></td>\r\n<td>\r\n<p><span>ARQUIVADO (T\u00c9RMINO 18\u00aa LEGISLATURA)</span></p>\r\n</td>\r\n</tr>\r\n<tr>\r\n<td>283/2022</td>\r\n<td><span>F\u00c1BIO ALVES MOREIRA</span></td>\r\n<td>\r\n<p>PL 26/2022</p>\r\n</td>\r\n<td>01/04/2022</td>\r\n<td style=\"text-align: justify; \"><a title=\"\" href=\"https://www.cubatao.sp.leg.br/processo-legislativo/projetos-de-lei/arquivos/pl-2022/PL.%2026.pdf\" class=\"internal-link\" target=\"_self\">PROIBE O INGRESSO NO SERVI\u00c7O P\u00daBLICO DE PESSOAS CONDENADAS PELA PR\u00c1TICA DE CRIME DOLOSO CONTRA CRIAN\u00c7AS E ADOLESCENTES E D\u00c1 OUTRAS PROVID\u00caNCIAS.</a></td>\r\n<td>\r\n<p><a class=\"external-link\" href=\"https://www.legislacaodigital.com.br/Cubatao-SP/LeisOrdinarias/4211\" target=\"_self\" title=\"\">LEI N\u00ba 4.211 DE 02/08/2022</a></p>\r\n<p>\u00a0</p>\r\n</td>\r\n</tr>\r\n<tr>\r\n<td>279/2022</td>\r\n<td><span>S\u00c9RGIO AUGUSTO DE SANTANA</span></td>\r\n<td>\r\n<p>PL 25/2022</p>\r\n</td>\r\n<td>30/03/2022</td>\r\n<td style=\"text-align: justify; \"><a title=\"\" href=\"https://www.cubatao.sp.leg.br/processo-legislativo/projetos-de-lei/arquivos/pl-2022/PL.%2025.pdf\" class=\"internal-link\" target=\"_self\">INSTITUI A \"SEMANA MUNICIPAL DE PREVEN\u00c7\u00c3O AO ALCOOLISMO ENTRE CRIAN\u00c7AS E ADOLESCENTES\" NO CALEND\u00c1RIO OFICIAL DO MUNIC\u00cdPIO DE CUBAT\u00c3O, E D\u00c1 OUTRAS PROVID\u00caNCIAS.</a></td>\r\n<td>\r\n<p><a class=\"external-link\" href=\"https://www.legislacaodigital.com.br/Cubatao-SP/LeisOrdinarias/4215\" target=\"_self\" title=\"\">LEI N\u00ba 4.215 DE 05/08/2022</a></p>\r\n</td>\r\n</tr>\r\n<tr>\r\n<td>258/2022</td>\r\n<td><span>JOS\u00c9 AFONSO</span></td>\r\n<td>\r\n<p>PL 24/2022</p>\r\n<p>\u00a0</p>\r\n</td>\r\n<td>23/03/2022</td>\r\n<td style=\"text-align: justify; \"><a title=\"\" href=\"https://www.cubatao.sp.leg.br/processo-legislativo/projetos-de-lei/arquivos/pl-2022/PL.%2024.pdf\" class=\"internal-link\" target=\"_self\">ESTABELECE A PROIBI\u00c7\u00c3O DE CIRCULA\u00c7\u00c3O DE VE\u00cdCULOS DE TRANSPORTE DE PASSAGEIROS NO MUNIC\u00cdPIO DE CUBAT\u00c3O QUANDO SE CONSTATAR QUALQUER FUNCIONAMENTO IRREGULAR NOS EQUIPAMENTOS DE ACESSIBILIDADE E D\u00c1 OUTRAS PROVID\u00caNCIAS.</a></td>\r\n<td>\r\n<p><span>RETIRADO PELO AUTOR EM 23/10/2023</span></p>\r\n<p>\u00a0</p>\r\n</td>\r\n</tr>\r\n<tr>\r\n<td>246/2022</td>\r\n<td><span>F\u00c1BIO ALVES MOREIRA</span></td>\r\n<td>PL 23/2022</td>\r\n<td>21/03/2022</td>\r\n<td style=\"text-align: justify; \"><a title=\"\" href=\"https://www.cubatao.sp.leg.br/processo-legislativo/projetos-de-lei/arquivos/pl-2022/PL.%2023.pdf\" class=\"internal-link\" target=\"_self\">CRIA PAR\u00c1GRAFO \u00daNICO AO ARTIGO 3\u00ba DA LEI MUNICIPAL N\u00ba. 2699, DE 03 DE JULHO DE 2001 E D\u00c1 OUTRAS PROVID\u00caNCIAS.</a></td>\r\n<td>\r\n<p><span>ARQUIVADO (T\u00c9RMINO 18\u00aa LEGISLATURA)</span></p>\r\n</td>\r\n</tr>\r\n<tr>\r\n<td>234/2022</td>\r\n<td>JOS\u00c9 AFONSO</td>\r\n<td>PL 22/2022</td>\r\n<td>17/03/2022</td>\r\n<td style=\"text-align: justify; \"><a title=\"\" href=\"https://www.cubatao.sp.leg.br/processo-legislativo/projetos-de-lei/arquivos/pl-2022/PL.%2022.pdf\" class=\"internal-link\" target=\"_self\">DENOMINA \" ESTRAT\u00c9GIA SA\u00daDE DA FAM\u00cdLIA - ESF VILA ESPERAN\u00c7A/CAIC\" CONSELHEIRO MANOEL PEREIRA DE LIMA - MARACA\" O PR\u00d3PRIO P\u00daBLICO SITO A RUA S\u00c3O FRANCISCO DE ASSIS, S/N VILA NATAL E D\u00c1 OUTRAS PROVID\u00caNCIAS.</a></td>\r\n<td>\r\n<p><span><a class=\"external-link\" href=\"https://www.legislacaodigital.com.br/Cubatao-SP/LeisOrdinarias/4214\" target=\"_self\" title=\"\">LEI N\u00ba 4.214 DE 05/08/2022</a></span></p>\r\n<p>\u00a0</p>\r\n</td>\r\n</tr>\r\n<tr>\r\n<td>227/2022</td>\r\n<td>RODRIGO RAMOS SOARES</td>\r\n<td>PL 21/2022</td>\r\n<td>15/03/2022</td>\r\n<td style=\"text-align: justify; \"><a title=\"\" href=\"https://www.cubatao.sp.leg.br/processo-legislativo/projetos-de-lei/arquivos/pl-2022/PL.%2021.pdf\" class=\"internal-link\" target=\"_self\">INSTITUI A CAMPANHA DE PREVEN\u00c7\u00c3O DO C\u00c2NCER DE COLO DE \u00daTERO DENOMINADA \"MAR\u00c7O LIL\u00c1S\", NO \u00c2MBITO DO MUNICIPIO DE CUBAT\u00c3O E D\u00c1 OUTRAS PROVID\u00caNCIAS.</a></td>\r\n<td>\r\n<p><a class=\"external-link\" href=\"https://www.legislacaodigital.com.br/Cubatao-SP/LeisOrdinarias/4229\" target=\"_self\" title=\"\">LEI N\u00ba 4.229 DE 02/12/2022</a></p>\r\n</td>\r\n</tr>\r\n<tr>\r\n<td>211/2022</td>\r\n<td><span>F\u00c1BIO ALVES MOREIRA</span></td>\r\n<td><span>PL 20/2022</span></td>\r\n<td><span>10/03/2022</span></td>\r\n<td style=\"text-align: justify; \"><a title=\"\" href=\"https://www.cubatao.sp.leg.br/processo-legislativo/projetos-de-lei/arquivos/pl-2022/PL.%2020.pdf\" class=\"internal-link\" target=\"_self\">CRIA A MEDALHA \"ARLINDO FERREIRA\", CONFERIDA COMO RECONHECIMENTO \u00c0S PERSONALIDADES CUBATENSES QUE CONTRIBUEM COM A CULTURA DA CIDADE.</a></td>\r\n<td>\r\n<p>ARQUIVADO EM 23/03/2022</p>\r\n</td>\r\n</tr>\r\n<tr>\r\n<td>198/2022</td>\r\n<td><span>ALEXANDRE MENDES DA SILVA</span></td>\r\n<td><span>PL 19/2022</span></td>\r\n<td><span>07/03/2022</span></td>\r\n<td style=\"text-align: justify; \"><a title=\"\" href=\"https://www.cubatao.sp.leg.br/processo-legislativo/projetos-de-lei/arquivos/pl-2022/PL.%2019.pdf\" class=\"internal-link\" target=\"_self\">DENOMINA \"RUA NEILIR DIAS DE OLIVEIRA SOUZA\" O ESPA\u00c7O P\u00daBLICO QUE MENCIONA E D\u00c1 OUTRAS PROVID\u00caNCIAS.</a></td>\r\n<td>\r\n<p><a class=\"external-link\" href=\"https://www.legislacaodigital.com.br/Cubatao-SP/LeisOrdinarias/4207\" target=\"_self\" title=\"\">LEI N\u00ba 4.207 DE 25/07/2022</a></p>\r\n</td>\r\n</tr>\r\n<tr>\r\n<td>197/2022</td>\r\n<td><span>ADEM\u00c1RIO DA SILVA OLIVEIRA</span></td>\r\n<td><span>PL 18/2022</span></td>\r\n<td><span>07/03/2022</span></td>\r\n<td style=\"text-align: justify; \"><a title=\"\" href=\"https://www.cubatao.sp.leg.br/processo-legislativo/projetos-de-lei/arquivos/pl-2022/PL.%2018.pdf\" class=\"internal-link\" target=\"_self\">ALTERA A LEI MUNICIPAL N\u00ba 3.640, DE 28 DE MAR\u00c7O DE 2014, QUE DISP\u00d5E SOBRE A PREVEN\u00c7\u00c3O DE ACIDENTE EM PISCINAS, E D\u00c1 OUTRAS PROVID\u00caNCIAS.</a></td>\r\n<td>\r\n<p><a class=\"external-link\" href=\"https://www.legislacaodigital.com.br/Cubatao-SP/LeisOrdinarias/4186\" target=\"_self\" title=\"\">LEI N\u00ba 4.186 DE 18/05/2022</a></p>\r\n</td>\r\n</tr>\r\n<tr>\r\n<td>194/2022</td>\r\n<td><span>RONIELE MARTINS DA SILVA</span></td>\r\n<td><span>PL 17/2022</span></td>\r\n<td><span>07/03/2022</span></td>\r\n<td style=\"text-align: justify; \"><a title=\"\" href=\"https://www.cubatao.sp.leg.br/processo-legislativo/projetos-de-lei/arquivos/pl-2022/PL.%2017.pdf\" class=\"internal-link\" target=\"_self\">DENOMINA RUA NILSON ALVES PEREIRA (JACAR\u00c1), A RUA 7, NO BAIRRO JARDIM REAL (BOLS\u00c3O 9) E D\u00c1 OUTRAS PROVID\u00caNCIAS.</a></td>\r\n<td>\r\n<p style=\"text-align: left; \">ARQUIVADO EM 17/03/2022</p>\r\n</td>\r\n</tr>\r\n<tr>\r\n<td>193/2022</td>\r\n<td><span>ADEM\u00c1RIO DA SILVA OLIVEIRA</span></td>\r\n<td><span>PL 16/2022</span></td>\r\n<td><span>07/03/2022</span></td>\r\n<td style=\"text-align: justify; \"><a title=\"\" href=\"https://www.cubatao.sp.leg.br/processo-legislativo/projetos-de-lei/arquivos/pl-2022/PL.%2016.pdf\" class=\"internal-link\" target=\"_self\">AUTORIZA A INSTITUI\u00c7\u00c3O E A EXECU\u00c7\u00c3O DO PROGRAMA BOLSA ATLETA NO \u00c2MBITO DO MUNIC\u00cdPIO DE CUBAT\u00c3O, REVOGA OS DISPOSITIVOS LEGAIS QUE MENCIONA E D\u00c1 OUTRAS PROVID\u00caNCIAS.</a></td>\r\n<td>\r\n<p><a class=\"external-link\" href=\"https://www.legislacaodigital.com.br/Cubatao-SP/LeisOrdinarias/4187\" target=\"_self\" title=\"\">LEI N\u00ba 4.187 DE 18/05/2022</a></p>\r\n</td>\r\n</tr>\r\n<tr>\r\n<td>180/2022</td>\r\n<td>JOS\u00c9 AFONSO</td>\r\n<td><span>PL 15/2022</span></td>\r\n<td><span>25/02/2022</span></td>\r\n<td style=\"text-align: justify; \"><a title=\"\" href=\"https://www.cubatao.sp.leg.br/processo-legislativo/projetos-de-lei/arquivos/pl-2022/PL.%2015.pdf\" class=\"internal-link\" target=\"_self\">DISP\u00d5E SOBRE O PROGRAMA DE PREVEN\u00c7\u00c3O E CONTROLE DO DIABETES DE CRIAN\u00c7AS E ADOLESCENTES MATRICULADOS NOS ESTABELECIMENTOS DA REDE P\u00daBLICA MUNICIPAL E DA OUTRAS PROVID\u00caNCIAS.</a></td>\r\n<td>\r\n<p><span>ARQUIVADO EM 31/03/2022</span></p>\r\n</td>\r\n</tr>\r\n<tr>\r\n<td>179/2022</td>\r\n<td>JOS\u00c9 AFONSO</td>\r\n<td><span>PL 14/2022</span></td>\r\n<td><span>25/02/2022</span></td>\r\n<td style=\"text-align: justify; \"><a title=\"\" href=\"https://www.cubatao.sp.leg.br/processo-legislativo/projetos-de-lei/arquivos/pl-2022/PL.%2014.pdf\" class=\"internal-link\" target=\"_self\">INSTITUI O PROGRAMA AMIGO PET, NO MUNIC\u00cdPIO DE CUBAT\u00c3O E D\u00c1 OUTRAS PROVID\u00caNCIAS</a></td>\r\n<td>\r\n<p><a class=\"external-link\" href=\"https://www.legislacaodigital.com.br/Cubatao-SP/LeisOrdinarias/4191\" target=\"_self\" title=\"\">LEI 4.191 DE 01/06/2022</a></p>\r\n</td>\r\n</tr>\r\n<tr>\r\n<td>178/2022</td>\r\n<td>JOS\u00c9 AFONSO</td>\r\n<td><span>PL 13/2022</span></td>\r\n<td><span>25/02/2022</span></td>\r\n<td style=\"text-align: justify; \"><a title=\"\" href=\"https://www.cubatao.sp.leg.br/processo-legislativo/projetos-de-lei/arquivos/pl-2022/PL.%2013.pdf\" class=\"internal-link\" target=\"_self\">DISP\u00d5E SOBRE A PROIBI\u00c7\u00c3O DO CORTE DOS SERVI\u00c7OS DE FORNECIMENTO DE ENVERGIA EL\u00c9TRICA E \u00c1GUA NO MUNIC\u00cdPIO E D\u00c1 OUTRAS PROVID\u00caNCIAS.</a></td>\r\n<td>\r\n<p><span>ARQUIVADO EM 31/03/2022</span></p>\r\n</td>\r\n</tr>\r\n<tr>\r\n<td>161/2022</td>\r\n<td>ADEM\u00c1RIO DA SILVA OLIVEIRA</td>\r\n<td><span>PL 12/2022</span></td>\r\n<td><span>22/02/2022</span></td>\r\n<td style=\"text-align: justify; \"><a title=\"\" href=\"https://www.cubatao.sp.leg.br/processo-legislativo/projetos-de-lei/arquivos/pl-2022/PL%2012.pdf\" class=\"internal-link\" target=\"_self\">AUTORIZA O PODER EXECUTIVO A PRORROGAR A \"BOLSA MORADIA\", INSTITU\u00cdDA PELA LEI N\u00ba 3.546, DE 16 DE AGOSTO DE 2012, \u00c0S FAM\u00cdLIAS ATINGIDAS PELO INC\u00caNDIO OCORRIDO NA \u00c1REA DENOMINADA \"VILA DOS PESCADORES\" E D\u00c1 OUTRAS PROVID\u00caNCIAS.</a><a title=\"\" href=\"https://www.cubatao.sp.leg.br/processo-legislativo/projetos-de-lei/arquivos/pl-2022/PL.%2008.pdf\" class=\"internal-link\" target=\"_self\"></a></td>\r\n<td>\r\n<p><a class=\"external-link\" href=\"https://www.legislacaodigital.com.br/Cubatao-SP/LeisOrdinarias/4180\" target=\"_self\" title=\"\">LEI N\u00ba 4.180 DE 14/03/2022</a></p>\r\n</td>\r\n</tr>\r\n<tr>\r\n<td></td>\r\n<td></td>\r\n<td><span></span></td>\r\n<td><span></span></td>\r\n<td style=\"text-align: justify; \"><a title=\"\" href=\"https://www.cubatao.sp.leg.br/processo-legislativo/projetos-de-lei/arquivos/pl-2022/PL%2012-%20Mensagem%20Aditiva.pdf\" class=\"internal-link\" target=\"_self\">MENSAGEM ADITIVA AO PL N\u00ba 12/2022</a></td>\r\n<td>\r\n<p>\u00a0</p>\r\n</td>\r\n</tr>\r\n<tr>\r\n<td>160/2022</td>\r\n<td>ADEM\u00c1RIO DA SILVA OLIVEIRA</td>\r\n<td><span>PL 11/2022</span></td>\r\n<td><span>22/02/2022</span></td>\r\n<td style=\"text-align: justify; \"><a title=\"\" href=\"https://www.cubatao.sp.leg.br/processo-legislativo/projetos-de-lei/arquivos/pl-2022/PL%2011.pdf\" class=\"internal-link\" target=\"_self\">REVOGA A LEI QUE CONCEDEU PERMISS\u00c3O DE USO DE BEM DO PATRIM\u00d4NIO MUNICIPAL AO LAR FRATERNO DE CUBAT\u00c3O E D\u00c1 OUTRAS PROVID\u00caNCIAS.</a><a title=\"\" href=\"https://www.cubatao.sp.leg.br/processo-legislativo/projetos-de-lei/arquivos/pl-2022/PL.%2008.pdf\" class=\"internal-link\" target=\"_self\"></a></td>\r\n<td>\r\n<p><span>RETIRADO PELO AUTOR EM 07/12/2022</span></p>\r\n</td>\r\n</tr>\r\n<tr>\r\n<td>159/2022</td>\r\n<td>ADEM\u00c1RIO DA SILVA OLIVEIRA</td>\r\n<td><span>PL 10/2022</span></td>\r\n<td><span>22/02/2022</span></td>\r\n<td style=\"text-align: justify; \"><a title=\"\" href=\"https://www.cubatao.sp.leg.br/processo-legislativo/projetos-de-lei/arquivos/pl-2022/PL%2010.pdf\" class=\"internal-link\" target=\"_self\">AUTORIZA O PODER EXECUTIVO A PRORROGAR O \"BOLSA MORADIA\", INSTITU\u00cdDO PELA LEI N\u00ba 3.301, DE 13 DE FEVEREIRO DE 2009, \u00c0S FAM\u00cdLIAS ATINGIDAS PELO INC\u00caNDIO OCORRIDO NA \u00c1REA DENOMINADA \"VILA DOS PESCADORES\" E D\u00c1 OUTRAS PROVID\u00caNCIAS.</a><a title=\"\" href=\"https://www.cubatao.sp.leg.br/processo-legislativo/projetos-de-lei/arquivos/pl-2022/PL.%2008.pdf\" class=\"internal-link\" target=\"_self\"></a></td>\r\n<td>\r\n<p><a class=\"external-link\" href=\"https://www.legislacaodigital.com.br/Cubatao-SP/LeisOrdinarias/4178\" target=\"_self\" title=\"\">LEI N\u00ba 4.178 DE 14/03/2022</a></p>\r\n</td>\r\n</tr>\r\n<tr>\r\n<td></td>\r\n<td></td>\r\n<td><span></span></td>\r\n<td><span></span></td>\r\n<td style=\"text-align: justify; \"><a title=\"\" href=\"https://www.cubatao.sp.leg.br/processo-legislativo/projetos-de-lei/arquivos/pl-2022/PL%2010%20-%20Mensagem%20Aditiva.pdf\" class=\"internal-link\" target=\"_self\">MENSAGEM ADITIVA AO PL N\u00ba 10/2022</a></td>\r\n<td>\r\n<p>\u00a0</p>\r\n</td>\r\n</tr>\r\n<tr>\r\n<td>158/2022</td>\r\n<td>ADEM\u00c1RIO DA SILVA OLIVEIRA</td>\r\n<td><span>PL 09/2022</span></td>\r\n<td>22/02/2022</td>\r\n<td style=\"text-align: justify; \"><a title=\"\" href=\"https://www.cubatao.sp.leg.br/processo-legislativo/projetos-de-lei/arquivos/pl-2022/PL%2009.pdf\" class=\"internal-link\" target=\"_self\">PROJETO DE LEI AUTORIZA O PODER EXECUTIVO A PRORROGAR O \"BOLSA MORADIA\", INSTITU\u00cdDO PELA LEI NO 3.442, DE 22 DE MAR\u00c7O DE 2011, \u00c0S FAM\u00cdLIAS ATINGIDAS PELO ESCORREGAMENTO E/OU DESLIZAMENTOS HAVIDO NA \u00c1REA DENOMINADA \"PIL\u00d5ES\" E D\u00c1 OUTRAS PROVID\u00caNCIAS.</a><a title=\"\" href=\"https://www.cubatao.sp.leg.br/processo-legislativo/projetos-de-lei/arquivos/pl-2022/PL.%2008.pdf\" class=\"internal-link\" target=\"_self\"></a></td>\r\n<td>\r\n<p><a class=\"external-link\" href=\"https://www.legislacaodigital.com.br/Cubatao-SP/LeisOrdinarias/4179\" target=\"_self\" title=\"\">LEI N\u00ba 4.179 DE 14/03/2022</a></p>\r\n</td>\r\n</tr>\r\n<tr>\r\n<td></td>\r\n<td></td>\r\n<td><span></span></td>\r\n<td></td>\r\n<td style=\"text-align: justify; \"><a title=\"\" href=\"https://www.cubatao.sp.leg.br/processo-legislativo/projetos-de-lei/arquivos/pl-2022/PL%2009%20-%20Mensagem%20Aditiva.pdf\" class=\"internal-link\" target=\"_self\">MENSAGEM ADITIVA AO PL N\u00ba 09/2022</a></td>\r\n<td>\r\n<p>\u00a0</p>\r\n</td>\r\n</tr>\r\n<tr>\r\n<td>153/2022</td>\r\n<td>S\u00c9RGIO AUGUSTO DE SANTANA</td>\r\n<td>PL 08/2022</td>\r\n<td>18/02/2022</td>\r\n<td style=\"text-align: justify; \"><a title=\"\" href=\"https://www.cubatao.sp.leg.br/processo-legislativo/projetos-de-lei/arquivos/pl-2022/PL.%2008.pdf\" class=\"internal-link\" target=\"_self\">AUTORIZA O PODER EXECUTIVO MUNICIPAL DE CUBAT\u00c3O A CELEBRAR CONV\u00caNIO COM CL\u00cdNICAS M\u00c9DICAS VISANDO A IMPLANTA\u00c7\u00c3O DO PROGRAMA MEIA CONSULTA JUNTO AOS PACIENTES HIPOSSUFICIENTES DO MUNIC\u00cdPIO E D\u00c1 OUTRAS PROVID\u00caNCIAS.</a></td>\r\n<td>\r\n<p><span>RETIRADO PELO AUTOR EM 29/03/2022</span></p>\r\n<p>\u00a0</p>\r\n</td>\r\n</tr>\r\n<tr>\r\n<td>152/2022</td>\r\n<td><span>JOEMERSON ALVES DE SOUZA</span></td>\r\n<td>PL 07/2022</td>\r\n<td>18/02/2022</td>\r\n<td style=\"text-align: justify; \"><a title=\"\" href=\"https://www.cubatao.sp.leg.br/processo-legislativo/projetos-de-lei/arquivos/pl-2022/PL%2007.pdf\" class=\"internal-link\" target=\"_self\">TORNA OBRIGAT\u00d3RIA, EM TODOS OS SUPERMERCADOS E CONG\u00caNERES, \u00c0 ADAPTA\u00c7\u00c3O DE 5% (CINCO POR CENTO) DOS CARRINHOS DE COMPRAS \u00c0S CRIAN\u00c7AS COM DEFICI\u00caNCIA OU MOBILIDADE REDUZIDA</a>.</td>\r\n<td>\r\n<p>\u00a0</p>\r\n<p><a class=\"external-link\" href=\"https://www.legislacaodigital.com.br/Cubatao-SP/LeisOrdinarias/4189\" target=\"_self\" title=\"\">LEI 4.189 DE 27/05/2022</a></p>\r\n</td>\r\n</tr>\r\n<tr>\r\n<td>149/2022</td>\r\n<td>JOEMERSON ALVES DE SOUZA</td>\r\n<td>PL 06/2022</td>\r\n<td>17/02/2022</td>\r\n<td style=\"text-align: justify; \"><a title=\"\" href=\"https://www.cubatao.sp.leg.br/processo-legislativo/projetos-de-lei/arquivos/pl-2022/PL%2006.pdf\" class=\"internal-link\" target=\"_self\">OBRIGA OS CONDOM\u00cdNIOS RESIDENCIAIS E COMERCIAIS NO MUNIC\u00cdPIO A COMUNICAR OS \u00d3RG\u00c3OS DE SEGURAN\u00c7A P\u00daBLICA QUANDO HOUVER EM SEU INTERIOR QUALQUER OCORR\u00caNCIA OU IND\u00cdCIO DE VIOL\u00caNCIA CONTRA MULHERES E IDOSOS</a>.</td>\r\n<td>\r\n<p><span>ARQUIVADO (T\u00c9RMINO 18\u00aa LEGISLATURA)</span></p>\r\n</td>\r\n</tr>\r\n<tr>\r\n<td>64/2022</td>\r\n<td>WILSON PIO DOS REIS</td>\r\n<td>PL 05/2022</td>\r\n<td>25/01/2022</td>\r\n<td style=\"text-align: justify; \"><a title=\"\" href=\"https://www.cubatao.sp.leg.br/processo-legislativo/projetos-de-lei/arquivos/pl-2022/PL%2005.pdf\" class=\"internal-link\" target=\"_self\">INSTITUI NO CALEND\u00c1RIO OFICIAL DO MUNIC\u00cdPIO DE CUBAT\u00c3O A CAMPANHA \"JANEIRO BRANCO\" DEDICADO \u00c0 PROMO\u00c7\u00c3O DE A\u00c7\u00d5ES DE CONSCIETIZA\u00c7\u00c3O VOLTADAS \u00c0 SA\u00daDE MENTAL, QUE MENCIONA E D\u00c1 OUTRAS PROVID\u00caNCIAS.</a></td>\r\n<td>\r\n<p><span><a class=\"external-link\" href=\"https://www.legislacaodigital.com.br/Cubatao-SP/LeisOrdinarias/4192\" target=\"_self\" title=\"\">LEI 4.192 DE 01/06/2022</a></span></p>\r\n</td>\r\n</tr>\r\n<tr>\r\n<td>63/2022</td>\r\n<td>WILSON PIO DOS REIS</td>\r\n<td>PL 04/2022</td>\r\n<td>25/01/2022</td>\r\n<td style=\"text-align: justify; \"><a title=\"\" href=\"https://www.cubatao.sp.leg.br/processo-legislativo/projetos-de-lei/arquivos/pl-2022/PL%2004.pdf\" class=\"internal-link\" target=\"_self\">\"INSTITUI O DIA MUNICIPAL DA MULHER ADVOGADA, A SER COMEMORADO ANUALMENTE NO DIA 15 DE DEZEMBRO\" QUE MENCIONA E D\u00c1 OUTRAS PROVID\u00caNCIAS.</a></td>\r\n<td>\r\n<p><span><a class=\"external-link\" href=\"https://www.legislacaodigital.com.br/Cubatao-SP/LeisOrdinarias/4200\" target=\"_self\" title=\"\">LEI N\u00ba 4.200 DE 30/06/2022</a></span></p>\r\n</td>\r\n</tr>\r\n<tr>\r\n<td>106/2022</td>\r\n<td>MESA DA C\u00c2MARA</td>\r\n<td>PR 01/20222</td>\r\n<td>10/02/2022</td>\r\n<td style=\"text-align: justify; \"><a title=\"\" href=\"https://www.cubatao.sp.leg.br/processo-legislativo/projetos-de-lei/arquivos/pl-2022/PR%2001%20-%20projeto.pdf\" class=\"internal-link\" target=\"_self\">DISP\u00d5E SOBRE A REORGANIZA\u00c7\u00c3O DA JORNADA DE TRABALHO E O REGIME DE TRABALHO REMOTO NA SECRETARIA DA C\u00c2MARA MUNICIPAL DE CUBAT\u00c3O, REVOGA A PORTARIA N\u00ba 99, DE 30 DE JUNHO DE 2020, E D\u00c1 OUTRAS PROVID\u00caNCIAS</a>.</td>\r\n<td>\r\n<p><a class=\"external-link\" href=\"http://diariooficial.cubatao.sp.gov.br/search_sres.php?id=OTIy\" target=\"_self\" title=\"\">RESOLU\u00c7\u00c3O N\u00ba 2.999 DE 15/02/2022</a></p>\r\n</td>\r\n</tr>\r\n<tr>\r\n<td>53/2022</td>\r\n<td>MESA DA C\u00c2MARA</td>\r\n<td>PL 03/2022</td>\r\n<td>24/01/2022</td>\r\n<td style=\"text-align: justify; \"><span class=\"internal-link\"><span class=\"internal-link\"><span class=\"internal-link\"><a title=\"\" href=\"https://www.cubatao.sp.leg.br/processo-legislativo/projetos-de-lei/arquivos/pl-2022/pl-03.2022\" class=\"internal-link\" target=\"_self\">DISP\u00d5E SOBRE A DISTRIBUI\u00c7\u00c3O DE HONOR\u00c1RIOS ADVOCAT\u00cdCIOS A T\u00cdTULO DE SUCUMB\u00caNCIA AOS PROCURADORES LEGISLATIVOS DA C\u00c2MARA MUNICIPAL DE CUBAT\u00c3O, NOS TERMOS DA LEI FEDERAL N\u00b0 8.906/94 - ESTATUTO DA ADVOCACIA <span>E A ORDEM DOS ADVOGADOS DO BRASIL (OAB) E DA LEI FEDERAL N\u00ba 13.105/2015 (C\u00d3DIGO DE PROCESSO CIVIL), E D\u00c1 OUTRAS PROVID\u00caNCIAS</span>.</a></span></span></span></td>\r\n<td>\r\n<p><a class=\"external-link\" href=\"https://www.legislacaodigital.com.br/Cubatao-SP/LeisOrdinarias/4182\" target=\"_self\" title=\"\">LEI N\u00ba 4.182 DE 24/03/2022</a></p>\r\n</td>\r\n</tr>\r\n<tr>\r\n<td><span>26/2022</span></td>\r\n<td>MESA DA C\u00c2MARA</td>\r\n<td>PL 02/2022</td>\r\n<td>11/01/2022</td>\r\n<td style=\"text-align: justify; \"><span class=\"internal-link\"><span class=\"internal-link\"><span class=\"internal-link\"><a title=\"\" href=\"https://www.cubatao.sp.leg.br/processo-legislativo/projetos-de-lei/arquivos/pl-2022/pl-02.2022\" class=\"internal-link\" target=\"_self\"><span class=\"internal-link\">ALTERA, ACRESCENTA E REVOGA DISPOSITIVOS DA LEI MUNICIPAL N\u00ba3.364, DE 08 DE JANEIRO DE 2010, QUE DISP\u00d5E SOBRE A ESTRUTURA\u00c7\u00c3O ADMINISTRATIVA DA SECRETARIA DA C\u00c2MARA MUNICIPAL DE CUBAT\u00c3O, REVOGA OUTROS DISPOSITIVOS E D\u00c1 OUTRAS PROVID\u00caNCIAS.</span></a><a title=\"\" href=\"https://www.cubatao.sp.leg.br/processo-legislativo/projetos-de-lei/arquivos/pl-2022/pl-01.2022\" class=\"internal-link\" target=\"_self\"></a></span></span></span></td>\r\n<td>\r\n<p><a class=\"external-link\" href=\"https://www.legislacaodigital.com.br/Cubatao-SP/LeisOrdinarias/4175\" target=\"_self\" title=\"\">LEI N\u00ba 4.175 DE 02/02/2022</a></p>\r\n</td>\r\n</tr>\r\n<tr>\r\n<td>25/2022</td>\r\n<td>MARCOS ROBERTO SILVA</td>\r\n<td>PL 01/2022</td>\r\n<td>10/01/2022</td>\r\n<td style=\"text-align: justify; \"><span class=\"internal-link\"><span class=\"internal-link\"><span class=\"internal-link\"><a title=\"\" href=\"https://www.cubatao.sp.leg.br/processo-legislativo/projetos-de-lei/arquivos/pl-2022/pl-01.2022\" class=\"internal-link\" target=\"_self\">INSTITUI E DENOMINA O PROJETO \"ARTE NA CIDADE - CUBAT\u00c3O MAIS COLORIDA\" NO MUNIC\u00cdPIO DE CUBAT\u00c3O E D\u00c1 OUTRAS PROVID\u00caNCIAS.</a><br /></span></span></span></td>\r\n<td>\r\n<p><a class=\"external-link\" href=\"https://www.legislacaodigital.com.br/Cubatao-SP/LeisOrdinarias/4183\" target=\"_self\" title=\"\">LEI N\u00ba 4.183 DE 03/05/2022</a></p>\r\n</td>\r\n</tr>\r\n</tbody>\r\n</table>", "author_name": "", "version": "1.0", "author_url": "https://www.cubatao.sp.leg.br/author/bruno", "provider_name": "C\u00e2mara Municipal de Cubat\u00e3o", "type": "rich"}