{"provider_url": "https://www.cubatao.sp.leg.br", "title": "Projetos de Lei e Vetos - 2025", "html": "<table class=\"plain\">\r\n<tbody>\r\n<tr>\r\n<td><strong>PROC.</strong></td>\r\n<td><strong>AUTOR</strong></td>\r\n<td><strong>TIPO</strong></td>\r\n<td><strong>DATA</strong></td>\r\n<td><strong>ASSUNTO</strong></td>\r\n<td><strong>STATUS</strong></td>\r\n</tr>\r\n<tr>\r\n<td><span>1285</span></td>\r\n<td><span>RONY MARTINS</span></td>\r\n<td>PL 191</td>\r\n<td>29/12/2025</td>\r\n<td>\r\n<p style=\"text-align: justify; \"><span><a title=\"\" href=\"https://www.cubatao.sp.leg.br/processo-legislativo/projetos-de-lei/arquivos/2025/PL_191_2025_-_REMOCAO_PARA_HOSPITAIS_DE_REDE_PRIVADA.pdf\" class=\"internal-link\" target=\"_self\">DISP\u00d5E SOBRE A POSSIBILIDADE DE REMO\u00c7\u00c3O DE PACIENTES ATENDIDOS PELO \"SERVI\u00c7O DE ATENDIMENTO M\u00d3VEL DE URG\u00caNCIA\" (SAMU) E DEMAIS EQUIPES DE SOCORRO PARA HOSPITAIS DA REDE PRIVADA, NO \u00c2MBITO DO MUNIC\u00cdPIO DE CUBAT\u00c3O, E D\u00c1 OUTRAS PROVID\u00caNCIAS.</a></span></p>\r\n</td>\r\n<td><span>COMISS\u00d5ES</span></td>\r\n</tr>\r\n<tr>\r\n<td><span>1278</span></td>\r\n<td><span>PREFEITO MUNICIPAL</span></td>\r\n<td>PL 190</td>\r\n<td><span>23/12/2025</span></td>\r\n<td>\r\n<p style=\"text-align: justify; \"><span><a title=\"\" href=\"https://www.cubatao.sp.leg.br/processo-legislativo/projetos-de-lei/arquivos/2025/PL_no_190-2025.pdf\" class=\"internal-link\" target=\"_self\">INSTITUI O SISTEMA DE ESTACIONAMENTO ROTATIVO REMUNERADO DE VE\u00cdCULOS EM VIAS E LOGRADOUROS P\u00daBLICOS DO MUNIC\u00cdPIO DE CUBAT\u00c3O E D\u00c1 OUTRAS PROVID\u00caNCIAS</a>.</span></p>\r\n</td>\r\n<td><span><a class=\"external-link\" href=\"https://www.legislacaodigital.com.br/Cubatao-SP/LeisOrdinarias/4451\" target=\"_self\" title=\"\">Lei n\u00b0 4.451, de 27 de mar\u00e7o de 2026</a></span></td>\r\n</tr>\r\n<tr>\r\n<td><span>922</span></td>\r\n<td><span>PREFEITO MUNICIPAL</span><span><span></span></span></td>\r\n<td><span>OF\u00cdCIO N\u00ba 245/2025/SEJUR</span><span><span></span></span></td>\r\n<td><span>23/12/2025</span><span></span></td>\r\n<td>\r\n<p style=\"text-align: justify; \"><a title=\"\" href=\"https://www.cubatao.sp.leg.br/processo-legislativo/projetos-de-lei/arquivos/2025/Veto_Parcial_-_Of._245-2025-Sejur.pdf\" class=\"internal-link\" target=\"_self\"><span>VETO PARCIAL AO PROJETO DE LEI N\u00ba 146/2025, QUE \"</span><span>INSTITUI O PROGRAMA DE PREVEN\u00c7\u00c3O \u00c0 DEPRESS\u00c3O P\u00d3S-PARTO NO MUNIC\u00cdPIO DE CUBAT\u00c3O/SP E D\u00c1 OUTRAS PROVID\u00caNCIAS\".</span><span>\u00a0</span></a></p>\r\n</td>\r\n<td><span>MANTIDO O VETO PARCIAL EM 03/03/2026</span></td>\r\n</tr>\r\n<tr>\r\n<td>1276</td>\r\n<td><span><span>MESA DA C\u00c2MARA</span></span></td>\r\n<td><span><span>PR 11</span></span></td>\r\n<td><span>22/12/2025</span></td>\r\n<td>\r\n<p style=\"text-align: justify; \"><a title=\"\" href=\"https://www.cubatao.sp.leg.br/processo-legislativo/projetos-de-lei/arquivos/2025/Projeto_de_Resolucao_no_11-2025_-_Regulamenta_Sessoes_Solenes.pdf\" class=\"internal-link\" target=\"_self\"><span>ALTERA A RESOLU\u00c7\u00c3O N\u00ba 1.558, DE 13 DE DEZEMBRO DE 1991, QUE DISP\u00d5E SOBRE O REGIMENTO INTERNO DA C\u00c2MARA MUNICIPAL DE CUBAT\u00c3O, PARA DISPOR SOBRE A ORGANIZA\u00c7\u00c3O, OS LIMITES E O TR\u00c2MITE DAS SESS\u00d5ES SOLENES.</span><span>\u00a0</span></a></p>\r\n</td>\r\n<td><span><span>PROCURADORIA EM 22/12/2025</span></span></td>\r\n</tr>\r\n<tr>\r\n<td>900</td>\r\n<td><span><span>PREFEITO MUNICIPAL</span></span></td>\r\n<td><span><span>OF\u00cdCIO N\u00ba 241/2025/SEJUR</span></span></td>\r\n<td><span>15/12/2025</span></td>\r\n<td>\r\n<p style=\"text-align: justify; \"><a title=\"\" href=\"https://www.cubatao.sp.leg.br/processo-legislativo/projetos-de-lei/arquivos/2025/Of._241-2025-SEJUR.pdf\" class=\"internal-link\" target=\"_self\">VETO INTEGRAL\u00a0AO PROJETO DE LEI N\u00ba 141/2025 QUE \"<span style=\"text-align: left; \">DISP\u00d5E SOBRE A CONTRATA\u00c7\u00c3O DE APRENDIZES PELAS EMPRESAS VENCEDORAS DE LICITA\u00c7\u00c3O P\u00daBLICA NO MUNIC\u00cdPIO DE CUBAT\u00c3O E D\u00c1\u00a0OUTRAS PROVID\u00caNCIAS</span><span>\".</span></a></p>\r\n</td>\r\n<td><span>MANTIDO O VETO INTEGRAL EM 19/02/2026</span></td>\r\n</tr>\r\n<tr>\r\n<td>720</td>\r\n<td><span>PREFEITO MUNICIPAL</span></td>\r\n<td><span>OF\u00cdCIO N\u00ba 240/2025/SEJUR</span></td>\r\n<td>15/12/2025</td>\r\n<td>\r\n<p style=\"text-align: justify; \"><a title=\"\" href=\"https://www.cubatao.sp.leg.br/processo-legislativo/projetos-de-lei/arquivos/2025/Oficio_240-2025_-_SEJUR_-_Veto_Total.pdf\" class=\"internal-link\" target=\"_self\">VETO INTEGRAL\u00a0AO PROJETO DE LEI N\u00ba 112/2025 QUE \"<span style=\"text-align: left; \">ALTERA E INCLUI DISPOSITIVOS NA LEI MUNICIPAL N\u00ba 3.744, DE 11 DE AGOSTO DE 2015, PARA DISPOR SOBRE A OBRIGATORIEDADE DE PARADAS FLEX\u00cdVEIS PARA EMBARQUE E DESEMBARQUE DE MULHERES NO TRANSPORTE COLETIVO MUNICIPAL NO PER\u00cdODO NOTURNO, \u0421\u041e\u041c\u041e MEDIDA DE SEGURAN\u00c7A E IGUALDADE DE G\u00caNERO, E D\u00c1 OUTRAS PROVID\u00caNCIAS</span><span>\"</span><span>.</span></a></p>\r\n</td>\r\n<td><span>MANTIDO O VETO INTEGRAL EM 19/02/2026</span></td>\r\n</tr>\r\n<tr>\r\n<td>1016</td>\r\n<td><span>PREFEITO MUNICIPAL</span></td>\r\n<td>OF\u00cdCIO N\u00ba 239/2025/SEJUR</td>\r\n<td>15/12/2025</td>\r\n<td>\r\n<p style=\"text-align: justify; \"><span><a title=\"\" href=\"https://www.cubatao.sp.leg.br/processo-legislativo/projetos-de-lei/arquivos/2025/Oficio_239-2025-SEJUR_-_Veto_Total.pdf\" class=\"internal-link\" target=\"_self\">VETO INTEGRAL\u00a0AO PROJETO DE LEI N\u00ba 166/2025 QUE\u00a0\"DISP\u00d5E SOBRE A INSTALA\u00c7\u00c3O DE EQUIPAMENTOS ELIMINADORES DE AR, NA TUBULA\u00c7\u00c3O INDIVIDUAL DO SISTEMA DE ABASTECIMENTO DE \u00c1GUA NO MUNIC\u00cdPIO DE CUBAT\u00c3O, E D\u00c1 OUTRAS PROVID\u00caNCIAS\".</a></span></p>\r\n</td>\r\n<td><span>MANTIDO O VETO INTEGRAL EM 19/02/2026</span></td>\r\n</tr>\r\n<tr>\r\n<td>1234</td>\r\n<td>PREFEITO MUNICIPAL</td>\r\n<td>PL 189</td>\r\n<td>15/12/2025</td>\r\n<td>\r\n<p style=\"text-align: justify; \"><a title=\"\" href=\"https://www.cubatao.sp.leg.br/processo-legislativo/projetos-de-lei/arquivos/2025/PL_no_189-2025.pdf\" class=\"internal-link\" target=\"_self\">ALTERA E EXCLUI DISPOSITIVOS NA LEI N\u00ba 3.875, DE 26 DE DEZEMBRO DE 2017, E D\u00c1 OUTRAS PROVID\u00caNCIAS.</a></p>\r\n</td>\r\n<td>COMISS\u00d5ES EM 27/02/2026</td>\r\n</tr>\r\n<tr>\r\n<td>1233</td>\r\n<td>XUXA</td>\r\n<td>PL 188</td>\r\n<td>15/12/2025</td>\r\n<td>\r\n<p style=\"text-align: justify; \"><span><a title=\"\" href=\"https://www.cubatao.sp.leg.br/processo-legislativo/projetos-de-lei/arquivos/2025/PL_no_188-2025.pdf\" class=\"internal-link\" target=\"_self\">INSTITUI O PROGRAMA DE DEFESA PESSOAL PARA MULHERES - \"EU ME DEFENDO\", E D\u00c1 OUTRAS PROVID\u00caNCIAS.</a></span></p>\r\n</td>\r\n<td>COMISS\u00d5ES EM 17/04/2026</td>\r\n</tr>\r\n<tr>\r\n<td>1226</td>\r\n<td>MESA DA C\u00c2MARA</td>\r\n<td>PR 10</td>\r\n<td>11/12/2025</td>\r\n<td>\r\n<p style=\"text-align: justify; \"><span><a title=\"\" href=\"https://www.cubatao.sp.leg.br/processo-legislativo/projetos-de-lei/arquivos/2025/PR_10-2025.pdf\" class=\"internal-link\" target=\"_self\">ALTERA A RESOLU\u00c7\u00c3O N\u00ba 3.079, DE 22 DE JULHO DE 2025, QUE DISP\u00d5E SOBRE A ESTRUTURA ADMINISTRATIVA DA C\u00c2MARA MUNICIPAL DE CUBAT\u00c3O, E D\u00c1 OUTRAS PROVID\u00caNCIAS</a>.</span></p>\r\n</td>\r\n<td><a class=\"external-link\" href=\"https://www.legislacaodigital.com.br/Cubatao-SP/Resolucoes/3100\" target=\"_self\" title=\"\">RESOLU\u00c7\u00c3O N\u00b0 3.100, DE 23 DE DEZEMBRO DE 2025</a></td>\r\n</tr>\r\n<tr>\r\n<td>1225</td>\r\n<td>MESA DA C\u00c2MARA</td>\r\n<td>PL 187</td>\r\n<td>11/12/2025</td>\r\n<td>\r\n<p style=\"text-align: justify; \"><a title=\"\" href=\"https://www.cubatao.sp.leg.br/processo-legislativo/projetos-de-lei/arquivos/2025/PL_187-2025.pdf\" class=\"internal-link\" target=\"_self\">ALTERA A LEI MUNICIPAL N\u00ba 4.391, DE 8 DE AGOSTO DE 2025, PARA FIXAR O VALOR DA GRATIFICA\u00c7\u00c3O DE DEDICA\u00c7\u00c3O INTEGRAL, E D\u00c1 OUTRAS PROVID\u00caNCIAS</a>.</p>\r\n</td>\r\n<td><a class=\"external-link\" href=\"https://www.legislacaodigital.com.br/Cubatao-SP/LeisOrdinarias/4440\" target=\"_self\" title=\"\">LEI N\u00ba 4.440, DE 20 DE JANEIRO DE 202</a>6</td>\r\n</tr>\r\n<tr>\r\n<td>1223<strong></strong></td>\r\n<td>PREFEITO MUNICIPAL</td>\r\n<td>PL 186<strong></strong></td>\r\n<td>11/12/2025<strong></strong></td>\r\n<td style=\"text-align: justify; \"><a title=\"\" href=\"https://www.cubatao.sp.leg.br/processo-legislativo/projetos-de-lei/arquivos/2025/PL_No_186-2025.pdf\" class=\"internal-link\" target=\"_self\">ALTERA A REDA\u00c7\u00c3O DO CAPUT DO ARTIGO 1\u00b0 DA LEI N\u00ba 4.420, DE 06 DE NOVEMBRO DE 2025, E D\u00c1 OUTRAS PROVIDENCIAS</a>.<strong></strong></td>\r\n<td><a class=\"external-link\" href=\"https://www.legislacaodigital.com.br/Cubatao-SP/LeisOrdinarias/4437\" target=\"_self\" title=\"\">LEI N\u00ba 4.437, DE 23 DE DEZEMBRO DE 2025</a></td>\r\n</tr>\r\n<tr>\r\n<td>1211</td>\r\n<td><span>RONALDO DA COMISS\u00c3O</span><strong></strong></td>\r\n<td><span>PL 185</span><strong></strong></td>\r\n<td><span>09/12/2025</span><strong></strong></td>\r\n<td style=\"text-align: justify; \"><span><a title=\"\" href=\"https://www.cubatao.sp.leg.br/processo-legislativo/projetos-de-lei/arquivos/2025/pl-185.pdf\" class=\"internal-link\" target=\"_self\">DISP\u00d5E SOBRE A INSTALA\u00c7\u00c3O DE PLACAS COM C\u00d3DIGO DE RESPOSTA R\u00c1PIDA (QR CODE) NOS POSTES DE ILUMINA\u00c7\u00c3O P\u00daBLICA DO MUNIC\u00cdPIO DE CUBAT\u00c3O PARA FACILITAR A COMUNICA\u00c7\u00c3O DE L\u00c2MPADAS QUEIMADAS E D\u00c1 OUTRAS PROVID\u00caNCIAS.</a></span><strong></strong></td>\r\n<td>COMISS\u00d5ES\u00a0</td>\r\n</tr>\r\n<tr>\r\n<td>1210</td>\r\n<td><span><span>MESA DA C\u00c2MARA</span></span></td>\r\n<td><span>PR 09</span></td>\r\n<td><span><span>09/12/2025</span></span></td>\r\n<td style=\"text-align: justify; \"><span><span><a title=\"\" href=\"https://www.cubatao.sp.leg.br/processo-legislativo/projetos-de-lei/arquivos/2025/pr-09-2025.pdf\" class=\"internal-link\" target=\"_self\">ALTERA DISPOSITIVO DO REGIMENTO INTERNO DA C\u00c2MARA MUNICIPAL DE CUBAT\u00c3O, INSTITU\u00cdDO PELA RESOLU\u00c7\u00c3O N\u00ba 1.558, DE 13 DE DEZEMBRO DE 1.991, E D\u00c1 OUTRAS PROVID\u00caNCIAS.</a></span></span></td>\r\n<td><span><a class=\"external-link\" href=\"https://www.legislacaodigital.com.br/Cubatao-SP/Resolucoes/3101\" target=\"_self\" title=\"\">RESOLU\u00c7\u00c3O N\u00ba 3.101, DE 30 DE DEZEMBRO DE 2025</a></span></td>\r\n</tr>\r\n<tr>\r\n<td>1203</td>\r\n<td>EDSON MOTA</td>\r\n<td>PL 184</td>\r\n<td>08/12/2025</td>\r\n<td style=\"text-align: justify; \">\r\n<p><a title=\"\" href=\"https://www.cubatao.sp.leg.br/processo-legislativo/projetos-de-lei/arquivos/2025/PL_184-2025.pdf\" class=\"internal-link\" target=\"_self\">\"DENOMINA A ARENA DA VILA DE \u201cARENA MARIO ROSA DOS SANTOS\u201d O CAMPO DE FUTEBOL DA VILA DOS PESCADORES.\u201d</a></p>\r\n</td>\r\n<td>OFICIANDO EM 16/12/2025</td>\r\n</tr>\r\n<tr>\r\n<td>1202</td>\r\n<td>PREFEITO MUNICIPAL</td>\r\n<td>PLC 183</td>\r\n<td>08/12/2025</td>\r\n<td style=\"text-align: justify; \">\r\n<p><a title=\"\" href=\"https://www.cubatao.sp.leg.br/processo-legislativo/projetos-de-lei/arquivos/2025/PLC_no_183-2025.pdf\" class=\"internal-link\" target=\"_self\">ACRESCENTA DISPOSITIVO NA LEI COMPLEMENTAR N\u00ba 109, DE 27 DE DEZEMBRO DE 2019</a>.</p>\r\n</td>\r\n<td><a class=\"external-link\" href=\"https://www.legislacaodigital.com.br/Cubatao-SP/LeisComplementares/155\" target=\"_self\" title=\"\">LEI COMPLEMENTAR N\u00b0 155, DE 26 DE DEZEMBRO DE 2025</a></td>\r\n</tr>\r\n<tr>\r\n<td>1201</td>\r\n<td><span><span><span>EDSON MOTA</span></span></span></td>\r\n<td>PL 182</td>\r\n<td>08/12/2025</td>\r\n<td style=\"text-align: justify; \"><a title=\"\" href=\"https://www.cubatao.sp.leg.br/processo-legislativo/projetos-de-lei/arquivos/2025/PL%20no%20181-2025.pdf\" class=\"internal-link\" target=\"_self\"></a>\r\n<p><a title=\"\" href=\"https://www.cubatao.sp.leg.br/processo-legislativo/projetos-de-lei/arquivos/2025/PL%20no%20182-2025.pdf\" class=\"internal-link\" target=\"_self\">DISP\u00d5E SOBRE CRIA\u00c7\u00c3O\u00a0DO PROJETO DE LEI QUE VISA\u00a0INSTITUIR O \"DIA DO SKATE\",\u00a0COM O OBJETIVO DE CELEBRAR, PRESERVAR E PROMOVER ESTA ATIVIDADE QUE POSSUI UM PAPEL SIGNIFICATIVO EM NOSSA COMUNIDADE</a>.</p>\r\n<a title=\"\" href=\"https://www.cubatao.sp.leg.br/processo-legislativo/projetos-de-lei/arquivos/2025/PL%20no%20181-2025.pdf\" class=\"internal-link\" target=\"_self\"></a></td>\r\n<td><span><a class=\"external-link\" href=\"https://www.legislacaodigital.com.br/Cubatao-SP/LeisOrdinarias/4446\" target=\"_self\" title=\"\">Lei n\u00b0 4.446, de 11 de mar\u00e7o de 2026</a></span></td>\r\n</tr>\r\n<tr>\r\n<td>1159</td>\r\n<td><span><span><span>BATOR\u00c9</span></span></span></td>\r\n<td>PL 181</td>\r\n<td>02/12/2025</td>\r\n<td style=\"text-align: justify; \"><span><span><span><a title=\"\" href=\"https://www.cubatao.sp.leg.br/processo-legislativo/projetos-de-lei/arquivos/2025/PL%20no%20181-2025.pdf\" class=\"internal-link\" target=\"_self\">DISP\u00d5E SOBRE A INSTITUI\u00c7\u00c3O DE PONTOS DE EMBARQUE E DESEMBARQUE PARA TAXISTAS E MOTORISTAS QUE REALIZAM O SERVI\u00c7O DE TRANSPORTE INDIVIDUAL DE PASSAGEIROS OFERECIDO E SOLICITADO POR APLICATIVOS NO MUNIC\u00cdPIO DE CUBAT\u00c3O E D\u00c1 OUTRAS PROVID\u00caNCIAS.</a></span></span></span></td>\r\n<td>PROCURADORIA\u00a0<span>EM 03/12/2025</span></td>\r\n</tr>\r\n<tr>\r\n<td>1146</td>\r\n<td><span><span><span>EDSON MOTA</span></span></span></td>\r\n<td>PL 180</td>\r\n<td>28/11/2025</td>\r\n<td style=\"text-align: justify; \"><span><span><span><a title=\"\" href=\"https://www.cubatao.sp.leg.br/processo-legislativo/projetos-de-lei/arquivos/2025/PL%20no%20180-2025.pdf\" class=\"internal-link\" target=\"_self\">DISP\u00d5E SOBRE CRIA\u00c7\u00c3O DO SISTEMA MUNICIPAL DE ALTERTA GEOCALIZADO PARA O DESAPARECIMENTO DE CRIAN\u00c7AS, ADOLESCENTES E ADULTOS NO \u00c2MBITO DO MUNIC\u00cdPIO DE CUBAT\u00c3O E D\u00c1 OUTRAS PROVID\u00caNCIAS</a>.</span></span></span></td>\r\n<td><span>APROVADO EM 2\u00aa DISCUSS\u00c3O EM 14/04/2026</span></td>\r\n</tr>\r\n<tr>\r\n<td>1142</td>\r\n<td><span><span><span>PREFEITO MUNICIPAL</span></span></span></td>\r\n<td>PL 179</td>\r\n<td>27/11/2025</td>\r\n<td style=\"text-align: justify; \"><span><span><span><a title=\"\" href=\"https://www.cubatao.sp.leg.br/processo-legislativo/projetos-de-lei/arquivos/2025/PL_179-2025.pdf\" class=\"internal-link\" target=\"_self\">\"ALTERA A EMENDA QUE MENCIONA DO ANEXO DAS EMENDAS IMPOSITIVAS DA LEI ORDIN\u00c1RIA N\u00ba 4.347, DE 20 DE DEZEMBRO DE 2024, ALTERADA PELAS LEIS N\u00ba 4.400, DE 17 DE SETEMBRO DE 2025, N\u00ba 4.408, DE 30 DE SETEMBRO DE 2025 E N\u00ba 4.421, DE 06 DE NOVEMBRO DE 2025 E N\u00ba 4.425, DE NOVEMBRO DE 2025 , E D\u00c1 OUTRAS PROVID\u00caNCIAS\"</a></span></span></span></td>\r\n<td><span><a class=\"external-link\" href=\"https://www.legislacaodigital.com.br/Cubatao-SP/LeisOrdinarias/4428\" target=\"_self\" title=\"\">LEI N\u00ba 4.428, DE 5 DE DEZEMBRO DE 2025</a></span></td>\r\n</tr>\r\n<tr>\r\n<td>1126</td>\r\n<td><span><span><span>JAIR DO BAR</span></span></span></td>\r\n<td>PL 178</td>\r\n<td>25/11/2025</td>\r\n<td style=\"text-align: justify; \"><span><span><a title=\"\" href=\"https://www.cubatao.sp.leg.br/processo-legislativo/projetos-de-lei/arquivos/2025/PL_178-2025_JOGOS_DE_AZAR_FINAL.pdf\" class=\"internal-link\" target=\"_self\">INSTITUI O PROGRAMA DE PREVENC\u00c3O AOS IMPACTOS DAS APOSTAS ONLINE (BETS) E DE COMBATE \u00c0 LUDOPATIA NO MUNIC\u00cdPIO DE CUBAT\u00c3O E D\u00c1 OUTRAS PROVID\u00caNCIAS</a></span></span></td>\r\n<td><span>CONCLUSO</span></td>\r\n</tr>\r\n<tr>\r\n<td>1123</td>\r\n<td><span><span><span>ALEXANDRE MENDES</span></span></span></td>\r\n<td>PL 177</td>\r\n<td>24/11/2025</td>\r\n<td style=\"text-align: justify; \"><span><a title=\"\" href=\"https://www.cubatao.sp.leg.br/processo-legislativo/projetos-de-lei/arquivos/2025/PL_177-2025_Cabos_Subterraneos.pdf\" class=\"internal-link\" target=\"_self\">DISP\u00d5E SOBRE A OBRIGATORIEDADE DE TORNAR SUBTERR\u00c2NEO TODO O CABEAMENTO INSTALADO NO MUNIC\u00cdPIO DE CUBAT\u00c3O, E D\u00c1 OUTRAS PROVID\u00caNCIAS.\u201d</a></span></td>\r\n<td><span>DILIG\u00caNCIA INTERNA EM 01/12/2025</span></td>\r\n</tr>\r\n<tr>\r\n<td>989</td>\r\n<td><span><span><span>PREFEITO MUNICIPAL</span></span></span></td>\r\n<td><span>OF\u00cdCIO N\u00ba 213/2025/SEJUR</span></td>\r\n<td>14/11/2025</td>\r\n<td style=\"text-align: justify; \"><a title=\"\" href=\"https://www.cubatao.sp.leg.br/processo-legislativo/projetos-de-lei/arquivos/2025/Oficio_213-2025-SEJUR.pdf\" class=\"internal-link\" target=\"_self\">VETO INTEGRAL\u00a0AO PROJETO DE LEI N\u00ba 161 QUE \"AUTORIZA O PODER EXECUTIVO A INSTITUIR VANTAGEM PESSOAL NOMINALMENTE IDENTIFICADA - VPNI AOS SERVIDORES DOS QUADROS COMPLEMENTAR E SUPLEMENTAR, E D\u00c1 OUTRAS PROVID\u00caNCIAS\"</a>.<a title=\"\" href=\"https://www.cubatao.sp.leg.br/processo-legislativo/projetos-de-lei/arquivos/2025/Projeto_de_Lei_no_176-2025.pdf\" class=\"internal-link\" target=\"_self\"></a></td>\r\n<td><span>REJEITADO O VETO INTEGRAL EM 23/12/2025</span></td>\r\n</tr>\r\n<tr>\r\n<td>1112</td>\r\n<td><span><span>PREFEITO MUNICIPAL</span></span></td>\r\n<td>PL 176</td>\r\n<td>12/11/2025</td>\r\n<td style=\"text-align: justify; \"><a title=\"\" href=\"https://www.cubatao.sp.leg.br/processo-legislativo/projetos-de-lei/arquivos/2025/Projeto_de_Lei_no_176-2025.pdf\" class=\"internal-link\" target=\"_self\">AUTORIZA A CONTRATA\u00c7\u00c3O DE OPERA\u00c7\u00c3O DE CR\u00c9DITO COM A CAIXA ECON\u00d4MICA FEDERAL, COM GARANTIA DA UNI\u00c3O E D\u00c1 OUTRAS PROVID\u00caNCIAS\"</a></td>\r\n<td><a class=\"external-link\" href=\"https://www.legislacaodigital.com.br/Cubatao-SP/LeisOrdinarias/4427\" target=\"_self\" title=\"\">LEI N\u00ba 4.427 DE 01/12/2025</a></td>\r\n</tr>\r\n<tr>\r\n<td>1110</td>\r\n<td><span>PREFEITO MUNICIPAL</span></td>\r\n<td>PL 175</td>\r\n<td>12/11/2025</td>\r\n<td style=\"text-align: justify; \">\r\n<p><span><a title=\"\" href=\"https://www.cubatao.sp.leg.br/processo-legislativo/projetos-de-lei/arquivos/2025/Projeto_de_Lei_no_175-2025.pdf\" class=\"internal-link\" target=\"_self\">CRIA O CONSELHO MUNICIPAL DE SEGURAN\u00c7A P\u00daBLICA - COMSEG E O FUNDO MUNICIPAL DE SEGURAN\u00c7A P\u00daBLICA - FUMSEG, NO MUNIC\u00cdPIO DE CUBATAO, E DA OUTRAS PROVIDENCIAS</a></span></p>\r\n</td>\r\n<td>OF\u00cdCIO AO EXECUTIVO EM 28/11/2025</td>\r\n</tr>\r\n<tr>\r\n<td>1102</td>\r\n<td>RONIELE</td>\r\n<td>PL 174</td>\r\n<td>11/11/2025</td>\r\n<td style=\"text-align: justify; \">\r\n<p><span><a title=\"\" href=\"https://www.cubatao.sp.leg.br/processo-legislativo/projetos-de-lei/arquivos/2025/PL_No_174-2025_PROGRAMA_DE_ACOMPANHAMENTO_PSICOSSOCIAL_AOS_TRABALHADORES_DA_SAUDE_.pdf\" class=\"internal-link\" target=\"_self\">INSTITUI DIRETRIZES DO PROGRAMA MUNICIPAL DE ACOMPANHAMENTO PSICOSSOCIAL AOS TRABALHADORES DA SA\u00daDE NO \u00c2MBITO DO MUNIC\u00cdPIO E D\u00c1 OUTRAS PROVID\u00caNCIAS\"</a></span></p>\r\n</td>\r\n<td>CONCLUSO</td>\r\n</tr>\r\n<tr>\r\n<td>1091</td>\r\n<td>MESA DA C\u00c2MARA</td>\r\n<td>PR 08</td>\r\n<td>06/11/2025</td>\r\n<td style=\"text-align: justify; \">\r\n<p><a title=\"\" href=\"https://www.cubatao.sp.leg.br/processo-legislativo/projetos-de-lei/arquivos/2025/Projeto_de_Resolucao_No_08-2025.pdf\" class=\"internal-link\" target=\"_self\">ALTERA O ANEXO V DA RESOLU\u00c7\u00c3O N\u00ba 3.079, DE 22 DE JULHO DE 2025, QUE DISP\u00d5E SOBRE A ESTRUTURA ADMINISTRATIVA DA C\u00c2MARA MUNICIPAL DE CUBAT\u00c3O, E D\u00c1 OUTRAS PROVID\u00caNCIAS</a>.</p>\r\n</td>\r\n<td>GAB PRESIDENTE EM 10/11/2025</td>\r\n</tr>\r\n<tr>\r\n<td>1089</td>\r\n<td>PREFEITO MUNICIPAL</td>\r\n<td>PL 173</td>\r\n<td>06/11/2025</td>\r\n<td style=\"text-align: justify; \"><a title=\"\" href=\"https://www.cubatao.sp.leg.br/processo-legislativo/projetos-de-lei/arquivos/2025/PL_No_173-2025.pdf\" class=\"internal-link\" target=\"_self\">ALTERA A EMENDA QUE MENCIONA DO ANEXO DAS EMENDAS IMPOSITIVAS DA LEI ORDIN\u00c1RIA N\u00ba 4.347, DE 20 DE DEZEMBRO DE 2024, ALTERADA PELAS LEIS N\u00b0 4.400, DE 17 DE SETEMBRO DE 2025, N\u00b0 4.408, DE 30 DE SETEMBRO DE 2025 E N\u00b0 4.421, DE 06 DE NOVEMBRO DE 2025, E D\u00c1 OUTRAS PROVID\u00caNCIAS.</a></td>\r\n<td><a class=\"external-link\" href=\"https://www.legislacaodigital.com.br/Cubatao-SP/LeisOrdinarias/4425\" target=\"_self\" title=\"\">LEI N\u00ba 4.425 DE 25/11/2025</a></td>\r\n</tr>\r\n<tr>\r\n<td>1066</td>\r\n<td><span><span>ALEXANDRE MENDES</span></span></td>\r\n<td>PL 172</td>\r\n<td><span>04/11/2025</span></td>\r\n<td style=\"text-align: justify; \"><a title=\"\" href=\"https://www.cubatao.sp.leg.br/processo-legislativo/projetos-de-lei/arquivos/2025/PL_No_172-2025_Denomina_Rua_Antonio_Medeiros_Bezerra_assinado.pdf\" class=\"internal-link\" target=\"_self\">DENOMINA \u201cRUA ANTONIO MEDEIROS BEZERRA\" O LOGRADOURO P\u00daBLICO QUE MENCIONA E D\u00c1 OUTRAS PROVID\u00caNCIAS.</a></td>\r\n<td><span><span><span>OFICIANDO EM 05/11/2025</span></span></span></td>\r\n</tr>\r\n<tr>\r\n<td>1050</td>\r\n<td><span>ALEXANDRE MENDES</span></td>\r\n<td>PL 171</td>\r\n<td><span>04/11/2025</span></td>\r\n<td style=\"text-align: justify; \"><a title=\"\" href=\"https://www.cubatao.sp.leg.br/processo-legislativo/projetos-de-lei/arquivos/2025/PL.%20171.pdf\" class=\"internal-link\" target=\"_self\">DENOMINA \u201cUNIDADE MUNICIPAL DE ENSINO PROFESSOR JOS\u00c9 FABIANO MADEIRA \u201cPROF MADEIRA\u201d O LOGRADOURO P\u00daBLICO QUE MENCIONA E D\u00c1 OUTRAS PROVID\u00caNCIAS\u201d</a></td>\r\n<td><span><span><span>OFICIANDO EM 04/11/2025</span></span></span></td>\r\n</tr>\r\n<tr>\r\n<td>1049</td>\r\n<td><span>PREFEITO MUNICIPAL</span></td>\r\n<td>PL 170</td>\r\n<td><span>16/10/2025</span></td>\r\n<td style=\"text-align: justify; \"><a title=\"\" href=\"https://www.cubatao.sp.leg.br/processo-legislativo/projetos-de-lei/arquivos/2025/PL_170-2025.pdf\" class=\"internal-link\" target=\"_self\">DISP\u00d5E SOBRE O PRAZO PARA A IMPLEMENTA\u00c7\u00c3O DO CADASTRO SIGILOSO PREVISTO NO ART. 4\u00b0 DA LEI N\u00ba 4.369, DE 29 DE ABRIL DE 2025, E D\u00c1 OUTRAS PROVID\u00caNCIAS</a></td>\r\n<td><span><span><a class=\"external-link\" href=\"https://www.legislacaodigital.com.br/Cubatao-SP/LeisOrdinarias/4424\" target=\"_self\" title=\"\">LEI N\u00ba 4.424 DE 14/11/2025</a></span></span></td>\r\n</tr>\r\n<tr>\r\n<td>1047</td>\r\n<td>PREFEITO MUNICIPAL</td>\r\n<td>PL 169</td>\r\n<td>03/11/2025</td>\r\n<td style=\"text-align: justify; \"><a title=\"\" href=\"https://www.cubatao.sp.leg.br/processo-legislativo/projetos-de-lei/arquivos/2025/Projeto_de_Lei_169-2025.pdf\" class=\"internal-link\" target=\"_self\">CRIA A COMISS\u00c3O DE SINDIC\u00c2NCIA PERMANENTE DO CONSELHO TUTELAR DE CUBAT\u00c3O, DISCIPLINA 0 PROCESSO DISCIPLINAR E AS PENALIDADES APLIC\u00c1VEIS AOS CONSELHEIROS TUTELARES, AS LICEN\u00c7AS E D\u00c1 OUTRAS PROVID\u00caNCIAS\"</a></td>\r\n<td><span>OF\u00cdCIO AO EXECUTIVO EM 07/11/2025</span></td>\r\n</tr>\r\n<tr>\r\n<td>1041</td>\r\n<td>ALEXANDRE MENDES<span><span></span></span></td>\r\n<td>PL 168</td>\r\n<td>02/11/2025</td>\r\n<td style=\"text-align: justify; \">\r\n<p><a title=\"\" href=\"https://www.cubatao.sp.leg.br/processo-legislativo/projetos-de-lei/arquivos/2025/PL_168_-_2025_-_Utilidade_Publica_-_Associacao_Cultural_Original_Hip_Hop_Cubatao.pdf\" class=\"internal-link\" target=\"_self\">Declara de Utilidade P\u00fablica a Associa\u00e7\u00e3o Cultural Original Hip Hop Cubat\u00e3o</a></p>\r\n</td>\r\n<td><span>DILIG\u00caNCIA INTERNA EM 11/11/2025</span><span></span></td>\r\n</tr>\r\n<tr>\r\n<td>1032</td>\r\n<td><span><span>ALEXANDRE MENDES\u00a0</span></span></td>\r\n<td>PL 167</td>\r\n<td>31/10/2025</td>\r\n<td style=\"text-align: justify; \">\r\n<p><a title=\"\" href=\"https://www.cubatao.sp.leg.br/processo-legislativo/projetos-de-lei/arquivos/2025/PL_Ndeg_167-2025.pdf\" class=\"internal-link\" target=\"_self\">DENOMINA \u201cUNIDADE MUNICIPAL DE ENSINO PROFESSORA NEUSA GERALDA RAMOS\u201d O LOGRADOURO P\u00daBLICO QUE MENCIONA E D\u00c1 OUTRAS PROVID\u00caNCIAS</a></p>\r\n</td>\r\n<td><span>OFICIANDO EM 31/10/2025</span></td>\r\n</tr>\r\n<tr>\r\n<td>195</td>\r\n<td><span><span>PREFEITO MUNICIPAL</span></span></td>\r\n<td>OF\u00cdCIO N\u00ba 196/2025/SEJUR</td>\r\n<td>24/10/2025</td>\r\n<td style=\"text-align: justify; \">\r\n<p><a title=\"\" href=\"https://www.cubatao.sp.leg.br/processo-legislativo/projetos-de-lei/arquivos/2025/Oficio_ndeg_196-2025-SEJUR.pdf\" class=\"internal-link\" target=\"_self\">VETO PARCIAL AO PROJETO DE LEI N\u00ba 36 QUE \"</a><span><a title=\"\" href=\"https://www.cubatao.sp.leg.br/processo-legislativo/projetos-de-lei/arquivos/2025/Oficio_ndeg_196-2025-SEJUR.pdf\" class=\"internal-link\" target=\"_self\">DISP\u00d5E SOBRE O DIREITO AO ALEITAMENTO MATERNO NAS ESCOLAS DE ENSINO INFANTIL DO MUNIC\u00cdPIO, GARANTINDO CONDI\u00c7\u00d5ES ADEQUADAS PARA A AMAMENTA\u00c7\u00c3O E PERMAN\u00caNCIA DA M\u00c3E LACTANTE NO AMBIENTE ESCOLAR, E D\u00c1 OUTRAS PROVID\u00caNCIAS\"</a>.</span></p>\r\n</td>\r\n<td><span>MANTIDO O VETO EM 25/11/2025</span></td>\r\n</tr>\r\n<tr>\r\n<td>1016</td>\r\n<td><span><span>BATOR\u00c9</span></span></td>\r\n<td>PL 166</td>\r\n<td>21/10/2025</td>\r\n<td style=\"text-align: justify; \">\r\n<p><a title=\"\" href=\"https://www.cubatao.sp.leg.br/processo-legislativo/projetos-de-lei/arquivos/2025/PL_no_166_2025_-_Instalacao_redutor_de_ar_sabesp_assinado_assinado.pdf\" class=\"internal-link\" target=\"_self\">DISP\u00d5E SOBRE INSTALA\u00c7\u00c3O DE EQUIPAMENTO ELIMINADOR DE AR NA TUBULA\u00c7\u00c3O SISTEMA DE ABASTECIMENTO DE \u00c1GUA NO MUNIC\u00cdPIO DE CUBAT\u00c3O E D\u00c1 OUTRAS PROVID\u00caNCIAS</a>.</p>\r\n</td>\r\n<td><span>APROVADO EM 2\u00aa DISCUSS\u00c3O EM 18/11/2025</span></td>\r\n</tr>\r\n<tr>\r\n<td>998</td>\r\n<td><span><span>RONY MARTINS</span><span></span></span></td>\r\n<td>PL 165</td>\r\n<td>16/10/2025</td>\r\n<td style=\"text-align: justify; \">\r\n<p><a title=\"\" href=\"https://www.cubatao.sp.leg.br/processo-legislativo/projetos-de-lei/arquivos/2025/PL_No_165-2025.pdf\" class=\"internal-link\" target=\"_self\">DISP\u00d5E SOBRE A OBRIGATORIEDADE DE PRESTAR SOCORRO AOS ANIMAIS ATROPELADOS NO MUNIC\u00cdPIO DE CUBAT\u00c3O.</a></p>\r\n</td>\r\n<td>RETIRADO PELO AUTOR EM 29/10/2025</td>\r\n</tr>\r\n<tr>\r\n<td>997</td>\r\n<td><span><span>RONY MARTINS</span></span></td>\r\n<td>PL 164</td>\r\n<td>16/10/2025</td>\r\n<td style=\"text-align: justify; \">\r\n<p><a title=\"\" href=\"https://www.cubatao.sp.leg.br/processo-legislativo/projetos-de-lei/arquivos/2025/PL_164-2025.pdf\" class=\"internal-link\" target=\"_self\">INSTITUI O PROJETO BANCO VERMELHO QUE VISA CONSCIENTIZAR, PREVENIR, INFORMAR E SENSIBILIZAR A POPULA\u00c7\u00c3O POR MEIO DE CAMPANHA CONTRA A VIOL\u00caNCIA DOM\u00c9STICA E FAMILIAR E O ENFRENTAMENTO DO FEMINICIDIO E D\u00c1 OUTRAS PROVID\u00caNCIAS.</a></p>\r\n</td>\r\n<td><span><span><span>CONCLUSO</span></span></span></td>\r\n</tr>\r\n<tr>\r\n<td>992</td>\r\n<td>PREFEITO MUNICIPAL</td>\r\n<td>PL 163</td>\r\n<td>16/10/2025</td>\r\n<td style=\"text-align: justify; \">\r\n<p><a title=\"\" href=\"https://www.cubatao.sp.leg.br/processo-legislativo/projetos-de-lei/arquivos/2025/Projeto_de_Lei_no_163.2025.pdf\" class=\"internal-link\" target=\"_self\">ALTERA A EMENDA QUE MENCIONA DO ANEXO DAS EMENDAS IMPOSITIVAS DA LEI ORDIN\u00c1RIA N\u00b0 4.347, DE 20 DE DEZEMBRO DE 2024, ALTERADA PELAS LEIS N\u00b0 4.400, DE 17 DE SETEMBRO DE 2025, E N\u00b0 4.408, DE 30 DE SETEMBRO DE 2025 E D\u00c1 OUTRAS PROVIDENCIAS</a>.</p>\r\n</td>\r\n<td><a class=\"external-link\" href=\"https://www.legislacaodigital.com.br/Cubatao-SP/LeisOrdinarias/4421\" target=\"_self\" title=\"\">LEI N\u00ba 4.421 DE 06/11/2025</a></td>\r\n</tr>\r\n<tr>\r\n<td>990</td>\r\n<td><span><span>PREFEITO MUNICIPAL</span></span></td>\r\n<td>PL 162</td>\r\n<td>15/10/2025</td>\r\n<td style=\"text-align: justify; \">\r\n<p><a title=\"\" href=\"https://www.cubatao.sp.leg.br/processo-legislativo/projetos-de-lei/arquivos/2025/PL_No_162_2025.pdf\" class=\"internal-link\" target=\"_self\">INSTITUI O BENEFICIO ASSISTENCIAL DE AMPARO ALIMENTAR AOS APOSENTADOS E PENSIONISTAS DO REGIME PR\u00d3PRIO DE PREVID\u00caNCIA SOCIAL (RPPS) DO MUNIC\u00cdPIO DE CUBATAO, E D\u00c1 OUTRAS PROVID\u00caNCIAS.</a></p>\r\n</td>\r\n<td><span><a class=\"external-link\" href=\"https://www.legislacaodigital.com.br/Cubatao-SP/LeisOrdinarias/4417\" target=\"_self\" title=\"\">LEI N\u00ba 4.417 DE 30/10/2025</a></span></td>\r\n</tr>\r\n<tr>\r\n<td>989</td>\r\n<td><span><span>PREFEITO MUNICIPAL</span></span></td>\r\n<td>PL 161</td>\r\n<td>15/10/2025</td>\r\n<td style=\"text-align: justify; \">\r\n<p><a title=\"\" href=\"https://www.cubatao.sp.leg.br/processo-legislativo/projetos-de-lei/arquivos/2025/PL_No_161_2025.pdf\" class=\"internal-link\" target=\"_self\">AUTORIZA O PODER EXECUTIVO A INSTITUIR VANTAGEM PESSOAL NOMINALMENTE IDENTIFICADA - VPNI AOS SERVIDORES DOS QUADROS COMPLEMENTAR E SUPLEMENTAR, E D\u00c1 OUTRAS PROVID\u00caNCIAS.</a></p>\r\n</td>\r\n<td><a class=\"external-link\" href=\"https://www.legislacaodigital.com.br/Cubatao-SP/LeisOrdinarias/4442\" target=\"_self\" title=\"\">LEI N\u00ba 4.442 DE 03/02/2026</a></td>\r\n</tr>\r\n<tr>\r\n<td>982</td>\r\n<td><span>GUILHERME AMARAL</span></td>\r\n<td>PL 160</td>\r\n<td>14/10/2025</td>\r\n<td style=\"text-align: justify; \">\r\n<p><a title=\"\" href=\"https://www.cubatao.sp.leg.br/processo-legislativo/projetos-de-lei/arquivos/2025/PL160_2025_-_Programa_Municipal_Alfabetizacao_na_Idade_Certa%20-1.pdf\" class=\"internal-link\" target=\"_self\">DISP\u00d5E SOBRE A IMPLEMENTA\u00c7\u00c3O DO \"PROGRAMA MUNICIPAL ALFABETIZA\u00c7\u00c3O NA IDADE CERTA\" NO \u00c2MBITO DO MUNIC\u00cdPIO DE CUBAT\u00c3O E D\u00c1 OUTRAS PROVID\u00caNCIAS.</a></p>\r\n</td>\r\n<td><span>CONCLUSO</span></td>\r\n</tr>\r\n<tr>\r\n<td>976</td>\r\n<td><span>PREFEITO MUNICIPAL</span></td>\r\n<td>PL 159</td>\r\n<td>10/10/2025</td>\r\n<td style=\"text-align: justify; \">\r\n<p><a title=\"\" href=\"https://www.cubatao.sp.leg.br/processo-legislativo/projetos-de-lei/arquivos/2025/PROJETO_DE_LEI_Ndeg_159-2025.pdf\" class=\"internal-link\" target=\"_self\">AUTORIZA O PODER EXECUTIVO A EFETUAR TRANSFER\u00caNCIA FINANCEIRA A C\u00c2MARA MUNICIPAL DE CUBAT\u00c3O, NA IMPORT\u00c2NCIA DE R$ 7.742.630,48 (SETE MILH\u00d5ES SETECENTOS E QUARENTA E DOIS MIL SEISCENTOS E TRINTA REAIS E QUARENTA E OITO CENTAVOS), E D\u00c1 OUTRAS PROVID\u00caNCIAS.</a></p>\r\n</td>\r\n<td><span><a class=\"external-link\" href=\"https://www.legislacaodigital.com.br/Cubatao-SP/LeisOrdinarias/4420\" target=\"_self\" title=\"\">LEI N\u00ba 4.420 DE 06/11/2025</a></span></td>\r\n</tr>\r\n<tr>\r\n<td>974</td>\r\n<td>RONALDO DA COMISS\u00c3O</td>\r\n<td>PL 158</td>\r\n<td>09/10/2025</td>\r\n<td style=\"text-align: justify; \"><a title=\"\" href=\"https://www.cubatao.sp.leg.br/processo-legislativo/projetos-de-lei/arquivos/2025/PL_No158-2025-DIVULGACAO_DE_OBRAS.pdf\" class=\"internal-link\" target=\"_self\">DISP\u00d5E SOBRE A DIVULGA\u00c7\u00c3O NO SITE DA PREFEITURA MUNICIPAL DE CUBAT\u00c3O DOS DADOS B\u00c1SICOS DE TODAS AS OBRAS P\u00daBLICAS MUNICIPAIS EM ANDAMENTO</a></td>\r\n<td><span><span>RETIRADO PELO AUTOR EM 03/11/2025</span></span></td>\r\n</tr>\r\n<tr>\r\n<td>971</td>\r\n<td>PREFEITO MUNICIPAL</td>\r\n<td>PL 157</td>\r\n<td>09/10/2025</td>\r\n<td style=\"text-align: justify; \">\r\n<p><a title=\"\" href=\"https://www.cubatao.sp.leg.br/processo-legislativo/projetos-de-lei/arquivos/2025/PL_No_157-2025.pdf\" class=\"internal-link\" target=\"_self\">ALTERA, NO \u00c2MBITO DA POL\u00cdTICA HABITACIONAL DO MUNIC\u00cdPIO, O AUX\u00cdLIO PARA FRENTE DE OBRAS E DA OUTRAS PROVID\u00caNCIAS.</a></p>\r\n<p><a title=\"\" href=\"https://www.cubatao.sp.leg.br/processo-legislativo/projetos-de-lei/arquivos/2025/PL%20157.2025%20-%20Oficio_229-2025-Resp.-Of._563-2025.pdf\" class=\"internal-link\" target=\"_self\">MENSAGEM ADITIVA</a></p>\r\n</td>\r\n<td>\r\n<p><a class=\"external-link\" href=\"https://www.legislacaodigital.com.br/Cubatao-SP/LeisOrdinarias/4441\" target=\"_self\" title=\"\">LEI N\u00ba 4.441, DE 22 DE JANEIRO DE 2026</a></p>\r\n</td>\r\n</tr>\r\n<tr>\r\n<td>963</td>\r\n<td>RONALDO DA COMISS\u00c3O</td>\r\n<td>PL 156</td>\r\n<td>06/10/2025</td>\r\n<td style=\"text-align: justify; \"><a title=\"\" href=\"https://www.cubatao.sp.leg.br/processo-legislativo/projetos-de-lei/arquivos/2025/PL_156_2025_-_SELO_EMPRESA_AMIGA_DO_JOVEM_E_DO_ADOLESCENTE_assinado_assinado.pdf\" class=\"internal-link\" target=\"_self\">INSTITUI O SELO \u201cEMPRESA AMIGA DO JOVEM E DO ADOLESCENTE APRENDIZ\u201d, NO \u00c2MBITO DO MUNIC\u00cdPIO DE CUBAT\u00c3OE D\u00c1 OUTRAS PROVID\u00caNCIAS</a>.</td>\r\n<td>RETIRADO PELO AUTOR EM 17/11/2025</td>\r\n</tr>\r\n<tr>\r\n<td>946</td>\r\n<td><span><span><span><span><span><span>GUILHERME AMARAL</span></span></span></span></span></span></td>\r\n<td>PL 155</td>\r\n<td>02/10/2025</td>\r\n<td style=\"text-align: justify; \"><a title=\"\" href=\"https://www.cubatao.sp.leg.br/processo-legislativo/projetos-de-lei/arquivos/2025/PL_155__2025_-_Tempo_medio_de_espera.pdf\" class=\"internal-link\" target=\"_self\">\"DISP\u00d5E SOBRE A OBRIGATORIEDADE DE OS PRONTOS-SOCORROS E UNIDADES DE PRONTO ATENDIMENTO DA REDE MUNICIPAL DE SA\u00daDE DE CUBAT\u00c3O AFIXAREM, EM LOCAL VIS\u00cdVEL NA RECEP\u00c7\u00c3O OU NA ENTRADA DE SUAS DEPEND\u00caNCIAS, PLACA OU VISOR INFORMANDO O TEMPO M\u00c9DIO DE ESPERA PARA ATENDIMENTO M\u00c9DICO.</a></td>\r\n<td><span>CONCLUSO</span></td>\r\n</tr>\r\n<tr>\r\n<td>945</td>\r\n<td><span><span><span><span><span>GUILHERME AMARAL</span></span></span></span></span></td>\r\n<td>PL 154</td>\r\n<td><span><span><span><span><span><span><span>02/10/2025</span></span></span></span></span></span></span></td>\r\n<td style=\"text-align: justify; \"><span><span><span><a title=\"\" href=\"https://www.cubatao.sp.leg.br/processo-legislativo/projetos-de-lei/arquivos/2025/PL_154__2025_-_Manobra_de_Desengasgo.pdf\" class=\"internal-link\" target=\"_self\">DISP\u00d5E SOBRE A AFIXA\u00c7\u00c3O DE CARTAZES ILUSTRATIVOS SOBRE O M\u00c9TODO PR\u00c9-HOSPITALAR DE DESENGASGO EM ESTABELECIMENTOS P\u00daBLICOS E PRIVADOS NO MUNIC\u00cdPIO DE CUBAT\u00c3O E D\u00c1 OUTRAS PROVID\u00caNCIAS\"</a></span></span></span></td>\r\n<td>\r\n<p><span><span><span><span><span><span><span><span><span><span><span><span><span><span>CONCLUSO</span></span></span></span></span></span></span></span></span></span></span></span></span></span></p>\r\n</td>\r\n</tr>\r\n<tr>\r\n<td>941</td>\r\n<td><span><span><span><span><span>PREFEITO MUNICIPAL</span></span></span></span></span></td>\r\n<td>PLC 153</td>\r\n<td><span><span><span><span><span><span><span>02/10/2025</span></span></span></span></span></span></span></td>\r\n<td style=\"text-align: justify; \"><span><span><span><a title=\"\" href=\"https://www.cubatao.sp.leg.br/processo-legislativo/projetos-de-lei/arquivos/2025/Projeto_de_Lei_ndeg153-2025.pdf\" class=\"internal-link\" target=\"_self\">\"ACRESCENTA AS COMPET\u00caNCIA DE FISCALIZA\u00c7\u00c3O DE POSTURAS E DO ORDENAMENTO URBANO MUNICIPAL AOS GUARDAS CIVIS MUNICIPAIS E INSTITUI GRATIFICA\u00c7\u00c3O POR DESEMPENHO DAS ATIVIDADES DE FISCALIZA\u00c7\u00c3O E D\u00c1 OUTRAS PROVID\u00caNCIAS.\"</a></span></span></span></td>\r\n<td>\r\n<p><span><a class=\"external-link\" href=\"https://www.legislacaodigital.com.br/Cubatao-SP/LeisComplementares/156\" target=\"_self\" title=\"\">LEI COMPLEMENTAR N\u00ba 156, DE 5 DE JANEIRO DE 2026.</a></span></p>\r\n</td>\r\n</tr>\r\n<tr>\r\n<td>940</td>\r\n<td><span><span><span><span><span>RONALDO</span></span></span></span></span></td>\r\n<td>PL 152</td>\r\n<td><span><span><span><span><span><span>02/10/2025</span></span></span></span></span></span></td>\r\n<td style=\"text-align: justify; \"><span><span><span><a title=\"\" href=\"https://www.cubatao.sp.leg.br/processo-legislativo/projetos-de-lei/arquivos/2025/PL.%20152.pdf\" class=\"internal-link\" target=\"_self\">\"INSTITUI A CAMPANHA DE CONCIENTIZA\u00c7\u00c3O DE DOA\u00c7\u00c3O DE \u00d3RGAOS \u201cSETEMBRO VERDE\u201d NO \u00c2MBITO DO MUNIC\u00cdPIO DE CUBAT\u00c3O.\"</a></span></span></span></td>\r\n<td>\r\n<p><span><span><span><span><span><span><span><span><span><span><span><span>CONCLUSO</span></span></span></span></span></span></span></span></span></span></span></span></p>\r\n</td>\r\n</tr>\r\n<tr>\r\n<td>939</td>\r\n<td><span><span><span><span>RONALDO</span></span></span></span></td>\r\n<td>PL 151</td>\r\n<td><span><span><span><span><span>02/10/2025</span></span></span></span></span></td>\r\n<td style=\"text-align: justify; \"><span><span><span><a title=\"\" href=\"https://www.cubatao.sp.leg.br/processo-legislativo/projetos-de-lei/arquivos/2025/PL_151_2025_-_INSTITUI_A_POLITICA_DE_PREVENCAO_A_VIOLENCIA_CONTRA_OS_EDUCADORES_DO_MUNICIPIO_DE_CUBATAO.pdf\" class=\"internal-link\" target=\"_self\">INSTITUI A CAMPANHA DE PREVEN\u00c7\u00c3O E COMBATE \u00c0 VIOL\u00caNCIA CONTRA OS EDUCADORES DO MUNIC\u00cdPIO DE CUBAT\u00c3O.</a></span></span></span></td>\r\n<td>\r\n<p><span><span><span><span><span><span><span><span><span><span><span>CONCLUSO</span></span></span></span></span></span></span></span></span></span></span></p>\r\n</td>\r\n</tr>\r\n<tr>\r\n<td>938</td>\r\n<td><span><span><span>RONALDO\u00a0</span></span></span></td>\r\n<td>PL 150</td>\r\n<td><span><span><span><span>02/10/2025</span></span></span></span></td>\r\n<td style=\"text-align: justify; \"><span><span><span><a title=\"\" href=\"https://www.cubatao.sp.leg.br/processo-legislativo/projetos-de-lei/arquivos/2025/PL_150_2025_-_SELO_EMPRESA_AMIGA_DO_JOVEM_E_DO_ADOLESCENTE.pdf\" class=\"internal-link\" target=\"_self\">\"INSTITUI O SELO \u201cEMPRESA AMIGA DO JOVEM E DO ADOLESCENTE APRENDIZ\u201d, NO \u00c2MBITO DO MUNIC\u00cdPIO DE CUBAT\u00c3O E D\u00c1 OUTRAS PROVID\u00caNCIAS.\"</a></span></span></span></td>\r\n<td>\r\n<p><span><a class=\"external-link\" href=\"https://www.legislacaodigital.com.br/Cubatao-SP/LeisOrdinarias/4444\" target=\"_self\" title=\"\">Lei n\u00b0 4.444, de 9 de mar\u00e7o de 2026</a></span></p>\r\n</td>\r\n</tr>\r\n<tr>\r\n<td>931</td>\r\n<td><span><span><span>JOEMERSON\u00a0</span></span></span></td>\r\n<td>PL 149</td>\r\n<td><span><span><span><span>01/10/2025</span></span></span></span></td>\r\n<td style=\"text-align: justify; \"><span><span><span><a title=\"\" href=\"https://www.cubatao.sp.leg.br/processo-legislativo/projetos-de-lei/arquivos/2025/PL.%20149.pdf\" class=\"internal-link\" target=\"_self\">DECLARA DE UTILIDADE P\u00daBLICA A ENTIDADE QUE MENCIONA E D\u00c1 OUTRAS PROVID\u00caNCIAS\"</a></span></span></span></td>\r\n<td>\r\n<p><span><span><span><span><span><span><span><span><span>RETIRADO PELO AUTOR EM 02/02/2026</span></span></span></span></span></span></span></span></span></p>\r\n</td>\r\n</tr>\r\n<tr>\r\n<td>930</td>\r\n<td><span><span><span>PREFEITO MUNICIPAL</span></span></span></td>\r\n<td>PL 148</td>\r\n<td><span><span><span>01/10/2025</span></span></span></td>\r\n<td style=\"text-align: justify; \">\r\n<p><span><span><span><a title=\"\" href=\"https://www.cubatao.sp.leg.br/processo-legislativo/projetos-de-lei/arquivos/2025/1._Projeto_de_Lei_148-2025_e_Mensagem_Explicativa.pdf\" class=\"internal-link\" target=\"_self\">DISP\u00d5E SOBRE O PLANO PLURIANUAL DO MUNIC\u00cdPIO DE CUBAT\u00c3O PARA O PER\u00cdODO DE 2026 A 2029</a></span></span></span></p>\r\n<p><a title=\"\" href=\"https://www.cubatao.sp.leg.br/processo-legislativo/projetos-de-lei/arquivos/2025/Oficio_ndeg_197-2025-SEJUR.pdf\" class=\"internal-link\" target=\"_self\">MENSAGEM ADITIVA</a></p>\r\n</td>\r\n<td>\r\n<p><span><span><span><span><span><span><span><span><a class=\"external-link\" href=\"https://www.legislacaodigital.com.br/Cubatao-SP/LeisOrdinarias/4436\" target=\"_self\" title=\"\">LEI N\u00ba 4.436, DE 22 DE DEZEMBRO DE 2025</a></span></span></span></span></span></span></span></span></p>\r\n<p><span><span><span><span><span><span><span><span><a class=\"external-link\" href=\"https://www.legislacaodigital.com.br/Cubatao-SP/LeisOrdinarias/4436/pdf/2\" target=\"_self\" title=\"\">ANEXOS</a></span></span></span></span></span></span></span></span></p>\r\n</td>\r\n</tr>\r\n<tr>\r\n<td>929</td>\r\n<td><span><span>PREFEITO MUNICIPAL</span></span></td>\r\n<td>PL 147</td>\r\n<td><span><span>01/10/2025</span></span></td>\r\n<td style=\"text-align: justify; \"><span><span><span><a title=\"\" href=\"https://www.cubatao.sp.leg.br/processo-legislativo/projetos-de-lei/arquivos/2025/PL.%20147%20ORCAMENTO.pdf\" class=\"internal-link\" target=\"_self\">ESTIMA A RECEITA E FIXA A DESPESA DO MUNIC\u00cdPIO DE CUBAT\u00c3O PARA O EXERC\u00cdCIO DE 2026</a></span></span></span></td>\r\n<td>\r\n<p><span><a class=\"external-link\" href=\"https://www.legislacaodigital.com.br/Cubatao-SP/LeisOrdinarias/4435\" target=\"_self\" title=\"\">LEI N\u00ba 4.435, DE 22 DE DEZEMBRO DE 2025</a></span></p>\r\n<p><span><a class=\"external-link\" href=\"https://www.legislacaodigital.com.br/Cubatao-SP/LeisOrdinarias/4435/pdf/2\" target=\"_self\" title=\"\">ANEXO DE EMENDAS IMPOSITIVAS</a></span></p>\r\n<p><a class=\"external-link\" href=\"https://www.legislacaodigital.com.br/Cubatao-SP/LeisOrdinarias/4436/pdf/2\" target=\"_self\" title=\"\">ANEXOS</a></p>\r\n</td>\r\n</tr>\r\n<tr>\r\n<td>922</td>\r\n<td><span><span>ALEXANDRE MENDES</span></span></td>\r\n<td>PL 146</td>\r\n<td><span><span>29/09/2025</span></span></td>\r\n<td style=\"text-align: justify; \"><span><span><span><a title=\"\" href=\"https://www.cubatao.sp.leg.br/processo-legislativo/projetos-de-lei/arquivos/2025/PL.%20146.pdf\" class=\"internal-link\" target=\"_self\">\"INSTITUI O PROGRAMA DE PREVEN\u00c7\u00c3O \u00c0 DEPRESS\u00c3O P\u00d3S-PARTO NO MUNIC\u00cdPIO DE CUBAT\u00c3O/SP E D\u00c1 OUTRAS PROVID\u00caNCIAS\"</a></span></span></span></td>\r\n<td>\r\n<p><a class=\"external-link\" href=\"https://www.legislacaodigital.com.br/Cubatao-SP/LeisOrdinarias/4433\" target=\"_self\" title=\"\">LEI N\u00ba 4.433, DE 22/12/2025</a></p>\r\n</td>\r\n</tr>\r\n<tr>\r\n<td>920</td>\r\n<td><span>ALEXANDRE MENDES</span></td>\r\n<td>PL 145</td>\r\n<td><span><span>29/09/2025</span></span></td>\r\n<td style=\"text-align: justify; \"><span><span><span><a title=\"\" href=\"https://www.cubatao.sp.leg.br/processo-legislativo/projetos-de-lei/arquivos/2025/Projeto_de_Lei_no_145_2025.pdf\" class=\"internal-link\" target=\"_self\">DECLARA DE UTILIDADE P\u00daBLICA A ENTIDADE QUE MENCIONA E D\u00c1 OUTRAS PROVID\u00caNCIAS</a></span></span></span></td>\r\n<td>\r\n<p>DILIG\u00caNCIA INTERNA EM 03/11</p>\r\n</td>\r\n</tr>\r\n<tr>\r\n<td>916</td>\r\n<td><span>PREFEITO MUNICIPAL</span></td>\r\n<td>PLC 144</td>\r\n<td><span>26/09/2025</span></td>\r\n<td style=\"text-align: justify; \"><span><span><a title=\"\" href=\"https://www.cubatao.sp.leg.br/processo-legislativo/projetos-de-lei/arquivos/2025/Projeto_de_Lei_Complementar_ndeg_144-2025.pdf\" class=\"internal-link\" target=\"_self\">INSTITUI O PROGRAMA DE RECUPERA\u00c7\u00c3O FISCAL \u2014 REFIS NO MUNIC\u00cdPIO DE CUBAT\u00c3O E DA OUTRAS PROVIDENCIAS.\"</a></span></span></td>\r\n<td>\r\n<p><span><a class=\"external-link\" href=\"https://www.legislacaodigital.com.br/Cubatao-SP/LeisComplementares/153\" target=\"_self\" title=\"\">LEI COMPLEMENTAR N\u00ba 153 DE 22/10/2025</a></span></p>\r\n</td>\r\n</tr>\r\n<tr>\r\n<td>915</td>\r\n<td>PREFEITO MUNICIPAL</td>\r\n<td>PL 143</td>\r\n<td><span>26/09/2025</span></td>\r\n<td style=\"text-align: justify; \"><span><span><a title=\"\" href=\"https://www.cubatao.sp.leg.br/processo-legislativo/projetos-de-lei/arquivos/2025/Projeto_de_Lei_ndeg_143-2025.pdf\" class=\"internal-link\" target=\"_self\">DISP\u00d5E SOBRE A ALTERA\u00c7\u00c3O DA AFETA\u00c7\u00c3O DE IM\u00d3VEL P\u00daBLICO MUNICIPAL, TRANSFERINDO DA CATEGORIA DE BEM DOMINIAL PARA CLASSE DE BEM COMUM DE USO DO POVO, NO LOTEAMENTO DENOMINADO PARQUE DOS TRABALHADORES.</a></span></span></td>\r\n<td><a class=\"external-link\" href=\"https://www.legislacaodigital.com.br/Cubatao-SP/LeisOrdinarias/4411\" target=\"_self\" title=\"\">LEI N\u00aa 4.411 DE 23/10/2025</a></td>\r\n</tr>\r\n<tr>\r\n<td>912</td>\r\n<td>TINHO</td>\r\n<td>PL 142</td>\r\n<td><span>25/09/2025</span></td>\r\n<td style=\"text-align: justify; \"><span><span><a title=\"\" href=\"https://www.cubatao.sp.leg.br/processo-legislativo/projetos-de-lei/arquivos/2025/Projeto_de_Lei_ndeg_142-2025.pdf\" class=\"internal-link\" target=\"_self\">INSTITUI, NO \u00c2MBITO DO MUNIC\u00cdPIO DE CUBAT\u00c3O, O PROGRAMA DE ACESSO A M\u00c9TODOS ANTICONCEPCIONAIS DE LONGA DURA\u00c7\u00c3O PARA ADOLESCENTES, E D\u00c1 OUTRAS PROVIDENCIAS</a></span></span></td>\r\n<td>\r\n<p><span><a class=\"external-link\" href=\"https://www.legislacaodigital.com.br/Cubatao-SP/LeisOrdinarias/4429\" target=\"_self\" title=\"\">LEI N\u00b0 4.429, DE 12/12/2025</a></span></p>\r\n</td>\r\n</tr>\r\n<tr>\r\n<td>900</td>\r\n<td>JAIR DO BAR\u00a0</td>\r\n<td>PL 141</td>\r\n<td><span>23/09/2025</span></td>\r\n<td style=\"text-align: justify; \"><span><span><a title=\"\" href=\"https://www.cubatao.sp.leg.br/processo-legislativo/projetos-de-lei/arquivos/2025/PL.%20141.pdf\" class=\"internal-link\" target=\"_self\">DISP\u00d5E SOBRE A CONTRATA\u00c7\u00c3O DE APRENDIZES PELAS EMPRESAS VENCEDORAS DE LICITA\u00c7\u00c3O P\u00daBLICA NO MUNIC\u00cdPIO DE CUBAT\u00c3O E D\u00c1 OUTRAS PROVID\u00caNCIAS\"</a></span></span></td>\r\n<td>\r\n<p><span>APROVADO EM 2\u00aa DISCUSS\u00c3O EM 25/11/2025</span></p>\r\n</td>\r\n</tr>\r\n<tr>\r\n<td>898</td>\r\n<td>PREFEITO MUNICIPAL\u00a0</td>\r\n<td>PL 140</td>\r\n<td><span>23/09/2025</span></td>\r\n<td style=\"text-align: justify; \"><span><a title=\"\" href=\"https://www.cubatao.sp.leg.br/processo-legislativo/projetos-de-lei/arquivos/2025/PL_140-2025.pdf\" class=\"internal-link\" target=\"_self\">ALTERA AS EMENDAS QUE MENCIONA DO ANEXO DAS EMENDAS IMPOSITIVAS, DA LEI ORDIN\u00c1RIA N\u00b0 4.347, DE 20 DE DEZEMBRO DE 2024, ALTERADAS PELA LEI ORDIN\u00c1RIA N\u00b0 4.400, DE 17 DE SETEMBRO DE 2025, E D\u00c1 OUTRAS PROVID\u00caNCIAS</a></span></td>\r\n<td>\r\n<p><a class=\"external-link\" href=\"https://www.legislacaodigital.com.br/Cubatao-SP/LeisOrdinarias/4408\" target=\"_self\" title=\"\">LEI N 4.408 DE 30/09/2025</a></p>\r\n</td>\r\n</tr>\r\n<tr>\r\n<td>897</td>\r\n<td>XUXA</td>\r\n<td>PL 139\u00a0</td>\r\n<td><span>23/09/2025</span></td>\r\n<td style=\"text-align: justify; \">\r\n<p><a title=\"\" href=\"https://www.cubatao.sp.leg.br/processo-legislativo/projetos-de-lei/arquivos/2025/PL_139-2025_-_Selo_Empresa_Amiga_da_Mulher.pdf\" class=\"internal-link\" target=\"_self\">DISP\u00d5E SOBRE A CRIA\u00c7\u00c3O DO SELO EMPRESA AMIGA DA MULHER E D\u00c1 OUTRAS PROVID\u00caNCIAS.</a></p>\r\n</td>\r\n<td><span><a class=\"external-link\" href=\"https://www.legislacaodigital.com.br/Cubatao-SP/LeisOrdinarias/4445\" target=\"_self\" title=\"\">Lei n\u00b0 4.445, de 9 de mar\u00e7o de 2026</a></span></td>\r\n</tr>\r\n<tr>\r\n<td>884</td>\r\n<td>RONALDO</td>\r\n<td>PL 138<span></span></td>\r\n<td>18/09/2025<span><span><span></span></span></span></td>\r\n<td style=\"text-align: justify; \">\r\n<p>\u00a0<a title=\"\" href=\"https://www.cubatao.sp.leg.br/processo-legislativo/projetos-de-lei/arquivos/2025/PL.%20138.pdf\" class=\"internal-link\" target=\"_self\">\"DISP\u00d5E SOBRE A CRIA\u00c7\u00c3O DO PROJETO JOVEM ELEITOR NAS ESCOLAS MUNICIPAIS DE ENSINO DE CUBAT\u00c3O\u201d</a></p>\r\n</td>\r\n<td>CONCLUSO</td>\r\n</tr>\r\n<tr>\r\n<td>874</td>\r\n<td>ALESSANDRO\u00a0</td>\r\n<td><span>PL 137</span></td>\r\n<td><span><span><span>16/09/2025</span></span></span></td>\r\n<td style=\"text-align: justify; \">\r\n<p><span><span><span><span><a title=\"\" href=\"https://www.cubatao.sp.leg.br/processo-legislativo/projetos-de-lei/arquivos/2025/PROJETO_DE_LEI_No_137.2025_-_Congresso_Assembleia_de_Deus.pdf\" class=\"internal-link\" target=\"_self\">INSTITUI NO CALEND\u00c1RIO OFICIAL DE EVENTOS E FESTAS DO MUNIC\u00cdPIO DE CUBAT\u00c3O O \u201cCONGRESSO UNIFICADO DA ASSEMBL\u00c9IA DE DEUS DE CUBAT\u00c3O\u201d E D\u00c1 OUTRAS PROVID\u00caNCIAS</a></span></span></span></span></p>\r\n</td>\r\n<td><span><a class=\"external-link\" href=\"https://www.legislacaodigital.com.br/Cubatao-SP/LeisOrdinarias/4413\" target=\"_self\" title=\"\">LEI N\u00ba 4.413 DE 23/10/2025</a></span></td>\r\n</tr>\r\n<tr>\r\n<td>871</td>\r\n<td>ALEXANDRE MENDES</td>\r\n<td><span>PL 136</span></td>\r\n<td><span><span><span>15/09/2025</span></span></span></td>\r\n<td style=\"text-align: justify; \">\r\n<p><span><span><span><span><a title=\"\" href=\"https://www.cubatao.sp.leg.br/processo-legislativo/projetos-de-lei/arquivos/2025/PL_No_136-2025_-_Acesso_de_Entregadores_as_Areas_de_Condominios.pdf\" class=\"internal-link\" target=\"_self\">REGULAMENTA O ACESSO DE ENTREGADORES DE SERVI\u00c7OS DE ENTREGA, DENOMINADOS \u201cDELIVERYS\u201d, \u00c0S \u00c1REAS COMUNS E PARTICULARES DOS CONDOM\u00cdNIOS, NO \u00c2MBITO DO MUNIC\u00cdPIO, E D\u00c1 OUTRAS PROVID\u00caNCIAS</a></span></span></span></span></p>\r\n</td>\r\n<td><span>EM DILIGENCIA INTERNA 24/09/2025</span></td>\r\n</tr>\r\n<tr>\r\n<td>870</td>\r\n<td>ALEXANDRE MENDES</td>\r\n<td><span>PL 135</span></td>\r\n<td><span><span><span>15/09/2025</span></span></span></td>\r\n<td style=\"text-align: justify; \">\r\n<p><span><span><span><span><a title=\"\" href=\"https://www.cubatao.sp.leg.br/processo-legislativo/projetos-de-lei/arquivos/2025/PL.%20135.pdf\" class=\"internal-link\" target=\"_self\">ALTERA O ARTIGO 1\u00ba DA LEI MUNICIPAL N\u00ba 2.619, DE 27 DE OUTUBRO DE 2000, E D\u00c1 OUTRAS PROVID\u00caNCIAS\"</a></span></span></span></span></p>\r\n</td>\r\n<td><span><a class=\"external-link\" href=\"https://www.legislacaodigital.com.br/Cubatao-SP/LeisOrdinarias/4419\" target=\"_self\" title=\"\">LEI N. 4.419 DE 06/11/2025</a></span></td>\r\n</tr>\r\n<tr>\r\n<td>866</td>\r\n<td><span>BATOR\u00c9</span></td>\r\n<td><span>PL 134</span></td>\r\n<td><span><span><span>15/09/2025</span></span></span></td>\r\n<td style=\"text-align: justify; \">\r\n<p><span><span><span><span><a title=\"\" href=\"https://www.cubatao.sp.leg.br/processo-legislativo/projetos-de-lei/arquivos/2025/PL.%20134.pdf\" class=\"internal-link\" target=\"_self\">DENOMINA \u201cAMAURY JOS\u00c9 LEME\u201d, A RUA QUE MENCIONA E D\u00c1 OUTRAS PROVID\u00caNCIAS</a></span></span></span></span></p>\r\n</td>\r\n<td><span>CONCLUSO</span></td>\r\n</tr>\r\n<tr>\r\n<td>851</td>\r\n<td><span>BATOR\u00c9</span></td>\r\n<td><span>PL 133</span></td>\r\n<td><span><span><span>09/09/2025</span></span></span></td>\r\n<td style=\"text-align: justify; \">\r\n<p><span><span><span><span><a title=\"\" href=\"https://www.cubatao.sp.leg.br/processo-legislativo/projetos-de-lei/arquivos/2025/PL%20133.pdf\" class=\"internal-link\" target=\"_self\">INSTITUI, NO \u00c2MBITO DO SISTEMA MUNICIPAL DE CULTURA DE CUBAT\u00c3O, A \"CUBAT\u00c3O FILM COMMISSION\" E D\u00c1 OUTRAS PROVID\u00caNCIAS\"</a></span></span></span></span></p>\r\n</td>\r\n<td><span>EM DILIGENCIA INTERNA 30/09/2025</span></td>\r\n</tr>\r\n<tr>\r\n<td>850</td>\r\n<td>ALEXANDRE MENDES</td>\r\n<td>PL 132</td>\r\n<td><span><span>09/09/2025</span></span></td>\r\n<td style=\"text-align: justify; \">\r\n<p><span><span><span><span><a title=\"\" href=\"https://www.cubatao.sp.leg.br/processo-legislativo/projetos-de-lei/arquivos/2025/PL%20132.pdf\" class=\"internal-link\" target=\"_self\">DISP\u00d5E SOBRE A PROTE\u00c7\u00c3O E O BEM-ESTAR ANIMAL, VEDANDO O USO DE COLEIRAS ANTILATIDO E SIMILARES, BEM COMO COLEIRAS DO TIPO ENFORCADOR QUE POSSUAM GARRAS, PINOS OU ESP\u00cdCULAS, NO MUNIC\u00cdPIO DE CUBAT\u00c3O, E D\u00c1 OUTRAS PROVID\u00caNCIAS</a></span></span></span></span></p>\r\n</td>\r\n<td><span><a class=\"external-link\" href=\"https://www.legislacaodigital.com.br/Cubatao-SP/LeisOrdinarias/4450\" target=\"_self\" title=\"\">Lei n\u00b0 4.450, de 18 de mar\u00e7o de 2026</a></span></td>\r\n</tr>\r\n<tr>\r\n<td>842</td>\r\n<td>PREFEITO MUNICIPAL</td>\r\n<td>PLC 131</td>\r\n<td><span><span>05/09/2025</span></span></td>\r\n<td style=\"text-align: justify; \">\r\n<p><span><span><span><span><a title=\"\" href=\"https://www.cubatao.sp.leg.br/processo-legislativo/projetos-de-lei/arquivos/2025/PLC_No_131_2025_-_ALTERA_A_LEI_Ndeg_1.383__DE_29_DE_JUNHO_DE_1983__QUE_DISPOE_SOBRE_O_SISTEMA_TRIBUTARIO_DO_MUNICIPIO_DE_CUBATAO.pdf\" class=\"internal-link\" target=\"_self\">ALTERA A LEI N\u00b0 1.383, DE 29 DE JUNHO DE 1983, QUE DISP\u00d5E SOBRE O SISTEMA TRIBUT\u00c1RIO DO MUNIC\u00cdPIO DE CUBAT\u00c3O</a></span></span></span></span></p>\r\n<p><span><span><span><span><a title=\"\" href=\"https://www.cubatao.sp.leg.br/processo-legislativo/projetos-de-lei/arquivos/2025/mensagem%20aditiva%20plc%20131%20Oficio_ndeg_151_2025_SEJUR.pdf\" class=\"internal-link\" target=\"_self\">MENSAGEM ADITIVA</a></span></span></span></span></p>\r\n</td>\r\n<td><a class=\"external-link\" href=\"https://www.legislacaodigital.com.br/Cubatao-SP/LeisComplementares/151\" target=\"_self\" title=\"\">LEI COMPLEMENTAR N\u00ba 151 DE 26/09/2025</a></td>\r\n</tr>\r\n<tr>\r\n<td>838</td>\r\n<td>PREFEITO MUNICIPAL</td>\r\n<td>PL 130</td>\r\n<td><span><span>05/09/2025</span></span></td>\r\n<td style=\"text-align: justify; \">\r\n<p><span><span><span><a title=\"\" href=\"https://www.cubatao.sp.leg.br/processo-legislativo/projetos-de-lei/arquivos/2025/PROJETO_DE_LEI_130.2025.pdf\" class=\"internal-link\" target=\"_self\">DISP\u00d5E SOBRE A ALTERA\u00c7\u00c3O DA AFETA\u00c7\u00c3O DE IM\u00d3VEIS P\u00daBLICOS MUNICIPAIS, TRANSFERINDO DA CATEGORIA DE BEM DOMINIAL PARA AREA BEM DE USO COMUM DO POVO, AMBAS NO LOTEAMENTO DENOMINADO JARDIM S\u00c3O FRANCISCO.</a></span></span></span></p>\r\n</td>\r\n<td><span><span><span><span><span><a class=\"external-link\" href=\"https://www.legislacaodigital.com.br/Cubatao-SP/LeisOrdinarias/4407\" target=\"_self\" title=\"\">LEI N 4.407 DE 30/09/2025</a></span></span></span></span></span></td>\r\n</tr>\r\n<tr>\r\n<td>836</td>\r\n<td>PREFEITO MUNICIPAL</td>\r\n<td>PL 129</td>\r\n<td><span><span>05/09/2025</span></span></td>\r\n<td style=\"text-align: justify; \">\r\n<p><span><span><a title=\"\" href=\"https://www.cubatao.sp.leg.br/processo-legislativo/projetos-de-lei/arquivos/2025/PROJETO_DE_LEI_No_129.2025.pdf\" class=\"internal-link\" target=\"_self\">ALTERA DISPOSITIVOS DA LEI MUNICIPAL N\u00b0 3.468 DE 17 DE AGOSTO DE 2011 E D\u00c1 OUTRAS PROVID\u00caNCIAS</a></span></span></p>\r\n</td>\r\n<td><a class=\"external-link\" href=\"https://www.legislacaodigital.com.br/Cubatao-SP/LeisOrdinarias/4402\" target=\"_self\" title=\"\">LEI N 4.402 DE 19/09/2025</a></td>\r\n</tr>\r\n<tr>\r\n<td>821</td>\r\n<td>GUILHERME AMARAL</td>\r\n<td>PL 128</td>\r\n<td><span><span>03/09/2025</span></span></td>\r\n<td style=\"text-align: justify; \">\r\n<p><span><a title=\"\" href=\"https://www.cubatao.sp.leg.br/processo-legislativo/projetos-de-lei/arquivos/2025/Projeto_de_Lei_ndeg_128_2025.pdf\" class=\"internal-link\" target=\"_self\">INSTITUI O DIA MUNICIPAL DE CONSCIENTIZA\u00c7\u00c3O PARA O ENFRENTAMENTO DE CAT\u00c1STROFES E DESASTRES NATURAIS NO MUNIC\u00cdPIO DE CUBAT\u00c3O</a></span></p>\r\n</td>\r\n<td><span>APROVADO EM 2\u00aa DISCUSS\u00c3O EM 14/04/2026</span></td>\r\n</tr>\r\n<tr>\r\n<td>804</td>\r\n<td>PREFEITO MUNICIPAL</td>\r\n<td>PL 127</td>\r\n<td><span><span>01/09/2025</span></span></td>\r\n<td style=\"text-align: justify; \">\r\n<p><a title=\"\" href=\"https://www.cubatao.sp.leg.br/processo-legislativo/projetos-de-lei/arquivos/2025/PL_No_127_2025_-_ALTERA_AS_EMENDAS_QUE_MENCIONA_DO_ANEXO_DAS_EMENDAS_IMPOSITIVAS__DA_LEI_ORDINARIA_Ndeg_4.347__DE_20_DE_DEZEMBRO_DE_2024__E.pdf\" class=\"internal-link\" target=\"_self\">ALTERA AS EMENDAS QUE MENCIONA DO ANEXO DAS EMENDAS IMPOSITIVAS, DA LEI ORDIN\u00c1RIA N\u00b0 4.347, DE 20 DE DEZEMBRO DE 2024, E D\u00c1 OUTRAS PROVID\u00caNCIAS</a></p>\r\n</td>\r\n<td><span><span><span><span><a class=\"external-link\" href=\"https://www.legislacaodigital.com.br/Cubatao-SP/LeisOrdinarias/4400\" target=\"_self\" title=\"\">LEI N. 4.400 DE 17/09/2025</a></span></span></span></span></td>\r\n</tr>\r\n<tr>\r\n<td>803</td>\r\n<td>ALEXANDRE MENDES</td>\r\n<td><span><span>PL 126</span></span></td>\r\n<td><span><span>29/08/2025</span></span></td>\r\n<td style=\"text-align: justify; \">\r\n<p><a title=\"\" href=\"https://www.cubatao.sp.leg.br/processo-legislativo/projetos-de-lei/arquivos/2025/Projeto_de_Lei_ndeg_126_2025.pdf\" class=\"internal-link\" target=\"_self\">DISP\u00d5E SOBRE A REGULAMENTA\u00c7\u00c3O DA CIRCULA\u00c7\u00c3O DE BICICLETAS EL\u00c9TRICAS, CICLOMOTORES EL\u00c9TRICOS E EQUIPAMENTOS DE MOBILIDADE INDIVIDUAL AUTOPROPELIDOS NO \u00c2MBITO DO MUNIC\u00cdPIO DE CUBAT\u00c3O E D\u00c1 OUTRAS PROVID\u00caNCIAS.</a></p>\r\n</td>\r\n<td><span><a class=\"external-link\" href=\"https://www.legislacaodigital.com.br/Cubatao-SP/LeisOrdinarias/4452\" target=\"_self\" title=\"\">Lei n\u00b0 4.452, de 17 de abril de 2026</a></span></td>\r\n</tr>\r\n<tr>\r\n<td>801</td>\r\n<td>ALEXANDRE MENDES</td>\r\n<td><span><span>PL 125</span></span></td>\r\n<td><span><span>28/08/2025</span></span></td>\r\n<td style=\"text-align: justify; \">\r\n<p><a title=\"\" href=\"https://www.cubatao.sp.leg.br/processo-legislativo/projetos-de-lei/arquivos/2025/PL_125-2025_-_Proibicao_de_Acorrentamento_de_Caes_e_Gatos%20-1.pdf\" class=\"internal-link\" target=\"_self\">DISP\u00d5E SOBRE A PROIBI\u00c7\u00c3O DO ACORRENTAMENTO DE C\u00c3ES E GATOS NO MUNIC\u00cdPIO DE CUBAT\u00c3O, E D\u00c1 OUTRAS PROVID\u00caNCIAS.\"</a></p>\r\n</td>\r\n<td><a class=\"external-link\" href=\"https://www.legislacaodigital.com.br/Cubatao-SP/LeisOrdinarias/4438\" target=\"_self\" title=\"\">LEI N\u00ba 4.438, DE 8 DE JANEIRO DE 2026</a></td>\r\n</tr>\r\n<tr>\r\n<td>799</td>\r\n<td>RONALDO</td>\r\n<td><span>PL 124</span></td>\r\n<td><span>28/08/2025</span></td>\r\n<td style=\"text-align: justify; \">\r\n<p>\u00a0</p>\r\n<p><a title=\"\" href=\"https://www.cubatao.sp.leg.br/processo-legislativo/projetos-de-lei/arquivos/2025/PL_N_124_2025_APP_CONECTA_CIDADAO_assinado.pdf\" class=\"internal-link\" target=\"_self\">INSTITUI NO MUNIC\u00cdPIO DE CUBAT\u00c3O O \u201cAPLICATIVO CONECTA CIDAD\u00c3O\u201d.</a></p>\r\n<p>\u00a0</p>\r\n</td>\r\n<td><span>DILIGENCIA INTERNA EM 03/09/2025</span><span><span><span><span></span></span></span></span></td>\r\n</tr>\r\n<tr>\r\n<td>798</td>\r\n<td>ALEXANDRE MENDES\u00a0</td>\r\n<td>PL 123</td>\r\n<td><span>27/08/2025</span></td>\r\n<td style=\"text-align: justify; \">\r\n<p><a title=\"\" href=\"https://www.cubatao.sp.leg.br/processo-legislativo/projetos-de-lei/arquivos/2025/PL-_no_123_2025_dia_do_pescador_assinado.pdf\" class=\"internal-link\" target=\"_self\">ALTERA A LEI N\u00ba 3.019, DE 15 DE DEZEMBRO DE 2005, QUE INSTITUI NO CALENDARIO OFICIAL DO MUNICIPIO DE CUBAT\u00c3O, A ' FESTA DO PESCADOR', E D\u00c1 OUTRAS PROVID\u00caNCIAS.</a></p>\r\n</td>\r\n<td><span><a class=\"external-link\" href=\"https://www.legislacaodigital.com.br/Cubatao-SP/LeisOrdinarias/4422\" target=\"_self\" title=\"\">LEI N\u00ba 4.422 DE 11/11/2025</a></span></td>\r\n</tr>\r\n<tr>\r\n<td>796</td>\r\n<td>PREFEITO MUNICIPAL\u00a0</td>\r\n<td><span>PLC 122</span></td>\r\n<td><span>27/08/2025</span></td>\r\n<td style=\"text-align: justify; \">\r\n<p><span><span><span><span><span><span><span><span><span><a title=\"\" href=\"https://www.cubatao.sp.leg.br/processo-legislativo/projetos-de-lei/arquivos/2025/PLC.%20122.pdf\" class=\"internal-link\" target=\"_self\">ACRESCENTA DISPOSITIVO NA LEI COMPLEMENTAR N\u00b0 101, DE 9 DE OUTUBRO DE 2018, QUE DISP\u00d5E SOBRE O ESTUDO DO IMPACTO DE VIZINHAN\u00c7A - EIV, E D\u00c1 OUTRAS PROVID\u00caNCIAS</a></span></span></span></span></span></span></span></span></span></p>\r\n</td>\r\n<td>\r\n<p><a class=\"external-link\" href=\"https://www.legislacaodigital.com.br/Cubatao-SP/LeisComplementares/154\" target=\"_self\" title=\"\">LEI COMPLEMENTAR N\u00ba 154 DE 14/11/2025</a></p>\r\n</td>\r\n</tr>\r\n<tr>\r\n<td>792</td>\r\n<td>ALEXANDRE MENDES\u00a0</td>\r\n<td><span>PL 121</span></td>\r\n<td><span>27/08/2025</span></td>\r\n<td style=\"text-align: justify; \">\r\n<p><span><span><span><span><span><span><span><span><a title=\"\" href=\"https://www.cubatao.sp.leg.br/processo-legislativo/projetos-de-lei/arquivos/2025/PL_121_-_Lei_Felca.pdf\" class=\"internal-link\" target=\"_self\">INSTITUI, NO \u00c2MBITO DO MUNIC\u00cdPIO DE CUBAT\u00c3O, A \u2018LEI FELCA\u2019, QUE ESTABELECE MEDIDAS DE PREVEN\u00c7\u00c3O, ENFRENTAMENTO E CONSCIENTIZA\u00c7\u00c3O RELATIVAS \u00c0 PROTE\u00c7\u00c3O DE CRIAN\u00c7AS E ADOLESCENTES CONTRA A PEDOFILIA, A SEXUALIZA\u00c7\u00c3O PRECOCE E A ADULTIZA\u00c7\u00c3O INFANTIL, E D\u00c1 OUTRAS PROVID\u00caNCIAS</a></span></span></span></span></span></span></span></span></p>\r\n</td>\r\n<td><span><span><span>CONCLUSO</span></span></span></td>\r\n</tr>\r\n<tr>\r\n<td>791</td>\r\n<td><span>BATOR\u00c9</span></td>\r\n<td><span>PL 120</span></td>\r\n<td><span>26/08/2025</span></td>\r\n<td style=\"text-align: justify; \">\r\n<p><span><span><span><span><span><span><span><a title=\"\" href=\"https://www.cubatao.sp.leg.br/processo-legislativo/projetos-de-lei/arquivos/2025/PL.%20120.pdf\" class=\"internal-link\" target=\"_self\">INSTITUI E INTEGRA AO CALEND\u00c1RIO OFICIAL DO MUNIC\u00cdPIO DE CUBAT\u00c3O, O \u201cDIA DA FAVELA\u201d E D\u00c1 OUTRAS PROVID\u00caNCIAS.</a></span></span></span></span></span></span></span></p>\r\n</td>\r\n<td><span><a class=\"external-link\" href=\"https://www.legislacaodigital.com.br/Cubatao-SP/LeisOrdinarias/4447\" target=\"_self\" title=\"\">Lei n\u00b0 4.447, de 11 de mar\u00e7o de 2026</a></span></td>\r\n</tr>\r\n<tr>\r\n<td>784</td>\r\n<td><span>PREFEITO MUNICIPAL</span></td>\r\n<td>PLC 119</td>\r\n<td>22/08/2025</td>\r\n<td style=\"text-align: justify; \">\r\n<p><span><span><span><span><span><span><span><a title=\"\" href=\"https://www.cubatao.sp.leg.br/processo-legislativo/projetos-de-lei/arquivos/2025/PLC_Ndeg_119_2025.pdf\" class=\"internal-link\" target=\"_self\">CRIA A C\u00c2MARA DE TRANSA\u00c7\u00c3O FISCAL DO MUNIC\u00cdPIO, DISP\u00d5E SOBRE OS PROCEDIMENTOS E NORMAS APLIC\u00c1VEIS \u00c0 TRANSA\u00c7\u00c3O DE CR\u00c9DITOS TRIBUT\u00c1RIOS E N\u00c3O TRIBUT\u00c1RIOS DO MUNICIPIO DE CUBAT\u00c3O INSCRITOS EM D\u00cdVIDA ATIVA, E D\u00c1 OUTRAS PROVID\u00caNCIAS.</a></span></span></span></span></span></span></span></p>\r\n</td>\r\n<td><span><a class=\"external-link\" href=\"https://www.legislacaodigital.com.br/Cubatao-SP/LeisComplementares/152\" target=\"_self\" title=\"\">LEI COMPLEMENTAR N\u00ba 152 DE 06/10/2025</a></span></td>\r\n</tr>\r\n<tr>\r\n<td>782</td>\r\n<td><span><span>PREFEITO MUNICIPAL</span></span></td>\r\n<td>PL 118</td>\r\n<td>22/08/2025</td>\r\n<td style=\"text-align: justify; \">\r\n<p><span><span><span><span><span><span><span><a title=\"\" href=\"https://www.cubatao.sp.leg.br/processo-legislativo/projetos-de-lei/arquivos/2025/PL_Ndeg_118_2025.pdf\" class=\"internal-link\" target=\"_self\">AUTORIZA O PODER EXECUTIVO A PRORROGAR A \"BOLSA MORADIA\", INSTITUIDA PELA LEI N\u00b0 3.610, DE 16 DE OUTUBRO DE 2013, AS FAM\u00cdLIAS ATINGIDAS PELAS INUNDA\u00c7\u00d5ES ORIUNDAS DO TRANSBORDAMENTO DO RIO PIL\u00d5ES E D\u00c1 OUTRAS PROVID\u00caNCIAS</a></span></span></span></span></span></span></span></p>\r\n</td>\r\n<td><span><span><a class=\"external-link\" href=\"https://www.legislacaodigital.com.br/Cubatao-SP/LeisOrdinarias/4399\" target=\"_self\" title=\"\">LEI 4.399 DE 10/09/2025</a></span></span></td>\r\n</tr>\r\n<tr>\r\n<td>781</td>\r\n<td><span><span><span>PREFEITO MUNICIPAL</span></span></span></td>\r\n<td>PL 117</td>\r\n<td>22/08/2025</td>\r\n<td style=\"text-align: justify; \">\r\n<p><span><span><span><span><span><span><span><a title=\"\" href=\"https://www.cubatao.sp.leg.br/processo-legislativo/projetos-de-lei/arquivos/2025/PL_Ndeg_117_2025.pdf\" class=\"internal-link\" target=\"_self\">AUTORIZA O PODER EXECUTIVO A PRORROGAR O \"AUX\u00cdLIO MORADIA\" INSTITU\u00cdDO PELA LEI N\u00b0 3.834, DE 14 DE JULHO DE 2017, \u00c0S FAM\u00cdLIAS DA \u00c1REA DENOMINADA \"MANTIQUEIRA\", E DA OUTRAS PROVID\u00caNCIAS</a></span></span></span></span></span></span></span></p>\r\n</td>\r\n<td><span><span><span><a class=\"external-link\" href=\"https://www.legislacaodigital.com.br/Cubatao-SP/LeisOrdinarias/4398\" target=\"_self\" title=\"\">LEI 4.398 DE 10/09/2025</a></span></span></span></td>\r\n</tr>\r\n<tr>\r\n<td>771</td>\r\n<td>PREFEITO MUNICIPAL</td>\r\n<td><span>PL 116</span></td>\r\n<td>19/08/2025</td>\r\n<td style=\"text-align: justify; \">\r\n<p><span><span><span><span><span><span><a title=\"\" href=\"https://www.cubatao.sp.leg.br/processo-legislativo/projetos-de-lei/arquivos/2025/PL_116-2025_-_INSTITUI_A_GRATIFICACAO_DE_DESENOLVIMENTO_E_ESTIMULO_ACADEMICO_-GDEA-_-_PAJEM.pdf\" class=\"internal-link\" target=\"_self\">INSTITUI A GRATIFICA\u00c7\u00c3O DE DESENVOLVIMENTO E EST\u00cdMULO ACAD\u00caMICO (GDEA) DESTINADA, EXCLUSIVAMENTE AOS SERVIDORES P\u00daBLICOS MUNICIPAIS INVESTIDOS NO CARGO EFETIVO/FUN\u00c7\u00c3O - AUXILIAR / PAJEM, CRIADO PELA LEI MUNICIPAL N\u00ba 1986, DE 1991, E D\u00c1 OUTRAS PROVID\u00caNCIAS</a></span></span></span></span></span></span></p>\r\n</td>\r\n<td><a class=\"external-link\" href=\"https://www.legislacaodigital.com.br/Cubatao-SP/LeisOrdinarias/4397\" target=\"_self\" title=\"\">LEI 4.397 DE 03/09/2025</a></td>\r\n</tr>\r\n<tr>\r\n<td>769</td>\r\n<td>ALEXANDRE MENDES\u00a0</td>\r\n<td><span>PL 115</span></td>\r\n<td>20/08/2025</td>\r\n<td style=\"text-align: justify; \">\r\n<p><span><span><span><span><span><span><a title=\"\" href=\"https://www.cubatao.sp.leg.br/processo-legislativo/projetos-de-lei/arquivos/2025/Projeto_de_Lei_115-2025_-_Atendimento_Prioritario_TEA.pdf\" class=\"internal-link\" target=\"_self\">INSTITUI A POL\u00cdTICA MUNICIPAL DE ATENDIMENTO PSICOSSOCIAL PRIORIT\u00c1RIO A PAIS E RESPONS\u00c1VEIS POR PESSOAS COM TRANSTORNO DO ESPECTRO AUTISTA (TEA), NO MUNIC\u00cdPIO DE CUBAT\u00c3O, E D\u00c1 OUTRAS PROVID\u00caNCIAS</a></span></span></span></span></span></span></p>\r\n</td>\r\n<td><span><a class=\"external-link\" href=\"https://www.legislacaodigital.com.br/Cubatao-SP/LeisOrdinarias/4412\" target=\"_self\" title=\"\">LEI N\u00ba 4.412 DE 23/10/2025</a></span></td>\r\n</tr>\r\n<tr>\r\n<td>763</td>\r\n<td>MESA DA C\u00c2MARA</td>\r\n<td><span>PR 07</span></td>\r\n<td>19/08/2025</td>\r\n<td style=\"text-align: justify; \">\r\n<p><span><span><span><span><span><a title=\"\" href=\"https://www.cubatao.sp.leg.br/processo-legislativo/projetos-de-lei/arquivos/2025/PR.%2007.pdf\" class=\"internal-link\" target=\"_self\">DISP\u00d5E SOBRE A CRIA\u00c7\u00c3O DO BANCO DE IDEIAS LEGISLATIVAS NO SITE OFICIAL DA C\u00c2MARA MUNICIPAL DE CUBAT\u00c3O E D\u00c1S OUTRAS PROVID\u00caNCIAS</a></span></span></span></span></span></p>\r\n</td>\r\n<td><span><a class=\"external-link\" href=\"https://www.legislacaodigital.com.br/Cubatao-SP/Resolucoes/3099\" target=\"_self\" title=\"\">RESOLU\u00c7\u00c3O N\u00ba 3.099, de 9/12/2025</a></span></td>\r\n</tr>\r\n<tr>\r\n<td>757</td>\r\n<td>PREFEITO MUNICIPAL\u00a0</td>\r\n<td><span>PLC 114</span></td>\r\n<td>13/08/2025</td>\r\n<td style=\"text-align: justify; \">\r\n<p><span><span><span><span><span><a title=\"\" href=\"https://www.cubatao.sp.leg.br/processo-legislativo/projetos-de-lei/arquivos/2025/PLC_114-2025_-_Alteracao_da_LC_130-2023_-_Reestruturacao_do_RPPS_e_da_Caixa_de_Previdencia_de_Cubatao.pdf\" class=\"internal-link\" target=\"_self\">ALTERA LEI COMPLEMENTAR MUNICIPAL N\u00b0 130, DE 25 DE JULHO DE 2023, QUE REESTRUTURA 0 REGIME PR\u00d3PRIO DE PREVID\u00caNCIA SOCIAL DO MUNICIPIO DE CUBATAO, REESTRUTURA A CAIXA DE PREVID\u00caNCIA, E DA OUTRAS PROVID\u00caNCIAS</a></span></span></span></span></span></p>\r\n</td>\r\n<td><a class=\"external-link\" href=\"https://www.legislacaodigital.com.br/Cubatao-SP/LeisComplementares/150\" target=\"_self\" title=\"\">LEI COMPLEMENTAR 150 DE 04/09/2025</a></td>\r\n</tr>\r\n<tr>\r\n<td>723</td>\r\n<td>DANIEL (XUXA)</td>\r\n<td><span>PL 113</span></td>\r\n<td>05/08/2025</td>\r\n<td style=\"text-align: justify; \">\r\n<p><span><span><span><span><a title=\"\" href=\"https://www.cubatao.sp.leg.br/processo-legislativo/projetos-de-lei/arquivos/2025/PL_Ndeg_113-2025_-_AGOSTO_LILAS.pdf\" class=\"internal-link\" target=\"_self\">INSTITUI A CAMPANHA \u201cAGOSTO LIL\u00c1S\u201d, DEDICADA \u00c0 PREVEN\u00c7\u00c3O E CONSCIENTIZA\u00c7\u00c3O PELO FIM DA VIOL\u00caNCIA CONTRA A MULHER NO MUNIC\u00cdPIO DE CUBAT\u00c3O E D\u00c1 OUTRAS PROVID\u00caNCIAS</a></span></span></span></span></p>\r\n</td>\r\n<td><span><a class=\"external-link\" href=\"https://www.legislacaodigital.com.br/Cubatao-SP/LeisOrdinarias/4415\" target=\"_self\" title=\"\">LEI N\u00ba 4.415 DE 24/10/2025</a></span></td>\r\n</tr>\r\n<tr>\r\n<td>720</td>\r\n<td>DANIEL XUXA\u00a0</td>\r\n<td><span>PL 112</span></td>\r\n<td>05/08/2025</td>\r\n<td style=\"text-align: justify; \">\r\n<p><a title=\"\" href=\"https://www.cubatao.sp.leg.br/processo-legislativo/projetos-de-lei/arquivos/2025/PL_112_2025_-MULHERES_TRANSPORTE_PUBLICO.pdf\" class=\"internal-link\" target=\"_self\">ALTERA E INCLUI DISPOSITIVOS NA LEI MUNICIPAL N.\u00b0 3.744, DE 11 DE AGOSTO DE 2.015, PARA DISPOR SOBRE A OBRIGATORIEDADE DE PARADAS FLEX\u00cdVEIS PARA EMBARQUE E DESEMBARQUE DE MULHERES NO TRANSPORTE COLETIVO MUNICIPAL NO PER\u00cdODO NOTURNO, \u0421\u041e\u041c\u041e MEDIDA DE SEGURAN\u00c7A E IGUALDADE DE G\u00caNERO, E D\u00c1 OUTRAS PROVID\u00caNCIAS.\"</a></p>\r\n</td>\r\n<td>APROVADO EM 2\u00aa DISCUSS\u00c3O EM 18/11/2025</td>\r\n</tr>\r\n<tr>\r\n<td>664</td>\r\n<td>PREFEITO MUNICIPAL</td>\r\n<td><span>OFICIO 124/2025 SEJUR</span></td>\r\n<td>04/08/2025<span><span><span><span></span></span></span></span></td>\r\n<td style=\"text-align: justify; \">\r\n<p><span><span><span><span><a title=\"\" href=\"https://www.cubatao.sp.leg.br/processo-legislativo/projetos-de-lei/arquivos/2025/Of._124.2025.CMC_-_VETO_TOTAL_PL_Ndeg_105_2025.pdf\" class=\"internal-link\" target=\"_self\">VETO TOTAL AO PROJETO DE LEI QUE \"\u00a0DISP\u00d5E SOBRE OS VALORES DOS PADR\u00d5ES DE VENCIMENTO DOS CARGOS DE PROVIMENTO EFETIVO E EM COMISS\u00c3O, BEM COMO DOS PADR\u00d5ES DE FUN\u00c7\u00d5ES GRATIFICADAS, DO QUADRO DA C\u00c2MARA MUNICIPAL DE CUBAT\u00c3O, E D\u00c1 OUTRAS PROVID\u00caNCIAS'</a></span></span></span></span></p>\r\n</td>\r\n<td>REJEITADO O VETO NA 23 SESS\u00c3O ORDIN\u00c1RIA.</td>\r\n</tr>\r\n<tr>\r\n<td>711</td>\r\n<td><span><span><span><span><span>RONIELE MARTINS</span></span></span></span></span></td>\r\n<td>PL 111</td>\r\n<td><span><span><span><span>29/07/2025</span></span></span></span></td>\r\n<td style=\"text-align: justify; \">\r\n<p><span><span><span><span><a title=\"\" href=\"https://www.cubatao.sp.leg.br/processo-legislativo/projetos-de-lei/arquivos/2025/PL_111_2025_-_Placas_com_alerta_sobre_violencia_feminima.pdf\" class=\"internal-link\" target=\"_self\">DISP\u00d5E SOBRE A OBRIGATORIEDADE DA AFIXA\u00c7\u00c3O DE PLACAS INFORMATIVAS COM OS DIZERES 'EM CASO DE VIOL\u00caNCIA CONTRA A MULHER, DENUNCIE - LIGUE 180', EM LOCAIS P\u00daBLICOS E PRIVADOS DE GRANDE CIRCULA\u00c7\u00c3O NO MUNIC\u00cdPIO DE CUBAT\u00c3O/SP E D\u00c1 OUTRAS PROVID\u00caNCIAS</a></span></span></span></span></p>\r\n</td>\r\n<td><a class=\"external-link\" href=\"https://www.legislacaodigital.com.br/Cubatao-SP/LeisOrdinarias/4405\" target=\"_self\" title=\"\">LEI N 4.405 DE 23/09/2025</a></td>\r\n</tr>\r\n<tr>\r\n<td>708</td>\r\n<td><span><span><span><span><span>CARIOCA</span></span></span></span></span></td>\r\n<td>PL 110</td>\r\n<td><span><span><span><span>29/07/2025</span></span></span></span></td>\r\n<td style=\"text-align: justify; \">\r\n<p><span><span><span><a title=\"\" href=\"https://www.cubatao.sp.leg.br/processo-legislativo/projetos-de-lei/arquivos/2025/PL_No_110_2025_-_Avenida_de_Lazer.pdf\" class=\"internal-link\" target=\"_self\">INSTITUI A AVENIDA DE LAZER E D\u00c1 OUTRAS PROVID\u00caNCIAS</a></span></span></span></p>\r\n</td>\r\n<td><a class=\"external-link\" href=\"https://www.legislacaodigital.com.br/Cubatao-SP/LeisOrdinarias/4406\" target=\"_self\" title=\"\">LEI N 4.406 DE 24/09/2025</a></td>\r\n</tr>\r\n<tr>\r\n<td>707</td>\r\n<td><span><span><span><span><span>GUILHERME AMARAL\u00a0</span></span></span></span></span></td>\r\n<td>PL 109</td>\r\n<td><span><span><span><span>29/07/2025</span></span></span></span></td>\r\n<td style=\"text-align: justify; \">\r\n<p><span><span><a title=\"\" href=\"https://www.cubatao.sp.leg.br/processo-legislativo/projetos-de-lei/arquivos/2025/PL_No_109_2025-_PROJETO_DE_EMENDA_A_LEI_Ndeg_4.202_2022_-_RECURSO_GREMIO_ESTUDANTIL.pdf\" class=\"internal-link\" target=\"_self\">PROJETO DE EMENDA \u00c0 LEI N\u00b04.202/2022 QUE ALTERA A LEI QUE INSTITUI O PROGRAMA AVAN\u00c7A ESCOLA NO MUNIC\u00cdPIO DE CUBAT\u00c3O, PARA RESERVAR PERCENTUAL DOS RECURSOS \u00c0S DELIBERAC\u00d5ES DOS GR\u00caMIOS ESTUDANTIS NAS ESCOLAS E D\u00c1 OUTRAS PROVID\u00caNCIAS.</a></span></span></p>\r\n</td>\r\n<td>CONCLUSO</td>\r\n</tr>\r\n<tr>\r\n<td>706</td>\r\n<td><span><span><span><span><span>GUILHERME AMARAL\u00a0</span></span></span></span></span></td>\r\n<td>PL 108</td>\r\n<td><span><span><span><span>29/07/2025</span></span></span></span></td>\r\n<td style=\"text-align: justify; \">\r\n<p><span><a title=\"\" href=\"https://www.cubatao.sp.leg.br/processo-legislativo/projetos-de-lei/arquivos/2025/PL_108_2025_-_Inclusao_do_conteudo_do_art._267.pdf\" class=\"internal-link\" target=\"_self\">DISP\u00d5E SOBRE A OBRIGATORIEDADE DE INCLUS\u00c3O DO CONTE\u00daDO DO ARTIGO 267 DA LEI FEDERAL N. 9.503, DE 23 DE SETEMBRO DE 1997 (C\u00d3DIGO DE TR\u00c2NSITO BRASILEIRO), NAS NOTIFICA\u00c7\u00d5ES DE INFRA\u00c7\u00d5ES COMETIDAS OU ORIGINADA NO MUNIC\u00cdPIO DE CUBAT\u00c3O E DA OUTRAS PROVID\u00caNCIAS.</a></span></p>\r\n</td>\r\n<td><a class=\"external-link\" href=\"https://www.legislacaodigital.com.br/Cubatao-SP/LeisOrdinarias/4423\" target=\"_self\" title=\"\">LEI N\u00ba 4.423 DE 12/11/2025</a></td>\r\n</tr>\r\n<tr>\r\n<td>689</td>\r\n<td><span><span><span><span><span>PREFEITO MUNICIPAL</span></span></span></span></span></td>\r\n<td>PL 107\u00a0</td>\r\n<td><span><span><span><span>22/07/2025</span></span></span></span></td>\r\n<td style=\"text-align: justify; \">\r\n<p><span><span><span><span><a title=\"\" href=\"https://www.cubatao.sp.leg.br/processo-legislativo/projetos-de-lei/arquivos/2025/Projeto_de_Lei_107-2025.pdf\" class=\"internal-link\" target=\"_self\">REESTRUTURA O PROGRAMA MUNICIPAL PARA DESENVOLVIMENTO SUSTENT\u00c1VEL DA AGENDA 2030 DA ONU, CRIA O CONSELHO E FUNDO MUNICIPAL DOS OBJETIVOS DO DESENVOLVIMENTO SUSTENT\u00c1VEL DA AGENDA 2030 DA ORGANIZA\u00c7\u00c3O DAS NA\u00c7\u00d5ES UNIDAS \u2014 ONU E D\u00c1 OUTRAS PROVID\u00caNCIAS.</a></span></span></span></span></p>\r\n</td>\r\n<td><a class=\"external-link\" href=\"https://www.legislacaodigital.com.br/Cubatao-SP/LeisOrdinarias/4404\" target=\"_self\" title=\"\">LEI N 4.404 DE 22/09/2025</a></td>\r\n</tr>\r\n<tr>\r\n<td>683</td>\r\n<td><span><span><span><span>PREFEITO MUNICIPAL</span></span></span></span></td>\r\n<td>PL 106</td>\r\n<td><span><span><span><span>18/07/2025</span></span></span></span></td>\r\n<td style=\"text-align: justify; \">\r\n<p><span><span><span><span><a title=\"\" href=\"https://www.cubatao.sp.leg.br/processo-legislativo/projetos-de-lei/arquivos/2025/Projeto_de_Lei_no_106.2025_-_Diaria_especial_para_Guarda_Municipal_de_Cubatao.pdf\" class=\"internal-link\" target=\"_self\">INSTITUI A DI\u00c1RIA ESPECIAL POR JORNADA EXTRAORDIN\u00c1RIA DE TRABALHO DA GUARDA CIVIL MUNICIPAL DE CUBAT\u00c3O - DEJET, AOS INTEGRANTES DA GUARDA CIVIL MUNICIPAL DE CUBAT\u00c3O - GCMC, E D\u00c1 OUTRAS PROVID\u00caNCIAS</a></span></span></span></span></p>\r\n</td>\r\n<td><span><span><span><span><span><span><span><span><a class=\"external-link\" href=\"https://www.legislacaodigital.com.br/Cubatao-SP/LeisOrdinarias/4403\" target=\"_self\" title=\"\">LEI N 4.403 DE 19/09/2025</a></span></span></span></span></span></span></span></span></td>\r\n</tr>\r\n<tr>\r\n<td>553</td>\r\n<td><span><span><span>PREFEITO MUNICIPAL\u00a0</span></span></span></td>\r\n<td><span>OFICIO 114/2025 SEJUR\u00a0</span></td>\r\n<td><span><span><span><span>17/07/2025</span></span></span></span></td>\r\n<td style=\"text-align: justify; \">\r\n<p><span><span><span><a title=\"\" href=\"https://www.cubatao.sp.leg.br/processo-legislativo/projetos-de-lei/arquivos/2025/OF_114.2025.SEJUR_-_VETO_PL93_2025.pdf\" class=\"internal-link\" target=\"_self\">VETO TOTAL AO PROJETO DE LEI QUE \"INSTITUI, NO \u00c2MBITO DO MUNIC\u00cdPIO DE CUBAT\u00c3O, O PROGRAMA DE INCENTIVO \u00c0 AMAMENTA\u00c7\u00c3O E ALIMENTA\u00c7\u00c3O ADEQUADA DE GESTANTES EM SITUA\u00c7\u00c3O DE VULNERABILIDADE SOCIAL, E D\u00c1 OUTRAS PROVID\u00caNCIAS.\"</a></span></span></span></p>\r\n</td>\r\n<td>DERRUBADO O VETO NA 25 SESS\u00c3 ORDIN\u00c1RIA</td>\r\n</tr>\r\n<tr>\r\n<td>665</td>\r\n<td><span><span>MESA DA C\u00c2MARA</span></span></td>\r\n<td>PR 06</td>\r\n<td><span><span><span><span>10/07/2025</span></span></span></span></td>\r\n<td style=\"text-align: justify; \">\r\n<p><span><span><a title=\"\" href=\"https://www.cubatao.sp.leg.br/processo-legislativo/projetos-de-lei/arquivos/2025/Resolucao_06-2025_-_Dispoe_sobre_a_estrutura_administrativa.pdf\" class=\"internal-link\" target=\"_self\">DISP\u00d5E SOBRE A ESTRUTURA ADMINISTRATIVA DA C\u00c2MARA MUNICIPAL DE CUBAT\u00c3O E D\u00c1 OUTRAS PROVID\u00caNCIAS</a></span></span></p>\r\n</td>\r\n<td><span><a class=\"external-link\" href=\"https://www.legislacaodigital.com.br/Cubatao-SP/Resolucoes/3079\" target=\"_self\" title=\"\">RESOLU\u00c7\u00c3O 3.079 DE 22/07/2025</a></span></td>\r\n</tr>\r\n<tr>\r\n<td>664</td>\r\n<td><span>MESA DA C\u00c2MARA</span></td>\r\n<td>PL 105\u00a0</td>\r\n<td><span><span><span><span>10/07/2025</span></span></span></span></td>\r\n<td style=\"text-align: justify; \">\r\n<p><span><span><a title=\"\" href=\"https://www.cubatao.sp.leg.br/processo-legislativo/projetos-de-lei/arquivos/2025/PL_Ndeg_105_2025.pdf\" class=\"internal-link\" target=\"_self\">DISP\u00d5E SOBRE OS VALORES DOS PADR\u00d5ES DE VENCIMENTO DOS CARGOS DE PROVIMENTO EFETIVO E EM COMISS\u00c3O, BEM COMO DOS PADR\u00d5ES DE FUN\u00c7\u00d5ES GRATIFICADAS, DO QUADRO DA C\u00c2MARA MUNICIPAL DE CUBAT\u00c3O, E D\u00c1 OUTRAS PROVID\u00caNCIAS</a></span></span></p>\r\n</td>\r\n<td><span><a class=\"external-link\" href=\"https://www.legislacaodigital.com.br/Cubatao-SP/LeisOrdinarias/4391\" target=\"_self\" title=\"\">Lei n\u00b0 4.391, de 08/08/2025</a></span></td>\r\n</tr>\r\n<tr>\r\n<td>662</td>\r\n<td>PREFEITO MUNICIPAL\u00a0</td>\r\n<td>PL 104</td>\r\n<td><span><span><span><span>08/07/2025</span></span></span></span></td>\r\n<td style=\"text-align: justify; \">\r\n<p><span><span><a title=\"\" href=\"https://www.cubatao.sp.leg.br/processo-legislativo/projetos-de-lei/arquivos/2025/PL_104_2025_ESTRUTURA_DE_GOVERNANCA.pdf\" class=\"internal-link\" target=\"_self\">INSTITUI O PLANO MUNICIPAL DE DESESTATIZA\u00c7\u00c3O DE CUBAT\u00c3O - PMDC, DISP\u00d5ES SOBRE SUAS DIRETRIZES, MECANISMOS, ESTRUTURA DE GOVERNAN\u00c7A, REVOGA A LEI ORDIN\u00c1RIA N\u00ba 3.400, DE 21 DE JULHO DE 2010, E D\u00c1 OUTRAS PROVID\u00caNCIAS.</a></span></span></p>\r\n</td>\r\n<td><span><a class=\"external-link\" href=\"https://www.legislacaodigital.com.br/Cubatao-SP/LeisOrdinarias/4388\" target=\"_self\" title=\"\">Lei n\u00b0 4.388, de 25 de julho de 2025</a></span></td>\r\n</tr>\r\n<tr>\r\n<td>645</td>\r\n<td>MESA DA C\u00c2MARA</td>\r\n<td>PR 05</td>\r\n<td><span><span><span><span>02/07/2025</span></span></span></span></td>\r\n<td style=\"text-align: justify; \">\r\n<p><span><a title=\"\" href=\"https://www.cubatao.sp.leg.br/processo-legislativo/projetos-de-lei/arquivos/2025/Projeto_de_Resolucao__No_05_2025_Regimento_Interno_Camara.pdf\" class=\"internal-link\" target=\"_self\">ALTERA DISPOSITIVOS DO REGIMENTO INTERNO DA C\u00c2MARA MUNICIPAL DE CUBAT\u00c3O, INSTITU\u00cdDO PELA RESOLU\u00c7\u00c3O N\u00b0 1.558, DE 13 DE DEZEMBRO DE 1.991, PARA ADEQUA\u00c7\u00c3O \u00c0S NORMAS LEGAIS E \u00c0 MODERNIZA\u00c7\u00c3O DOS PROCEDIMENTOS LEGISLATIVOS, E D\u00c1 OUTRAS PROVID\u00caNCIAS.</a></span></p>\r\n</td>\r\n<td><span><a class=\"external-link\" href=\"https://www.legislacaodigital.com.br/Cubatao-SP/Resolucoes/3078\" target=\"_self\" title=\"\">RESOLU\u00c7\u00c3O 3.078 DE 22/07/2025</a></span></td>\r\n</tr>\r\n<tr>\r\n<td>4</td>\r\n<td>PREFEITO MUNICIPAL\u00a0</td>\r\n<td>OFICIO 108/2025 SEJUR\u00a0</td>\r\n<td><span><span><span><span>01/07/2025</span></span></span></span></td>\r\n<td style=\"text-align: justify; \">\r\n<p><a title=\"\" href=\"https://www.cubatao.sp.leg.br/processo-legislativo/projetos-de-lei/arquivos/2025/OF_108.2025.SEJUR_-_VETO_PL_Ndeg_01_2025.pdf\" class=\"internal-link\" target=\"_self\">VETO TOTAL AO PROJETO DE LEI QUE \"<span>DISP\u00d5E SOBRE O RECONHECIMENTO DA FIBROMIALGIA INCAPACITANTE COMO DEFICI\u00caNCIA E D\u00c1 OUTRAS PROVID\u00caNCIAS\"</span></a></p>\r\n</td>\r\n<td>DERRUBADO O VETO NA 23 SESS\u00c3O ORDIN\u00c3RIA</td>\r\n</tr>\r\n<tr>\r\n<td>638</td>\r\n<td>CARIOCA</td>\r\n<td>PL 103</td>\r\n<td><span><span><span><span>30/06/20025</span></span></span></span></td>\r\n<td style=\"text-align: justify; \">\r\n<p><span><span><span><span><span><span><span><span><span><span><span><span><span><span><span><span><a title=\"\" href=\"https://www.cubatao.sp.leg.br/processo-legislativo/projetos-de-lei/arquivos/2025/PL_103_25_TEATRO_ZELIA_TROMBINO.pdf\" class=\"internal-link\" target=\"_self\">DENOMINA \u201cTEATRO Z\u00c9LIA REGINA TROMBINO\u201d O TEATRO MUNICIPAL LOCALIZADO NAS DEPEND\u00caNCIAS DO PARQUE ANILINAS NO MUNIC\u00cdPIO DE CUBAT\u00c3O E D\u00c1 OUTRAS PROVID\u00caNCIAS</a></span></span></span></span></span></span></span></span></span></span></span></span></span></span></span></span></p>\r\n</td>\r\n<td><span>CONCLUSO</span></td>\r\n</tr>\r\n<tr>\r\n<td>637</td>\r\n<td>CARIOCA</td>\r\n<td>PL 102</td>\r\n<td><span><span><span><span>30/06/2025</span></span></span></span></td>\r\n<td style=\"text-align: justify; \">\r\n<p><span><span><span><span><span><span><span><span><span><span><span><span><span><span><span><a title=\"\" href=\"https://www.cubatao.sp.leg.br/processo-legislativo/projetos-de-lei/arquivos/2025/PL_102_25_ACADEMIA_MUNICIPAL_DE_LETRAS_E_ARTES.pdf\" class=\"internal-link\" target=\"_self\">INSTITUI A ACADEMIA DE LETRAS E ARTES DO MUNIC\u00cdPIO DE CUBAT\u00c3O E D\u00c1 OUTRAS PROVID\u00caNCIAS</a></span></span></span></span></span></span></span></span></span></span></span></span></span></span></span></p>\r\n</td>\r\n<td>CONCLUSO</td>\r\n</tr>\r\n<tr>\r\n<td>634</td>\r\n<td>PREFEITO MUNICIPAL</td>\r\n<td>PL 101</td>\r\n<td><span><span><span><span>27/06/2025</span></span></span></span></td>\r\n<td style=\"text-align: justify; \">\r\n<p><span><span><span><span><span><span><span><span><span><span><span><span><span><span><a title=\"\" href=\"https://www.cubatao.sp.leg.br/processo-legislativo/projetos-de-lei/arquivos/2025/PL_No_101_2025.pdf\" class=\"internal-link\" target=\"_self\">INSTITUI O PROGRAMA \"ADOTE CUBAT\u00c3O\", VOLTADO \u00c0 ADO\u00c7\u00c3O DE ESPA\u00c7O P\u00daBLICO NO \u00c2MBITO DO MUNIC\u00cdPIO DE CUBAT\u00c3O, E D\u00c1 OUTRAS PROVID\u00caNCIAS</a></span></span></span></span></span></span></span></span></span></span></span></span></span></span></p>\r\n</td>\r\n<td><span><a class=\"external-link\" href=\"https://www.legislacaodigital.com.br/Cubatao-SP/LeisOrdinarias/4389\" target=\"_self\" title=\"\">Lei n\u00b0 4.389, de 30/07/205</a></span></td>\r\n</tr>\r\n<tr>\r\n<td>624</td>\r\n<td>ALEXANDRE MENDES</td>\r\n<td>PL 100</td>\r\n<td><span><span><span><span>25/06/2025</span></span></span></span></td>\r\n<td style=\"text-align: justify; \">\r\n<p><span><span><span><span><span><span><span><span><span><span><span><span><span><a title=\"\" href=\"https://www.cubatao.sp.leg.br/processo-legislativo/projetos-de-lei/arquivos/2025/PL_100_25_-_rodeio_assinado.pdf\" class=\"internal-link\" target=\"_self\">DISP\u00d5E SOBRE A REGULAMENTA\u00c7\u00c3O DO RODEIO CRIOULO NO MUNIC\u00cdPIO DE CUBAT\u00c3O E D\u00c1 OUTRAS PROVID\u00caNCIAS\"</a></span></span></span></span></span></span></span></span></span></span></span></span></span></p>\r\n</td>\r\n<td>MANTIDO O VETO INTEGRAL EM 07/10/2025</td>\r\n</tr>\r\n<tr>\r\n<td>620</td>\r\n<td>ALEXANDRE MENDES</td>\r\n<td>PL 99</td>\r\n<td><span><span><span><span>25/06/2025</span></span></span></span></td>\r\n<td style=\"text-align: justify; \">\r\n<p><span><span><span><span><span><span><span><span><span><span><span><span><a title=\"\" href=\"https://www.cubatao.sp.leg.br/processo-legislativo/projetos-de-lei/arquivos/2025/PL_ndeg_99_2025_-_Glaucoma.pdf\" class=\"internal-link\" target=\"_self\">DISP\u00d5E SOBRE A VALIDADE INDERTEMINADA DE LAUDOS M\u00c9DICOS QUE ATESTEM O DIAGN\u00d3STICO DE GLAUCOMA NO \u00c2MBITO MUNICIPAL, E D\u00c1 OUTRAS PROVID\u00caNCIAS</a></span></span></span></span></span></span></span></span></span></span></span></span></p>\r\n</td>\r\n<td><span><a class=\"external-link\" href=\"https://www.legislacaodigital.com.br/Cubatao-SP/LeisOrdinarias/4430\" target=\"_self\" title=\"\">LEI N\u00b0 4.430, DE 15/12/2025</a></span></td>\r\n</tr>\r\n<tr>\r\n<td>615</td>\r\n<td>MARCINHO</td>\r\n<td>PL 98</td>\r\n<td><span><span><span><span>23/06/2025</span></span></span></span></td>\r\n<td style=\"text-align: justify; \">\r\n<p><span><span><span><span><span><span><span><span><span><span><span><span><a title=\"\" href=\"https://www.cubatao.sp.leg.br/processo-legislativo/projetos-de-lei/arquivos/2025/PL_98_2025_-_Denomina_Gylvia_Vicentin_Xavier.pdf\" class=\"internal-link\" target=\"_self\">DENOMINA \u201cGYLVIA VICENTIN XAVIER\u201d, A PRA\u00c7A QUE MENCIONA E D\u00c1 OUTRAS PROVID\u00caNCIAS</a></span></span></span></span></span></span></span></span></span></span></span></span></p>\r\n</td>\r\n<td><a class=\"external-link\" href=\"https://www.legislacaodigital.com.br/Cubatao-SP/LeisOrdinarias/4426\" target=\"_self\" title=\"\">LEI N\u00ba 4.426 DE 27/11/2025</a></td>\r\n</tr>\r\n<tr>\r\n<td>609</td>\r\n<td><span>BATOR\u00c9</span></td>\r\n<td>PL 97</td>\r\n<td><span><span><span><span>17/06/2025</span></span></span></span></td>\r\n<td style=\"text-align: justify; \">\r\n<p><span><span><span><span><span><span><span><span><span><span><span><a title=\"\" href=\"https://www.cubatao.sp.leg.br/processo-legislativo/projetos-de-lei/arquivos/2025/Projeto_de_Lei_no_97.2025.pdf\" class=\"internal-link\" target=\"_self\">INSTITUI O SELO \"AUTISTA A BORDO\", NO \u00c2MBITO DO MUNIC\u00cdPIO DE CUBAT\u00c3O E D\u00c1 OUTRAS PROVID\u00caNCIAS\"</a></span></span></span></span></span></span></span></span></span></span></span></p>\r\n</td>\r\n<td><a class=\"external-link\" href=\"https://www.legislacaodigital.com.br/Cubatao-SP/LeisOrdinarias/4395\" target=\"_self\" title=\"\">LEI 4.395 DE 28/08/2025</a></td>\r\n</tr>\r\n<tr>\r\n<td>605</td>\r\n<td>RONALDO\u00a0</td>\r\n<td>PL 96</td>\r\n<td><span><span><span><span>17/06/2025</span></span></span></span></td>\r\n<td style=\"text-align: justify; \">\r\n<p><span><span><span><span><span><span><span><span><span><span><span><a title=\"\" href=\"https://www.cubatao.sp.leg.br/processo-legislativo/projetos-de-lei/arquivos/2025/PL_no_96_2025_PROGRAMA_EMPREENDE_CUBATAO_assinado.pdf\" class=\"internal-link\" target=\"_self\">INSTITUI O PROGRAMA EMPREENDE CUBAT\u00c3O DE QUALIFICA\u00c7\u00c3O DO MICROEMPREENDEDOR DE BAIXA RENDA</a></span></span></span></span></span></span></span></span></span></span></span></p>\r\n</td>\r\n<td><a class=\"external-link\" href=\"https://www.legislacaodigital.com.br/Cubatao-SP/LeisOrdinarias/4416\" target=\"_self\" title=\"\">LEI N\u00ba 4.416 DE 30/10/2025</a></td>\r\n</tr>\r\n<tr>\r\n<td>569</td>\r\n<td><span>CARIOCA</span></td>\r\n<td>PL 95</td>\r\n<td><span><span><span><span>09/06/2025</span></span></span></span></td>\r\n<td style=\"text-align: justify; \">\r\n<p><span><span><span><span><span><span><span><span><span><span><a title=\"\" href=\"https://www.cubatao.sp.leg.br/processo-legislativo/projetos-de-lei/arquivos/2025/PL_95_2025_-_SALA_SENSORIAL.pdf\" class=\"internal-link\" target=\"_self\">DISP\u00d5E SOBRE A CRIA\u00c7\u00c3O DE SALAS DE RECURSOS MULTISENSORIAS PARA ESTUDANTES COM DEFICI\u00caNCIA, TRANSTORNO DO ESPECTRO AUTISTA E OUTRAS NECESSIDADES EDUCACIONAIS ESPEC\u00cdFICAS NA REDE P\u00daBLICA DE EDUCA\u00c7\u00c3O NO MUNIC\u00cdPIO DE CUBAT\u00c3O E D\u00c1 OUTRAS PROVID\u00caNCIAS\u201d</a></span></span></span></span></span></span></span></span></span></span></p>\r\n</td>\r\n<td><a class=\"external-link\" href=\"https://www.legislacaodigital.com.br/Cubatao-SP/LeisOrdinarias/4434\" target=\"_self\" title=\"\">LEI N\u00ba 4.434, DE 22/12/2025</a></td>\r\n</tr>\r\n<tr>\r\n<td>555</td>\r\n<td>DANIEL BARBOSA (XUXA)</td>\r\n<td>PL 94</td>\r\n<td><span><span><span>04/06/2025</span></span></span></td>\r\n<td style=\"text-align: justify; \">\r\n<p><span><span><span><span><span><span><span><span><span><a title=\"\" href=\"https://www.cubatao.sp.leg.br/processo-legislativo/projetos-de-lei/arquivos/2025/Projeto_de_Lei_no_94_2025.pdf\" class=\"internal-link\" target=\"_self\">DENOMINA \"PRA\u00c7A SEBASTI\u00c3O MACEDO (TI\u00c3O) O LOGRADOURO P\u00daBLICO QUE MENCIONA E D\u00c1 OUTRAS PROVID\u00caNCIAS\"</a></span></span></span></span></span></span></span></span></span></p>\r\n</td>\r\n<td>CONVERS\u00c3O EM DILIG\u00caNCIA EM 03/09/2025\u00a0</td>\r\n</tr>\r\n<tr>\r\n<td>553</td>\r\n<td>MARCOS ROBERTO SILVA</td>\r\n<td>PL 93</td>\r\n<td><span><span><span>04/06/2025</span></span></span></td>\r\n<td style=\"text-align: justify; \">\r\n<p><span><span><span><span><span><span><span><span><a title=\"\" href=\"https://www.cubatao.sp.leg.br/processo-legislativo/projetos-de-lei/arquivos/2025/Projeto_de_Lei_no_93_2025.pdf\" class=\"internal-link\" target=\"_self\">INSTITUI, NO \u00c2MBITO DO MUNIC\u00cdPIO DE CUBAT\u00c3O, O PROGRAMA DE INCENTIVO \u00c0 AMAMENTA\u00c7\u00c3O E ALIMENTA\u00c7\u00c3O ADEQUADA DE GESTANTES EM SITUA\u00c7\u00c3O DE VULNERABILIDADE SOCIAL, E D\u00c1 OUTRAS PROVID\u00caNCIAS</a></span></span></span></span></span></span></span></span></p>\r\n</td>\r\n<td><a class=\"external-link\" href=\"https://www.legislacaodigital.com.br/Cubatao-SP/LeisOrdinarias/4393\" target=\"_self\" title=\"\">LEI 4.393 DE 26/08/2025</a></td>\r\n</tr>\r\n<tr>\r\n<td>549</td>\r\n<td>CARIOCA\u00a0</td>\r\n<td>PL 92</td>\r\n<td><span><span><span>04/06/2025</span></span></span></td>\r\n<td style=\"text-align: justify; \">\r\n<p><span><span><span><span><span><span><span><a title=\"\" href=\"https://www.cubatao.sp.leg.br/processo-legislativo/projetos-de-lei/arquivos/2025/Projeto_de_Lei_no_92_2025_-_SEMANA_DA_SAUDE_VASCULAR.pdf\" class=\"internal-link\" target=\"_self\">INSTITUI NO CALEND\u00c1RIO OFICIAL DO MUNIC\u00cdPIO DE CUBAT\u00c3O A SEMANA DA SA\u00daDE VASCULAR E D\u00c1 OUTRAS PROVID\u00caNCIAS</a></span></span></span></span></span></span></span></p>\r\n</td>\r\n<td><span><span><span><span><span><span><span><span>CONCLUSO</span></span></span></span></span></span></span></span></td>\r\n</tr>\r\n<tr>\r\n<td>546</td>\r\n<td>ALEXANDRE MENDES</td>\r\n<td>PL 91</td>\r\n<td><span><span><span>03/06/2025</span></span></span></td>\r\n<td style=\"text-align: justify; \">\r\n<p><span><span><span><span><span><span><a title=\"\" href=\"https://www.cubatao.sp.leg.br/processo-legislativo/projetos-de-lei/arquivos/2025/PL.%2091.pdf\" class=\"internal-link\" target=\"_self\">INSTITUI A LOTERIA MUNICIPAL NO \u00c2MBITO DO MUNIC\u00cdPIO DE CUBAT\u00c3O, E D\u00c1 OUTRAS PROVID\u00caNCIAS</a></span></span></span></span></span></span></p>\r\n</td>\r\n<td>CONCLUSO</td>\r\n</tr>\r\n<tr>\r\n<td>544</td>\r\n<td>CARIOCA</td>\r\n<td>PL 90</td>\r\n<td><span><span><span>02/06/2025</span></span></span></td>\r\n<td style=\"text-align: justify; \">\r\n<p><span><span><span><span><span><a title=\"\" href=\"https://www.cubatao.sp.leg.br/processo-legislativo/projetos-de-lei/arquivos/2025/PL.%2090.pdf\" class=\"internal-link\" target=\"_self\">INSTITUI A SEMANA DE CONSCIENTIZA\u00c7\u00c3O SOBRE O EXAME DE MAMOGRAFIA E D\u00c1 OUTRAS PROVID\u00caNCIAS.</a></span></span></span></span></span></p>\r\n</td>\r\n<td><span><a class=\"external-link\" href=\"https://www.legislacaodigital.com.br/Cubatao-SP/LeisOrdinarias/4418\" target=\"_self\" title=\"\">LEI N. 4.418 DE 06/11/2025</a></span></td>\r\n</tr>\r\n<tr>\r\n<td>538</td>\r\n<td><span>CARIOCA</span></td>\r\n<td>PL 88</td>\r\n<td><span><span><span>02/06/2025</span></span></span></td>\r\n<td style=\"text-align: justify; \">\r\n<p><span><span><span><span><a title=\"\" href=\"https://www.cubatao.sp.leg.br/processo-legislativo/projetos-de-lei/arquivos/2025/PL.%2088.pdf\" class=\"internal-link\" target=\"_self\">INSTITUI A CAMPANHA DE CONSCIENTIZA\u00c7\u00c3O E PREVEN\u00c7\u00c3O DA BRONQUIOLITE NA CIDADE DE CUBAT\u00c3O E D\u00c1 OUTRAS PROVID\u00caNCIAS</a></span></span></span></span></p>\r\n</td>\r\n<td><span><a class=\"external-link\" href=\"https://www.legislacaodigital.com.br/Cubatao-SP/LeisOrdinarias/4449\" target=\"_self\" title=\"\">Lei n\u00b0 4.449, de 16 de mar\u00e7o de 2026</a></span></td>\r\n</tr>\r\n<tr>\r\n<td>537</td>\r\n<td><span>CARIOCA\u00a0</span></td>\r\n<td>PL 89</td>\r\n<td><span><span>02/06/2025</span></span></td>\r\n<td style=\"text-align: justify; \">\r\n<p><span><span><span><a title=\"\" href=\"https://www.cubatao.sp.leg.br/processo-legislativo/projetos-de-lei/arquivos/2025/PL.%2089.pdf\" class=\"internal-link\" target=\"_self\">DISP\u00d5E SOBRE A INCLUS\u00c3O DO S\u00cdMBOLO MUNDIAL DE CONSCIENTIZA\u00c7\u00c3O DO TRANSTORNO DO ESPECTRO AUTISTA (TEA) NAS SINALIZA\u00c7\u00d5ES DE VAGAS ESPECIAIS DE ESTACIONAMENTO EM TODO O TERRIT\u00d3RIO DO MUNIC\u00cdPIO DE CUBAT\u00c3O E D\u00c1 OUTRAS PROVID\u00caNCIAS</a></span></span></span></p>\r\n</td>\r\n<td><span>APROVADO EM 2\u00aa DISCUSS\u00c3O EM 09/12/2025</span></td>\r\n</tr>\r\n<tr>\r\n<td>528</td>\r\n<td><span>PREFEITO MUNICIPAL</span></td>\r\n<td>PL 87</td>\r\n<td><span><span>28/05/2025</span></span></td>\r\n<td style=\"text-align: justify; \">\r\n<p><span><span><a title=\"\" href=\"https://www.cubatao.sp.leg.br/processo-legislativo/projetos-de-lei/arquivos/2025/PL.%2087.pdf\" class=\"internal-link\" target=\"_self\">ALTERA DISPOSITIVOS DA LEI N\u00b0 3.329, DE 27 DE AGOSTO DE 2009, QUE AUTORIZA O PODER EXECUTIVO A CELEBRAR CONV\u00caNIO COM A ORDEM DOS ADVOGADOS DO BRASIL - SUBSE\u00c7\u00c3O DE CUBAT\u00c3O, PARA INCLUIR SERVI\u00c7OS DE ATENDIMENTO \u00c0S V\u00cdTIMAS DE VIOL\u00caNCIA DOM\u00c9STICA E D\u00c1 OUTRAS PROVID\u00caNCIAS</a></span></span></p>\r\n</td>\r\n<td><span><span><span><span><a class=\"external-link\" href=\"https://www.legislacaodigital.com.br/Cubatao-SP/LeisOrdinarias/4380\" target=\"_self\" title=\"\">LEI N. 4.380 DE 04/06/2025</a></span></span></span></span></td>\r\n</tr>\r\n<tr>\r\n<td>519</td>\r\n<td><span>MESA DA CAMARA</span></td>\r\n<td>\u00a0PR 04</td>\r\n<td><span><span>27/05/2025</span></span></td>\r\n<td style=\"text-align: justify; \">\r\n<p><span><span><a title=\"\" href=\"https://www.cubatao.sp.leg.br/processo-legislativo/projetos-de-lei/arquivos/2025/PR.%2004.pdf\" class=\"internal-link\" target=\"_self\">DISP\u00d5E SOBRE O REGIME DE ADIANTAMENTO NO \u00c2MBITO DA C\u00c2MARA MUNICIPAL DE CUBAT\u00c3O E D\u00c1 OUTRAS PROVID\u00caNCIAS.</a></span></span></p>\r\n</td>\r\n<td><span><span><span><span>PROCURADORIA EM 28/05/2025</span></span></span></span></td>\r\n</tr>\r\n<tr>\r\n<td>510</td>\r\n<td><span>BATOR\u00c9</span></td>\r\n<td>PR 03</td>\r\n<td><span><span>23/05/2025</span></span></td>\r\n<td style=\"text-align: justify; \">\r\n<p><span><span><a title=\"\" href=\"https://www.cubatao.sp.leg.br/processo-legislativo/projetos-de-lei/arquivos/2025/PR.%2003.pdf\" class=\"internal-link\" target=\"_self\">CRIA A COMISS\u00c3O PERMANENTE DE TURISMO, ALTERANDO E ACRESCENTANDO DISPOSITIVOS \u00c0 RESOLU\u00c7\u00c3O N\u00ba 1.558, DE 13 DE DEZEMBRO DE 1991, NA FORMA QUE MENCIONA E D\u00c1 OUTRAS PROVID\u00caNCIAS</a></span></span></p>\r\n</td>\r\n<td>\r\n<p><a class=\"external-link\" href=\"https://www.legislacaodigital.com.br/Cubatao-SP/Resolucoes/3103\" target=\"_self\" title=\"\">RESOLU\u00c7\u00c3O N\u00b0 3.103, DE 30 DE DEZEMBRO DE 2025</a></p>\r\n</td>\r\n</tr>\r\n<tr>\r\n<td>509</td>\r\n<td><span>BATOR\u00c9</span></td>\r\n<td>PL 85</td>\r\n<td><span>23/05/2025</span></td>\r\n<td style=\"text-align: justify; \">\r\n<p><span><span><a title=\"\" href=\"https://www.cubatao.sp.leg.br/processo-legislativo/projetos-de-lei/arquivos/2025/PL_No_85_2025.pdf\" class=\"internal-link\" target=\"_self\">ALTERA O ARTIGO 2\u00ba DA LEI N\u00ba 3432, DE 16 DE FEVEREIRO DE 2011 E D\u00c1 OUTRAS PROVID\u00caNCIAS.</a></span></span></p>\r\n</td>\r\n<td><span><span>CONVERS\u00c3O EM DILIG\u00caNCIA EM 16/06/2025</span></span></td>\r\n</tr>\r\n<tr>\r\n<td>508</td>\r\n<td><span>RONALDO</span></td>\r\n<td>PL 86</td>\r\n<td><span>23/05/2025</span></td>\r\n<td style=\"text-align: justify; \">\r\n<p><span><span><a title=\"\" href=\"https://www.cubatao.sp.leg.br/processo-legislativo/projetos-de-lei/arquivos/2025/PL.%2086.pdf\" class=\"internal-link\" target=\"_self\">DISP\u00d5E SOBRE DIRETRIZES DAS POL\u00cdTICAS PUBLICAS MUNICIPAIS, A CAPACITA\u00c7\u00c3O EM CURSO DE PRIMEIROS SOCORROS DOS SERVIDORES PUBLICOS DA REDE MUNICIPAL DE ENSINO DE CUBAT\u00c3O E D\u00c1 OUTRAS PROVID\u00caNCIAS.</a></span></span></p>\r\n</td>\r\n<td><span>CONVERS\u00c3O EM DILIG\u00caNCIA EM 05/06/2025</span></td>\r\n</tr>\r\n<tr>\r\n<td>506</td>\r\n<td><span>PREFEITO MUNICIPAL\u00a0</span></td>\r\n<td>PL 84</td>\r\n<td><span>23/05/2025</span></td>\r\n<td style=\"text-align: justify; \">\r\n<p><span><span><a title=\"\" href=\"https://www.cubatao.sp.leg.br/processo-legislativo/projetos-de-lei/arquivos/2025/PL_Ndeg_84_2025.pdf\" class=\"internal-link\" target=\"_self\">ALTERA A ESTRUTURA DAS SECRETARIAS MUNICIPAIS DE SEGURAN\u00c7A P\u00daBLICA E CIDADANIA, FINAN\u00c7AS E GEST\u00c3O E D\u00c1 OUTRAS PROVID\u00caNCIAS.</a></span></span></p>\r\n</td>\r\n<td><span><a class=\"external-link\" href=\"https://www.legislacaodigital.com.br/Cubatao-SP/LeisOrdinarias/4379/Arquivos/1\" target=\"_self\" title=\"\">LEI N\u00ba 4.379 DE 29/05/2025</a></span></td>\r\n</tr>\r\n<tr>\r\n<td>507</td>\r\n<td><span>PREFEITO MUNICIPAL</span></td>\r\n<td>PLC 83</td>\r\n<td><span>23/05/2025</span></td>\r\n<td style=\"text-align: justify; \">\r\n<p><span><span><a title=\"\" href=\"https://www.cubatao.sp.leg.br/processo-legislativo/projetos-de-lei/arquivos/2025/PLC_83-2025.pdf\" class=\"internal-link\" target=\"_self\">\"REVOGA OS DISPOSITIVOS QUE MENCIONA DA LEI COMPLEMENTAR N\u00ba 112/2025, DE 27 DE DEZEMBRO DE 2019, E D\u00c1 OUTRAS PROVID\u00caNCIAS\"</a></span></span></p>\r\n</td>\r\n<td><span><a class=\"external-link\" href=\"https://www.legislacaodigital.com.br/Cubatao-SP/LeisComplementares/147/Arquivos/1\" target=\"_self\" title=\"\">LEI COMPLEMENTAR N\u00ba 147 DE 29/05/2025</a></span></td>\r\n</tr>\r\n<tr>\r\n<td>495</td>\r\n<td>MESA DA CAMARA</td>\r\n<td>PL 82\u00a0</td>\r\n<td>20/05/2025<span></span></td>\r\n<td style=\"text-align: justify; \">\r\n<p><span><span><span><a title=\"\" href=\"https://www.cubatao.sp.leg.br/processo-legislativo/projetos-de-lei/arquivos/2025/PL.%2082.pdf\" class=\"internal-link\" target=\"_self\">DISP\u00d5E SOBRE O REAJUSTE ANUAL DA REMUNERA\u00c7\u00c3O DOS SERVIDORES P\u00daBLICOS DA C\u00c2MARA MUNICIPAL DE CUBAT\u00c3O, E DA OUTRAS PROVID\u00caNCIAS</a></span></span></span></p>\r\n</td>\r\n<td><span><a class=\"external-link\" href=\"https://www.legislacaodigital.com.br/Cubatao-SP/LeisOrdinarias/4382\" target=\"_self\" title=\"\">LEI N. 4.382 DE 05/06/2025</a></span></td>\r\n</tr>\r\n<tr>\r\n<td>492</td>\r\n<td><span>GUILHERME AMARAL</span></td>\r\n<td>PL 81</td>\r\n<td><span>19/05/2025</span></td>\r\n<td style=\"text-align: justify; \">\r\n<p><span><span><a title=\"\" href=\"https://www.cubatao.sp.leg.br/processo-legislativo/projetos-de-lei/arquivos/2025/PL_81-2025_-_PROIBE_O_USO__POR_PARTE_DE_ADULTOS_E_ADOLESCENTES__QUE_NAO_FACAM_JUS_A_CLASSIFICACAO_ETARIA__DE_EQUIPAMENTOS_DE_PLAYGROUND.pdf\" class=\"internal-link\" target=\"_self\">PRO\u00cdBE O USO, POR PARTE DE ADULTOS E ADOLESCENTES, QUE N\u00c3O FA\u00c7AM JUS \u00c0 CLASSIFICA\u00c7\u00c3O ET\u00c1RIA, DE EQUIPAMENTOS DE PLAYGROUND DESTINADOS A CRIAN\u00c7AS NA CIDADE DE CUBAT\u00c3O E D\u00c1 OUTRAS PROVID\u00caNCIAS</a></span></span></p>\r\n</td>\r\n<td><span><a class=\"external-link\" href=\"https://www.legislacaodigital.com.br/Cubatao-SP/LeisOrdinarias/4432\" target=\"_self\" title=\"\">LEI N\u00ba 4.432, DE 15/12/2025</a></span></td>\r\n</tr>\r\n<tr>\r\n<td>491/2025</td>\r\n<td>GUILHERME AMARAL</td>\r\n<td>PL 80</td>\r\n<td><span>19/05/2025</span></td>\r\n<td style=\"text-align: justify; \">\r\n<p><span><a title=\"\" href=\"https://www.cubatao.sp.leg.br/processo-legislativo/projetos-de-lei/arquivos/2025/PL_80-2025_-__OBRIGATORIEDADE_DE_RECOMPOSICAO_INTEGRAL__ASFALTICA_OU_DE_SEXTAVADOS.pdf\" class=\"internal-link\" target=\"_self\">DISP\u00d5E SOBRE A OBRIGATORIEDADE DE RECOMPOSI\u00c7\u00c3O INTEGRAL, ASF\u00c1LTICA OU DE SEXTAVADOS, POR EMPRESAS TERCEIRIZADAS, CONCESSION\u00c1RIAS OU PERMISSION\u00c1RIAS QUE REALIZAREM OBRAS OU INTERVEN\u00c7\u00d5ES NO SOLO DE VIAS P\u00daBLICAS DO MUNIC\u00cdPIO DE CUBAT\u00c3O, E D\u00c1 PROVID\u00caNCIAS.</a></span></p>\r\n</td>\r\n<td>RETIRADO PELO AUTOR EM 28/05/2025</td>\r\n</tr>\r\n<tr>\r\n<td>489</td>\r\n<td>PREFEITO MUNICIPAL</td>\r\n<td>PL 79</td>\r\n<td><span>19/05/2025</span></td>\r\n<td style=\"text-align: justify; \">\r\n<p><a title=\"\" href=\"https://www.cubatao.sp.leg.br/processo-legislativo/projetos-de-lei/arquivos/2025/PL_no_79.2025.pdf\" class=\"internal-link\" target=\"_self\">DISP\u00d5E SOBRE A REVIS\u00c3O GERAL ANUAL DOS VENCIMENTOS E SAL\u00c1RIOS DOS SERVIDORES P\u00daBLICOS MUNICIPAIS DA ADMINISTRA\u00c7\u00c3O DIRETA, AUT\u00c1RQUICA E FUNDACIONAL DO PODER EXECUTIVO; ALTERA OS VALORES DOS BENEF\u00cdCIOS DE ALIMENTA\u00c7\u00c3O E REFEI\u00c7\u00c3O; ESTABELECE NOVA REFER\u00caNCIA SALARIAL INICIAL PARA O CARGO DE PROFESSOR DE EDUCA\u00c7\u00c3O INFANTIL I; CORRIGE ERRO MATERIAL REFERENTE AO VENCIMENTO DO CARGO DE ASSESSOR DE RELA\u00c7\u00d5ES DE GOVERNO CONSTANTE DE LEIS ANTERIORES; E DA OUTRAS PROVID\u00caNCIAS CORRELATAS\".</a></p>\r\n<p>\u00a0</p>\r\n</td>\r\n<td><a class=\"external-link\" href=\"https://www.legislacaodigital.com.br/Cubatao-SP/LeisOrdinarias/4374\" target=\"_self\" title=\"\">LEI N\u00ba 4.374 DE 21/05/2025</a></td>\r\n</tr>\r\n<tr>\r\n<td>483</td>\r\n<td>JOEMERSON\u00a0</td>\r\n<td>PL 78</td>\r\n<td><span>16/05/2025</span></td>\r\n<td style=\"text-align: justify; \">\r\n<p><span><span><a title=\"\" href=\"https://www.cubatao.sp.leg.br/processo-legislativo/projetos-de-lei/arquivos/2025/PL_78-2025.pdf\" class=\"internal-link\" target=\"_self\">DISP\u00d5E SOBRE A LEI DE INCLUS\u00c3O E DIGNIDADE PARA PESSOAS EM SITUA\u00c7\u00c3O DE RUA EM CUBAT\u00c3O</a></span></span></p>\r\n</td>\r\n<td>RETIRADO PELO AUTOR EM 24/06/2025</td>\r\n</tr>\r\n<tr>\r\n<td>482</td>\r\n<td>JOEMERSON\u00a0</td>\r\n<td>PL 77\u00a0</td>\r\n<td><span>16/05/2025</span></td>\r\n<td style=\"text-align: justify; \">\r\n<p><span><a title=\"\" href=\"https://www.cubatao.sp.leg.br/processo-legislativo/projetos-de-lei/arquivos/2025/PL_77-2025.pdf\" class=\"internal-link\" target=\"_self\">INSTITUI NO CALEND\u00c1RIO OFICIAL DO MUNIC\u00cdPIO DE CUBAT\u00c3O A \"FESTA DO SIRI\" DO BAIRRO \"JARDIM CASQUEIRO\" E DA OUTRAS PROVIDENCIAS.</a></span></p>\r\n<p><span><span><br /></span></span></p>\r\n</td>\r\n<td><span><a class=\"external-link\" href=\"https://www.legislacaodigital.com.br/Cubatao-SP/LeisOrdinarias/4394\" target=\"_self\" title=\"\">LEI 4.394 DE 28/8/2025</a></span></td>\r\n</tr>\r\n<tr>\r\n<td>451</td>\r\n<td>PREFEITO MUNICIPAL</td>\r\n<td>PL 76</td>\r\n<td><span>08/05/2025</span></td>\r\n<td style=\"text-align: justify; \">\r\n<p><span><a title=\"\" href=\"https://www.cubatao.sp.leg.br/processo-legislativo/projetos-de-lei/arquivos/2025/PL_76-2025.pdf\" class=\"internal-link\" target=\"_self\">AUTORIZA O PODER EXECUTIVO A PRORROGAR O \"BOLSA MORADIA\", INSTITU\u00cdDO PELA LEI N\u00b0 3.442, DE 22 DE MARCO DE 2011, \u00c1S FAM\u00cdLIAS ATINGIDAS PELO ESCORREGAMENTO E/OU DESLIZAMENTOS HAVIDOS NA \u00c1REA DENOMINADA \"PIL\u00d5ES\" E D\u00c1 OUTRAS PROVID\u00caNCIAS.</a></span></p>\r\n</td>\r\n<td><span><a class=\"external-link\" href=\"https://www.legislacaodigital.com.br/Cubatao-SP/LeisOrdinarias/4375\" target=\"_self\" title=\"\">LEI N\u00ba 4.375 DE 21/05/2025</a></span></td>\r\n</tr>\r\n<tr>\r\n<td>449</td>\r\n<td><span>BATOR\u00c9</span>\u00a0</td>\r\n<td>PL 75</td>\r\n<td><span>07/05/2025</span></td>\r\n<td style=\"text-align: justify; \">\r\n<p><span><a title=\"\" href=\"https://www.cubatao.sp.leg.br/processo-legislativo/projetos-de-lei/arquivos/2025/PROJETO_DE_LEI_75_2025_-_ESTABELECE_NOVA_REDACAO_AO_ARTIGO_28_DA_LEI_NO._2515__DE_15_DE_SETEMBRO_DE_1998_E_DA_OUTRAS_PROVIDENCIAS.pdf\" class=\"internal-link\" target=\"_self\">ESTABELECE NOVA REDA\u00c7\u00c3O AO ARTIGO 28 DA LEI N. 2.515, DE 15 DE SETEMBRO DE 1998 E D\u00c1 OUTRAS PROVID\u00caNCIAS.</a></span></p>\r\n</td>\r\n<td>RETIRADO PELO AUTOR EM 16/05/2025</td>\r\n</tr>\r\n<tr>\r\n<td>422</td>\r\n<td>MESA DA C\u00c2MARA</td>\r\n<td>PR 02</td>\r\n<td><span>30/04/2025</span></td>\r\n<td style=\"text-align: justify; \">\r\n<p><span><span><span><a title=\"\" href=\"https://www.cubatao.sp.leg.br/processo-legislativo/projetos-de-lei/arquivos/2025/PR_-_02_2025.pdf\" class=\"internal-link\" target=\"_self\">ALTERA DISPOSITIVO DA RESOLU\u00c7\u00c3O N\u00b01.558, DE 13 DE DEZEMBRO DE 1991, NA FORMA QUE MENCIONA, E D\u00c1 OUTRAS PROVID\u00caNCIAS</a></span></span></span></p>\r\n</td>\r\n<td><span><a class=\"external-link\" href=\"https://www.legislacaodigital.com.br/Cubatao-SP/Resolucoes/3070\" target=\"_self\" title=\"\">RESOLU\u00c7\u00c3O N\u00ba 3.070 DE 13 DE MAIO DE 2025</a></span></td>\r\n</tr>\r\n<tr>\r\n<td>421</td>\r\n<td>GUILHERME AMARAL\u00a0</td>\r\n<td>PL 74</td>\r\n<td><span>29/04/2025</span></td>\r\n<td style=\"text-align: justify; \">\r\n<p><span><span><a title=\"\" href=\"https://www.cubatao.sp.leg.br/processo-legislativo/projetos-de-lei/arquivos/2025/PL_No_74-2025_Interrupcao_de_Gestacao_decorrentes_de_Estupro_seja_comunicada_a_Autoridade_Policial.pdf\" class=\"internal-link\" target=\"_self\">DISP\u00d5E QUE A INTERRUP\u00c7\u00c3O DE GESTA\u00c7\u00c3O DECORRENTE DE ESTUPRO SEJA NOTIFICADA \u00c0 AUTORIDADE POLICIAL, BEM COMO QUE TECIDOS FETAIS OU EMBRION\u00c1RIOS SEJAM PRESERVADOS PARA FINS DE PER\u00cdCIA GEN\u00c9TICA PARA, EXCLUSIVAMENTE, IDENTIFICAR E RESPONSABILIZAR O ESTUPRADOR E D\u00c1 OUTRAS PROVID\u00caNCIAS</a></span></span></p>\r\n</td>\r\n<td>RETIRADO PELO AUTOR 13/06/2025</td>\r\n</tr>\r\n<tr>\r\n<td>420</td>\r\n<td>CARIOCA</td>\r\n<td>PR 01</td>\r\n<td><span>28/04/2025</span></td>\r\n<td style=\"text-align: justify; \">\r\n<p><span><a title=\"\" href=\"https://www.cubatao.sp.leg.br/processo-legislativo/projetos-de-lei/arquivos/2025/P.R.No01-2025_COMISSAO_PERMANENTE_PCD_Copy_assinado_ok.pdf\" class=\"internal-link\" target=\"_self\">ALTERA E ACRESCENTA DISPOSITIVOS \u00c0 RESOLU\u00c7\u00c3O N\u00ba 1.558, DE 13 DE DEZEMBRO DE 1991, NA FORMA QUE MENCIONA, E D\u00c1 OUTRAS PROVID\u00caNCIAS.</a></span></p>\r\n</td>\r\n<td><a class=\"external-link\" href=\"https://www.legislacaodigital.com.br/Cubatao-SP/Resolucoes/3102\" target=\"_self\" title=\"\">RESOLU\u00c7\u00c3O N\u00ba 3.102, DE 30 DE DEZEMBRO DE 2025</a></td>\r\n</tr>\r\n<tr>\r\n<td>418</td>\r\n<td>MARCIO SILVA NASCIMENTO</td>\r\n<td>PL 73</td>\r\n<td><span>28/04/2025</span></td>\r\n<td style=\"text-align: justify; \"><span><span><span><span><span><span><a title=\"\" href=\"https://www.cubatao.sp.leg.br/processo-legislativo/projetos-de-lei/arquivos/2025/PL_73-2025._DIVULGACAO_DOS_ESTOQUES_DE_MEDICAMENTOS_assinado.pdf\" class=\"internal-link\" target=\"_self\">DISP\u00d5E SOBRE A OBRIGATORIEDADE DE DIVULGA\u00c7\u00c3O DOS ESTOQUES DOS MEDICAMENTOS GRATUITAMENTE DISTRIBU\u00cdDOS PELA REDE MUNICIPAL DE SA\u00daDE NO PORTAL ELETRONICO DA PREFEITURA MUNICIPAL DE CUBAT\u00c3O E D\u00c1 OUTRAS PROVIDENCIAS</a></span></span></span></span></span></span></td>\r\n<td><span><a class=\"external-link\" href=\"https://www.legislacaodigital.com.br/Cubatao-SP/LeisOrdinarias/4386\" target=\"_self\" title=\"\">LEI N. 4.386 DE 07/07/2025</a></span></td>\r\n</tr>\r\n<tr>\r\n<td>406</td>\r\n<td>CARIOCA</td>\r\n<td>PL 72</td>\r\n<td><span>24/04/2025</span></td>\r\n<td style=\"text-align: justify; \"><span><span><span><span><span><a title=\"\" href=\"https://www.cubatao.sp.leg.br/processo-legislativo/projetos-de-lei/arquivos/2025/PL.%2072.pdf\" class=\"internal-link\" target=\"_self\">Declara de Utilidade P\u00fablica a \u201cASSOCIA\u00c7\u00c3O BRASILEIRA DE BEM - ESTAR SOCIAL - ABBS</a></span></span></span></span></span></td>\r\n<td><span><a class=\"external-link\" href=\"https://www.legislacaodigital.com.br/Cubatao-SP/LeisOrdinarias/4396\" target=\"_self\" title=\"\">LEI 4.396 DE 28/08/2025</a></span></td>\r\n</tr>\r\n<tr>\r\n<td>401</td>\r\n<td><span>MARCOS ROBERTO SILVA</span></td>\r\n<td>PL 71</td>\r\n<td><span>24/04/2025</span></td>\r\n<td style=\"text-align: justify; \"><span><span><span><span><a title=\"\" href=\"https://www.cubatao.sp.leg.br/processo-legislativo/projetos-de-lei/arquivos/2025/PL_No_71_2025.pdf\" class=\"internal-link\" target=\"_self\">DISP\u00d5E SOBRE A OBRIGATORIEDADE DO USO DE FOCINHEIRA, COLEIRA E GUIA CURTA PARA A CONDU\u00c7\u00c3O RESPONS\u00c1VEL DE C\u00c3ES DE GRANDE PORTE E/OU DE RA\u00c7AS POTENCIALMENTE PERIGOSAS NO MUNIC\u00cdPIO DE CUBAT\u00c3O E D\u00c1 OUTRAS PROVID\u00caNCIAS.</a></span></span></span></span></td>\r\n<td><a class=\"external-link\" href=\"https://www.legislacaodigital.com.br/Cubatao-SP/LeisOrdinarias/4381\" target=\"_self\" title=\"\">LEI N. 4.381 DE 05/06/2025</a></td>\r\n</tr>\r\n<tr>\r\n<td>399</td>\r\n<td><span>PREFEITO MUNICIPAL</span></td>\r\n<td>PL 70</td>\r\n<td><span>23/04/2025</span></td>\r\n<td style=\"text-align: justify; \"><span><span><span><a title=\"\" href=\"https://www.cubatao.sp.leg.br/processo-legislativo/projetos-de-lei/arquivos/2025/PL.%2070.pdf\" class=\"internal-link\" target=\"_self\">REVOGA OS DISPOSITIVOS DA LEI N\u00ba 3.329, DE 27 DE AGOSTO DE 2009 QUE AUTORIZA O PODER EXECUTIVO A CELEBRAR CONV\u00caNIO COM A ORDEM DOS ADVOGADOS DO BRASIL - SUBSE\u00c7\u00c3O DE CUBAT\u00c3O, E D\u00c1 OUTRAS PROVID\u00caNCIAS</a></span></span></span></td>\r\n<td><span><span>RETIRADO PELO AUTOR EM 19/05/2025</span></span></td>\r\n</tr>\r\n<tr>\r\n<td>398</td>\r\n<td><span>ALEXANDRE MENDES</span></td>\r\n<td>PL 69</td>\r\n<td><span>23/04/2025</span></td>\r\n<td style=\"text-align: justify; \"><span><span><a title=\"\" href=\"https://www.cubatao.sp.leg.br/processo-legislativo/projetos-de-lei/arquivos/2025/PL_No_69_2025.pdf\" class=\"internal-link\" target=\"_self\">\u201cDECLARA DE UTILIDADE P\u00daBLICA A ENTIDADE QUE MENCIONA E D\u00c1 OUTRAS PROVID\u00caNCIAS.\u201d</a></span></span></td>\r\n<td><span><a class=\"external-link\" href=\"https://www.legislacaodigital.com.br/Cubatao-SP/LeisOrdinarias/4383\" target=\"_self\" title=\"\">LEI N. 4.383 DE 12/06/2025</a></span></td>\r\n</tr>\r\n<tr>\r\n<td>397</td>\r\n<td><span>RONALDO DA COMISS\u00c3O</span></td>\r\n<td>PL 68</td>\r\n<td><span>22/04/2025</span></td>\r\n<td style=\"text-align: justify; \"><span><a title=\"\" href=\"https://www.cubatao.sp.leg.br/processo-legislativo/projetos-de-lei/arquivos/2025/PL_68.205.pdf\" class=\"internal-link\" target=\"_self\">INSTITUI NO MUNIC\u00cdPIO DE CUBAT\u00c3O A SEMANA DO MUTIR\u00c3O DO EMPREGO, A SER REALIZADA, ANUALMENTE, A PARTIR DO DIA 1 DE MAIO</a>.</span></td>\r\n<td><span><a class=\"external-link\" href=\"https://www.legislacaodigital.com.br/Cubatao-SP/LeisOrdinarias/4384\" target=\"_self\" title=\"\">LEI N 4.384 DE 01/07/2025</a></span></td>\r\n</tr>\r\n<tr>\r\n<td>396</td>\r\n<td><span>RONALDO DA COMISS\u00c3O</span></td>\r\n<td>PL 67</td>\r\n<td><span>22/04/2025</span></td>\r\n<td style=\"text-align: justify; \"><span><a title=\"\" href=\"https://www.cubatao.sp.leg.br/processo-legislativo/projetos-de-lei/arquivos/2025/PL_67.2025.pdf\" class=\"internal-link\" target=\"_self\">I<span>NSTITUI A CAMPANHA DE PREVEN\u00c7\u00c3O E COMBATE AO ABUSO E EXPLORA\u00c7\u00c3O SEXUAL DE CRIAN\u00c7AS E ADOLESCENTES \"MAIO LARANJA\" NO \u00c2MBITO DO MUNIC\u00cdPIO DE CUBAT\u00c3O</span></a></span></td>\r\n<td><span><a class=\"external-link\" href=\"https://www.legislacaodigital.com.br/Cubatao-SP/LeisOrdinarias/4431\" target=\"_self\" title=\"\">LEI N\u00ba 4.431, DE 15/12/2025</a></span></td>\r\n</tr>\r\n<tr>\r\n<td>395</td>\r\n<td><span><span>RONALDO DA COMISS\u00c3O</span></span></td>\r\n<td>PL 66</td>\r\n<td>22/04/2025</td>\r\n<td style=\"text-align: justify; \">\r\n<p><span><a title=\"\" href=\"https://www.cubatao.sp.leg.br/processo-legislativo/projetos-de-lei/arquivos/2025/PL_66.2025.pdf\" class=\"internal-link\" target=\"_self\">INSTITUI NO MUNIC\u00cdPIO DE CUBAT\u00c3O A \u201cSEMANA MUNICIPAL DO PRIMEIRO EMPREGO\u201d, A SER REALIZADA, ANUALMENTE</a></span></p>\r\n</td>\r\n<td><a class=\"external-link\" href=\"https://www.legislacaodigital.com.br/Cubatao-SP/LeisOrdinarias/4401\" target=\"_self\" title=\"\">LEI N 4.401 DE 19/09/2025</a></td>\r\n</tr>\r\n<tr>\r\n<td>384</td>\r\n<td><span>MESA DA C\u00c2MARA</span></td>\r\n<td>PELOM 03</td>\r\n<td>15/04/2025</td>\r\n<td style=\"text-align: justify; \">\r\n<p><a title=\"\" href=\"https://www.cubatao.sp.leg.br/processo-legislativo/projetos-de-lei/arquivos/2025/PELOM_Ndeg_03_25.pdf\" class=\"internal-link\" target=\"_self\">ALTERA A REDA\u00c7\u00c3O DO \u00a7 2\u00ba, DO ARTIGO 133, DA LEI ORG\u00c2NICA DO MUNIC\u00cdPIO DE CUBAT\u00c3O, E D\u00c1 OUTRAS PROVID\u00caNCIAS</a>.</p>\r\n</td>\r\n<td><span><a class=\"external-link\" href=\"https://www.legislacaodigital.com.br/Cubatao-SP/EmendasLeiOrganica/39\" target=\"_self\" title=\"\">EMENDA A LEI ORG\u00c2NICA N\u00ba 039 DE 13/05/2025</a></span></td>\r\n</tr>\r\n<tr>\r\n<td>380</td>\r\n<td><span>PREFEITO MUNICIPAL\u00a0</span></td>\r\n<td>PL 65</td>\r\n<td>15/04/2025</td>\r\n<td style=\"text-align: justify; \">\r\n<p><span><a title=\"\" href=\"https://www.cubatao.sp.leg.br/processo-legislativo/projetos-de-lei/arquivos/2025/PL.%2065.pdf\" class=\"internal-link\" target=\"_self\">DISP\u00d5E SOBRE AS DIRETRIZES GERAIS PARA A ELABORA\u00c7\u00c3O DA LEI OR\u00c7AMENTARIA DO MUNIC\u00cdPIO DE CUBAT\u00c3O PARA O EXERCICIO DE 2026 E D\u00c1 OUTRAS PROVID\u00caNCIAS</a></span></p>\r\n</td>\r\n<td><span><a class=\"external-link\" href=\"https://www.legislacaodigital.com.br/Cubatao-SP/LeisOrdinarias/4387\" target=\"_self\" title=\"\">Lei n\u00b0 4.387, de 23 de julho de 2025</a></span></td>\r\n</tr>\r\n<tr>\r\n<td>378</td>\r\n<td><span>M\u00c1RCIO SILVA NASCIMENTO</span></td>\r\n<td>PL 64</td>\r\n<td>14/04/2025</td>\r\n<td style=\"text-align: justify; \"><span><span><span><span><a title=\"\" href=\"https://www.cubatao.sp.leg.br/processo-legislativo/projetos-de-lei/arquivos/2025/PL.%2064.pdf\" class=\"internal-link\" target=\"_self\"></a></span></span></span></span>\r\n<p><a title=\"\" href=\"https://www.cubatao.sp.leg.br/processo-legislativo/projetos-de-lei/arquivos/2025/PL.%2064.pdf\" class=\"internal-link\" target=\"_self\">INSTITUI NO CALEND\u00c1RIO OFICIAL DO MUNIC\u00cdPIO O \"DIA DO PSIC\u00d3LOGO\", DEDICADO AOS PROFISSIONAIS QUE LIDAM COM A SA\u00daDE MENTAL, EMOCIONAL E O BEM-ESTAR DA POPULA\u00c7\u00c3O</a>.</p>\r\n</td>\r\n<td><a class=\"external-link\" href=\"https://www.legislacaodigital.com.br/Cubatao-SP/LeisOrdinarias/4410\" target=\"_self\" title=\"\">LEI N\u00ba 4.410 DE 15/10/2025</a></td>\r\n</tr>\r\n<tr>\r\n<td>363</td>\r\n<td><span>GUILHERME AMARAL</span></td>\r\n<td>PL 63</td>\r\n<td>07/04/2025</td>\r\n<td style=\"text-align: justify; \"><span><span><span><a title=\"\" href=\"https://www.cubatao.sp.leg.br/processo-legislativo/projetos-de-lei/arquivos/2025/PL.%2063.pdf\" class=\"internal-link\" target=\"_self\">DISP\u00d5E QUE O LAUDO M\u00c9DICO QUE ATESTE DIABETES MELLITUS TIPO 1 (DM1) TENHA PRAZO DE VALIDADE INDETERMINADO, NO \u00c2MBITO DO MUNIC\u00cdPIO DE CUBAT\u00c3O</a></span></span></span></td>\r\n<td><a class=\"external-link\" href=\"https://www.legislacaodigital.com.br/Cubatao-SP/LeisOrdinarias/4385\" target=\"_self\" title=\"\">LEI N 4.385 DE 01/07/2025</a></td>\r\n</tr>\r\n<tr>\r\n<td>359</td>\r\n<td>MESA DA C\u00c2MARA</td>\r\n<td>PELOM 02</td>\r\n<td>04/04/2025</td>\r\n<td style=\"text-align: justify; \"><span><span><a title=\"\" href=\"https://www.cubatao.sp.leg.br/processo-legislativo/projetos-de-lei/arquivos/2025/PLOM_02-2025.pdf\" class=\"internal-link\" target=\"_self\">ALTERA A REDA\u00c7\u00c3O DO ARTIGO 40 DA LEI ORG\u00c2NICA DO MUNIC\u00cdPIO DE CUBAT\u00c3O, E D\u00c1 OUTRAS PROVID\u00caNCIAS.</a></span></span></td>\r\n<td><a class=\"external-link\" href=\"https://www.legislacaodigital.com.br/Cubatao-SP/EmendasLeiOrganica/38\" target=\"_self\" title=\"\">EMENDA A LEI ORG\u00c2NICA N\u00ba 038 DE 29/04/2025</a></td>\r\n</tr>\r\n<tr>\r\n<td>357</td>\r\n<td>ALEXANDRE MENDES</td>\r\n<td>PL 62</td>\r\n<td>04/04/2025</td>\r\n<td style=\"text-align: justify; \"><span><span><a title=\"\" href=\"https://www.cubatao.sp.leg.br/processo-legislativo/projetos-de-lei/arquivos/2025/PL_Ndeg_62_25.pdf\" class=\"internal-link\" target=\"_self\">DISP\u00d5E SOBRE A REGULAMENTA\u00c7\u00c3O DO RODEIO CRIOULO NO MUNIC\u00cdPIO DE CUBAT\u00c3O E D\u00c1 OUTRAS PROVID\u00caNCIAS.</a></span></span></td>\r\n<td>RETIRADO PELO AUTOR EM 04/06/2025</td>\r\n</tr>\r\n<tr>\r\n<td>350</td>\r\n<td>GUILHERME AMARAL</td>\r\n<td>PDL 02</td>\r\n<td>03/04/2025</td>\r\n<td style=\"text-align: justify; \"><span><span><a title=\"\" href=\"https://www.cubatao.sp.leg.br/processo-legislativo/projetos-de-lei/arquivos/2025/Projeto_de_Alteracao__Decreto_Legislativo.pdf\" class=\"internal-link\" target=\"_self\">ALTERA DISPOSITIVO DO DECRETO LEGISLATIVO N\u00ba 115, DE 9 E MAIO DE 2006, QUE \"CRIA E DISCIPLINA A MEDALHA COMEMORATIVA DO DIA DO PROFESSOR, E D\u00c1 OUTRAS PROVID\u00caNCIAS\"</a></span></span></td>\r\n<td>RETIRADO PELO AUTOR 16/09/2025</td>\r\n</tr>\r\n<tr>\r\n<td>339</td>\r\n<td>RONALDO DA COMISS\u00c3O</td>\r\n<td>PL 61</td>\r\n<td>02/04/2025</td>\r\n<td style=\"text-align: justify; \"><span><span><a title=\"\" href=\"https://www.cubatao.sp.leg.br/processo-legislativo/projetos-de-lei/arquivos/2025/PL_Ndeg_61_2025.pdf\" class=\"internal-link\" target=\"_self\">DISP\u00d5E SOBRE CRIA\u00c7\u00c3O DO PROGRAMA CUIDADOR DE PESSOA COM DEFICI\u00caNCIA OU MOBILIDADE REDUZIDA NO MUNIC\u00cdPIO DE CUBAT\u00c3O</a></span></span></td>\r\n<td>GAB RONALDO EM 11/04/2025</td>\r\n</tr>\r\n<tr>\r\n<td>327</td>\r\n<td>GUILHERME DO SAL\u00c3O</td>\r\n<td>PL 60</td>\r\n<td>28/03/2025</td>\r\n<td style=\"text-align: justify; \"><span><a title=\"\" href=\"https://www.cubatao.sp.leg.br/processo-legislativo/projetos-de-lei/arquivos/2025/PL_Ndeg_60_2025.pdf\" class=\"internal-link\" target=\"_self\">DISP\u00d5E SOBRE A INCLUS\u00c3O PROGRESSIVA DE \u00d4NIBUS OU MICRO\u00d4NIBUS IMPULSIONADO POR MOTOR EXCLUSIVAMENTE EL\u00c9TRICO NA FROTA DE TRANSPORTE P\u00daBLICO DO MUNIC\u00cdPIO DE CUBAT\u00c3O E D\u00c1 OUTRAS PROVID\u00caNCIAS</a></span></td>\r\n<td><span><a class=\"external-link\" href=\"https://www.legislacaodigital.com.br/Cubatao-SP/LeisOrdinarias/4453\" target=\"_self\" title=\"\">Lei n\u00b0 4.453, de 17 de abril de 2026</a></span></td>\r\n</tr>\r\n<tr>\r\n<td>326</td>\r\n<td>RONIELE MARTINS</td>\r\n<td>PL 59</td>\r\n<td>28/03/2025</td>\r\n<td style=\"text-align: justify; \"><span><a title=\"\" href=\"https://www.cubatao.sp.leg.br/processo-legislativo/projetos-de-lei/arquivos/2025/PL_Ndeg_59_2025.pdf\" class=\"internal-link\" target=\"_self\">DENOMINA \"CICLOVIA VEREADOR WILSON PIO DOS REIS\", A CICLOVIA COMPREENDIDA ENTRE A AVENIDA NOVE DE ABRIL E SUA EXTENS\u00c3O AT\u00c9 A AVENIDA TANCREDO NEVES, DO MUNIC\u00cdPIO DE CUBAT\u00c3O OUTRAS PROVID\u00caNCIAS</a></span></td>\r\n<td>OFICIANDO EM 31/03/2025</td>\r\n</tr>\r\n<tr>\r\n<td>325</td>\r\n<td>PREFEITO MUNICIPAL</td>\r\n<td>PLC 58</td>\r\n<td>28/03/2025</td>\r\n<td style=\"text-align: justify; \"><span><a title=\"\" href=\"https://www.cubatao.sp.leg.br/processo-legislativo/projetos-de-lei/arquivos/2025/PLC_Ndeg_58_2025.pdf\" class=\"internal-link\" target=\"_self\">ALTERA A LEI COMPLEMENTAR N\u00b0 10, DE 23 DE DEZEMBRO DE 2002, QUE DISP\u00d5E SOBRE A PLANTA GEN\u00c9RICA DE VALORES DO MUNIC\u00cdPIO, PARA EFEITO DE BASE DE C\u00c1LCULO DO IMPOSTO SOBRE A PROPRIEDADE PREDIAL E TERRITORIAL URBANA, E DA OUTRAS PROVID\u00caNCIAS</a></span></td>\r\n<td><span><a class=\"external-link\" href=\"https://www.legislacaodigital.com.br/Cubatao-SP/LeisComplementares/148\" target=\"_self\" title=\"\">LEI COMPLEMENTAR N. 148 DE 05/06/2025</a></span></td>\r\n</tr>\r\n<tr>\r\n<td>317</td>\r\n<td><span><span><span>RONIELE MARTINS</span></span></span></td>\r\n<td>PL 57</td>\r\n<td><span><span>27/03/2025</span></span></td>\r\n<td style=\"text-align: justify; \">\r\n<p><a title=\"\" href=\"https://www.cubatao.sp.leg.br/processo-legislativo/projetos-de-lei/arquivos/2025/PL_SEMANA_DO_MOTOBOY.pdf\" class=\"internal-link\" target=\"_self\">INSTITUI A SEMANA DO MOTOBOY NO MUNIC\u00cdPIO DE CUBAT\u00c3O</a></p>\r\n</td>\r\n<td><a class=\"external-link\" href=\"https://www.legislacaodigital.com.br/Cubatao-SP/LeisOrdinarias/4439\" target=\"_self\" title=\"\">LEI N\u00ba 4.439 DE 13/01/2026</a></td>\r\n</tr>\r\n<tr>\r\n<td>308</td>\r\n<td><span><span><span>RONIELE MARTINS</span></span></span></td>\r\n<td>PL 56</td>\r\n<td><span><span>25/03/2025</span></span></td>\r\n<td style=\"text-align: justify; \"><span><span><span><span><span><span><span><span><span><span><span><a title=\"\" href=\"https://www.cubatao.sp.leg.br/processo-legislativo/projetos-de-lei/arquivos/2025/PL_Ndeg_56_2025.pdf\" class=\"internal-link\" target=\"_self\">DISP\u00d5E SOBRE A AUTORIZA\u00c7\u00c3O PARA ACESSO AO PRONTU\u00c1RIO M\u00c9DICO DO PACIENTE IMPOSSIBILITADO DE REQUER\u00ca-LO PESSOALMENTE, NO \u00c2MBITO DA REDE P\u00daBLICA DE SA\u00daDE DO MUNIC\u00cdPIO DE CUBAT\u00c3O, E ESTABELECE DIRETRIZES EM CONFORMIDADE COM A LEI GERAL DE PROTE\u00c7\u00c3O DE DADOS (LGPD)</a></span></span></span></span></span></span></span></span></span></span></span></td>\r\n<td><span><span><span><span>RETIRADO PELO AUTOR EM 10/04/2025</span></span></span></span></td>\r\n</tr>\r\n<tr>\r\n<td>306\u00a0</td>\r\n<td><span><span><span>PREFEITO MUNICIPAL</span></span></span></td>\r\n<td>PL 55</td>\r\n<td><span><span>25/03/2025</span></span></td>\r\n<td style=\"text-align: justify; \"><span><span><span><span><span><span><span><span><span><span><a title=\"\" href=\"https://www.cubatao.sp.leg.br/processo-legislativo/projetos-de-lei/arquivos/2025/PL_Ndeg_55_2025.pdf\" class=\"internal-link\" target=\"_self\">INSTITUI A OBRIGATORIEDADE PARA DISPOR SOBRE A EXIG\u00caNCIA, EM CONTRATA\u00c7\u00d5ES P\u00daBLICAS, DE PORCENTUAL M\u00cdNIMO DE M\u00c3O DE OBRA CONSTITU\u00cdDA POR MULHERES E SOBRE A UTILIZA\u00c7\u00c3O DO DESENVOLVIMENTO, PELO LICITANTE, DE A\u00c7\u00d5ES DE EQUIDADE ENTRE MULHERES E HOMENS NO AMBIENTE DE TRABALHO COMO CRIT\u00c9RIO DE DESEMPATE EM LICITA\u00c7\u00d5ES NO MUNIC\u00cdPIO DE CUBAT\u00c3O, E D\u00c1 OUTRAS PROVID\u00caNCIAS</a></span></span></span></span></span></span></span></span></span></span></td>\r\n<td><a class=\"external-link\" href=\"https://www.legislacaodigital.com.br/Cubatao-SP/LeisOrdinarias/4369\" target=\"_self\" title=\"\">LEI 4.369 DE 29/04/2025</a></td>\r\n</tr>\r\n<tr>\r\n<td>305</td>\r\n<td><span><span>PREFEITO MUNICIPAL</span></span></td>\r\n<td>PL 54</td>\r\n<td><span><span>25/03/2025</span></span></td>\r\n<td style=\"text-align: justify; \"><span><span><span><span><span><span><span><span><span><a title=\"\" href=\"https://www.cubatao.sp.leg.br/processo-legislativo/projetos-de-lei/arquivos/2025/PL_Ndeg_54_2025.pdf\" class=\"internal-link\" target=\"_self\">INSTITUI A OBRIGATORIEDADE DE CAPACITA\u00c7\u00c3O DOS SERVIDORES P\u00daBLICOS EM TEMAS RELATIVOS A EQUIDADE DE G\u00caNERO E VIOL\u00caNCIA CONTRA A MULHER NO MUNIC\u00cdPIO DE CUBAT\u00c3O, E D\u00c1 OUTRAS PROVID\u00caNCIAS</a></span></span></span></span></span></span></span></span></span></td>\r\n<td><span><span><a class=\"external-link\" href=\"https://www.legislacaodigital.com.br/Cubatao-SP/LeisOrdinarias/4376\" target=\"_self\" title=\"\">LEI N\u00ba 4.376 DE 22/05/2025</a></span></span></td>\r\n</tr>\r\n<tr>\r\n<td>300</td>\r\n<td><span><span>ALEXANDRE MENDES</span></span></td>\r\n<td>PL 53</td>\r\n<td><span><span>24/03/2025</span></span></td>\r\n<td style=\"text-align: justify; \"><span><span><span><span><span><span><span><span><a title=\"\" href=\"https://www.cubatao.sp.leg.br/processo-legislativo/projetos-de-lei/arquivos/2025/PL_53.2025_-_PRACA_PROF_MADEIRA.pdf\" class=\"internal-link\" target=\"_self\">DENOMINA \u201cPRA\u00c7A JOS\u00c9 FABIANO MADEIRA \u201cPROF MADEIRA\u201d O LOGRADOURO P\u00daBLICO QUE MENCIONA E D\u00c1 OUTRAS PROVID\u00caNCIAS</a></span></span></span></span></span></span></span></span></td>\r\n<td><span>RETIRADO PELO AUTOR 04/11/2025</span></td>\r\n</tr>\r\n<tr>\r\n<td>299</td>\r\n<td><span>RONALDO DA COMISS\u00c3O</span></td>\r\n<td>PL 52</td>\r\n<td><span>24/03/2025</span></td>\r\n<td style=\"text-align: justify; \"><span><span><span><span><span><span><span><a title=\"\" href=\"https://www.cubatao.sp.leg.br/processo-legislativo/projetos-de-lei/arquivos/2025/PL_52.2025_-DIRETRIZES_-PASSE_DESEMPREGO.pdf\" class=\"internal-link\" target=\"_self\">DISP\u00d5E SOBRE AS DIRETRIZES PARA A CRIA\u00c7\u00c3O DO PASSE DESEMPREGADO NO MUNIC\u00cdPIO DE CUBAT\u00c3O E D\u00c1 OUTRAS PROVID\u00caNCIAS</a></span></span></span></span></span></span></span></td>\r\n<td><span><span><span><span>GAB RONALDO EM 15/09/2025</span></span></span></span></td>\r\n</tr>\r\n<tr>\r\n<td>298</td>\r\n<td>PREFEITO MUNICIPAL</td>\r\n<td>PLC 51</td>\r\n<td>24/03/2025</td>\r\n<td style=\"text-align: justify; \"><span><span><span><span><span><span><a title=\"\" href=\"https://www.cubatao.sp.leg.br/processo-legislativo/projetos-de-lei/arquivos/2025/PLC_Ndeg_51.2025_-_AUTORIZA_O_PODER_EXECUTIVO.pdf\" class=\"internal-link\" target=\"_self\">AUTORIZA O PODER EXECUTICO, ATRAV\u00c9S DA PROCURADORIA GERAL DO MUNIC\u00cdPIO, A REMITIR D\u00c9BITOS EXISTENTES EM FAVOR DA COMPANHIA CUBATENSE DE URBANIZA\u00c7\u00c3O E SANEAMENTO - CURSAN, DISP\u00d5E SOBRE O PROCEDIMENTO DE QUITA\u00c7\u00c3O DE IM\u00d3VEIS E D\u00c1 OUTRAS PROVID\u00caNCIAS.</a></span></span></span></span></span></span></td>\r\n<td>\r\n<p><span><a class=\"external-link\" href=\"https://www.legislacaodigital.com.br/Cubatao-SP/LeisComplementares/146\" target=\"_self\" title=\"\">LEI COMPLEMENTAR N. 146, DE 11 DE ABRIL DE 2025</a></span></p>\r\n</td>\r\n</tr>\r\n<tr>\r\n<td>297</td>\r\n<td><span><span>ALEXANDRE MENDES</span></span></td>\r\n<td>PL 50</td>\r\n<td>24/03/2025</td>\r\n<td style=\"text-align: justify; \"><span><span><span><span><span><a title=\"\" href=\"https://www.cubatao.sp.leg.br/processo-legislativo/projetos-de-lei/arquivos/2025/PL_Ndeg_50.2025_-_SEMANA_AXE_MULHER_CAPOEIRA_assinado.pdf\" class=\"internal-link\" target=\"_self\">INSTITUI A SEMANA \u201cAX\u00c9 MULHER CAPOEIRA\u201d E INCLUI NO CALEND\u00c1RIO OFICIAL DO MUNIC\u00cdPIO DE CUBAT\u00c3O E D\u00c1 OUTRAS PROVID\u00caNCIAS.</a></span></span></span></span></span></td>\r\n<td><a class=\"external-link\" href=\"https://www.legislacaodigital.com.br/Cubatao-SP/LeisOrdinarias/4392\" target=\"_self\" title=\"\">LEI N. 4.392 DE 20/08/2025</a></td>\r\n</tr>\r\n<tr>\r\n<td>281</td>\r\n<td><span>ALEXANDRE MENDES</span></td>\r\n<td>PL 49</td>\r\n<td>20/03/2025</td>\r\n<td style=\"text-align: justify; \"><span><span><span><span><a title=\"\" href=\"https://www.cubatao.sp.leg.br/processo-legislativo/projetos-de-lei/arquivos/2025/PL_Ndeg_49_2025_-_UTILIDADE_PUBLICA_PROJETO_LIMPA_RIO.pdf\" class=\"internal-link\" target=\"_self\">DECLARA DE UTILIDADE P\u00daBLICA A ENTIDADE QUE MENCIONA E D\u00c1 OUTRAS PROVID\u00caNCIAS</a></span></span></span></span></td>\r\n<td><a class=\"external-link\" href=\"https://www.legislacaodigital.com.br/Cubatao-SP/LeisOrdinarias/4378\" target=\"_self\" title=\"\">LEI N\u00ba 4.378 DE 23/05/2025</a></td>\r\n</tr>\r\n<tr>\r\n<td>278</td>\r\n<td>MARCOS ROBERTO SILVA</td>\r\n<td>PL 48</td>\r\n<td>19/03/2025</td>\r\n<td style=\"text-align: justify; \"><span><span><span><a title=\"\" href=\"https://www.cubatao.sp.leg.br/processo-legislativo/projetos-de-lei/arquivos/2025/PL.%2048.pdf\" class=\"internal-link\" target=\"_self\">ALTERA A LEI MUNICIPAL N\u00ba 4.278, DE 22 DE NOVEMBRO DE 2022 E D\u00c1 OUTRAS PROVID\u00caNCIAS.</a></span></span></span></td>\r\n<td>\r\n<p><span><a class=\"external-link\" href=\"https://www.legislacaodigital.com.br/Cubatao-SP/LeisOrdinarias/4366\" target=\"_self\" title=\"\">LEI N. 4.366, DE 7 DE ABRIL DE 2025</a></span></p>\r\n</td>\r\n</tr>\r\n<tr>\r\n<td>275</td>\r\n<td>ALEXANDRE MENDES</td>\r\n<td>PL 47</td>\r\n<td>18/03/2025</td>\r\n<td style=\"text-align: justify; \"><span><span><span><a title=\"\" href=\"https://www.cubatao.sp.leg.br/processo-legislativo/projetos-de-lei/arquivos/2025/PL_Ndeg_47_2025_-_PRACA_MANOEL_ANTONIO.pdf\" class=\"internal-link\" target=\"_self\">DENOMINA \u201cPRA\u00c7A MANOEL ANTONIO NETO (TONINHO) O LOGRADOURO P\u00daBLICO QUE MENCIONA E D\u00c1 OUTRAS PROVID\u00caNCIAS</a></span></span></span></td>\r\n<td><a class=\"external-link\" href=\"https://www.legislacaodigital.com.br/Cubatao-SP/LeisOrdinarias/4372\" target=\"_self\" title=\"\">LEI N\u00ba 4.372 DE 06/05/2025</a></td>\r\n</tr>\r\n<tr>\r\n<td>264</td>\r\n<td>ALESSANDRO</td>\r\n<td>PL 46</td>\r\n<td>18/03/2025</td>\r\n<td style=\"text-align: justify; \"><span><span><a title=\"\" href=\"https://www.cubatao.sp.leg.br/processo-legislativo/projetos-de-lei/arquivos/2025/PL_Ndeg_46_2025_-_Capacitismo.pdf\" class=\"internal-link\" target=\"_self\">INSTITUI A CAMPANHA PERMANENTE DE CONSCIENTIZA\u00c7\u00c3O E COMBATE AO CAPACITISMO NO MUNIC\u00cdPIO DE CUBAT\u00c3O E D\u00c1 OUTRAS PROVID\u00caNCIAS.</a></span></span></td>\r\n<td>RETIRADO PELO AUTOR EM 08/04/2025</td>\r\n</tr>\r\n<tr>\r\n<td>259</td>\r\n<td>PREFEITO MUNICIPAL</td>\r\n<td>PLC 45</td>\r\n<td>17/03/2025</td>\r\n<td style=\"text-align: justify; \">\r\n<p><span><a title=\"\" href=\"https://www.cubatao.sp.leg.br/processo-legislativo/projetos-de-lei/arquivos/2025/PLC.%2045.pdf\" class=\"internal-link\" target=\"_self\">ALTERA E ACRESCENTA DISPOSITIVOS NA LEI COMPLEMENTAR N\u00ba 135, DE 28 DE DEZEMBRO DE 2023, QUE INSTITUI NORMAS SOBRE O PARCELAMENTO, USO E OCUPA\u00c7\u00c3O DO SOLO DO MUNIC\u00cdPIO DE CUBAT\u00c3O, E D\u00c1 OUTRAS PROVID\u00caNCIAS.</a></span></p>\r\n<p><strong><a title=\"\" href=\"https://www.cubatao.sp.leg.br/processo-legislativo/projetos-de-lei/arquivos/2025/Oficio%20no%20104.2025.SEJUR.pdf\" class=\"internal-link\" target=\"_self\">MENSAGEM ADITIVA</a></strong></p>\r\n</td>\r\n<td><span><a class=\"external-link\" href=\"https://www.legislacaodigital.com.br/Cubatao-SP/LeisComplementares/149\" target=\"_self\" title=\"\">LEI COMPLEMENTAR 149 DE 30/07/2025</a></span></td>\r\n</tr>\r\n<tr>\r\n<td>246</td>\r\n<td>GUILHERME AMARAL</td>\r\n<td>PL 44</td>\r\n<td>11/03/2025</td>\r\n<td style=\"text-align: justify; \"><span><a title=\"\" href=\"https://www.cubatao.sp.leg.br/processo-legislativo/projetos-de-lei/arquivos/2025/PL.%2044.pdf\" class=\"internal-link\" target=\"_self\">DISP\u00d5E SOBRE A REGULAMENTA\u00c7\u00c3O DO USO DAS CAL\u00c7ADAS PARA A EXPOSI\u00c7\u00c3O DE MATERIAIS DE LOJAS E ESTABELECIMENTOS COMERCIAIS, VISANDO A SEGURAN\u00c7A E ACESSIBILIDADE P\u00daBLICA</a></span></td>\r\n<td>RETIRADO PELO AUTOR EM 18/03/2025</td>\r\n</tr>\r\n<tr>\r\n<td>245</td>\r\n<td><span>GUILHERME AMARAL</span></td>\r\n<td>\r\n<p>\u00a0PL 43</p>\r\n</td>\r\n<td>\r\n<p>\u00a011/03/2025</p>\r\n</td>\r\n<td style=\"text-align: justify; \">\r\n<p><span><a title=\"\" href=\"https://www.cubatao.sp.leg.br/processo-legislativo/projetos-de-lei/arquivos/2025/PL.%2043.pdf\" class=\"internal-link\" target=\"_self\">DISP\u00d5E SOBRE A FISCALIZA\u00c7\u00c3O E INSPE\u00c7\u00c3O DE POSTOS DE SA\u00daDE NO MUNIC\u00cdPIO DE CUBAT\u00c3O E D\u00c1 OUTRAS PROVID\u00caNCIAS.</a></span></p>\r\n</td>\r\n<td><span><span><span>RETIRADO PELO AUTOR EM 11/04/2025</span></span></span></td>\r\n</tr>\r\n<tr>\r\n<td>236</td>\r\n<td>GUILHERME DO SAL\u00c3O</td>\r\n<td>\r\n<p>PL 42</p>\r\n</td>\r\n<td>\r\n<p><span><span><span><span><span><span><span><span><span><span><span><span><span><span><span>10/03/2025</span></span></span></span></span></span></span></span></span></span></span></span></span></span></span></p>\r\n</td>\r\n<td style=\"text-align: justify; \">\r\n<p><span><span><a title=\"\" href=\"https://www.cubatao.sp.leg.br/processo-legislativo/projetos-de-lei/arquivos/2025/PL_42-2025_-_DENOMINA_JOSEFA_DE_SANTANA_O_LOGRADOURO_PUBLICO_QUE_MENCIONA.pdf\" class=\"internal-link\" target=\"_self\">DENOMINA JOSEFA DE SANTANA O LOGRADOURO P\u00daBLICO QUE MENCIONA</a></span></span></p>\r\n</td>\r\n<td><span>OFICIO ENVIADO AO EXECUTIVO EM 18/03/2025</span></td>\r\n</tr>\r\n<tr>\r\n<td>235</td>\r\n<td><span><span><span><span><span><span><span><span><span><span><span><span><span><span><span><span><span><span><span><span><span><span><span><span><span><span>PREFEITO MUNICIPAL</span></span></span></span></span></span></span></span></span></span></span></span></span></span></span></span></span></span></span></span></span></span></span></span></span></span></td>\r\n<td>\r\n<p>PL 41</p>\r\n</td>\r\n<td>\r\n<p><span><span><span><span><span><span><span><span><span><span><span><span><span><span><span>10/03/2025</span></span></span></span></span></span></span></span></span></span></span></span></span></span></span></p>\r\n</td>\r\n<td style=\"text-align: justify; \">\r\n<p><span><a title=\"\" href=\"https://www.cubatao.sp.leg.br/processo-legislativo/projetos-de-lei/arquivos/2025/PL_No_41.2025_-_REVOGA_OS_INCISOS_XXII_E_XXXIV_DO_ARTIGO_1o__DA_LEI_No_4363_DE_03_DE_FEVEREIRO_DE_2025.pdf\" class=\"internal-link\" target=\"_self\">REVOGA OS INCISOS XXII e XXXIV DO ARTIGO 1\u00ba DA LEI N\u00ba 4363, DE 3 DE FEVEREIRO DE 2025 QUE AUTORIZA A DESESTATIZA\u00c7\u00c3O DAS \u00c1REAS P\u00daBLICAS E PR\u00d3PRIO P\u00daBLICOS, NOS TERMOS DO ARTIGO 18 DA LEI ORG\u00c2NICA DO MUNIC\u00cdPIO, NO ATENDIMENTO AO INTERESSE P\u00daBLICO, CONFORME ESPECIFICA, E D\u00c1 OUTRAS PROVID\u00caNCIAS.</a></span></p>\r\n</td>\r\n<td>\r\n<p><span><a class=\"external-link\" href=\"https://www.legislacaodigital.com.br/Cubatao-SP/LeisOrdinarias/4367\" target=\"_self\" title=\"\">LEI N. 4.367, DE 14 DE ABRIL DE 2025</a></span></p>\r\n</td>\r\n</tr>\r\n<tr>\r\n<td>234</td>\r\n<td><span><span><span><span><span><span><span><span><span><span><span><span><span><span><span><span><span><span><span><span><span><span><span><span><span>PREFEITO MUNICIPAL</span></span></span></span></span></span></span></span></span></span></span></span></span></span></span></span></span></span></span></span></span></span></span></span></span></td>\r\n<td>\r\n<p>PL 40</p>\r\n</td>\r\n<td>\r\n<p><span><span><span><span><span><span><span><span><span><span><span><span><span><span><span>10/03/2025</span></span></span></span></span></span></span></span></span></span></span></span></span></span></span></p>\r\n</td>\r\n<td style=\"text-align: justify; \">\r\n<p><span><a title=\"\" href=\"https://www.cubatao.sp.leg.br/processo-legislativo/projetos-de-lei/arquivos/2025/PL_No_40_-_INSTITUI_O_PROGRAMA_AMBIENTAL_RECICLA_VALE_MAIS.pdf\" class=\"internal-link\" target=\"_self\">INSTITUI O PROGRAMA AMBIENTAL \"RECICLA VALE+\", NO MUNIC\u00cdPIO DE CUBAT\u00c3O, E D\u00c1 OUTRAS PROVID\u00caNCIAS.</a></span></p>\r\n</td>\r\n<td><a class=\"external-link\" href=\"https://www.legislacaodigital.com.br/Cubatao-SP/LeisOrdinarias/4370\" target=\"_self\" title=\"\">LEI N\u00ba 4.370 DE 30/04/2025</a></td>\r\n</tr>\r\n<tr>\r\n<td>219</td>\r\n<td><span><span><span><span><span><span><span><span><span><span><span><span><span><span><span><span><span><span><span><span><span><span><span><span><span>RONALDO DA COMISS\u00c3O</span></span></span></span></span></span></span></span></span></span></span></span></span></span></span></span></span></span></span></span></span></span></span></span></span></td>\r\n<td>\r\n<p>PL 39</p>\r\n</td>\r\n<td>\r\n<p><span><span><span><span><span><span><span><span><span><span><span><span><span><span><span>06/03/2025</span></span></span></span></span></span></span></span></span></span></span></span></span></span></span></p>\r\n</td>\r\n<td style=\"text-align: justify; \">\r\n<p><span><span><span><span><span><span><span><a title=\"\" href=\"https://www.cubatao.sp.leg.br/processo-legislativo/projetos-de-lei/arquivos/2025/PL.%2039.pdf\" class=\"internal-link\" target=\"_self\">DISP\u00d5E SOBRE O INCENTIVO AO APRENDIZADO E CAPACITA\u00c7\u00c3O PROFISSIONAL DOS TRABALHADORES DA IND\u00daSTRIA E D\u00c1 OUTRAS PROVID\u00caNCIAS</a></span></span></span></span></span></span></span></p>\r\n</td>\r\n<td><span>RETIRADO PELO AUTOR EM 19/03/2025</span></td>\r\n</tr>\r\n<tr>\r\n<td>216</td>\r\n<td><span><span><span><span><span><span><span><span><span><span><span><span><span><span><span><span><span><span><span><span><span><span><span><span>RONALDO DA COMISS\u00c3O</span></span></span></span></span></span></span></span></span></span></span></span></span></span></span></span></span></span></span></span></span></span></span></span></td>\r\n<td>\r\n<p>PL 38</p>\r\n</td>\r\n<td>\r\n<p><span><span><span><span><span><span><span><span><span><span><span><span><span><span><span>06/03/2025</span></span></span></span></span></span></span></span></span></span></span></span></span></span></span></p>\r\n</td>\r\n<td style=\"text-align: justify; \">\r\n<p><span><span><span><span><span><span><span><a title=\"\" href=\"https://www.cubatao.sp.leg.br/processo-legislativo/projetos-de-lei/arquivos/2025/PL.%2038.pdf\" class=\"internal-link\" target=\"_self\">INSTITUI A CONTRATA\u00c7\u00c3O DE JOVEM APRENDIZ NAS EMPRESAS QUE PRESTEM SERVI\u00c7OS DE TERCEIRIZA\u00c7\u00c3O \u00c0 PREFEITURA MUNICIPAL DE CUBAT\u00c3O E D\u00c1 OUTRAS PROVID\u00caNCIAS</a></span></span></span></span></span></span></span></p>\r\n</td>\r\n<td><span>RETIRADO PELO AUTOR EM 19/03/2025</span></td>\r\n</tr>\r\n<tr>\r\n<td>203</td>\r\n<td><span><span><span><span><span><span><span><span><span><span><span><span><span><span><span><span><span><span><span><span><span><span><span><span>GUILHERME DO SAL\u00c3O</span></span></span></span></span></span></span></span></span></span></span></span></span></span></span></span></span></span></span></span></span></span></span></span></td>\r\n<td>\r\n<p>PL 37</p>\r\n</td>\r\n<td>\r\n<p><span><span><span><span><span><span><span><span><span><span><span><span><span><span><span>25/02/2025</span></span></span></span></span></span></span></span></span></span></span></span></span></span></span></p>\r\n</td>\r\n<td style=\"text-align: justify; \">\r\n<p><span><span><span><span><span><span><a title=\"\" href=\"https://www.cubatao.sp.leg.br/processo-legislativo/projetos-de-lei/arquivos/2025/PL_37.2025_Cannabis_2025_assinado.pdf\" class=\"internal-link\" target=\"_self\">INSTITUI A POL\u00cdTICA MUNICIPAL DE FORNECIMENTO GRATUITO DE MEDICAMENTOS FORMULADOS DE DERIVADO VEGETAL \u00c0 BASE DE CANABIDIOL, EM ASSOCIA\u00c7\u00c3O COM OUTRAS SUBSTANCIAS CANABIN\u00d3IDES, INCLUINDO O TETRAHIDROCANABIDIOL, EM CAR\u00c1TER DE EXCEPCIONALIDADE PELO PODER EXECUTIVO NAS UNIDADES DE SA\u00daDE P\u00daBLICA MUNICIPAL E PRIVADA CONVENIADA AO SISTEMA \u00daNICO DE SA\u00daDE \u2013 SUS E D\u00c1 OUTRAS PROVID\u00caNCIAS.</a></span></span></span></span></span></span></p>\r\n</td>\r\n<td><span><a class=\"external-link\" href=\"https://www.legislacaodigital.com.br/Cubatao-SP/LeisOrdinarias/4373\" target=\"_self\" title=\"\">LEI N\u00ba 4.373 DE 09/05/2025</a></span></td>\r\n</tr>\r\n<tr>\r\n<td>195</td>\r\n<td><span><span><span><span><span><span><span><span><span><span><span><span><span><span><span><span><span><span><span><span><span><span><span>GUILHERME DO SAL\u00c3O</span></span></span></span></span></span></span></span></span></span></span></span></span></span></span></span></span></span></span></span></span></span></span></td>\r\n<td>\r\n<p><span><span><span>PL 36</span></span></span></p>\r\n</td>\r\n<td>\r\n<p><span><span><span><span><span><span><span><span><span><span><span><span><span><span><span>24/02/2025</span></span></span></span></span></span></span></span></span></span></span></span></span></span></span></p>\r\n</td>\r\n<td style=\"text-align: justify; \">\r\n<p><span><span><span><span><span><span><a title=\"\" href=\"https://www.cubatao.sp.leg.br/processo-legislativo/projetos-de-lei/arquivos/2025/PL_Ndeg_36_2025_-_DIREITO_AO_ALEITAMENTO_MATERNO.pdf\" class=\"internal-link\" target=\"_self\">DISP\u00d5E SOBRE O DIREITO AO ALEITAMENTO MATERNO NAS ESCOLAS DE ENSINO INFANTIL DO MUNIC\u00cdPIO, GARANTINDO CONDI\u00c7OES ADEQUADAS PARA A AMAMENTA\u00c7\u00c3O E PERMANENCIA DA M\u00c3E LACTANTE NO AMBIENTE ESCOLAR, E D\u00c1 OUTRAS PROVID\u00caNCIAS</a></span></span></span></span></span></span></p>\r\n</td>\r\n<td><a class=\"external-link\" href=\"https://www.legislacaodigital.com.br/Cubatao-SP/LeisOrdinarias/4414\" target=\"_self\" title=\"\">LEI N\u00ba 4.414, DE 23 DE OUTUBRO DE 2025</a></td>\r\n</tr>\r\n<tr>\r\n<td>173</td>\r\n<td><span><span><span><span><span><span><span><span><span><span><span><span><span><span><span><span><span><span><span><span><span><span><span>RONALDO DA COMISS\u00c3O</span></span></span></span></span></span></span></span></span></span></span></span></span></span></span></span></span></span></span></span></span></span></span></td>\r\n<td>\r\n<p><span><span><span>PL 35</span></span></span></p>\r\n</td>\r\n<td>\r\n<p><span><span><span><span><span><span><span><span><span><span><span><span><span><span><span>20/02/2025</span></span></span></span></span></span></span></span></span></span></span></span></span></span></span></p>\r\n</td>\r\n<td style=\"text-align: justify; \">\r\n<p><span><span><span><span><span><a title=\"\" href=\"https://www.cubatao.sp.leg.br/processo-legislativo/projetos-de-lei/arquivos/2025/PL_35__ass.PASSE_DESEMPREGO_-_assinado_assinado.pdf\" class=\"internal-link\" target=\"_self\">DISP\u00d5E SOBRE IMPLANTA\u00c7\u00c3O DE PASSE DESEMPREGO NO TRANSPORTE URBANO DA CIDADE DE CUBAT\u00c3O, NUM PER\u00cdODO DE TR\u00caS MESES PARA OS MUN\u00cdCIPES QUE ESTIVEREM DESEMPREGADOS</a></span></span></span></span></span></p>\r\n</td>\r\n<td>RETIRADO PELO AUTOR EM 19/03/2025</td>\r\n</tr>\r\n<tr>\r\n<td>159</td>\r\n<td><span>BATOR\u00c9</span></td>\r\n<td>\r\n<p><span><span><span>PL 34</span></span></span></p>\r\n</td>\r\n<td>\r\n<p><span><span><span><span><span><span><span><span><span><span><span><span><span><span><span>17/02/2025</span></span></span></span></span></span></span></span></span></span></span></span></span></span></span></p>\r\n</td>\r\n<td style=\"text-align: justify; \">\r\n<p><span><span><span><span><a title=\"\" href=\"https://www.cubatao.sp.leg.br/processo-legislativo/projetos-de-lei/arquivos/2025/PL.%2034.pdf\" class=\"internal-link\" target=\"_self\">INSTITUI A SEMANA MUNICIPAL DE PREVEN\u00c7\u00c3O DAS DOEN\u00c7AS RENAIS, ORIENTA\u00c7\u00c3O SOBRE DOA\u00c7\u00c3O, DIA DO RIM E D\u00c1 OUTRAS PROVID\u00caNCIAS</a></span></span></span></span></p>\r\n</td>\r\n<td><span><a class=\"external-link\" href=\"https://www.legislacaodigital.com.br/Cubatao-SP/LeisOrdinarias/4365\" target=\"_self\" title=\"\">LEI N\u00ba 4.365, DE 31 DE MAR\u00c7O DE 2025</a></span></td>\r\n</tr>\r\n<tr>\r\n<td>156</td>\r\n<td><span><span><span><span><span><span><span><span><span><span><span><span><span><span><span><span><span><span><span><span><span><span><span>PREFEITO MUNICIPAL</span></span></span></span></span></span></span></span></span></span></span></span></span></span></span></span></span></span></span></span></span></span></span></td>\r\n<td>\r\n<p><span><span><span>PL 33</span></span></span></p>\r\n</td>\r\n<td>\r\n<p><span><span><span><span><span><span><span><span><span><span><span><span><span><span><span>14/02/2025</span></span></span></span></span></span></span></span></span></span></span></span></span></span></span></p>\r\n</td>\r\n<td style=\"text-align: justify; \">\r\n<p><span><span><span><a title=\"\" href=\"https://www.cubatao.sp.leg.br/processo-legislativo/projetos-de-lei/arquivos/2025/PL.%2033.pdf\" class=\"internal-link\" target=\"_self\">DENOMINA \"MARISETE SANTOS DE MENDON\u00c7A\" 0 VIADUTO DE ACESSO A VILA DOS PESCADORES, QUE INTERLIGA A AVENIDA FERROVI\u00c1RIA \u2014 VILA DOS PESCADORES COM A AVENIDA TANCREDO NEVES \u2014 VILA SAO JOS\u00c9 E D\u00c1 OUTRAS PROVIDENCIAS.</a></span></span></span></p>\r\n</td>\r\n<td><span>OFICIO ENVIADO AO EXECUTIVO EM 10/03/2025</span></td>\r\n</tr>\r\n<tr>\r\n<td>155</td>\r\n<td><span><span><span><span><span><span><span><span><span><span><span><span><span><span><span><span><span><span><span><span><span><span><span>ALEXANDRE MENDES</span></span></span></span></span></span></span></span></span></span></span></span></span></span></span></span></span></span></span></span></span></span></span></td>\r\n<td>\r\n<p><span><span><span>PL 32</span></span></span></p>\r\n</td>\r\n<td>\r\n<p><span><span><span><span><span><span><span><span><span><span><span><span><span><span><span>14/02/2025</span></span></span></span></span></span></span></span></span></span></span></span></span></span></span></p>\r\n</td>\r\n<td style=\"text-align: justify; \">\r\n<p><span><a title=\"\" href=\"https://www.cubatao.sp.leg.br/processo-legislativo/projetos-de-lei/arquivos/2025/PL.%2032.pdf\" class=\"internal-link\" target=\"_self\"><span>DENOMINA \u201cMINI CAMPO JHONATAN DOS SANTOS RAMOS\u201d O MINI CAMPO DO COSTA MUNIZ E D\u00c1 OUTRAS PROVID\u00caNCIA</span>S</a></span></p>\r\n</td>\r\n<td><a class=\"external-link\" href=\"https://www.legislacaodigital.com.br/Cubatao-SP/LeisOrdinarias/4409\" target=\"_self\" title=\"\">LEI N. 4.409 DE 06/10/2025</a></td>\r\n</tr>\r\n<tr>\r\n<td>153</td>\r\n<td><span><span><span><span><span><span><span><span><span><span><span><span><span><span><span><span><span><span><span><span><span><span><span>GUILHERME AMARAL</span></span></span></span></span></span></span></span></span></span></span></span></span></span></span></span></span></span></span></span></span></span></span></td>\r\n<td>\r\n<p><span><span><span>PL 31</span></span></span></p>\r\n</td>\r\n<td>\r\n<p><span><span><span><span><span><span><span><span><span><span><span><span><span><span><span>13/02/2025</span></span></span></span></span></span></span></span></span></span></span></span></span></span></span></p>\r\n</td>\r\n<td style=\"text-align: justify; \">\r\n<p><span><a title=\"\" href=\"https://www.cubatao.sp.leg.br/processo-legislativo/projetos-de-lei/arquivos/2025/PL.%2031.pdf\" class=\"internal-link\" target=\"_self\">DISP\u00d5E SOBRE A REMO\u00c7\u00c3O DE SIRENES E ALARMES UTILIZADOS COMO SINALIZADORES DE IN\u00cdCIO E T\u00c9RMINO DE AULAS E DE PER\u00cdODO DE RECREIO NOS ESTABELECIMENTOS DAS REDES P\u00daBLICA E PRIVADA DE ENSINO NO MUNIC\u00cdPIO DE CUBAT\u00c3O, E D\u00c1 OUTRAS PROVID\u00caNCIAS</a></span></p>\r\n</td>\r\n<td>\r\n<p><span><a class=\"external-link\" href=\"https://www.legislacaodigital.com.br/Cubatao-SP/LeisOrdinarias/4368\" target=\"_self\" title=\"\">LEI N. 4,368 DE 14 DE ABRIL DE 2025</a></span></p>\r\n</td>\r\n</tr>\r\n<tr>\r\n<td>137</td>\r\n<td><span><span><span><span><span><span><span><span><span><span><span><span><span><span><span><span><span><span><span><span><span><span><span>RONIELE MARTINS</span></span></span></span></span></span></span></span></span></span></span></span></span></span></span></span></span></span></span></span></span></span></span></td>\r\n<td>\r\n<p><span><span><span>PL 30</span></span></span></p>\r\n</td>\r\n<td>\r\n<p><span><span><span><span><span><span><span><span><span><span><span><span><span><span><span>07/02/2025</span></span></span></span></span></span></span></span></span></span></span></span></span></span></span></p>\r\n</td>\r\n<td style=\"text-align: justify; \">\r\n<p><a title=\"\" href=\"https://www.cubatao.sp.leg.br/processo-legislativo/projetos-de-lei/arquivos/2025/PL.%2030.pdf\" class=\"internal-link\" target=\"_self\">AUTORIZO O PROGRAMA MUNICIPAL DE PROMO\u00c7\u00c3O \u00c0 SA\u00daDE MENTAL</a></p>\r\n</td>\r\n<td>\r\n<p>RETIRADO PELO AUTOR EM 18/03/2025</p>\r\n</td>\r\n</tr>\r\n<tr>\r\n<td>116</td>\r\n<td><span><span><span><span><span><span><span><span><span><span><span><span><span><span><span><span><span><span><span><span><span><span><span>PREFEITO MUNICIPAL</span></span></span></span></span></span></span></span></span></span></span></span></span></span></span></span></span></span></span></span></span></span></span></td>\r\n<td>\r\n<p><span><span><span>PLC 29</span></span></span></p>\r\n</td>\r\n<td>\r\n<p><span><span><span><span><span><span><span><span><span><span><span><span><span><span><span>31/01/2025</span></span></span></span></span></span></span></span></span></span></span></span></span></span></span></p>\r\n</td>\r\n<td style=\"text-align: justify; \"><span><span><span><span><span><span><span><span><span><span><span><span><span><a title=\"\" href=\"https://www.cubatao.sp.leg.br/processo-legislativo/projetos-de-lei/arquivos/2025/PLC.%2029.pdf\" class=\"internal-link\" target=\"_self\">ALTERA E ACRESCENTA DISPOSITIVOS NA LEI COMPLEMENTAR N\u00ba 135, DE 28 DE DEZEMBRO DE 2023, QUE INSTITUI NORMAS SOBRE O PARCELAMENTO, USO E OCUPA\u00c7\u00c3O DO SOLO DO MUNICIPIO DE CUBAT\u00c3O E D\u00c1 OUTRAS PROVID\u00caNCIAS.</a></span></span></span></span></span></span></span></span></span></span></span></span></span></td>\r\n<td>RETIRADO PELO AUTOR EM 17/03/2025</td>\r\n</tr>\r\n<tr>\r\n<td>92</td>\r\n<td><span><span><span><span><span><span><span><span><span><span><span><span><span><span><span><span><span><span><span><span><span><span>PREFEITO MUNICIPAL</span></span></span></span></span></span></span></span></span></span></span></span></span></span></span></span></span></span></span></span></span></span></td>\r\n<td>\r\n<p><span><span>PL 28</span></span></p>\r\n</td>\r\n<td>\r\n<p><span><span><span><span><span><span><span><span><span><span><span><span><span><span><span>24/01/2025</span></span></span></span></span></span></span></span></span></span></span></span></span></span></span></p>\r\n</td>\r\n<td style=\"text-align: justify; \"><span><span><span><span><span><span><span><span><span><span><span><span><span><a title=\"\" href=\"https://www.cubatao.sp.leg.br/processo-legislativo/projetos-de-lei/arquivos/2025/PL.%2028.pdf\" class=\"internal-link\" target=\"_self\">ALTERA OS ANEXOS I E II DA LEI N\u00ba 3.562, DE 3 DE DEZEMBRO DE 2012 E D\u00c1 OUTRAS PROVID\u00caNCIAS</a></span></span></span></span></span></span></span></span></span></span></span></span></span></td>\r\n<td><span><a class=\"external-link\" href=\"https://www.legislacaodigital.com.br/Cubatao-SP/LeisOrdinarias/4361/Arquivos/1\" target=\"_self\" title=\"\">LEI N\u00ba 4.361 DE 03/02/2025</a></span></td>\r\n</tr>\r\n<tr>\r\n<td>91</td>\r\n<td><span><span><span><span><span><span><span><span><span><span><span><span><span><span><span><span><span><span><span><span><span>PREFEITO MUNICIPAL</span></span></span></span></span></span></span></span></span></span></span></span></span></span></span></span></span></span></span></span></span></td>\r\n<td>\r\n<p><span><span>PELOM 01</span></span></p>\r\n</td>\r\n<td>\r\n<p><span><span><span><span><span><span><span><span><span><span><span><span><span><span>24/01/2025</span></span></span></span></span></span></span></span></span></span></span></span></span></span></p>\r\n</td>\r\n<td style=\"text-align: justify; \"><span><span><span><span><span><span><span><span><span><span><span><span><a title=\"\" href=\"https://www.cubatao.sp.leg.br/processo-legislativo/projetos-de-lei/arquivos/2025/PELOM.%2001.pdf\" class=\"internal-link\" target=\"_self\">ALTERA OS DISPOSITIVOS QUE MENCIONA DA LEI ORG\u00c2NICA MUNICIPAL E D\u00c1 OUTRAS PROVID\u00caNCIAS</a></span></span></span></span></span></span></span></span></span></span></span></span></td>\r\n<td><span><a class=\"external-link\" href=\"https://www.legislacaodigital.com.br/Cubatao-SP/EmendasLeiOrganica/37\" target=\"_self\" title=\"\">EMENDA LEI ORG\u00c2NICA N\u00ba37, DE 18/02/2025</a></span></td>\r\n</tr>\r\n<tr>\r\n<td>87</td>\r\n<td><span><span><span><span><span><span><span><span><span><span><span><span><span><span><span><span><span><span><span><span>PREFEITO MUNICIPAL</span></span></span></span></span></span></span></span></span></span></span></span></span></span></span></span></span></span></span></span></td>\r\n<td>\r\n<p><span><span>PLC 27</span></span></p>\r\n</td>\r\n<td>\r\n<p><span><span><span><span><span><span><span><span><span><span><span><span><span><span>24/01/2025</span></span></span></span></span></span></span></span></span></span></span></span></span></span></p>\r\n</td>\r\n<td style=\"text-align: justify; \"><span><span><span><span><span><span><span><span><span><span><span><a title=\"\" href=\"https://www.cubatao.sp.leg.br/processo-legislativo/projetos-de-lei/arquivos/2025/PLC.%2027.pdf\" class=\"internal-link\" target=\"_self\">ALTERA E ACRESCENTA DISPOSITIVOS NA LEI COMPLEMENTAR N\u00ba 135, DE 28 DE DEZEMBRO DE 2023, QUE INSTITUI NORMAS SOBRE O PARCELAMENTO, USO E OCUPA\u00c7\u00c3O DO SOLO DO MUNIC\u00cdPIO DE CUBAT\u00c3O E D\u00c1 OUTRAS PROVID\u00caNCIAS</a></span></span></span></span></span></span></span></span></span></span></span></td>\r\n<td>RETIRADO PELO AUTOR EM 27/01/2025</td>\r\n</tr>\r\n<tr>\r\n<td>85</td>\r\n<td><span><span><span><span><span><span><span><span><span><span><span><span><span><span><span><span><span><span><span>PREFEITO MUNICIPAL</span></span></span></span></span></span></span></span></span></span></span></span></span></span></span></span></span></span></span></td>\r\n<td>\r\n<p><span><span>PLC 26</span></span></p>\r\n</td>\r\n<td>\r\n<p><span><span><span><span><span><span><span><span><span><span><span><span><span>23/01/2025</span></span></span></span></span></span></span></span></span></span></span></span></span></p>\r\n</td>\r\n<td style=\"text-align: justify; \"><span><span><span><span><span><span><span><span><span><span><a title=\"\" href=\"https://www.cubatao.sp.leg.br/processo-legislativo/projetos-de-lei/arquivos/2025/PLC.%2026.pdf\" class=\"internal-link\" target=\"_self\">DISP\u00d5E SOBRE O PROCEDIMENTO PARA A INSTALA\u00c7\u00c3O DE INFRAESTRUTURA DE SUPORTE PARA ESTA\u00c7\u00c3O TRANSMISSORA DE RADIOCOMUNICA\u00c7\u00c3O - ETR AUTORIZADA PELA AG\u00caNCIA NACIONAL DE TELECOMUNICA\u00c7\u00d5ES - ANATEL, NOS TERMOS DA LEGISLA\u00c7\u00c3O FEDERAL VIGENTE, E D\u00c1 OUTRAS PROVID\u00caNCIAS.</a></span></span></span></span></span></span></span></span></span></span></td>\r\n<td>\r\n<p><a class=\"external-link\" href=\"https://www.legislacaodigital.com.br/Cubatao-SP/LeisComplementares/144\" target=\"_self\" title=\"\">LEI COMPLEMENTAR N\u00ba 144 DE 19/02/2025</a></p>\r\n</td>\r\n</tr>\r\n<tr>\r\n<td>84</td>\r\n<td><span><span><span><span><span><span><span><span><span><span><span><span><span><span><span><span><span><span>PREFEITO MUNICIPAL</span></span></span></span></span></span></span></span></span></span></span></span></span></span></span></span></span></span></td>\r\n<td>\r\n<p><span><span>PL 25</span></span></p>\r\n</td>\r\n<td>\r\n<p><span><span><span><span><span><span><span><span><span><span><span><span>23/01/2025</span></span></span></span></span></span></span></span></span></span></span></span></p>\r\n</td>\r\n<td style=\"text-align: justify; \"><span><span><span><span><span><span><span><span><span><a title=\"\" href=\"https://www.cubatao.sp.leg.br/processo-legislativo/projetos-de-lei/arquivos/2025/PL.%2025.pdf\" class=\"internal-link\" target=\"_self\">REVOGA A LEI N\u00ba 4.346, DE 10 DE DEZEMBRO DE 2024, QUE AUTORIZA A DESAFETA\u00c7\u00c3O E A PERMUTA DE BEM IM\u00d3VEL PERTECENTE AO MUNIC\u00cdPIO DE CUBAT\u00c3O POR OUTRO BEM IM\u00d3VEL DE PROPRIEDADE PARTICULAR, NO ATENDIMENTO AO INTERESSE P\u00daBLICO, CONFORME ESPECIFICA E D\u00c1 OUTRAS PROVID\u00caNCIAS</a></span></span></span></span></span></span></span></span></span></td>\r\n<td>\r\n<p><a class=\"external-link\" href=\"https://www.legislacaodigital.com.br/Cubatao-SP/LeisOrdinarias/4360/Arquivos/1\" target=\"_self\" title=\"\">LEI N\u00ba 4.360 DE 03/02/2025</a></p>\r\n</td>\r\n</tr>\r\n<tr>\r\n<td>83</td>\r\n<td><span><span><span><span><span><span><span><span><span><span><span><span><span><span><span><span><span>PREFEITO MUNICIPAL</span></span></span></span></span></span></span></span></span></span></span></span></span></span></span></span></span></td>\r\n<td>\r\n<p><span><span>PL 24</span></span></p>\r\n</td>\r\n<td>\r\n<p><span><span><span><span><span><span><span><span><span><span><span>23/01/2025</span></span></span></span></span></span></span></span></span></span></span></p>\r\n</td>\r\n<td style=\"text-align: justify; \"><span><span><span><span><span><span><span><span><a title=\"\" href=\"https://www.cubatao.sp.leg.br/processo-legislativo/projetos-de-lei/arquivos/2025/PL.%2024.pdf\" class=\"internal-link\" target=\"_self\">AUTORIZA A DESAFETA\u00c7\u00c3O E A PERMUTA DE BEM IM\u00d3VEL PERTENCENTE AO MUNIC\u00cdPIO DE CUBAT\u00c3O POR OUTRO BEM IM\u00d3VEL DE PROPRIEDADE PARTICULAR, POR MEIO DE REALIZA\u00c7\u00c3O DE CERTAME E EM ATENDIMENTO AO INTERESSE P\u00daBLICO, CONFORME ESPECIFICA, E D\u00c1 OUTRAS PROVID\u00caNCIAS.</a></span></span></span></span></span></span></span></span></td>\r\n<td><a class=\"external-link\" href=\"https://www.legislacaodigital.com.br/Cubatao-SP/LeisOrdinarias/4362/Arquivos/1\" target=\"_self\" title=\"\">LEI N\u00ba 4.362 DE 03/02/2025</a></td>\r\n</tr>\r\n<tr>\r\n<td>69</td>\r\n<td><span><span><span><span><span><span><span><span><span><span><span><span><span><span><span><span>MARIA JAQUELINE</span></span></span></span></span></span></span></span></span></span></span></span></span></span></span></span></td>\r\n<td>\r\n<p><span><span>PL 23</span></span></p>\r\n</td>\r\n<td>\r\n<p><span><span><span><span><span><span><span><span><span><span><span>22/01/2025</span></span></span></span></span></span></span></span></span></span></span></p>\r\n</td>\r\n<td style=\"text-align: justify; \"><span><span><span><span><span><span><span><a title=\"\" href=\"https://www.cubatao.sp.leg.br/processo-legislativo/projetos-de-lei/arquivos/2025/PL.%2023.pdf\" class=\"internal-link\" target=\"_self\">CRIA O PROGRAMA MUNICIPAL DE ATEN\u00c7\u00c3O \u00c0S GESTANTES E PU\u00c9RPERAS PORTADORAS DE DEFICI\u00caNCIA A PARTIR DO PR\u00c9-NATAL, PR\u00c9-PARTO E P\u00d3S-PARTO NOS SERVI\u00c7OS P\u00daBLICOS E PRIVADOS DE SA\u00daDE NO MUNIC\u00cdPIO DE CUBAT\u00c3O E D\u00c1 OUTRAS PROVID\u00caNCIAS.</a></span></span></span></span></span></span></span></td>\r\n<td><span><span><span><span><span>CONVERS\u00c3O EM DILIG\u00caNCIA 28/01/2025</span></span></span></span></span></td>\r\n</tr>\r\n<tr>\r\n<td>64</td>\r\n<td><span><span><span><span><span><span><span><span><span><span><span><span><span><span><span><span>MARIA JAQUELINE</span></span></span></span></span></span></span></span></span></span></span></span></span></span></span></span></td>\r\n<td>\r\n<p><span><span>PL 22</span></span></p>\r\n</td>\r\n<td>\r\n<p><span><span><span><span><span><span><span><span><span><span><span>20/01/2025</span></span></span></span></span></span></span></span></span></span></span></p>\r\n</td>\r\n<td style=\"text-align: justify; \"><span><span><span><span><span><span><a title=\"\" href=\"https://www.cubatao.sp.leg.br/processo-legislativo/projetos-de-lei/arquivos/2025/PL.%2022.pdf\" class=\"internal-link\" target=\"_self\">INSTITUI NO CALEND\u00c1RIO OFICIAL DE DATAS COMEMORATIVAS DO MUNIC\u00cdPIO DE CUBAT\u00c3O O M\u00caS DE EDUCA\u00c7\u00c3O PREVENTIVA E DE ENFRENTAMENTO \u00c0 ENDOMETRIOSE E D\u00c1 OUTRAS PROVID\u00caNCIAS</a></span></span></span></span></span></span></td>\r\n<td><span><span><span><span><span>RETIRADO PELA AUTORA EM 20/02/2025</span></span></span></span></span></td>\r\n</tr>\r\n<tr>\r\n<td>63</td>\r\n<td><span><span><span><span><span><span><span><span><span><span><span><span><span><span><span>MARIA JAQUELINE</span></span></span></span></span></span></span></span></span></span></span></span></span></span></span></td>\r\n<td>\r\n<p><span><span>PL 21</span></span></p>\r\n</td>\r\n<td>\r\n<p><span><span><span><span><span><span><span><span><span><span>20/01/2025</span></span></span></span></span></span></span></span></span></span></p>\r\n</td>\r\n<td style=\"text-align: justify; \"><span><span><span><span><span><span><a title=\"\" href=\"https://www.cubatao.sp.leg.br/processo-legislativo/projetos-de-lei/arquivos/2025/PL.%2021.pdf\" class=\"internal-link\" target=\"_self\">INSTITUI NO MUNIC\u00cdPIO DE CUBAT\u00c3O O \"PROGRAMA DE COOPERA\u00c7\u00c3O E C\u00d3DIGO SINAL VERMELHO\" COMO MEDIDA DE COMBATE E PREVEN\u00c7\u00c3O \u00c0 VIOL\u00caNCIA DOM\u00c9STICA OU FAMILIAR, NOS TERMOS DA LEI FEDERAL N\u00ba 11.340 DE 07 DE AGOSTO DE 2006 E LEI FEDERAL N\u00ba 14.188 DE 28 DE JULHO DE 2021.</a></span></span></span></span></span></span></td>\r\n<td><span><span><span><span><a class=\"external-link\" href=\"https://www.legislacaodigital.com.br/Cubatao-SP/LeisOrdinarias/4377\" target=\"_self\" title=\"\">LEI N\u00ba 4.377 DE 23/05/2025</a></span></span></span></span></td>\r\n</tr>\r\n<tr>\r\n<td>59</td>\r\n<td><span><span><span><span><span><span><span><span><span><span><span><span><span><span><span>RONIELE MARTINS</span></span></span></span></span></span></span></span></span></span></span></span></span></span></span></td>\r\n<td>\r\n<p><span><span>PL 20</span></span></p>\r\n</td>\r\n<td>\r\n<p><span><span><span><span><span><span><span><span><span><span>20/01/2025</span></span></span></span></span></span></span></span></span></span></p>\r\n</td>\r\n<td style=\"text-align: justify; \"><span><span><span><span><span><span><a title=\"\" href=\"https://www.cubatao.sp.leg.br/processo-legislativo/projetos-de-lei/arquivos/2025/PL.%2020.pdf\" class=\"internal-link\" target=\"_self\">DISP\u00d5E SOBRE A CRIA\u00c7\u00c3O DO PROGRAMA DE INTERNA\u00c7\u00c3O INVOLUNT\u00c1RIA DE DEPENDENTES QU\u00cdMICOS NO MUNIC\u00cdPIO DE CUBAT\u00c3O E D\u00c1 OUTRAS PROVID\u00caNCIAS, ACOMPANHANDO DISPOSITIVOS DA LEI FEDERAL 13.840/2019, QUE REGE O TRATAMENTO INVOLUNT\u00c1RIO DE DEPENDENTES QU\u00cdMICOS.</a></span></span></span></span></span></span></td>\r\n<td>RETIRADO PELO AUTOR EM 22/01/2025</td>\r\n</tr>\r\n<tr>\r\n<td>58</td>\r\n<td><span><span><span><span><span><span><span><span><span><span><span><span><span><span>RONIELE MARTINS\u00a0</span></span></span></span></span></span></span></span></span></span></span></span></span></span></td>\r\n<td>\r\n<p><span><span>PL 19</span></span></p>\r\n</td>\r\n<td>\r\n<p><span><span><span><span><span><span><span><span><span>20/01/2025</span></span></span></span></span></span></span></span></span></p>\r\n</td>\r\n<td style=\"text-align: justify; \"><span><span><span><span><span><a title=\"\" href=\"https://www.cubatao.sp.leg.br/processo-legislativo/projetos-de-lei/arquivos/2025/PL.%2019.pdf\" class=\"internal-link\" target=\"_self\">DISP\u00d5E SOBRE A CRIA\u00c7\u00c3O DA SEMANA DA GESTANTE PARA A PROMO\u00c7\u00c3O DA SA\u00daDE MATERNO-INFANTIL E INCENTIVO AO FOMENTO DO ACOMPANHAMENTO E DA PREPARA\u00c7\u00c3O PARA A MATERNIDADE</a></span></span></span></span></span></td>\r\n<td><span><a class=\"external-link\" href=\"https://www.legislacaodigital.com.br/Cubatao-SP/LeisOrdinarias/4364\" target=\"_self\" title=\"\">LEI N\u00ba 4.364, DE 31 DE MAR\u00c7O DE 2025</a></span></td>\r\n</tr>\r\n<tr>\r\n<td>57</td>\r\n<td><span><span><span><span><span><span><span><span><span><span><span><span><span>RONIELE MARTINS\u00a0</span></span></span></span></span></span></span></span></span></span></span></span></span></td>\r\n<td>\r\n<p><span><span>PL 18</span></span></p>\r\n</td>\r\n<td>\r\n<p><span><span><span><span><span><span><span><span>20/01/2025</span></span></span></span></span></span></span></span></p>\r\n</td>\r\n<td style=\"text-align: justify; \"><span><span><span><span><span><a title=\"\" href=\"https://www.cubatao.sp.leg.br/processo-legislativo/projetos-de-lei/arquivos/2025/PL.%2018.pdf\" class=\"internal-link\" target=\"_self\">AUTORIZA A IMPLANTA\u00c7\u00c3O DO PROGRAMA \"LEITE MATERNO \u00c9 ALIMENTO DA VIDA\" NO MUNIC\u00cdPIO DE CUBAT\u00c3O.</a></span></span></span></span></span></td>\r\n<td>RETIRADO PELO AUTOR EM 18/02/2025</td>\r\n</tr>\r\n<tr>\r\n<td>49</td>\r\n<td><span><span><span><span><span><span><span><span><span><span><span><span><span>ALEXANDRE MENDES</span></span></span></span></span></span></span></span></span></span></span></span></span></td>\r\n<td>\r\n<p><span>PL 17</span></p>\r\n</td>\r\n<td>\r\n<p><span><span><span><span><span><span><span><span>17/01/2025</span></span></span></span></span></span></span></span></p>\r\n</td>\r\n<td style=\"text-align: justify; \"><span><span><span><span><a title=\"\" href=\"https://www.cubatao.sp.leg.br/processo-legislativo/projetos-de-lei/arquivos/2025/PL.%2017.pdf\" class=\"internal-link\" target=\"_self\">DENOMINA ERNESTO ZWARG J\u00daNIOR O LOGRADOURO P\u00daBLICO QUE MENCIONA E D\u00c1 OUTRAS PROVID\u00caNCIAS.</a></span></span></span></span></td>\r\n<td><span>OFICIO ENVIADO AO EXECUTIVO EM 16/05/2025</span></td>\r\n</tr>\r\n<tr>\r\n<td>47</td>\r\n<td><span><span><span><span><span><span><span><span><span><span><span><span>ALEXANDRE MENDES</span></span></span></span></span></span></span></span></span></span></span></span></td>\r\n<td>\r\n<p>PL 16</p>\r\n</td>\r\n<td>\r\n<p><span><span><span><span><span><span><span>17/01/2025</span></span></span></span></span></span></span></p>\r\n</td>\r\n<td style=\"text-align: justify; \"><span><span><span><span><a title=\"\" href=\"https://www.cubatao.sp.leg.br/processo-legislativo/projetos-de-lei/arquivos/2025/PL.%2016.pdf\" class=\"internal-link\" target=\"_self\">DENOMINA SERAFIM DE CAMPOS O LOGRADOURO P\u00daBLICO QUE MENCIONA E D\u00c1 OUTRAS PROVID\u00caNCIAS.</a></span></span></span></span></td>\r\n<td><span>OFICIO ENVIADO AO EXECUTIVO EM 20/01/2025</span></td>\r\n</tr>\r\n<tr>\r\n<td>46</td>\r\n<td><span><span><span><span><span><span><span><span><span><span><span>PREFEITO MUNICIPAL</span></span></span></span></span></span></span></span></span></span></span></td>\r\n<td>\r\n<p>PL 15</p>\r\n</td>\r\n<td>\r\n<p><span><span><span><span><span><span>16/01/2025</span></span></span></span></span></span></p>\r\n</td>\r\n<td style=\"text-align: justify; \"><span><span><span><span><a title=\"\" href=\"https://www.cubatao.sp.leg.br/processo-legislativo/projetos-de-lei/arquivos/2025/PL.%2015.pdf\" class=\"internal-link\" target=\"_self\">AUTORIZA A DESESTATIZA\u00c7\u00c3O DAS \u00c1REAS P\u00daBLICAS E PR\u00d3PRIOS P\u00daBLICOS, NOS TERMOS DO ARTIGO 18 DA LEI ORG\u00c2NICA DO MUNIC\u00cdPIO, NO ATENDIMENTO AO INTERESSE P\u00daBLICO, CONFORME ESPECIFICA, E D\u00c1 OUTRAS PROVID\u00caNCIAS.</a></span></span></span></span></td>\r\n<td><span><a class=\"external-link\" href=\"https://www.legislacaodigital.com.br/Cubatao-SP/LeisOrdinarias/4363/Arquivos/1\" target=\"_self\" title=\"\">LEI N\u00ba 4.363 DE 03/02/2025</a></span></td>\r\n</tr>\r\n<tr>\r\n<td>44</td>\r\n<td><span><span><span><span><span><span><span><span><span><span>ALEXANDRE MENDES</span></span></span></span></span></span></span></span></span></span></td>\r\n<td>\r\n<p>PL 14</p>\r\n</td>\r\n<td>\r\n<p><span><span><span><span><span><span>15/01/2025</span></span></span></span></span></span></p>\r\n</td>\r\n<td style=\"text-align: justify; \"><span><span><span><span><a title=\"\" href=\"https://www.cubatao.sp.leg.br/processo-legislativo/projetos-de-lei/arquivos/2025/PL.%2014.pdf\" class=\"internal-link\" target=\"_self\">DENOMINA ANT\u00d4NIO LIMA DE SOUZA \u201cSR LIMA\u201d O LOGRADOURO P\u00daBLICO QUE MENCIONA E D\u00c1 OUTRAS PROVID\u00caNCIAS.</a></span></span></span></span></td>\r\n<td><span>OFICIANDO EM 24/04/2025</span></td>\r\n</tr>\r\n<tr>\r\n<td>43</td>\r\n<td><span><span><span><span><span><span><span><span><span>ALEXANDRE MENDES</span></span></span></span></span></span></span></span></span></td>\r\n<td>\r\n<p>PL 13</p>\r\n</td>\r\n<td>\r\n<p><span><span><span><span><span>15/01/2025</span></span></span></span></span></p>\r\n</td>\r\n<td style=\"text-align: justify; \"><span><span><span><span><a title=\"\" href=\"https://www.cubatao.sp.leg.br/processo-legislativo/projetos-de-lei/arquivos/2025/PL.%2013.pdf\" class=\"internal-link\" target=\"_self\">DENOMINA MARIA PONCIANO O LOGRADOURO P\u00daBLICO QUE MENCIONA E D\u00c1 OUTRAS PROVID\u00caNCIAS.</a></span></span></span></span></td>\r\n<td><span><a class=\"external-link\" href=\"https://www.legislacaodigital.com.br/Cubatao-SP/LeisOrdinarias/4371\" target=\"_self\" title=\"\">LEI N\u00ba 4.371 DE 30/04/2025</a></span></td>\r\n</tr>\r\n<tr>\r\n<td>40</td>\r\n<td><span><span><span><span><span><span><span><span><span>PREFEITO MUNICIPAL</span></span></span></span></span></span></span></span></span></td>\r\n<td>\r\n<p>PLC 12</p>\r\n</td>\r\n<td>\r\n<p><span><span><span><span><span>14/01/2025</span></span></span></span></span></p>\r\n</td>\r\n<td style=\"text-align: justify; \"><span><span><span><span><a title=\"\" href=\"https://www.cubatao.sp.leg.br/processo-legislativo/projetos-de-lei/arquivos/2025/PLC.%2012.pdf\" class=\"internal-link\" target=\"_self\">ALTERA A LEI COMPLEMENTAR N\u00b0101, DE 9 DE OUTUBRO DE 2018, QUE DISP\u00d5E SOBRE O ESTUDO DE IMPACTO DE VIZINHAN\u00c7A - EIV, ACRESCENTANDO DISPOSITIVOS E DANDO NOVA REDA\u00c7\u00c3O AOS QUE ESPECIFICA E DA OUTRAS PROVID\u00caNCIAS.</a></span></span></span></span></td>\r\n<td><a class=\"external-link\" href=\"https://www.legislacaodigital.com.br/Cubatao-SP/LeisComplementares/145\" target=\"_self\" title=\"\">LEI COMPLEMENTAR N\u00ba 145, DE 28 DE MAR\u00c7O DE 2025</a></td>\r\n</tr>\r\n<tr>\r\n<td>39</td>\r\n<td><span><span><span><span><span><span><span><span>PREFEITO MUNICIPAL</span></span></span></span></span></span></span></span></td>\r\n<td>\r\n<p>PL 11</p>\r\n</td>\r\n<td>\r\n<p><span><span><span><span>14/01/2025</span></span></span></span></p>\r\n</td>\r\n<td style=\"text-align: justify; \"><span><span><span><span><a title=\"\" href=\"https://www.cubatao.sp.leg.br/processo-legislativo/projetos-de-lei/arquivos/2025/PL.%2011.pdf\" class=\"internal-link\" target=\"_self\">DISP\u00d5E SOBRE A CRIA\u00c7\u00c3O E DENOMINA\u00c7\u00c3O DO COMPLEXO EDUCACIONAL GERALDO CARDOSO GUEDES, E DO COMPLEXO EDUCACIONAL GERALDO CARDOSO GUEDES \u2014 UNIDADE DE EDUCA\u00c7\u00c3O INFANTIL, DA SECRETARIA MUNICIPAL DE EDUCA\u00c7\u00c3O</a></span></span></span></span></td>\r\n<td><span><a class=\"external-link\" href=\"https://www.legislacaodigital.com.br/Cubatao-SP/LeisOrdinarias/4359/Arquivos/1\" target=\"_self\" title=\"\">LEI N\u00ba 4.359 DE 03/02/2025</a></span></td>\r\n</tr>\r\n<tr>\r\n<td>38</td>\r\n<td><span><span><span><span><span><span><span>PREFEITO MUNICIPAL</span></span></span></span></span></span></span></td>\r\n<td>\r\n<p>PL 10</p>\r\n</td>\r\n<td>\r\n<p><span><span><span>14/01/2025</span></span></span></p>\r\n</td>\r\n<td style=\"text-align: justify; \"><span><span><span><a title=\"\" href=\"https://www.cubatao.sp.leg.br/processo-legislativo/projetos-de-lei/arquivos/2025/PL.%2010.pdf\" class=\"internal-link\" target=\"_self\">DISP\u00d5E SOBRE A CONCESS\u00c3O DE AUMENTO NO PADR\u00c3O DE VENCIMENTO, EXCLUSIVAMENTE, DOS SERVIDORES P\u00daBLICOS MUNICIPAIS DE CUBAT\u00c3O QUE MENCIONA, ENQUADRADOS EM CARGOS OU FUN\u00c7\u00d5ES QUE EXIGEM N\u00cdVEL SUPERIOR DE FORMA\u00c7\u00c3O ACAD\u00caMICA, E DA OUTRAS PROVIDENCIAS.</a></span></span></span></td>\r\n<td><a class=\"external-link\" href=\"https://www.legislacaodigital.com.br/Cubatao-SP/LeisOrdinarias/4355/Arquivos/1\" target=\"_self\" title=\"\">LEI N\u00ba 4.355 DE 24/01/2025</a></td>\r\n</tr>\r\n<tr>\r\n<td>37</td>\r\n<td><span><span><span><span><span><span>PREFEITO MUNICIPAL</span></span></span></span></span></span></td>\r\n<td>\r\n<p>PL 09</p>\r\n</td>\r\n<td>\r\n<p><span><span><span>14/01/2025</span></span></span></p>\r\n</td>\r\n<td style=\"text-align: justify; \"><span><span><a title=\"\" href=\"https://www.cubatao.sp.leg.br/processo-legislativo/projetos-de-lei/arquivos/2025/PL.%2009.pdf\" class=\"internal-link\" target=\"_self\">AUTORIZA O PODER EXECUTIVO A FORNECER AUXILIO MORADIA AS FAMILIAS DE VILA ESPERAN\u00c7A NA FORMA QUE MENCIONA E INSTITUI O AUX\u00cdLIO PARA FRENTE DE OBRAS NO \u00c2MBITO DA POLITICA DE HABITA\u00c7\u00c3O NO MUNIC\u00cdPIO DE CUBAT\u00c3O E DA OUTRAS PROVIDENCIAS.</a></span></span></td>\r\n<td><span><a class=\"external-link\" href=\"https://www.legislacaodigital.com.br/Cubatao-SP/LeisOrdinarias/4358\" target=\"_self\" title=\"\">LEI N\u00ba 4.358 DE 03/02/2025</a></span></td>\r\n</tr>\r\n<tr>\r\n<td>36</td>\r\n<td><span><span><span><span><span>PREFEITO MUNICIPAL</span></span></span></span></span></td>\r\n<td>\r\n<p>PL 08</p>\r\n</td>\r\n<td>\r\n<p><span><span><span>14/01/2025</span></span></span></p>\r\n<p><span><span><span><br /></span></span></span></p>\r\n</td>\r\n<td style=\"text-align: justify; \">\r\n<p><span><span><a title=\"\" href=\"https://www.cubatao.sp.leg.br/processo-legislativo/projetos-de-lei/arquivos/2025/PL.%2008.pdf\" class=\"internal-link\" target=\"_self\">ALTERA AS NORMAS E DISPOSITIVOS QUE ESPECIFICA, CRIA AS SECRETARIAS MUNICIPAIS QUE MENCIONA E D\u00c1 OUTRAS PROVID\u00caNCIAS.</a></span></span></p>\r\n<p><span><span><a title=\"\" href=\"https://www.cubatao.sp.leg.br/processo-legislativo/projetos-de-lei/arquivos/2025/OF._015.2025_-_MENSAGEM_ADITIVA_PL_Ndeg08.2025.pdf\" class=\"internal-link\" target=\"_self\">MENSAGEM ADITIVA</a></span></span></p>\r\n</td>\r\n<td><a class=\"external-link\" href=\"https://www.legislacaodigital.com.br/Cubatao-SP/LeisOrdinarias/4356/Arquivos/1\" target=\"_self\" title=\"\">LEI N\u00ba 4.356, DE 24 DE JANEIRO DE 2025</a></td>\r\n</tr>\r\n<tr>\r\n<td>34</td>\r\n<td><span><span><span><span><span>MESA DA C\u00c2MARA</span></span></span></span></span></td>\r\n<td>PL 07</td>\r\n<td><span><span><span>14/01/2025</span></span></span></td>\r\n<td style=\"text-align: justify; \"><span><span><a title=\"\" href=\"https://www.cubatao.sp.leg.br/processo-legislativo/projetos-de-lei/arquivos/2025/PL.%2007.pdf\" class=\"internal-link\" target=\"_self\">CRIA OS CARGOS DE PROVIMENTO EM COMISS\u00c3O QUE ESPECIFICA, CRIA E EXTINGUE AS FUN\u00c7\u00d5ES GRATIFICADAS QUE ESPECIFICA, ALTERA E ACRESCENTA DISPOSITIVOS \u00c0 LEI N\u00b03.364, DE 08 DE JANEIRO DE 2010, QUE DISP\u00d5E SOBRE A ESTRUTURA\u00c7\u00c3O ADMINISTRATIVA DA SECRETARIA DA C\u00c2MARA MUNICIPAL DE CUBAT\u00c3O, E D\u00c1 OUTRAS PROVID\u00caNCIAS.</a></span></span></td>\r\n<td><a class=\"external-link\" href=\"https://www.legislacaodigital.com.br/Cubatao-SP/LeisOrdinarias/4354/Arquivos/1\" target=\"_self\" title=\"\">LEI N\u00ba 4.354, DE 23 DE JANEIRO DE 2025</a></td>\r\n</tr>\r\n<tr>\r\n<td>33</td>\r\n<td><span><span><span><span>MESA DA C\u00c2MARA</span></span></span></span></td>\r\n<td>PL 06</td>\r\n<td><span><span><span>14/01/2025</span></span></span></td>\r\n<td style=\"text-align: justify; \"><span><a title=\"\" href=\"https://www.cubatao.sp.leg.br/processo-legislativo/projetos-de-lei/arquivos/2025/PL.%2006.pdf\" class=\"internal-link\" target=\"_self\">DISP\u00d5E SOBRE O SISTEMA DE CONTROLE INTERNO DA C\u00c2MARA MUNICIPAL DE CUBAT\u00c3O E D\u00c1 OUTRAS PROVID\u00caNCIAS.</a></span></td>\r\n<td><a class=\"external-link\" href=\"https://www.legislacaodigital.com.br/Cubatao-SP/LeisOrdinarias/4357/Arquivos/1\" target=\"_self\" title=\"\">LEI N\u00ba 4.357, DE 24 DE JANEIRO DE 2025</a></td>\r\n</tr>\r\n<tr>\r\n<td>08</td>\r\n<td><span><span><span><span>ALESSANDRO DONIZETE DE OLIVEIRA</span></span></span></span></td>\r\n<td>PL 05</td>\r\n<td><span><span><span>06/01/2025</span></span></span></td>\r\n<td style=\"text-align: justify; \"><a title=\"\" href=\"https://www.cubatao.sp.leg.br/processo-legislativo/projetos-de-lei/arquivos/2025/PL.%2005.pdf\" class=\"internal-link\" target=\"_self\">DENOMINA \u201cMARCELO ANDR\u00c9 PARREIRA DE OLIVEIRA\u201d O PR\u00d3PRIO P\u00daBLICO QUE MENCIONA E D\u00c1 OUTRAS PROVID\u00caNCIAS.</a></td>\r\n<td><span>OFICIO ENVIADO AO EXECUTIVO EM 08/01/2025</span></td>\r\n</tr>\r\n<tr>\r\n<td>07</td>\r\n<td><span><span><span>ALESSANDRO DONIZETE DE OLIVEIRA</span></span></span></td>\r\n<td>PL 04</td>\r\n<td><span><span>06/01/2025</span></span></td>\r\n<td style=\"text-align: justify; \"><a title=\"\" href=\"https://www.cubatao.sp.leg.br/processo-legislativo/projetos-de-lei/arquivos/2025/PL.%2004.pdf\" class=\"internal-link\" target=\"_self\">DENOMINA P\u00cdER REI PEL\u00c9 O EQUIPAMENTO P\u00daBLICO QUE ESPECIFICA E D\u00c1 OUTRAS PROVID\u00caNCIAS.</a></td>\r\n<td><span>OFICIO ENVIADO AO EXECUTIVO EM 08/01/2025</span></td>\r\n</tr>\r\n<tr>\r\n<td>06</td>\r\n<td><span><span>ALESSANDRO DONIZETE DE OLIVEIRA</span></span></td>\r\n<td>PL 03</td>\r\n<td><span>06/01/2025</span></td>\r\n<td style=\"text-align: justify; \"><a title=\"\" href=\"https://www.cubatao.sp.leg.br/processo-legislativo/projetos-de-lei/arquivos/2025/PL.%2003.pdf\" class=\"internal-link\" target=\"_self\">DENOMINA \"CONSELHEIRO PAULO LUIZ\" O PR\u00d3PIO PUBLICO QUE MENCIONA E D\u00c1 OUTRAS PROVID\u00caNCIAS.</a></td>\r\n<td>OFICIO ENVIADO AO EXECUTIVO EM 08/01/2025</td>\r\n</tr>\r\n<tr>\r\n<td>05</td>\r\n<td><span>ALESSANDRO DONIZETE DE OLIVEIRA</span></td>\r\n<td>PL 02</td>\r\n<td>06/01/2025</td>\r\n<td style=\"text-align: justify; \"><a title=\"\" href=\"https://www.cubatao.sp.leg.br/processo-legislativo/projetos-de-lei/arquivos/2025/PL.%2002.pdf\" class=\"internal-link\" target=\"_self\">DISP\u00d5E SOBRE O DIREITO DA PESSOA COM DEFICI\u00caNCIA MENTAL, INTELECTUAL OU SENSORIAL DE INGRESSAR E PERMANECER EM AMBIENTES DE USO COLETIVO ACOMPANHADO DE ANIMAL DE APOIO EMOCIONAL NO MUNIC\u00cdPIO DE CUBAT\u00c3O</a></td>\r\n<td>COMISS\u00d5ES\u00a0</td>\r\n</tr>\r\n<tr>\r\n<td>04</td>\r\n<td>ALESSANDRO DONIZETE DE OLIVEIRA</td>\r\n<td>PL 01</td>\r\n<td><span>06/01/2025</span></td>\r\n<td style=\"text-align: justify; \"><a title=\"\" href=\"https://www.cubatao.sp.leg.br/processo-legislativo/projetos-de-lei/arquivos/2025/PL.%2001.pdf\" class=\"internal-link\" target=\"_self\">DISP\u00d5E SOBRE O RECONHECIMENTO DA FIBROMIALGIA INCAPACITANTE COMO DEFICI\u00caNCIA E D\u00c1 OUTRAS PROVID\u00caNCIAS.</a></td>\r\n<td><span><a class=\"external-link\" href=\"https://www.legislacaodigital.com.br/Cubatao-SP/LeisOrdinarias/4390\" target=\"_self\" title=\"\">Lei n\u00b0 4.390, de 8/08/2025</a></span></td>\r\n</tr>\r\n</tbody>\r\n</table>", "author_name": "", "version": "1.0", "author_url": "https://www.cubatao.sp.leg.br/author/bruno", "provider_name": "C\u00e2mara Municipal de Cubat\u00e3o", "type": "rich"}