{"provider_url": "https://www.cubatao.sp.leg.br", "title": "Projetos de Lei e Vetos - 2026", "html": "<table class=\"plain\">\r\n<tbody>\r\n<tr>\r\n<td><strong>PROC.</strong></td>\r\n<td><strong>AUTOR</strong></td>\r\n<td><strong>TIPO</strong></td>\r\n<td><strong>DATA</strong></td>\r\n<td><strong>ASSUNTO</strong></td>\r\n<td><strong>STATUS</strong></td>\r\n</tr>\r\n<tr>\r\n<td>402</td>\r\n<td>TOPETE\u00a0</td>\r\n<td><span>PL 42</span></td>\r\n<td><span>29/04/2026</span></td>\r\n<td>\r\n<p style=\"text-align: justify; \"><a title=\"\" href=\"https://www.cubatao.sp.leg.br/processo-legislativo/projetos-de-lei/arquivos/copy3_of_2025/PL%2042.2026.pdf\" class=\"internal-link\" target=\"_self\">ACRESCENTA DISPOSITIVO \u00c0 LEI N\u00ba 3.763, DE 28 DE OUTUBRO DE 2015, PARA ASSEGURAR A INCLUS\u00c3O DAS PESSOAS COM TRANSTORNO DO ESPECTRO AUTISTA ENTRE OS BENEFICI\u00c1RIOS.</a></p>\r\n</td>\r\n<td><span><span><span><span><span><span><span><span>PROCURADORIA EM 30/04/2026</span></span></span></span></span></span></span></span></td>\r\n</tr>\r\n<tr>\r\n<td>401</td>\r\n<td>TOPETE</td>\r\n<td><span>PL 41</span></td>\r\n<td><span>28/04/2026</span></td>\r\n<td>\r\n<p style=\"text-align: justify; \"><a title=\"\" href=\"https://www.cubatao.sp.leg.br/processo-legislativo/projetos-de-lei/arquivos/copy3_of_2025/PL%2041.2026.pdf\" class=\"internal-link\" target=\"_self\">DISP\u00d5E SOBRE O \"PROGRAMA M\u00c9DICO NAS CRECHES\" NO MUNIC\u00cdPIO DE CUBAT\u00c3O, E D\u00c1 OUTRAS PROVID\u00caNCIAS.</a></p>\r\n</td>\r\n<td><span><span><span><span><span><span><span>PROCURADORIA EM 29/04/2026</span></span></span></span></span></span></span></td>\r\n</tr>\r\n<tr>\r\n<td>400</td>\r\n<td>PREFEITO MUNICIPAL</td>\r\n<td><span>PL 40</span></td>\r\n<td><span>27/04/2026</span></td>\r\n<td>\r\n<p style=\"text-align: justify; \"><a title=\"\" href=\"https://www.cubatao.sp.leg.br/processo-legislativo/projetos-de-lei/arquivos/copy3_of_2025/PL%2040.2026.pdf\" class=\"internal-link\" target=\"_self\">REVOGA E ALTERA OS DISPOSITIVOS DA LEI 2.515, DE 15 DE SETEMBRO DE 1998, E D\u00c1 OUTRAS PROVID\u00caNCIAS.</a></p>\r\n</td>\r\n<td><span><span><span><span><span><span>PROCURADORIA EM 27/04/2026</span></span></span></span></span></span></td>\r\n</tr>\r\n<tr>\r\n<td>397</td>\r\n<td>IVAN HILDEBRANDO</td>\r\n<td><span>PL 39</span></td>\r\n<td><span>27/04/2026</span></td>\r\n<td>\r\n<p style=\"text-align: justify; \"><a title=\"\" href=\"https://www.cubatao.sp.leg.br/processo-legislativo/projetos-de-lei/arquivos/copy3_of_2025/PL%2039.2026.pdf\" class=\"internal-link\" target=\"_self\">INSTITUI DIRETRIZES PARA A PROMO\u00c7\u00c3O DO BEM-ESTAR SONORO DE PESSOAS COM HIPERSENSIBILIDADE AUDITIVA NO MUNIC\u00cdPIO DE CUBAT\u00c3O E D\u00c1 OUTRAS PROVID\u00caNCIAS.</a></p>\r\n</td>\r\n<td><span><span><span><span><span>PROCURADORIA EM 27/04/2026</span></span></span></span></span></td>\r\n</tr>\r\n<tr>\r\n<td>327/2025</td>\r\n<td>PREFEITO MUNICIPAL</td>\r\n<td><span>OF\u00cdCIO N\u00ba 41/2026/SEJUR</span></td>\r\n<td><span>23/04/2026</span></td>\r\n<td>\r\n<p style=\"text-align: justify; \"><span><a title=\"\" href=\"https://www.cubatao.sp.leg.br/processo-legislativo/projetos-de-lei/arquivos/copy3_of_2025/Veto%20Parcial%20PL%2060.2025%20-%20Of._41-2026-SEJUR_-_Razoes_do_Veto.pdf\" class=\"internal-link\" target=\"_self\">VETO PARCIAL AO PROJETO DE LEI N\u00ba 60/2025 QUE \"DISP\u00d5E SOBRE A INCLUS\u00c3O PROGRESSIVA DE \u00d4NIBUS OU MICRO-\u00d4NIBUS IMPULSIONADO POR MOTOR EXCLUSIVAMENTE EL\u00c9TRICO NA FROTA DE TRANSPORT\u0415 P\u00daBLICO DO MUNIC\u00cdPIO DE CUBAT\u00c3O E D\u00c1 OUTRAS PROVID\u00caNCIAS\".</a><a title=\"\" href=\"https://www.cubatao.sp.leg.br/processo-legislativo/projetos-de-lei/arquivos/copy3_of_2025/PL%2038.2026.pdf\" class=\"internal-link\" target=\"_self\"></a></span></p>\r\n</td>\r\n<td><span><span><span><span>PROCURADORIA EM 24/04/2026</span></span></span></span></td>\r\n</tr>\r\n<tr>\r\n<td>375</td>\r\n<td>XUXA</td>\r\n<td>PL 38</td>\r\n<td><span>23/04/2026</span></td>\r\n<td>\r\n<p style=\"text-align: justify; \"><span><a title=\"\" href=\"https://www.cubatao.sp.leg.br/processo-legislativo/projetos-de-lei/arquivos/copy3_of_2025/PL%2038.2026.pdf\" class=\"internal-link\" target=\"_self\">DISP\u00d5E SOBRE A OFERTA DE ATENDIMENTO DOMICILIAR EM SA\u00daDE PARA PESSOAS COM TRANSTORNO DO ESPECTRO AUTIST\u0410 (TEA) COM ALTA SENSIBILIDADE SENSORIAL, NO \u00c2MBITO DO MUNIC\u00cdPIO DE CUBAT\u00c3O, E D\u00c1 OUTRAS PROVID\u00caNCIAS.</a></span></p>\r\n</td>\r\n<td><span><span><span>PROCURADORIA EM 23/04/2026</span></span></span></td>\r\n</tr>\r\n<tr>\r\n<td>360</td>\r\n<td>PREFEITO MUNICIPAL</td>\r\n<td>PL 37</td>\r\n<td><span>14/04/2026</span></td>\r\n<td>\r\n<p style=\"text-align: justify; \"><span><a title=\"\" href=\"https://www.cubatao.sp.leg.br/processo-legislativo/projetos-de-lei/arquivos/copy3_of_2025/PL_no_37-2026_-_LDO.pdf\" class=\"internal-link\" target=\"_self\">DISP\u00d5E SOBRE AS DIRETRIZES GERAIS PARA A ELABORA\u00c7\u00c3O DA LEI OR\u00c7AMENTARIA DO MUNIC\u00cdPIO DE CUBAT\u00c3O PARA O EXERC\u00cdCIO DE 2027 E D\u00c1 OUTRAS PROVID\u00caNCIAS.</a></span></p>\r\n</td>\r\n<td><span><span>PROCURADORIA EM 15/04/2026</span></span></td>\r\n</tr>\r\n<tr>\r\n<td>359</td>\r\n<td>IVAN HILDEBRANDRO</td>\r\n<td>PL 36</td>\r\n<td>15/04/2026</td>\r\n<td>\r\n<p style=\"text-align: justify; \"><span><a title=\"\" href=\"https://www.cubatao.sp.leg.br/processo-legislativo/projetos-de-lei/arquivos/copy3_of_2025/PL%2036.2026.pdf\" class=\"internal-link\" target=\"_self\">DISP\u00d5E SOBRE A INCLUS\u00c3O DE SINALIZA\u00c7\u00c3O EM L\u00cdNGUA BRASILEIRA DE SINAIS (LIBRAS) EM PAIN\u00c9IS INFORMATIVOS DOS SERVI\u00c7OS P\u00daBLICOS NO MUNIC\u00cdPIO DE CUBAT\u00c3O E D\u00c1 OUTRAS PROVID\u00caNCIAS</a>.</span></p>\r\n</td>\r\n<td><span>PROCURADORIA EM 15/04/2026</span></td>\r\n</tr>\r\n<tr>\r\n<td>354</td>\r\n<td>BATOR\u00c9</td>\r\n<td>PL 35</td>\r\n<td>13/04/2026</td>\r\n<td>\r\n<p style=\"text-align: justify; \"><a title=\"\" href=\"https://www.cubatao.sp.leg.br/processo-legislativo/projetos-de-lei/arquivos/copy3_of_2025/PL%2035.2026.pdf\" class=\"internal-link\" target=\"_self\"><span>ALTERA OS ARTIGOS QUE MENCIONA DA LEI N\u00ba 4208, DE 26 DE JULHO DE 2022, REVOGANDO OS DISPOSITIVOS EM CONTRARIO E D\u00c1 OUTRAS PROVID\u00caNCIAS</span><span>.</span></a></p>\r\n</td>\r\n<td>PROCURADORIA EM 14/04/2026<span><span><span><span><span><span><span></span></span></span></span></span></span></span></td>\r\n</tr>\r\n<tr>\r\n<td>335</td>\r\n<td>CL\u00c9BER DO CAVACO</td>\r\n<td>PL 34</td>\r\n<td>08/04/2026</td>\r\n<td>\r\n<p style=\"text-align: justify; \"><a title=\"\" href=\"https://www.cubatao.sp.leg.br/processo-legislativo/projetos-de-lei/arquivos/copy3_of_2025/PL%2034.2026.pdf\" class=\"internal-link\" target=\"_self\">DENOMINA GUILHERME HENRICK DA SILVA A QUADRA DE FUTEBOL SOCIETY LOCALIZADA NA PRA\u00c7A PADRE ANT\u00d4NIO PEREIRA LUZ MAIS CONHECIDA COMO PRA\u00c7A DA CIDADANIA E D\u00c1 OUTRAS PROVID\u00caNCIAS.</a></p>\r\n</td>\r\n<td><span><span><span><span><span><span><span>OFICIANDO EM 08/04/2026</span></span></span></span></span></span></span></td>\r\n</tr>\r\n<tr>\r\n<td>329</td>\r\n<td>TOPETE</td>\r\n<td>PL 33</td>\r\n<td>08/04/2026</td>\r\n<td>\r\n<p style=\"text-align: justify; \"><a title=\"\" href=\"https://www.cubatao.sp.leg.br/processo-legislativo/projetos-de-lei/arquivos/copy3_of_2025/PL%20No%2033.2026.pdf\" class=\"internal-link\" target=\"_self\">DISP\u00d5E SOBRE A INCLUS\u00c3O DA CONFER\u00caNCIA PINK NO CALEND\u00c1RIO OFICIAL DE EVENTOS DO MUNIC\u00cdPIO DE CUBAT\u00c3O, E D\u00c1 OUTRAS PROVID\u00caNCIAS.</a></p>\r\n</td>\r\n<td>COMISS\u00d5ES</td>\r\n</tr>\r\n<tr>\r\n<td>314</td>\r\n<td>MESA DA C\u00c2MARA</td>\r\n<td>PR 03</td>\r\n<td>01/04/2026</td>\r\n<td>\r\n<p style=\"text-align: justify; \"><a title=\"\" href=\"https://www.cubatao.sp.leg.br/processo-legislativo/projetos-de-lei/arquivos/copy3_of_2025/PR%2003.2026.pdf\" class=\"internal-link\" target=\"_self\">DENOMINA \u201cVEREADOR WILSON PIO DOS REIS\", A SALA DE EXPOSI\u00c7\u00d5ES DA C\u00c2MARA MUNICIPAL DE CUBAT\u00c3O E PROVID\u00caNCIAS.</a></p>\r\n</td>\r\n<td><span><span><span><span><span><span>PROCURADORIA EM 01/04/2026</span></span></span></span></span></span></td>\r\n</tr>\r\n<tr>\r\n<td>311</td>\r\n<td>TOPETE</td>\r\n<td>PL 32</td>\r\n<td>30/03/2026</td>\r\n<td>\r\n<p style=\"text-align: justify; \"><a title=\"\" href=\"https://www.cubatao.sp.leg.br/processo-legislativo/projetos-de-lei/arquivos/copy3_of_2025/PL%2032.2026.pdf\" class=\"internal-link\" target=\"_self\">DISP\u00d5E SOBRE A IMPLANTA\u00c7\u00c3O DE ESPA\u00c7OS SENSORIAIS EM PRA\u00c7AS E PARQUES P\u00daBLICOS DO MUNIC\u00cdPIO DE CUBAT\u00c3O, DESTINADOS AO ACOLHIMENTO, INCLUS\u00c3O E BEM-ESTAR DE PESSOAS COM TRANSTORNO DO ESPECTRO AUTISTA (TEA), E D\u00c1 OUTRAS PROVID\u00caNCIAS.</a></p>\r\n</td>\r\n<td><span><span><span><span><span>DILIG\u00caNCIA</span></span></span></span></span></td>\r\n</tr>\r\n<tr>\r\n<td>309</td>\r\n<td>PREFEITO MUNICIPAL</td>\r\n<td>PLC 31</td>\r\n<td>30/03/2026</td>\r\n<td>\r\n<p style=\"text-align: justify; \"><a title=\"\" href=\"https://www.cubatao.sp.leg.br/processo-legislativo/projetos-de-lei/arquivos/copy3_of_2025/PLC%2031.2026.pdf\" class=\"internal-link\" target=\"_self\">INSTITUI, NOS TERMOS DO ART. 182, \u00a7 4\u00b0 DA CONSTITUI\u00c7\u00c3O FEDERAL, DA LEI FEDERAL N\u00b0 10.257, DE 10 DE JULHO DE 2001 (ESTATUTO DAS CIDADES) E DO ART. 47 DA LEI COMPLEMENTAR MUNICIPAL N\u00b0 134, DE 28 DE DEZEMBRO DE 2023 (PLANO DIRETOR), OS INSTRUMENTOS PARAO CUMPRIMENTO DA FUN\u00c7\u00c3O SOCIAL DA PROPRIEDADE URBANA NO MUNIC\u00cdPIO DE CUBAT\u00c3O, E D\u00c1 OUTRAS PROVID\u00caNCIAS.\"</a></p>\r\n</td>\r\n<td><span>CONCLUSO</span></td>\r\n</tr>\r\n<tr>\r\n<td>306</td>\r\n<td>CARIOCA</td>\r\n<td>PL 29</td>\r\n<td>27/03/2026</td>\r\n<td>\r\n<p style=\"text-align: justify; \"><a title=\"\" href=\"https://www.cubatao.sp.leg.br/processo-legislativo/projetos-de-lei/arquivos/copy3_of_2025/PL%2029.2026.pdf\" class=\"internal-link\" target=\"_self\">INSTITUI NO CALEND\u00c1RIO OFICIAL DE EVENTOS DO MUNIC\u00cdPIO DE CUBAT\u00c3O O \u201cDIA MUNICIPAL DO DESBRAVADOR\u201d E D\u00c1 OUTRAS PROVID\u00caNCIAS</a>.</p>\r\n</td>\r\n<td><span><span><span>PROCURADORIA EM 27/03/2026</span></span></span></td>\r\n</tr>\r\n<tr>\r\n<td>303</td>\r\n<td>MESA DA C\u00c2MARA</td>\r\n<td>PL 28</td>\r\n<td>26/03/2026</td>\r\n<td>\r\n<p style=\"text-align: justify; \"><span><a title=\"\" href=\"https://www.cubatao.sp.leg.br/processo-legislativo/projetos-de-lei/arquivos/copy3_of_2025/PL%20No%2028.2026.pdf\" class=\"internal-link\" target=\"_self\">DISP\u00d5E SOBRE AS CONSIGNA\u00c7\u00d5ES EM FOLHA DE PAGAMENTO DOS SERVIDORES P\u00daBLICOS DA C\u00c2MARA MUNICIPAL DE CUBAT\u00c3O E D\u00c1 OUTRAS PROVID\u00caNCIAS.</a></span></p>\r\n</td>\r\n<td>PROCURADORIA EM 13/04/2024</td>\r\n</tr>\r\n<tr>\r\n<td>293</td>\r\n<td>MARCINHO</td>\r\n<td>PL 27</td>\r\n<td>23/03/2026</td>\r\n<td>\r\n<p style=\"text-align: justify; \"><a title=\"\" href=\"https://www.cubatao.sp.leg.br/processo-legislativo/projetos-de-lei/arquivos/copy3_of_2025/PL%2027.2026.pdf\" class=\"internal-link\" target=\"_self\">INSTITUI O PROGRAMA DE APOIO \u00c0S PESSOAS COM DOEN\u00c7AS RARAS E SEUS FAMILIARES NO MUNIC\u00cdPIO DE CUBAT\u00c3O.</a></p>\r\n</td>\r\n<td><span><span>COMISS\u00d5ES EM 27/04/2026</span></span></td>\r\n</tr>\r\n<tr>\r\n<td>290</td>\r\n<td>PREFEITO MUNICIPAL</td>\r\n<td>PL 26</td>\r\n<td>20/03/2026</td>\r\n<td>\r\n<p style=\"text-align: justify; \"><a title=\"\" href=\"https://www.cubatao.sp.leg.br/processo-legislativo/projetos-de-lei/arquivos/copy3_of_2025/PL%2026.2026.pdf\" class=\"internal-link\" target=\"_self\">ACRESCENTA OS \u00a7\u00a7 1\u00b0 E 2\u00b0 \u0410\u041e ARTIGO 5\u00b0 DA LEI MUNICIPAL N\u00b0 3.404, DE 17 DE AGOSTO DE 2010, QUE DISP\u00d5E SOBRE A INSTITUI\u00c7\u00c3O DO VALE TRANSPORTE PARA OS SERVIDORES P\u00daBLICOS DO MUNIC\u00cdPIO DE CUBAT\u00c3O.</a></p>\r\n</td>\r\n<td><span>APROVADO EM 2\u00aa DISCUSS\u00c3O EM 14/04/2026</span></td>\r\n</tr>\r\n<tr>\r\n<td>273</td>\r\n<td>MARCINHO</td>\r\n<td>PL 25</td>\r\n<td>18/03/2026</td>\r\n<td>\r\n<p style=\"text-align: justify; \"><a title=\"\" href=\"https://www.cubatao.sp.leg.br/processo-legislativo/projetos-de-lei/arquivos/copy3_of_2025/PL%2025.2026.pdf\" class=\"internal-link\" target=\"_self\">INSTITUI NO CALEND\u00c1RIO OFICIAL DO MUNIC\u00cdPIO DE CUBAT\u00c3O A SEMANA DA EDUCA\u00c7\u00c3O LEGISLATIVA.</a></p>\r\n</td>\r\n<td><span><span><span><span><span><span><span><span>COMISS\u00d5ES EM 27/04/2026</span></span></span></span></span></span></span></span></td>\r\n</tr>\r\n<tr>\r\n<td>267</td>\r\n<td><span><span><span>BATOR\u00c9</span></span></span></td>\r\n<td>PL 24</td>\r\n<td>16/03/2026</td>\r\n<td>\r\n<p style=\"text-align: justify; \"><a title=\"\" href=\"https://www.cubatao.sp.leg.br/processo-legislativo/projetos-de-lei/arquivos/copy3_of_2025/PL%2024.2026.pdf\" class=\"internal-link\" target=\"_self\">DISP\u00d5E SOBRE A INSTITUI\u00c7\u00c3O DA POL\u00cdTICA MUNICIPAL DE CUIDADO INTEGRAL \u00c0S PESSOAS COM FALTA DE AUTONOMIA PARA AUTOCUIDADOS EM RAZ\u00c3O DA IDADE, DE DEFICI\u00caNCIAS E/OU DOEN\u00c7AS F\u00cdSICAS E MENTAIS.</a></p>\r\n</td>\r\n<td><span><span><span><span><span><span><span>PROCURADORIA EM 17/03/2026</span></span></span></span></span></span></span></td>\r\n</tr>\r\n<tr>\r\n<td>264</td>\r\n<td><span><span><span>PREFEITO MUNICIPAL</span></span></span></td>\r\n<td>PELOM 01</td>\r\n<td>16/03/2026</td>\r\n<td>\r\n<p style=\"text-align: justify; \"><a title=\"\" href=\"https://www.cubatao.sp.leg.br/processo-legislativo/projetos-de-lei/arquivos/copy3_of_2025/PELOM_01-2026.pdf\" class=\"internal-link\" target=\"_self\">D\u00c1 NOVA REDA\u00c7\u00c3O AO ARTIGO 213 DA LOM, E D\u00c1 OUTRAS PROVID\u00caNCIAS.</a></p>\r\n</td>\r\n<td><span>CONCLUSO</span></td>\r\n</tr>\r\n<tr>\r\n<td>250</td>\r\n<td><span><span>PREFEITO MUNICIPAL</span></span></td>\r\n<td>PL 23</td>\r\n<td>12/03/2026</td>\r\n<td>\r\n<p style=\"text-align: justify; \"><a title=\"\" href=\"https://www.cubatao.sp.leg.br/processo-legislativo/projetos-de-lei/arquivos/copy3_of_2025/PL%2023.2026.pdf\" class=\"internal-link\" target=\"_self\">AUTORIZA O PODER EXECUTIVO, RECEBER EM DOA\u00c7\u00c3O COM ENCARGOS, OS IM\u00d3VEIS QUE ESPECIFICA DE PROPRIEDADE DA CDHU - COMPANHIA DE DESENVOLVIMENTO HABITACIONAL E URBANO DO ESTADO DE S\u00c3O PAULO, E D\u00c1 OUTRAS PROVID\u00caNCIAS.</a></p>\r\n</td>\r\n<td>OFICIANDO</td>\r\n</tr>\r\n<tr>\r\n<td>245</td>\r\n<td><span><span>RONALDO DA COMISS\u00c3O</span></span></td>\r\n<td>PL 22</td>\r\n<td>11/03/2026</td>\r\n<td>\r\n<p style=\"text-align: justify; \"><a title=\"\" href=\"https://www.cubatao.sp.leg.br/processo-legislativo/projetos-de-lei/arquivos/copy3_of_2025/PL%2022.2026.pdf\" class=\"internal-link\" target=\"_self\">INSTITUI O PROGRAMA MUNICIPAL DE VALORIZA\u00c7\u00c3O E EMPREGABILIDADE DA PESSOA NA MELHOR IDADE, VOLTADO \u00c0 CAPACITA\u00c7\u00c3O, INTERMEDIA\u00c7\u00c3O E INCLUS\u00c3O DE PESSOAS COM 50 ANOS OU MAIS NO MERCADO DE TRABALHO, E D\u00c1 OUTRAS PROVID\u00caNCIAS.</a></p>\r\n</td>\r\n<td><span>CONCLUSO</span></td>\r\n</tr>\r\n<tr>\r\n<td>244</td>\r\n<td><span><span>GUILHERME DO SAL\u00c3O</span></span></td>\r\n<td>PL 21</td>\r\n<td>11/03/2026</td>\r\n<td>\r\n<p style=\"text-align: justify; \"><a title=\"\" href=\"https://www.cubatao.sp.leg.br/processo-legislativo/projetos-de-lei/arquivos/copy3_of_2025/PL%2021.2026.pdf\" class=\"internal-link\" target=\"_self\">DISP\u00d5E SOBRE A SUSPENS\u00c3O TEMPOR\u00c1RIA DA COBRAN\u00c7A DA CONTRIBUI\u00c7\u00c3O PARA CUSTEIO DO SERVI\u00c7O DE ILUMINA\u00c7\u00c3O P\u00daBLICA - CIP, NO MUNIC\u00cdPIO DE CUBAT\u00c3O/SP E D\u00c1 OUTRAS PROVID\u00caNCIAS.</a></p>\r\n</td>\r\n<td>DILIG\u00caNCIA INTERNA</td>\r\n</tr>\r\n<tr>\r\n<td>241</td>\r\n<td><span>GUILHERME DO SAL\u00c3O</span></td>\r\n<td>PL 20</td>\r\n<td>10/03/2026</td>\r\n<td>\r\n<p style=\"text-align: justify; \"><a title=\"\" href=\"https://www.cubatao.sp.leg.br/processo-legislativo/projetos-de-lei/arquivos/copy3_of_2025/PL%2020.2026.pdf\" class=\"internal-link\" target=\"_self\">INSTITUI, NO \u00c2MBITO DO MUNIC\u00cdPIO DE CUBAT\u00c3O, PROGRAMA DE DISPONIBILIZA\u00c7\u00c3O DE SENSORES DE MONITORAMENTO CONT\u00cdNUO DE GLICOSE A PACIENTES COM DIAGN\u00d3STICO DE DIABETES MELLITUS TIPO 1 NO \u00c2MBITO DO MUNIC\u00cdPIO DE CUBAT\u00c3O, E D\u00c1OUTRAS PROVID\u00caNCIAS.</a></p>\r\n</td>\r\n<td><span><span><span>COMISS\u00d5ES</span></span></span></td>\r\n</tr>\r\n<tr>\r\n<td>240</td>\r\n<td>GUILHERME DO SAL\u00c3O</td>\r\n<td>PL 19</td>\r\n<td>10/03/2026</td>\r\n<td>\r\n<p style=\"text-align: justify; \"><a title=\"\" href=\"https://www.cubatao.sp.leg.br/processo-legislativo/projetos-de-lei/arquivos/copy3_of_2025/PL%2019.2026.pdf\" class=\"internal-link\" target=\"_self\">AUTORIZA O PODER EXECUTIVO MUNICIPAL A FIRMAR CONV\u00caNIOS, CONTRATOS OU PARCERIAS COM FARM\u00c1CIAS E DROGARIAS PRIVADAS PARA FORNECIMENTO DE MEDICAMENTOS \u00c0 POPULA\u00c7\u00c3O EM SITUA\u00c7\u00d5ES DE INDISPONIBILIDADE TEMPOR\u00c1RIA NA REDE P\u00daBLICA DE SA\u00daDE, E D\u00c1 OUTRAS PROVID\u00caNCIAS.</a></p>\r\n</td>\r\n<td><span><span>COMISS\u00d5ES</span></span></td>\r\n</tr>\r\n<tr>\r\n<td>239</td>\r\n<td>MARCINHO</td>\r\n<td>PL 18</td>\r\n<td>10/03/2026</td>\r\n<td>\r\n<p style=\"text-align: justify; \"><a title=\"\" href=\"https://www.cubatao.sp.leg.br/processo-legislativo/projetos-de-lei/arquivos/copy3_of_2025/PL%2018.2026.pdf\" class=\"internal-link\" target=\"_self\">INSTITUI NO CALEND\u00c1RIO OFICIAL DO MUNIC\u00cdPIO DE CUBAT\u00c3O, \u201cA FESTA EM HONRA A NOSSA SENHORA DAS GRA\u00c7AS\u201d, E D\u00c1 OUTRAS PROVID\u00caNCIAS.</a></p>\r\n</td>\r\n<td><span>COMISS\u00d5ES</span></td>\r\n</tr>\r\n<tr>\r\n<td>237</td>\r\n<td>MARCINHO<span></span></td>\r\n<td>PL 17</td>\r\n<td>10/03/2026<span></span></td>\r\n<td>\r\n<p style=\"text-align: justify; \"><a title=\"\" href=\"https://www.cubatao.sp.leg.br/processo-legislativo/projetos-de-lei/arquivos/copy3_of_2025/PL%2017.2026.pdf\" class=\"internal-link\" target=\"_self\">INSTITUI O DIA MUNICIPAL DA ABERTURA DA CAMPANHA DA FRATERNIDADE NO MUNIC\u00cdPIO DE CUBAT\u00c3O, E D\u00c1 OUTRAS PROVIDENCIAS.</a></p>\r\n</td>\r\n<td><span>CONCLUSO</span></td>\r\n</tr>\r\n<tr>\r\n<td>236</td>\r\n<td><span>EDSON MOTA</span></td>\r\n<td>PL 16</td>\r\n<td><span>10/03/2026</span></td>\r\n<td>\r\n<p style=\"text-align: justify; \"><a title=\"\" href=\"https://www.cubatao.sp.leg.br/processo-legislativo/projetos-de-lei/arquivos/copy3_of_2025/PL%2016.2026.pdf\" class=\"internal-link\" target=\"_self\">INSTITUI O PROGRAMA CUBAT\u00c3O CONECTADA, DESTINADO \u00c0 IMPLANTA\u00c7\u00c3O DE PONTOS DE ACESSO GRATUITO \u00c0 INTERNET SEM FIO (WI-FI) EM LOCAIS P\u00daBLICOS ESTRAT\u00c9GICOS DO MUNIC\u00cdPIO DE CUBAT\u00c3O, MEDIANTE COOPERA\u00c7\u00c3O COM EMPRESAS PRESTADORAS DE SERVI\u00c7OS DE TELECOMUNICA\u00c7\u00d5ES, E D\u00c1 OUTRAS PROVID\u00caNCIAS</a>.</p>\r\n</td>\r\n<td>COMISS\u00d5ES</td>\r\n</tr>\r\n<tr>\r\n<td>211</td>\r\n<td><span>TOPETE</span></td>\r\n<td>PL 15</td>\r\n<td><span>04/03/2026</span></td>\r\n<td>\r\n<p style=\"text-align: justify; \"><a title=\"\" href=\"https://www.cubatao.sp.leg.br/processo-legislativo/projetos-de-lei/arquivos/copy3_of_2025/PL%2015.2026.pdf\" class=\"internal-link\" target=\"_self\">DISP\u00d5E SOBRE A INSTITUI\u00c7\u00c3O DE FAIXAS EXCLUSIVAS PARA MOTOCICLETAS NAS VIAS DE GRANDE FLUXO DO MUNIC\u00cdPIO DE CUBAT\u00c3O E D\u00c1 OUTRAS PROVID\u00caNCIAS.</a></p>\r\n</td>\r\n<td><span>PROCURADORIA EM 04/03/2026</span></td>\r\n</tr>\r\n<tr>\r\n<td>200</td>\r\n<td>AFONSINHO</td>\r\n<td>PL 14</td>\r\n<td><span>02/03/2026</span></td>\r\n<td>\r\n<p style=\"text-align: justify; \"><a title=\"\" href=\"https://www.cubatao.sp.leg.br/processo-legislativo/projetos-de-lei/arquivos/copy3_of_2025/PL%2014.2026.pdf\" class=\"internal-link\" target=\"_self\">INSTITUI A POL\u00cdTICA MUNICIPAL DE DESTINA\u00c7\u00c3O AMBIENTALMENTE ADEQUADA DE RESTOS MORTAIS DE ANIMAIS DOM\u00c9STICOS E AUTORIZA O PODER EXECUTIVO A IMPLANTAR CEMIT\u00c9RIO P\u00daBLICO MUNICIPAL PARA ANIMAIS NO MUNIC\u00cdPIO DE CUBAT\u00c3O E D\u00c1 OUTRAS PROVID\u00caNCIAS.</a></p>\r\n</td>\r\n<td><span>CONCLUSO</span></td>\r\n</tr>\r\n<tr>\r\n<td>199</td>\r\n<td>XUXA<span></span></td>\r\n<td>PL 13</td>\r\n<td><span>02/03/2026</span></td>\r\n<td>\r\n<p style=\"text-align: justify; \"><a title=\"\" href=\"https://www.cubatao.sp.leg.br/processo-legislativo/projetos-de-lei/arquivos/copy3_of_2025/PL%2013.2026.pdf\" class=\"internal-link\" target=\"_self\">ALTERA E INCLUI DISPOSITIVOS NA LEI MUNICIPAL N\u00b0 3.744, DE 11 DE AGOSTO DE 2.015, PARA DISPOR SOBRE A OBRIGATORIEDADE DE PARADAS FLEX\u00cdVEIS PARA\u00a0 EMBARQUE E DESEMBARQUE DE MULHERES NO TRANSPORTE COLETIVO MUNICIPAL NO PER\u00cdODO NOTURNO, COMO MEDIDA DE SEGURAN\u00c7A E IGUALDADE DE G\u00caNERO, E D\u00c1 OUTRAS PROVID\u00caNCIAS.</a></p>\r\n</td>\r\n<td><span>APROVADO EM 2\u00aa DISCUSS\u00c3O EM 24/03/2026</span></td>\r\n</tr>\r\n<tr>\r\n<td>197</td>\r\n<td><span>MESA DA C\u00c2MARA</span></td>\r\n<td>PDL 02</td>\r\n<td><span>27/02/2026</span></td>\r\n<td>\r\n<p style=\"text-align: justify; \"><a title=\"\" href=\"https://www.cubatao.sp.leg.br/processo-legislativo/projetos-de-lei/arquivos/copy3_of_2025/PDL_02-2026.pdf\" class=\"internal-link\" target=\"_self\">CONCEDE T\u00cdTULO DE \"CIDAD\u00c3O CUBATENSE\" AO REVEREND\u00cdSSIMO SENHOR PASTOR CARLOS ALBERTO LAGES DA SILVA, E D\u00c1 OUTRAS PROVID\u00caNCIAS.</a></p>\r\n</td>\r\n<td><span><a class=\"external-link\" href=\"https://www.legislacaodigital.com.br/Cubatao-SP/DecretosLegislativos/167-2026\" target=\"_self\" title=\"\">Decreto Legislativo n\u00b0 167, de 2 de mar\u00e7o de 2026</a></span></td>\r\n</tr>\r\n<tr>\r\n<td>196</td>\r\n<td>MESA DA C\u00c2MARA</td>\r\n<td>PDL 01</td>\r\n<td>27/02/2026</td>\r\n<td>\r\n<p style=\"text-align: justify; \"><a title=\"\" href=\"https://www.cubatao.sp.leg.br/processo-legislativo/projetos-de-lei/arquivos/copy3_of_2025/PDL_01-2026.pdf\" class=\"internal-link\" target=\"_self\">CONCEDE T\u00cdTULO DE \"CIDAD\u00c3O CUBATENSE\" AO EXCELENT\u00cdSSIMO SENHOR DR. ANDR\u00c9 BANDEIRA, E D\u00c1 OUTRAS PROVID\u00caNCIAS.</a></p>\r\n</td>\r\n<td><span><a class=\"external-link\" href=\"https://www.legislacaodigital.com.br/Cubatao-SP/DecretosLegislativos/166-2026\" target=\"_self\" title=\"\">Decreto Legislativo n\u00b0 166, de 2 de mar\u00e7o de 2026</a></span></td>\r\n</tr>\r\n<tr>\r\n<td>195</td>\r\n<td>RONALDO DA COMISS\u00c3O</td>\r\n<td>PL 12</td>\r\n<td>27/02/2026</td>\r\n<td>\r\n<p style=\"text-align: justify; \"><a title=\"\" href=\"https://www.cubatao.sp.leg.br/processo-legislativo/projetos-de-lei/arquivos/copy3_of_2025/PL_12_.2026.pdf\" class=\"internal-link\" target=\"_self\">INSTITUI O SERVI\u00c7O DE VACINA\u00c7\u00c3O DOMICILIAR PARA PESSOAS COM TRANSTORNO DO ESPECTRO AUTISTA (TEA) E OUTRAS DEFICI\u00caNCIAS QUE DIFICULTEM A LOCOMO\u00c7\u00c3O OU O ACESSO \u00c0 REDE REGULAR DE SA\u00daDE NO MUNIC\u00cdPIO DE CUBAT\u00c3O E D\u00c1 OUTRAS PROVID\u00caNCIAS</a></p>\r\n</td>\r\n<td><span>CONCLUSO</span></td>\r\n</tr>\r\n<tr>\r\n<td>188</td>\r\n<td>ALESSANDRO OLIVEIRA</td>\r\n<td>PL 11</td>\r\n<td>26/02/2026</td>\r\n<td>\r\n<p style=\"text-align: justify; \"><a title=\"\" href=\"https://www.cubatao.sp.leg.br/processo-legislativo/projetos-de-lei/arquivos/copy3_of_2025/PL_11.2026%20-1.pdf\" class=\"internal-link\" target=\"_self\">INSTITUI NO MUNIC\u00cdPIO DE CUBAT\u00c3O O \"DIA DA IGREJA O BRASIL PARA CRISTO\", A SER CELEBRADO ANUALMENTE NO DIA 3 DE MAR\u00c7O, E D\u00c1 OUTRAS PROVID\u00caNCIAS.</a></p>\r\n</td>\r\n<td><span><a class=\"external-link\" href=\"https://www.legislacaodigital.com.br/Cubatao-SP/LeisOrdinarias/4449\" target=\"_self\" title=\"\">Lei n\u00b0 4.449, de 16 de mar\u00e7o de 2026</a></span></td>\r\n</tr>\r\n<tr>\r\n<td>180</td>\r\n<td>GUILHERME DO SAL\u00c3O</td>\r\n<td>PL 10</td>\r\n<td>24/02/2026</td>\r\n<td>\r\n<p style=\"text-align: justify; \"><a title=\"\" href=\"https://www.cubatao.sp.leg.br/processo-legislativo/projetos-de-lei/arquivos/copy3_of_2025/PL%2010.2026.pdf\" class=\"internal-link\" target=\"_self\">INSTITUI O \u201cDIA MUNICIPAL DA MEM\u00d3RIA, VERDADE E JUSTI\u00c7A PELAS V\u00cdTIMAS DO INC\u00caNDIO DA VILA SOC\u00d3\u201d NO CALEND\u00c1RIO OFICIAL DO MUNIC\u00cdPIO DE CUBAT\u00c3O, E D\u00c1 OUTRAS PROVID\u00caNCIAS.</a></p>\r\n</td>\r\n<td><span>CONCLUSO</span></td>\r\n</tr>\r\n<tr>\r\n<td>178</td>\r\n<td>MESA DA C\u00c3MARA</td>\r\n<td>PR 02</td>\r\n<td>24/02/2026</td>\r\n<td>\r\n<p style=\"text-align: justify; \"><a title=\"\" href=\"https://www.cubatao.sp.leg.br/processo-legislativo/projetos-de-lei/arquivos/copy3_of_2025/PR%2002.2026.pdf\" class=\"internal-link\" target=\"_self\">ALTERA A RESOLU\u00c7\u00c3O N\u00ba 3.079, DE 22 DE JULHO DE 2025, QUE DISP\u00d5E SOBRE A ESTRUTURA ADMINISTRATIVA DA C\u00c2MARA MUNICIPAL DE CUBAT\u00c3O, E D\u00c1 OUTRAS PROVID\u00caNCIAS.</a></p>\r\n</td>\r\n<td><span><a class=\"external-link\" href=\"https://www.legislacaodigital.com.br/Cubatao-SP/Resolucoes/3110\" target=\"_self\" title=\"\">Resolu\u00e7\u00e3o n\u00b0 3.110, de 24 de mar\u00e7o de 2026</a></span></td>\r\n</tr>\r\n<tr>\r\n<td>148</td>\r\n<td>PREFEITO MUNICIPAL</td>\r\n<td>PLC 09</td>\r\n<td>11/02/2026</td>\r\n<td>\r\n<p style=\"text-align: justify; \"><a title=\"\" href=\"https://www.cubatao.sp.leg.br/processo-legislativo/projetos-de-lei/arquivos/copy3_of_2025/PLC_09-2026.pdf\" class=\"internal-link\" target=\"_self\">DISP\u00d5E SOBRE A REMISS\u00c3O DE D\u00c9BITOS TRIBUT\u00c1RIOS IMOBILI\u00c1RIOS PARA A ENTIDADE ESPORTIVA ESPORTE CLUBE CUBAT\u00c3O E D\u00c1 OUTRAS PROVID\u00caNCIAS.</a></p>\r\n</td>\r\n<td><span><a class=\"external-link\" href=\"https://www.legislacaodigital.com.br/Cubatao-SP/LeisComplementares/157\" target=\"_self\" title=\"\">Lei complementar n\u00b0 157, de 17 de abril de 2026</a></span></td>\r\n</tr>\r\n<tr>\r\n<td>138</td>\r\n<td><span>BATOR\u00c9</span></td>\r\n<td>PL 08</td>\r\n<td>09/02/2026</td>\r\n<td>\r\n<p style=\"text-align: justify; \"><a title=\"\" href=\"https://www.cubatao.sp.leg.br/processo-legislativo/projetos-de-lei/arquivos/copy3_of_2025/PL%2008.2026.pdf\" class=\"internal-link\" target=\"_self\">INSTITUI O CENSO DE INCLUS\u00c3O E O CADASTRAMENTO MUNICIPAL PARA PESSOAS COM TRANSTORNO DO ESPECTRO AUTISTA (TEA) E SUAS FAM\u00cdLIAS NO MUNIC\u00cdPIO DE CUBAT\u00c3O/SP E D\u00c1 OUTRAS PROVID\u00caNCIAS.</a></p>\r\n</td>\r\n<td><span><span><span>PROCURADORIA EM 15/04/2026</span></span></span></td>\r\n</tr>\r\n<tr>\r\n<td>132</td>\r\n<td><span>MESA DA C\u00c2MARA</span></td>\r\n<td>PR 01</td>\r\n<td>06/02/2026</td>\r\n<td>\r\n<p style=\"text-align: justify; \"><a title=\"\" href=\"https://www.cubatao.sp.leg.br/processo-legislativo/projetos-de-lei/arquivos/copy3_of_2025/Projeto_de_Resolucao_n._01-2026.pdf\" class=\"internal-link\" target=\"_self\">ALTERA A RESOLU\u00c7\u00c3O N\u00ba 3.079, DE 22 DE JULHO DE 2025, QUE DISP\u00d5E SOBRE A ESTRUTURA ADMINISTRATIVA DA C\u00c2MARA MUNICIPAL DE CUBAT\u00c3O, E D\u00c1 OUTRAS PROVID\u00caNCIAS.</a></p>\r\n</td>\r\n<td><span><a class=\"external-link\" href=\"https://www.legislacaodigital.com.br/Cubatao-SP/Resolucoes/3105\" target=\"_self\" title=\"\">Resolu\u00e7\u00e3o n\u00b0 3.105, de 10 de fevereiro de 2026</a></span></td>\r\n</tr>\r\n<tr>\r\n<td>119</td>\r\n<td><span>BATOR\u00c9</span></td>\r\n<td>PL 07</td>\r\n<td>05/02/2026</td>\r\n<td>\r\n<p style=\"text-align: justify; \"><a title=\"\" href=\"https://www.cubatao.sp.leg.br/processo-legislativo/projetos-de-lei/arquivos/copy3_of_2025/PL%2007.2026.pdf\" class=\"internal-link\" target=\"_self\">DISP\u00d5E SOBRE A INSTITUI PROGRAMA MUNICIPAL DE COMBATE \u00c0 CRISTOFOBIA NO \u00c2MBITO DO NO MUNIC\u00cdPIO DE CUBAT\u00c3O/SP E D\u00c1 OUTRAS PROVID\u00caNCIAS.</a></p>\r\n</td>\r\n<td><span><span><span>COMISS\u00d5ES</span></span></span></td>\r\n</tr>\r\n<tr>\r\n<td>100</td>\r\n<td><span>GUILHERME DO SAL\u00c3O</span></td>\r\n<td>PL 06</td>\r\n<td>02/02/2026</td>\r\n<td>\r\n<p style=\"text-align: justify; \"><a title=\"\" href=\"https://www.cubatao.sp.leg.br/processo-legislativo/projetos-de-lei/arquivos/copy3_of_2025/PL%2006.2026.pdf\" class=\"internal-link\" target=\"_self\">ESTABELECE A OBRIGATORIEDADE DE PUBLICA\u00c7\u00c3O DE RELAT\u00d3RIO SOBRE RECURSOS ARRECADADOS COM A CONTRIBUI\u00c7\u00c3O PARA ILUMINA\u00c7\u00c3O P\u00daBLICA (CIP) E DOS INVESTIMENTOS REALIZADOS, CONFORME ESPECIFICA.</a></p>\r\n</td>\r\n<td><span><span>COMISS\u00d5ES</span></span></td>\r\n</tr>\r\n<tr>\r\n<td>80</td>\r\n<td><span>PREFEITO MUNICIPAL</span></td>\r\n<td>PL 05</td>\r\n<td>26/01/2026</td>\r\n<td>\r\n<p style=\"text-align: justify; \"><a title=\"\" href=\"https://www.cubatao.sp.leg.br/processo-legislativo/projetos-de-lei/arquivos/copy3_of_2025/PL%2005.2026.pdf\" class=\"internal-link\" target=\"_self\">ALTERA A ESTRUTURA DA SECRETARIA MUNICIPAL DE ASSIST\u00caNCIA SOCIAL, PREVISTA NA LEI MUNICIPAL N\u00b0 3.562, DE 03 DE DEZEMBRO DE 2012, ALTERADA PELA LEI MUNICIPAL N\u00b0 3.917, DE 28 DE JUNHO DE 2018; CRIA O CARGO QUE ESPECIFICA, D\u00c1 OUTRAS PROVID\u00caNCIAS.</a></p>\r\n<p style=\"text-align: justify; \"><a title=\"\" href=\"https://www.cubatao.sp.leg.br/processo-legislativo/projetos-de-lei/arquivos/copy3_of_2025/Oficio_no_12.2026.SEJUR-_Mensagem_Aditiva_ao_PL_no_05.2026.pdf.pdf\" class=\"internal-link\" target=\"_self\">MENSAGEM ADITIVA</a></p>\r\n</td>\r\n<td><span><a class=\"external-link\" href=\"https://www.legislacaodigital.com.br/Cubatao-SP/LeisOrdinarias/4443\" target=\"_self\" title=\"\">Lei n\u00b0 4.443, de 6 de mar\u00e7o de 2026</a></span></td>\r\n</tr>\r\n<tr>\r\n<td>79<span></span></td>\r\n<td>CARIOCA\u00a0<span><span></span></span></td>\r\n<td>PL 04<span></span></td>\r\n<td>26/01/2026<span></span></td>\r\n<td>\r\n<p style=\"text-align: justify; \"><a title=\"\" href=\"https://www.cubatao.sp.leg.br/processo-legislativo/projetos-de-lei/arquivos/copy3_of_2025/PL%2004.2026.pdf\" class=\"internal-link\" target=\"_self\">ASSEGURA \u00c0 GESTANTE O DIREITO \u00c0 ASSIST\u00caNCIA DE PROFISSIONAL FISIOTERAPEUTA DURANTE O CICLO GRAV\u00cdDICO-PUERPERAL NO \u00c2MBITO DO MUNIC\u00cdPIO DE CUBAT\u00c3O.</a></p>\r\n<a title=\"\" href=\"https://www.cubatao.sp.leg.br/processo-legislativo/projetos-de-lei/arquivos/2025/Of._03-SEJUR_-_Proc_CMC_537-2025.pdf\" class=\"internal-link\" target=\"_self\"></a></td>\r\n<td><span>APROVADO EM 2\u00aa DISCUSS\u00c3O EM 28/04/2026</span></td>\r\n</tr>\r\n<tr>\r\n<td>78<span></span></td>\r\n<td><span>CARIOCA</span><span><span></span></span></td>\r\n<td><span>PL 03</span><span></span></td>\r\n<td><span>26/01/2026</span><span></span></td>\r\n<td>\r\n<p style=\"text-align: justify; \"><a title=\"\" href=\"https://www.cubatao.sp.leg.br/processo-legislativo/projetos-de-lei/arquivos/copy3_of_2025/PL%2003.2026.pdf\" class=\"internal-link\" target=\"_self\">REGULAMENTA, NO \u00c2MBITO DO MUNIC\u00cdPIO DE CUBAT\u00c3O, A CIRCULA\u00c7\u00c3O DE CICLOMOTORES, BICICLETAS EL\u00c9TRICAS E EQUIPAMENTOS DE MOBILIDADE INDIVIDUAL AUTOPROPELIDOS NAS VIAS URBANAS, E D\u00c1 OUTRAS PROVID\u00caNCIAS.</a></p>\r\n<a title=\"\" href=\"https://www.cubatao.sp.leg.br/processo-legislativo/projetos-de-lei/arquivos/2025/Of._03-SEJUR_-_Proc_CMC_537-2025.pdf\" class=\"internal-link\" target=\"_self\"></a></td>\r\n<td>RETIRADO PELO AUTOR</td>\r\n</tr>\r\n<tr>\r\n<td>77<span></span></td>\r\n<td><span><span>CARIOCA</span></span></td>\r\n<td>PL 02<span></span></td>\r\n<td>26/01/2026<span></span></td>\r\n<td>\r\n<p style=\"text-align: justify; \"><a title=\"\" href=\"https://www.cubatao.sp.leg.br/processo-legislativo/projetos-de-lei/arquivos/copy3_of_2025/PL%2002.2026.pdf\" class=\"internal-link\" target=\"_self\">INSTITUI O PLANO MUNICIPAL INTEGRADO DE POL\u00cdTICAS P\u00daBLICAS PARA PESSOAS COM DEFICI\u00caNCIA \u2013 INCLUI CUBAT\u00c3O \u2013 NO \u00c2MBITO DO MUNIC\u00cdPIO DE CUBAT\u00c3O, E D\u00c1 OUTRAS PROVID\u00caNCIAS.</a></p>\r\n</td>\r\n<td>RETIRADO PELO AUTOR EM 20/03/2026</td>\r\n</tr>\r\n<tr>\r\n<td><span>537/2025</span></td>\r\n<td><span><span>PREFEITO MUNICIPAL</span></span></td>\r\n<td><span>OF\u00cdCIO N\u00ba 03/2026/SEJUR</span></td>\r\n<td><span>09/01/2026</span></td>\r\n<td style=\"text-align: justify; \"><a title=\"\" href=\"https://www.cubatao.sp.leg.br/processo-legislativo/projetos-de-lei/arquivos/2025/Of._03-SEJUR_-_Proc_CMC_537-2025.pdf\" class=\"internal-link\" target=\"_self\">VETO INTEGRAL AO PROJETO DE LEI N\u00ba 89/2025 QUE \"DISP\u00d5E SOBRE A INCLUS\u00c3O DO S\u00cdMBOLO MUNDIAL DE CONSCIENTIZA\u00c7\u00c3O DO TRANSTORNO DO ESPECTRO AUTISTA (TEA) NAS SINALIZA\u00c7\u00d5ES DE VAGAS ESPECIAIS DE ESTACIONAMENTO EM TODO O TERRIT\u00d3RIO DO MUNIC\u00cdPIO DE CUBAT\u00c3O E D\u00c1 OUTRAS PROVID\u00caNCIAS\".</a></td>\r\n<td><span>MANTIDO O VETO INTEGRAL EM 17/03/2026</span></td>\r\n</tr>\r\n<tr>\r\n<td>21</td>\r\n<td><span><span>PREFEITO MUNICIPAL</span></span></td>\r\n<td>PL 01</td>\r\n<td><span>07/01/2026</span></td>\r\n<td style=\"text-align: justify; \"><a title=\"\" href=\"https://www.cubatao.sp.leg.br/processo-legislativo/projetos-de-lei/arquivos/copy3_of_2025/PL_01-2026_-_Of._252-2025-SEJUR.pdf\" class=\"internal-link\" target=\"_self\">ALTERA O ARTIGO 3\u00ba DA LEI MUNICIPAL N\u00b0 3.431, DE 14 DE FEVEREIRO DE 2011, QUE DISP\u00d5E SOBRE A CRIA\u00c7\u00c3O DO CONSELHO MUNICIPAL DE SANEAMENTO E D\u00c1 OUTRAS PROVID\u00caNCIAS</a>.</td>\r\n<td>COMISS\u00d5ES</td>\r\n</tr>\r\n</tbody>\r\n</table>", "author_name": "", "version": "1.0", "author_url": "https://www.cubatao.sp.leg.br/author/bruno", "provider_name": "C\u00e2mara Municipal de Cubat\u00e3o", "type": "rich"}